{"id":1011,"date":"2020-04-12T10:38:32","date_gmt":"2020-04-12T08:38:32","guid":{"rendered":"http:\/\/www.vavavi.fi\/?p=1011"},"modified":"2025-01-20T17:18:41","modified_gmt":"2025-01-20T15:18:41","slug":"arvostusta-ja-ymmarrysta","status":"publish","type":"post","link":"https:\/\/vaasanvaalipiirinvihreat.fi\/index.php\/2020\/04\/12\/arvostusta-ja-ymmarrysta\/","title":{"rendered":"Arvostusta ja ymm\u00e4rryst\u00e4"},"content":{"rendered":"\n<p><strong>Korona-kriisi on pys\u00e4ytt\u00e4nyt Suomen l\u00e4hes kokonaan. Miljoona suomalaista tekee jo et\u00e4t\u00f6it\u00e4 kotonaan, mutta samalla kymmeni\u00e4tuhansia ihmisi\u00e4 on lomautettu tai irtisanottu ja sadoillatuhansilla uhka leijuu ilmassa. Useat yritt\u00e4j\u00e4t ovat h\u00e4t\u00e4\u00e4 k\u00e4rsim\u00e4ss\u00e4 ja tulot ovat byrokratian takia nollassa. Moni pelk\u00e4\u00e4 konkurssin olevan edess\u00e4.<\/strong><\/p>\n\n\n\n<p>Samaan aikaan kriisin eturintamassa ty\u00f6skentelee hoitajia p\u00e4iv\u00e4kodeissa, vanhustenpalveluissa ja tietenkin sairaaloissa. Kriisinkin keskell\u00e4 opettajat tekev\u00e4t parhaansa, ett\u00e4 koululaiset ja opiskelijat saavat mahdollisimman tasokasta opetusta my\u00f6s et\u00e4n\u00e4. Kuntien virkamiehet tekev\u00e4t pitk\u00e4\u00e4 p\u00e4iv\u00e4\u00e4 auttaakseen eri el\u00e4m\u00e4ntilanteessa olevia ihmisi\u00e4 saamaan tietoa ja l\u00f6yt\u00e4\u00e4kseen parhaat tavat auttaa jokaista.<\/p>\n\n\n\n<p>Suurta huolta her\u00e4tt\u00e4\u00e4 etenkin usean ihmisen toimeentulo. Monet joutuvat varmasti ensimm\u00e4ist\u00e4 kertaa el\u00e4m\u00e4ss\u00e4\u00e4n Suomen tukiviidakkoon, joka ei todellakaan ole helppo. Moni tulee varmasti yll\u00e4ttym\u00e4\u00e4n my\u00f6s tukien pienuudesta. Onneksi ty\u00f6tt\u00f6myyden omavastuu ajat on toistaiseksi poistettu ja my\u00f6s tulonsa menett\u00e4neet yritt\u00e4j\u00e4t p\u00e4\u00e4sev\u00e4t ty\u00f6tt\u00f6myysturvan piiriin eik\u00e4 heit\u00e4 j\u00e4tet\u00e4 tyhj\u00e4n p\u00e4\u00e4lle.<\/p>\n\n\n\n<p>Kriisi luo uhan yhteiskunnan ja kansalaisten ylle, mutta my\u00f6s opettaa asioista. Kriisin keskell\u00e4 huomataan millainen merkitys sill\u00e4 usein parjatullakin julkisella sektorilla on ja kuinka t\u00e4rke\u00e4\u00e4 ty\u00f6t\u00e4 niill\u00e4 pienipalkkaisilla naisvaltaisilla aloilla tehd\u00e4\u00e4n. Ehk\u00e4 kriisin j\u00e4lkeen puheet ylisuuresta turhasta julkisesta sektorista v\u00e4henev\u00e4t.<\/p>\n\n\n\n<p>Voisiko my\u00f6s olla, ett\u00e4 emme t\u00e4m\u00e4n j\u00e4lkeen en\u00e4\u00e4 puhu isoilla sosiaalituilla helposti el\u00e4vist\u00e4 ihmisist\u00e4 vaan ymm\u00e4rr\u00e4mme laajemmin, kuinka nykyinen systeemi toimii. Byrokratia, joka jopa lamauttaa on suuri este ihmisten jaloilleen nostamisessa. Ehk\u00e4 useampi t\u00e4m\u00e4n kriisin j\u00e4lkeen ymm\u00e4rt\u00e4\u00e4, ett\u00e4 sosiaalitukien varassa el\u00e4minen ei ole mit\u00e4\u00e4n helppoa el\u00e4m\u00e4\u00e4, eik\u00e4 sellaista el\u00e4m\u00e4\u00e4 omasta halusta elet\u00e4. Voisiko kriisi aukaista paremmin my\u00f6s keskustelun perustulosta. Kriisi selke\u00e4sti osoittaa, ett\u00e4 se on mahdollisuus eik\u00e4 uhka.<\/p>\n\n\n\n<p>Ennen kaikkea meid\u00e4n tulee kriisin j\u00e4lkeen pit\u00e4\u00e4 huoli, ett\u00e4 emme tee samoja virheit\u00e4 kuin 90-luvulla vaan ymm\u00e4rr\u00e4mme hyvinvointiyhteiskunnan peruspilareiden t\u00e4rkeyden. Kriisist\u00e4 pit\u00e4\u00e4 nousta sosiaalisesti ja ekologisesti kest\u00e4v\u00e4sti. Yht\u00e4\u00e4n sukupolvea emme voi menett\u00e4\u00e4 90-luvun laman tavoin.<\/p>\n\n\n\n<p>Arvostusta ja ymm\u00e4rryst\u00e4 jokaista ihmist\u00e4, heid\u00e4n t\u00f6it\u00e4\u00e4n ja tilannettaan kohtaan, sit\u00e4 me tarvitsemme kriisin j\u00e4lkeen entist\u00e4kin enemm\u00e4n.<\/p>\n\n\n\n<p><em>Tuomas Ojaj\u00e4rvi<br>puheenjohtaja, Vaasan vaalipiirin Vihre\u00e4t <\/em><\/p>\n","protected":false},"excerpt":{"rendered":"<p>Korona-kriisi on pys\u00e4ytt\u00e4nyt Suomen l\u00e4hes kokonaan. Miljoona suomalaista tekee jo et\u00e4t\u00f6it\u00e4 kotonaan, mutta samalla kymmeni\u00e4tuhansia ihmisi\u00e4 on lomautettu tai irtisanottu ja sadoillatuhansilla uhka leijuu ilmassa. Useat yritt\u00e4j\u00e4t ovat h\u00e4t\u00e4\u00e4 k\u00e4rsim\u00e4ss\u00e4 ja tulot ovat byrokratian takia nollassa. Moni pelk\u00e4\u00e4 konkurssin olevan edess\u00e4. Samaan aikaan kriisin eturintamassa ty\u00f6skentelee hoitajia p\u00e4iv\u00e4kodeissa, vanhustenpalveluissa ja tietenkin sairaaloissa. Kriisinkin keskell\u00e4 opettajat [&hellip;]<\/p>\n","protected":false},"author":2,"featured_media":1015,"comment_status":"closed","ping_status":"closed","sticky":false,"template":"","format":"standard","meta":{"footnotes":""},"categories":[2],"tags":[],"class_list":["post-1011","post","type-post","status-publish","format-standard","has-post-thumbnail","hentry","category-tiedotteet"],"yoast_head":"<!-- This site is optimized with the Yoast SEO plugin v27.5 - https:\/\/yoast.com\/product\/yoast-seo-wordpress\/ -->\n<title>Arvostusta ja ymm\u00e4rryst\u00e4 - vaasanvaalipiirinvihreat.fi<\/title>\n<meta name=\"robots\" content=\"index, follow, max-snippet:-1, max-image-preview:large, max-video-preview:-1\" \/>\n<link rel=\"canonical\" href=\"https:\/\/vaasanvaalipiirinvihreat.fi\/index.php\/2020\/04\/12\/arvostusta-ja-ymmarrysta\/\" \/>\n<meta property=\"og:locale\" content=\"fi_FI\" \/>\n<meta property=\"og:type\" content=\"article\" \/>\n<meta property=\"og:title\" content=\"Arvostusta ja ymm\u00e4rryst\u00e4 - vaasanvaalipiirinvihreat.fi\" \/>\n<meta property=\"og:description\" content=\"Korona-kriisi on pys\u00e4ytt\u00e4nyt Suomen l\u00e4hes kokonaan. Miljoona suomalaista tekee jo et\u00e4t\u00f6it\u00e4 kotonaan, mutta samalla kymmeni\u00e4tuhansia ihmisi\u00e4 on lomautettu tai irtisanottu ja sadoillatuhansilla uhka leijuu ilmassa. Useat yritt\u00e4j\u00e4t ovat h\u00e4t\u00e4\u00e4 k\u00e4rsim\u00e4ss\u00e4 ja tulot ovat byrokratian takia nollassa. Moni pelk\u00e4\u00e4 konkurssin olevan edess\u00e4. Samaan aikaan kriisin eturintamassa ty\u00f6skentelee hoitajia p\u00e4iv\u00e4kodeissa, vanhustenpalveluissa ja tietenkin sairaaloissa. Kriisinkin keskell\u00e4 opettajat [&hellip;]\" \/>\n<meta property=\"og:url\" content=\"https:\/\/vaasanvaalipiirinvihreat.fi\/index.php\/2020\/04\/12\/arvostusta-ja-ymmarrysta\/\" \/>\n<meta property=\"og:site_name\" content=\"vaasanvaalipiirinvihreat.fi\" \/>\n<meta property=\"article:publisher\" content=\"https:\/\/www.facebook.com\/VaasanVaalipiirinVihreat\" \/>\n<meta property=\"article:published_time\" content=\"2020-04-12T08:38:32+00:00\" \/>\n<meta property=\"article:modified_time\" content=\"2025-01-20T15:18:41+00:00\" \/>\n<meta property=\"og:image\" content=\"https:\/\/vaasanvaalipiirinvihreat.fi\/wp-content\/uploads\/2020\/04\/tuomas-uus.jpg\" \/>\n\t<meta property=\"og:image:width\" content=\"768\" \/>\n\t<meta property=\"og:image:height\" content=\"496\" \/>\n\t<meta property=\"og:image:type\" content=\"image\/jpeg\" \/>\n<meta name=\"author\" content=\"Yll\u00e4pit\u00e4j\u00e4\" \/>\n<meta name=\"twitter:card\" content=\"summary_large_image\" \/>\n<meta name=\"twitter:label1\" content=\"Kirjoittanut\" \/>\n\t<meta name=\"twitter:data1\" content=\"Yll\u00e4pit\u00e4j\u00e4\" \/>\n\t<meta name=\"twitter:label2\" content=\"Arvioitu lukuaika\" \/>\n\t<meta name=\"twitter:data2\" content=\"2 minuuttia\" \/>\n<script type=\"application\/ld+json\" class=\"yoast-schema-graph\">{\"@context\":\"https:\\\/\\\/schema.org\",\"@graph\":[{\"@type\":\"Article\",\"@id\":\"https:\\\/\\\/vaasanvaalipiirinvihreat.fi\\\/index.php\\\/2020\\\/04\\\/12\\\/arvostusta-ja-ymmarrysta\\\/#article\",\"isPartOf\":{\"@id\":\"https:\\\/\\\/vaasanvaalipiirinvihreat.fi\\\/index.php\\\/2020\\\/04\\\/12\\\/arvostusta-ja-ymmarrysta\\\/\"},\"author\":{\"name\":\"Yll\u00e4pit\u00e4j\u00e4\",\"@id\":\"https:\\\/\\\/vaasanvaalipiirinvihreat.fi\\\/#\\\/schema\\\/person\\\/d9205350c2a3b344c419b954e66c3daf\"},\"headline\":\"Arvostusta ja ymm\u00e4rryst\u00e4\",\"datePublished\":\"2020-04-12T08:38:32+00:00\",\"dateModified\":\"2025-01-20T15:18:41+00:00\",\"mainEntityOfPage\":{\"@id\":\"https:\\\/\\\/vaasanvaalipiirinvihreat.fi\\\/index.php\\\/2020\\\/04\\\/12\\\/arvostusta-ja-ymmarrysta\\\/\"},\"wordCount\":386,\"publisher\":{\"@id\":\"https:\\\/\\\/vaasanvaalipiirinvihreat.fi\\\/#organization\"},\"image\":{\"@id\":\"https:\\\/\\\/vaasanvaalipiirinvihreat.fi\\\/index.php\\\/2020\\\/04\\\/12\\\/arvostusta-ja-ymmarrysta\\\/#primaryimage\"},\"thumbnailUrl\":\"https:\\\/\\\/vaasanvaalipiirinvihreat.fi\\\/wp-content\\\/uploads\\\/2020\\\/04\\\/tuomas-uus.jpg\",\"articleSection\":[\"Tiedotteet\"],\"inLanguage\":\"fi\"},{\"@type\":\"WebPage\",\"@id\":\"https:\\\/\\\/vaasanvaalipiirinvihreat.fi\\\/index.php\\\/2020\\\/04\\\/12\\\/arvostusta-ja-ymmarrysta\\\/\",\"url\":\"https:\\\/\\\/vaasanvaalipiirinvihreat.fi\\\/index.php\\\/2020\\\/04\\\/12\\\/arvostusta-ja-ymmarrysta\\\/\",\"name\":\"Arvostusta ja ymm\u00e4rryst\u00e4 - vaasanvaalipiirinvihreat.fi\",\"isPartOf\":{\"@id\":\"https:\\\/\\\/vaasanvaalipiirinvihreat.fi\\\/#website\"},\"primaryImageOfPage\":{\"@id\":\"https:\\\/\\\/vaasanvaalipiirinvihreat.fi\\\/index.php\\\/2020\\\/04\\\/12\\\/arvostusta-ja-ymmarrysta\\\/#primaryimage\"},\"image\":{\"@id\":\"https:\\\/\\\/vaasanvaalipiirinvihreat.fi\\\/index.php\\\/2020\\\/04\\\/12\\\/arvostusta-ja-ymmarrysta\\\/#primaryimage\"},\"thumbnailUrl\":\"https:\\\/\\\/vaasanvaalipiirinvihreat.fi\\\/wp-content\\\/uploads\\\/2020\\\/04\\\/tuomas-uus.jpg\",\"datePublished\":\"2020-04-12T08:38:32+00:00\",\"dateModified\":\"2025-01-20T15:18:41+00:00\",\"breadcrumb\":{\"@id\":\"https:\\\/\\\/vaasanvaalipiirinvihreat.fi\\\/index.php\\\/2020\\\/04\\\/12\\\/arvostusta-ja-ymmarrysta\\\/#breadcrumb\"},\"inLanguage\":\"fi\",\"potentialAction\":[{\"@type\":\"ReadAction\",\"target\":[\"https:\\\/\\\/vaasanvaalipiirinvihreat.fi\\\/index.php\\\/2020\\\/04\\\/12\\\/arvostusta-ja-ymmarrysta\\\/\"]}]},{\"@type\":\"ImageObject\",\"inLanguage\":\"fi\",\"@id\":\"https:\\\/\\\/vaasanvaalipiirinvihreat.fi\\\/index.php\\\/2020\\\/04\\\/12\\\/arvostusta-ja-ymmarrysta\\\/#primaryimage\",\"url\":\"https:\\\/\\\/vaasanvaalipiirinvihreat.fi\\\/wp-content\\\/uploads\\\/2020\\\/04\\\/tuomas-uus.jpg\",\"contentUrl\":\"https:\\\/\\\/vaasanvaalipiirinvihreat.fi\\\/wp-content\\\/uploads\\\/2020\\\/04\\\/tuomas-uus.jpg\",\"width\":768,\"height\":496},{\"@type\":\"BreadcrumbList\",\"@id\":\"https:\\\/\\\/vaasanvaalipiirinvihreat.fi\\\/index.php\\\/2020\\\/04\\\/12\\\/arvostusta-ja-ymmarrysta\\\/#breadcrumb\",\"itemListElement\":[{\"@type\":\"ListItem\",\"position\":1,\"name\":\"Etusivu\",\"item\":\"https:\\\/\\\/vaasanvaalipiirinvihreat.fi\\\/\"},{\"@type\":\"ListItem\",\"position\":2,\"name\":\"Arvostusta ja ymm\u00e4rryst\u00e4\"}]},{\"@type\":\"WebSite\",\"@id\":\"https:\\\/\\\/vaasanvaalipiirinvihreat.fi\\\/#website\",\"url\":\"https:\\\/\\\/vaasanvaalipiirinvihreat.fi\\\/\",\"name\":\"vaasanvaalipiirinvihreat.fi\",\"description\":\"Vaasan vaalipiirin vihre\u00e4t - De Gr\u00f6na i Vasa valkrets\",\"publisher\":{\"@id\":\"https:\\\/\\\/vaasanvaalipiirinvihreat.fi\\\/#organization\"},\"potentialAction\":[{\"@type\":\"SearchAction\",\"target\":{\"@type\":\"EntryPoint\",\"urlTemplate\":\"https:\\\/\\\/vaasanvaalipiirinvihreat.fi\\\/?s={search_term_string}\"},\"query-input\":{\"@type\":\"PropertyValueSpecification\",\"valueRequired\":true,\"valueName\":\"search_term_string\"}}],\"inLanguage\":\"fi\"},{\"@type\":\"Organization\",\"@id\":\"https:\\\/\\\/vaasanvaalipiirinvihreat.fi\\\/#organization\",\"name\":\"vaasanvaalipiirinvihreat.fi\",\"alternateName\":\"Vaasan vaalipiirin vihre\u00e4t - De Gr\u00f6na i Vasa valkrets\",\"url\":\"https:\\\/\\\/vaasanvaalipiirinvihreat.fi\\\/\",\"logo\":{\"@type\":\"ImageObject\",\"inLanguage\":\"fi\",\"@id\":\"https:\\\/\\\/vaasanvaalipiirinvihreat.fi\\\/#\\\/schema\\\/logo\\\/image\\\/\",\"url\":\"https:\\\/\\\/vaasanvaalipiirinvihreat.fi\\\/wp-content\\\/uploads\\\/2025\\\/01\\\/Vihreat_Logo_HOR_RGB_FIN_SWE.png\",\"contentUrl\":\"https:\\\/\\\/vaasanvaalipiirinvihreat.fi\\\/wp-content\\\/uploads\\\/2025\\\/01\\\/Vihreat_Logo_HOR_RGB_FIN_SWE.png\",\"width\":1162,\"height\":409,\"caption\":\"vaasanvaalipiirinvihreat.fi\"},\"image\":{\"@id\":\"https:\\\/\\\/vaasanvaalipiirinvihreat.fi\\\/#\\\/schema\\\/logo\\\/image\\\/\"},\"sameAs\":[\"https:\\\/\\\/www.facebook.com\\\/VaasanVaalipiirinVihreat\"]},{\"@type\":\"Person\",\"@id\":\"https:\\\/\\\/vaasanvaalipiirinvihreat.fi\\\/#\\\/schema\\\/person\\\/d9205350c2a3b344c419b954e66c3daf\",\"name\":\"Yll\u00e4pit\u00e4j\u00e4\",\"url\":\"https:\\\/\\\/vaasanvaalipiirinvihreat.fi\\\/index.php\\\/author\\\/sivustomestari\\\/\"}]}<\/script>\n<!-- \/ Yoast SEO plugin. -->","yoast_head_json":{"title":"Arvostusta ja ymm\u00e4rryst\u00e4 - vaasanvaalipiirinvihreat.fi","robots":{"index":"index","follow":"follow","max-snippet":"max-snippet:-1","max-image-preview":"max-image-preview:large","max-video-preview":"max-video-preview:-1"},"canonical":"https:\/\/vaasanvaalipiirinvihreat.fi\/index.php\/2020\/04\/12\/arvostusta-ja-ymmarrysta\/","og_locale":"fi_FI","og_type":"article","og_title":"Arvostusta ja ymm\u00e4rryst\u00e4 - vaasanvaalipiirinvihreat.fi","og_description":"Korona-kriisi on pys\u00e4ytt\u00e4nyt Suomen l\u00e4hes kokonaan. Miljoona suomalaista tekee jo et\u00e4t\u00f6it\u00e4 kotonaan, mutta samalla kymmeni\u00e4tuhansia ihmisi\u00e4 on lomautettu tai irtisanottu ja sadoillatuhansilla uhka leijuu ilmassa. Useat yritt\u00e4j\u00e4t ovat h\u00e4t\u00e4\u00e4 k\u00e4rsim\u00e4ss\u00e4 ja tulot ovat byrokratian takia nollassa. Moni pelk\u00e4\u00e4 konkurssin olevan edess\u00e4. Samaan aikaan kriisin eturintamassa ty\u00f6skentelee hoitajia p\u00e4iv\u00e4kodeissa, vanhustenpalveluissa ja tietenkin sairaaloissa. Kriisinkin keskell\u00e4 opettajat [&hellip;]","og_url":"https:\/\/vaasanvaalipiirinvihreat.fi\/index.php\/2020\/04\/12\/arvostusta-ja-ymmarrysta\/","og_site_name":"vaasanvaalipiirinvihreat.fi","article_publisher":"https:\/\/www.facebook.com\/VaasanVaalipiirinVihreat","article_published_time":"2020-04-12T08:38:32+00:00","article_modified_time":"2025-01-20T15:18:41+00:00","og_image":[{"width":768,"height":496,"url":"https:\/\/vaasanvaalipiirinvihreat.fi\/wp-content\/uploads\/2020\/04\/tuomas-uus.jpg","type":"image\/jpeg"}],"author":"Yll\u00e4pit\u00e4j\u00e4","twitter_card":"summary_large_image","twitter_misc":{"Kirjoittanut":"Yll\u00e4pit\u00e4j\u00e4","Arvioitu lukuaika":"2 minuuttia"},"schema":{"@context":"https:\/\/schema.org","@graph":[{"@type":"Article","@id":"https:\/\/vaasanvaalipiirinvihreat.fi\/index.php\/2020\/04\/12\/arvostusta-ja-ymmarrysta\/#article","isPartOf":{"@id":"https:\/\/vaasanvaalipiirinvihreat.fi\/index.php\/2020\/04\/12\/arvostusta-ja-ymmarrysta\/"},"author":{"name":"Yll\u00e4pit\u00e4j\u00e4","@id":"https:\/\/vaasanvaalipiirinvihreat.fi\/#\/schema\/person\/d9205350c2a3b344c419b954e66c3daf"},"headline":"Arvostusta ja ymm\u00e4rryst\u00e4","datePublished":"2020-04-12T08:38:32+00:00","dateModified":"2025-01-20T15:18:41+00:00","mainEntityOfPage":{"@id":"https:\/\/vaasanvaalipiirinvihreat.fi\/index.php\/2020\/04\/12\/arvostusta-ja-ymmarrysta\/"},"wordCount":386,"publisher":{"@id":"https:\/\/vaasanvaalipiirinvihreat.fi\/#organization"},"image":{"@id":"https:\/\/vaasanvaalipiirinvihreat.fi\/index.php\/2020\/04\/12\/arvostusta-ja-ymmarrysta\/#primaryimage"},"thumbnailUrl":"https:\/\/vaasanvaalipiirinvihreat.fi\/wp-content\/uploads\/2020\/04\/tuomas-uus.jpg","articleSection":["Tiedotteet"],"inLanguage":"fi"},{"@type":"WebPage","@id":"https:\/\/vaasanvaalipiirinvihreat.fi\/index.php\/2020\/04\/12\/arvostusta-ja-ymmarrysta\/","url":"https:\/\/vaasanvaalipiirinvihreat.fi\/index.php\/2020\/04\/12\/arvostusta-ja-ymmarrysta\/","name":"Arvostusta ja ymm\u00e4rryst\u00e4 - vaasanvaalipiirinvihreat.fi","isPartOf":{"@id":"https:\/\/vaasanvaalipiirinvihreat.fi\/#website"},"primaryImageOfPage":{"@id":"https:\/\/vaasanvaalipiirinvihreat.fi\/index.php\/2020\/04\/12\/arvostusta-ja-ymmarrysta\/#primaryimage"},"image":{"@id":"https:\/\/vaasanvaalipiirinvihreat.fi\/index.php\/2020\/04\/12\/arvostusta-ja-ymmarrysta\/#primaryimage"},"thumbnailUrl":"https:\/\/vaasanvaalipiirinvihreat.fi\/wp-content\/uploads\/2020\/04\/tuomas-uus.jpg","datePublished":"2020-04-12T08:38:32+00:00","dateModified":"2025-01-20T15:18:41+00:00","breadcrumb":{"@id":"https:\/\/vaasanvaalipiirinvihreat.fi\/index.php\/2020\/04\/12\/arvostusta-ja-ymmarrysta\/#breadcrumb"},"inLanguage":"fi","potentialAction":[{"@type":"ReadAction","target":["https:\/\/vaasanvaalipiirinvihreat.fi\/index.php\/2020\/04\/12\/arvostusta-ja-ymmarrysta\/"]}]},{"@type":"ImageObject","inLanguage":"fi","@id":"https:\/\/vaasanvaalipiirinvihreat.fi\/index.php\/2020\/04\/12\/arvostusta-ja-ymmarrysta\/#primaryimage","url":"https:\/\/vaasanvaalipiirinvihreat.fi\/wp-content\/uploads\/2020\/04\/tuomas-uus.jpg","contentUrl":"https:\/\/vaasanvaalipiirinvihreat.fi\/wp-content\/uploads\/2020\/04\/tuomas-uus.jpg","width":768,"height":496},{"@type":"BreadcrumbList","@id":"https:\/\/vaasanvaalipiirinvihreat.fi\/index.php\/2020\/04\/12\/arvostusta-ja-ymmarrysta\/#breadcrumb","itemListElement":[{"@type":"ListItem","position":1,"name":"Etusivu","item":"https:\/\/vaasanvaalipiirinvihreat.fi\/"},{"@type":"ListItem","position":2,"name":"Arvostusta ja ymm\u00e4rryst\u00e4"}]},{"@type":"WebSite","@id":"https:\/\/vaasanvaalipiirinvihreat.fi\/#website","url":"https:\/\/vaasanvaalipiirinvihreat.fi\/","name":"vaasanvaalipiirinvihreat.fi","description":"Vaasan vaalipiirin vihre\u00e4t - De Gr\u00f6na i Vasa valkrets","publisher":{"@id":"https:\/\/vaasanvaalipiirinvihreat.fi\/#organization"},"potentialAction":[{"@type":"SearchAction","target":{"@type":"EntryPoint","urlTemplate":"https:\/\/vaasanvaalipiirinvihreat.fi\/?s={search_term_string}"},"query-input":{"@type":"PropertyValueSpecification","valueRequired":true,"valueName":"search_term_string"}}],"inLanguage":"fi"},{"@type":"Organization","@id":"https:\/\/vaasanvaalipiirinvihreat.fi\/#organization","name":"vaasanvaalipiirinvihreat.fi","alternateName":"Vaasan vaalipiirin vihre\u00e4t - De Gr\u00f6na i Vasa valkrets","url":"https:\/\/vaasanvaalipiirinvihreat.fi\/","logo":{"@type":"ImageObject","inLanguage":"fi","@id":"https:\/\/vaasanvaalipiirinvihreat.fi\/#\/schema\/logo\/image\/","url":"https:\/\/vaasanvaalipiirinvihreat.fi\/wp-content\/uploads\/2025\/01\/Vihreat_Logo_HOR_RGB_FIN_SWE.png","contentUrl":"https:\/\/vaasanvaalipiirinvihreat.fi\/wp-content\/uploads\/2025\/01\/Vihreat_Logo_HOR_RGB_FIN_SWE.png","width":1162,"height":409,"caption":"vaasanvaalipiirinvihreat.fi"},"image":{"@id":"https:\/\/vaasanvaalipiirinvihreat.fi\/#\/schema\/logo\/image\/"},"sameAs":["https:\/\/www.facebook.com\/VaasanVaalipiirinVihreat"]},{"@type":"Person","@id":"https:\/\/vaasanvaalipiirinvihreat.fi\/#\/schema\/person\/d9205350c2a3b344c419b954e66c3daf","name":"Yll\u00e4pit\u00e4j\u00e4","url":"https:\/\/vaasanvaalipiirinvihreat.fi\/index.php\/author\/sivustomestari\/"}]}},"_links":{"self":[{"href":"https:\/\/vaasanvaalipiirinvihreat.fi\/index.php\/wp-json\/wp\/v2\/posts\/1011","targetHints":{"allow":["GET"]}}],"collection":[{"href":"https:\/\/vaasanvaalipiirinvihreat.fi\/index.php\/wp-json\/wp\/v2\/posts"}],"about":[{"href":"https:\/\/vaasanvaalipiirinvihreat.fi\/index.php\/wp-json\/wp\/v2\/types\/post"}],"author":[{"embeddable":true,"href":"https:\/\/vaasanvaalipiirinvihreat.fi\/index.php\/wp-json\/wp\/v2\/users\/2"}],"replies":[{"embeddable":true,"href":"https:\/\/vaasanvaalipiirinvihreat.fi\/index.php\/wp-json\/wp\/v2\/comments?post=1011"}],"version-history":[{"count":1,"href":"https:\/\/vaasanvaalipiirinvihreat.fi\/index.php\/wp-json\/wp\/v2\/posts\/1011\/revisions"}],"predecessor-version":[{"id":2051,"href":"https:\/\/vaasanvaalipiirinvihreat.fi\/index.php\/wp-json\/wp\/v2\/posts\/1011\/revisions\/2051"}],"wp:featuredmedia":[{"embeddable":true,"href":"https:\/\/vaasanvaalipiirinvihreat.fi\/index.php\/wp-json\/wp\/v2\/media\/1015"}],"wp:attachment":[{"href":"https:\/\/vaasanvaalipiirinvihreat.fi\/index.php\/wp-json\/wp\/v2\/media?parent=1011"}],"wp:term":[{"taxonomy":"category","embeddable":true,"href":"https:\/\/vaasanvaalipiirinvihreat.fi\/index.php\/wp-json\/wp\/v2\/categories?post=1011"},{"taxonomy":"post_tag","embeddable":true,"href":"https:\/\/vaasanvaalipiirinvihreat.fi\/index.php\/wp-json\/wp\/v2\/tags?post=1011"}],"curies":[{"name":"wp","href":"https:\/\/api.w.org\/{rel}","templated":true}]}}