{"id":1017,"date":"2020-04-20T09:35:15","date_gmt":"2020-04-20T07:35:15","guid":{"rendered":"http:\/\/www.vavavi.fi\/?p=1017"},"modified":"2025-01-20T17:18:41","modified_gmt":"2025-01-20T15:18:41","slug":"voiko-vtutukseen-kuolla","status":"publish","type":"post","link":"https:\/\/vaasanvaalipiirinvihreat.fi\/index.php\/2020\/04\/20\/voiko-vtutukseen-kuolla\/","title":{"rendered":"Voiko v*tutukseen kuolla"},"content":{"rendered":"\n<p><strong>Vituttaa. Vituttaa kaikki. Vituttaa yhteiskunta, sosiaalinen media, uutisointi keltaisesta lehdist\u00f6st\u00e4 YLEen ja kaikki silt\u00e4 v\u00e4lilt\u00e4. Vituttaa naapurit, kaverit ja lenkkipolulla vastaan tuleva tuntematon.<\/strong><\/p>\n\n\n\n<p>Olen 23 vuotta hoitoalan teht\u00e4viss\u00e4 ty\u00f6skennellyt sairaanhoitaja ja ty\u00f6skentelen t\u00e4ll\u00e4 hetkell\u00e4 hoivakodin johtajana. Ty\u00f6nantajani on yksityinen ja monien mielest\u00e4 se itse saatanasta seuraava, hoitajia riist\u00e4v\u00e4 sek\u00e4 vanhuksia hyv\u00e4ksik\u00e4ytt\u00e4v\u00e4 hoivaj\u00e4tti.<\/p>\n\n\n\n<p>Voin rehellisesti ja omasta kokemuksesta sanoa, ett\u00e4 se niin kutsuttu riist\u00e4j\u00e4yritys antaa minulle kaikki mahdolliset resurssit tuottaa erinomaista hoivaa. Mik\u00e4\u00e4n hoivakriisi minun tiet\u00e4mykseni ja kokemukseni mukaan ei ole ollut kiinni siit\u00e4, etteik\u00f6 ty\u00f6nantaja antaisi mahdollisuuksia tehd\u00e4 hyv\u00e4\u00e4 ty\u00f6t\u00e4.<\/p>\n\n\n\n<p>Minun hoivakotini toimii. Ammattitaitoiset ty\u00f6kaverini tekev\u00e4t ty\u00f6t\u00e4\u00e4n syd\u00e4mell\u00e4, aidosti asukkaistamme huolehtien. Olen kiitollinen ty\u00f6st\u00e4ni ja kaikista niist\u00e4 mahdollisuuksista, joita ty\u00f6nantajani minulle ja ty\u00f6yhteis\u00f6llemme antaa.  <\/p>\n\n\n\n<p>Vitutukseni syyn\u00e4 ei ole pelk\u00e4st\u00e4\u00e4n korona tai se viime vuonna kohistu helvetin hoivakriisi, vaan joidenkin yhteiskunnallisten toimijoiden tapa ratsastaa ja politikoida vallitsevalla tilanteella.  <\/p>\n\n\n\n<p>\u201dYksityiselle ei kuulu varmuusvaraston v\u00e4lineet!\u201d, huutaa asiaan perehtym\u00e4t\u00f6n. Toinen tiet\u00e4m\u00e4t\u00f6n taas kertoo varmana tietona n\u00e4kemyksens\u00e4 yksityisten hoivayritysten tavoitteista p\u00e4\u00e4st\u00e4 eroon vanhuksista ja j\u00e4tt\u00e4\u00e4 suojausohjeita noudattamatta. T\u00e4t\u00e4 on raskasta kuulla ja n\u00e4hd\u00e4. Totuus on, ett\u00e4 teemme joka p\u00e4iv\u00e4 kaikkemme asukkaidemme hyvinvoinnin eteen.  <\/p>\n\n\n\n<p>Takanani on nyt nelj\u00e4 viikkoa pitki\u00e4 ty\u00f6p\u00e4ivi\u00e4 ja jatkuvaa valmiustilaa ty\u00f6kavereideni ja asukkaiden hyvinvoinnin varmistamiseksi. Siin\u00e4 sivussa yrit\u00e4n pit\u00e4\u00e4 huolta omasta perheest\u00e4ni. Samaan aikaan sosiaalisessa mediassa valitetaan et\u00e4ty\u00f6n tylsyytt\u00e4 ja muistutetaan, ett\u00e4 nyt v\u00e4hint\u00e4\u00e4nkin pit\u00e4isi opetella jokin uusi taito tai edes vieras kieli, muuten olet heitt\u00e4nyt vallitsevan tilaisuuden tarjoamat mahdollisuudet hukkaan.  <\/p>\n\n\n\n<p>Joudun siis my\u00f6ntym\u00e4\u00e4n huonon ihmisen rooliin, h\u00e4pe\u00e4m\u00e4\u00e4n ja tulemaan koronakriisist\u00e4 ulos ilman uusia taitoja. Toivottavasti kuitenkin min\u00e4, perheeni, ty\u00f6kaverini ja hoivakotimme asukkaat selvi\u00e4v\u00e4t t\u00e4st\u00e4 hengiss\u00e4.  <\/p>\n\n\n\n<p>Me hoitoalalla ty\u00f6skentelev\u00e4t \u2013 ja tarkoitan t\u00e4ss\u00e4 kaikkia hoivaketjuun kuuluvia, laitoshuoltajista ja roskakuskeista hoitajiin ja l\u00e4\u00e4k\u00e4reihin \u2013 teemme kaikkemme suojataksemme asiakkaamme ja pit\u00e4\u00e4ksemme sairaanhoitoketjut k\u00e4ynniss\u00e4.  <\/p>\n\n\n\n<p>Median ja yhteiskunnan huutaessa kunnioitusta hoitajille, t\u00e4rkein tuntuu unohtuvan \u2013 ulosp\u00e4\u00e4sy kriisist\u00e4. Kysymys on nimitt\u00e4in siit\u00e4, miten valmistaudumme Suomen, Euroopan ja koko maailman tasolla seuraavaan virukseen, koska viimeinen t\u00e4m\u00e4 ei ole.<\/p>\n\n\n\n<p>Mik\u00e4 arvostuksen osoitus se on hoitohenkil\u00f6st\u00f6lle, ett\u00e4 valaistaan v\u00e4h\u00e4n sein\u00e4\u00e4 Helsingiss\u00e4? Voin kertoa, ettei kiinnosta paskaakaan.  <\/p>\n\n\n\n<p><em><strong>Arvostusta voi osoittaa neuvottelemalla asiallisen ty\u00f6ehtosopimuksen.  <\/strong><\/em><\/p>\n\n\n\n<p><em><strong>Arvostusta voi osoittaa j\u00e4tt\u00e4m\u00e4tt\u00e4 leikkaamatta hoitajien koulutuksesta.<\/strong><\/em><\/p>\n\n\n\n<p><em><strong>Arvostusta voi osoittaa antamalla ty\u00f6rauhan ja kunnioittamalla annettuja ohjeita.<\/strong><\/em><\/p>\n\n\n\n<p>\nSe\nkiinnostaa. Sill\u00e4 on oikeasti v\u00e4li\u00e4.<\/p>\n\n\n\n<p><em>Vihre\u00e4, v*ttuuntunut hoivakodinjohtaja Riikka Harjula, Teuva<\/em><\/p>\n","protected":false},"excerpt":{"rendered":"<p>Vituttaa. Vituttaa kaikki. Vituttaa yhteiskunta, sosiaalinen media, uutisointi keltaisesta lehdist\u00f6st\u00e4 YLEen ja kaikki silt\u00e4 v\u00e4lilt\u00e4. Vituttaa naapurit, kaverit ja lenkkipolulla vastaan tuleva tuntematon. Olen 23 vuotta hoitoalan teht\u00e4viss\u00e4 ty\u00f6skennellyt sairaanhoitaja ja ty\u00f6skentelen t\u00e4ll\u00e4 hetkell\u00e4 hoivakodin johtajana. Ty\u00f6nantajani on yksityinen ja monien mielest\u00e4 se itse saatanasta seuraava, hoitajia riist\u00e4v\u00e4 sek\u00e4 vanhuksia hyv\u00e4ksik\u00e4ytt\u00e4v\u00e4 hoivaj\u00e4tti. Voin rehellisesti ja [&hellip;]<\/p>\n","protected":false},"author":2,"featured_media":1018,"comment_status":"closed","ping_status":"closed","sticky":false,"template":"","format":"standard","meta":{"footnotes":""},"categories":[2],"tags":[],"class_list":["post-1017","post","type-post","status-publish","format-standard","has-post-thumbnail","hentry","category-tiedotteet"],"yoast_head":"<!-- This site is optimized with the Yoast SEO plugin v27.5 - https:\/\/yoast.com\/product\/yoast-seo-wordpress\/ -->\n<title>Voiko v*tutukseen kuolla - vaasanvaalipiirinvihreat.fi<\/title>\n<meta name=\"robots\" content=\"index, follow, max-snippet:-1, max-image-preview:large, max-video-preview:-1\" \/>\n<link rel=\"canonical\" href=\"https:\/\/vaasanvaalipiirinvihreat.fi\/index.php\/2020\/04\/20\/voiko-vtutukseen-kuolla\/\" \/>\n<meta property=\"og:locale\" content=\"fi_FI\" \/>\n<meta property=\"og:type\" content=\"article\" \/>\n<meta property=\"og:title\" content=\"Voiko v*tutukseen kuolla - vaasanvaalipiirinvihreat.fi\" \/>\n<meta property=\"og:description\" content=\"Vituttaa. Vituttaa kaikki. Vituttaa yhteiskunta, sosiaalinen media, uutisointi keltaisesta lehdist\u00f6st\u00e4 YLEen ja kaikki silt\u00e4 v\u00e4lilt\u00e4. Vituttaa naapurit, kaverit ja lenkkipolulla vastaan tuleva tuntematon. Olen 23 vuotta hoitoalan teht\u00e4viss\u00e4 ty\u00f6skennellyt sairaanhoitaja ja ty\u00f6skentelen t\u00e4ll\u00e4 hetkell\u00e4 hoivakodin johtajana. Ty\u00f6nantajani on yksityinen ja monien mielest\u00e4 se itse saatanasta seuraava, hoitajia riist\u00e4v\u00e4 sek\u00e4 vanhuksia hyv\u00e4ksik\u00e4ytt\u00e4v\u00e4 hoivaj\u00e4tti. Voin rehellisesti ja [&hellip;]\" \/>\n<meta property=\"og:url\" content=\"https:\/\/vaasanvaalipiirinvihreat.fi\/index.php\/2020\/04\/20\/voiko-vtutukseen-kuolla\/\" \/>\n<meta property=\"og:site_name\" content=\"vaasanvaalipiirinvihreat.fi\" \/>\n<meta property=\"article:publisher\" content=\"https:\/\/www.facebook.com\/VaasanVaalipiirinVihreat\" \/>\n<meta property=\"article:published_time\" content=\"2020-04-20T07:35:15+00:00\" \/>\n<meta property=\"article:modified_time\" content=\"2025-01-20T15:18:41+00:00\" \/>\n<meta property=\"og:image\" content=\"https:\/\/vaasanvaalipiirinvihreat.fi\/wp-content\/uploads\/2020\/04\/57064271_10156405854987956_4884925485542277120_n-ConvertImage.jpg\" \/>\n\t<meta property=\"og:image:width\" content=\"958\" \/>\n\t<meta property=\"og:image:height\" content=\"959\" \/>\n\t<meta property=\"og:image:type\" content=\"image\/jpeg\" \/>\n<meta name=\"author\" content=\"Yll\u00e4pit\u00e4j\u00e4\" \/>\n<meta name=\"twitter:card\" content=\"summary_large_image\" \/>\n<meta name=\"twitter:label1\" content=\"Kirjoittanut\" \/>\n\t<meta name=\"twitter:data1\" content=\"Yll\u00e4pit\u00e4j\u00e4\" \/>\n\t<meta name=\"twitter:label2\" content=\"Arvioitu lukuaika\" \/>\n\t<meta name=\"twitter:data2\" content=\"2 minuuttia\" \/>\n<script type=\"application\/ld+json\" class=\"yoast-schema-graph\">{\"@context\":\"https:\\\/\\\/schema.org\",\"@graph\":[{\"@type\":\"Article\",\"@id\":\"https:\\\/\\\/vaasanvaalipiirinvihreat.fi\\\/index.php\\\/2020\\\/04\\\/20\\\/voiko-vtutukseen-kuolla\\\/#article\",\"isPartOf\":{\"@id\":\"https:\\\/\\\/vaasanvaalipiirinvihreat.fi\\\/index.php\\\/2020\\\/04\\\/20\\\/voiko-vtutukseen-kuolla\\\/\"},\"author\":{\"name\":\"Yll\u00e4pit\u00e4j\u00e4\",\"@id\":\"https:\\\/\\\/vaasanvaalipiirinvihreat.fi\\\/#\\\/schema\\\/person\\\/d9205350c2a3b344c419b954e66c3daf\"},\"headline\":\"Voiko v*tutukseen kuolla\",\"datePublished\":\"2020-04-20T07:35:15+00:00\",\"dateModified\":\"2025-01-20T15:18:41+00:00\",\"mainEntityOfPage\":{\"@id\":\"https:\\\/\\\/vaasanvaalipiirinvihreat.fi\\\/index.php\\\/2020\\\/04\\\/20\\\/voiko-vtutukseen-kuolla\\\/\"},\"wordCount\":444,\"publisher\":{\"@id\":\"https:\\\/\\\/vaasanvaalipiirinvihreat.fi\\\/#organization\"},\"image\":{\"@id\":\"https:\\\/\\\/vaasanvaalipiirinvihreat.fi\\\/index.php\\\/2020\\\/04\\\/20\\\/voiko-vtutukseen-kuolla\\\/#primaryimage\"},\"thumbnailUrl\":\"https:\\\/\\\/vaasanvaalipiirinvihreat.fi\\\/wp-content\\\/uploads\\\/2020\\\/04\\\/57064271_10156405854987956_4884925485542277120_n-ConvertImage.jpg\",\"articleSection\":[\"Tiedotteet\"],\"inLanguage\":\"fi\"},{\"@type\":\"WebPage\",\"@id\":\"https:\\\/\\\/vaasanvaalipiirinvihreat.fi\\\/index.php\\\/2020\\\/04\\\/20\\\/voiko-vtutukseen-kuolla\\\/\",\"url\":\"https:\\\/\\\/vaasanvaalipiirinvihreat.fi\\\/index.php\\\/2020\\\/04\\\/20\\\/voiko-vtutukseen-kuolla\\\/\",\"name\":\"Voiko v*tutukseen kuolla - vaasanvaalipiirinvihreat.fi\",\"isPartOf\":{\"@id\":\"https:\\\/\\\/vaasanvaalipiirinvihreat.fi\\\/#website\"},\"primaryImageOfPage\":{\"@id\":\"https:\\\/\\\/vaasanvaalipiirinvihreat.fi\\\/index.php\\\/2020\\\/04\\\/20\\\/voiko-vtutukseen-kuolla\\\/#primaryimage\"},\"image\":{\"@id\":\"https:\\\/\\\/vaasanvaalipiirinvihreat.fi\\\/index.php\\\/2020\\\/04\\\/20\\\/voiko-vtutukseen-kuolla\\\/#primaryimage\"},\"thumbnailUrl\":\"https:\\\/\\\/vaasanvaalipiirinvihreat.fi\\\/wp-content\\\/uploads\\\/2020\\\/04\\\/57064271_10156405854987956_4884925485542277120_n-ConvertImage.jpg\",\"datePublished\":\"2020-04-20T07:35:15+00:00\",\"dateModified\":\"2025-01-20T15:18:41+00:00\",\"breadcrumb\":{\"@id\":\"https:\\\/\\\/vaasanvaalipiirinvihreat.fi\\\/index.php\\\/2020\\\/04\\\/20\\\/voiko-vtutukseen-kuolla\\\/#breadcrumb\"},\"inLanguage\":\"fi\",\"potentialAction\":[{\"@type\":\"ReadAction\",\"target\":[\"https:\\\/\\\/vaasanvaalipiirinvihreat.fi\\\/index.php\\\/2020\\\/04\\\/20\\\/voiko-vtutukseen-kuolla\\\/\"]}]},{\"@type\":\"ImageObject\",\"inLanguage\":\"fi\",\"@id\":\"https:\\\/\\\/vaasanvaalipiirinvihreat.fi\\\/index.php\\\/2020\\\/04\\\/20\\\/voiko-vtutukseen-kuolla\\\/#primaryimage\",\"url\":\"https:\\\/\\\/vaasanvaalipiirinvihreat.fi\\\/wp-content\\\/uploads\\\/2020\\\/04\\\/57064271_10156405854987956_4884925485542277120_n-ConvertImage.jpg\",\"contentUrl\":\"https:\\\/\\\/vaasanvaalipiirinvihreat.fi\\\/wp-content\\\/uploads\\\/2020\\\/04\\\/57064271_10156405854987956_4884925485542277120_n-ConvertImage.jpg\",\"width\":958,\"height\":959},{\"@type\":\"BreadcrumbList\",\"@id\":\"https:\\\/\\\/vaasanvaalipiirinvihreat.fi\\\/index.php\\\/2020\\\/04\\\/20\\\/voiko-vtutukseen-kuolla\\\/#breadcrumb\",\"itemListElement\":[{\"@type\":\"ListItem\",\"position\":1,\"name\":\"Etusivu\",\"item\":\"https:\\\/\\\/vaasanvaalipiirinvihreat.fi\\\/\"},{\"@type\":\"ListItem\",\"position\":2,\"name\":\"Voiko v*tutukseen kuolla\"}]},{\"@type\":\"WebSite\",\"@id\":\"https:\\\/\\\/vaasanvaalipiirinvihreat.fi\\\/#website\",\"url\":\"https:\\\/\\\/vaasanvaalipiirinvihreat.fi\\\/\",\"name\":\"vaasanvaalipiirinvihreat.fi\",\"description\":\"Vaasan vaalipiirin vihre\u00e4t - De Gr\u00f6na i Vasa valkrets\",\"publisher\":{\"@id\":\"https:\\\/\\\/vaasanvaalipiirinvihreat.fi\\\/#organization\"},\"potentialAction\":[{\"@type\":\"SearchAction\",\"target\":{\"@type\":\"EntryPoint\",\"urlTemplate\":\"https:\\\/\\\/vaasanvaalipiirinvihreat.fi\\\/?s={search_term_string}\"},\"query-input\":{\"@type\":\"PropertyValueSpecification\",\"valueRequired\":true,\"valueName\":\"search_term_string\"}}],\"inLanguage\":\"fi\"},{\"@type\":\"Organization\",\"@id\":\"https:\\\/\\\/vaasanvaalipiirinvihreat.fi\\\/#organization\",\"name\":\"vaasanvaalipiirinvihreat.fi\",\"alternateName\":\"Vaasan vaalipiirin vihre\u00e4t - De Gr\u00f6na i Vasa valkrets\",\"url\":\"https:\\\/\\\/vaasanvaalipiirinvihreat.fi\\\/\",\"logo\":{\"@type\":\"ImageObject\",\"inLanguage\":\"fi\",\"@id\":\"https:\\\/\\\/vaasanvaalipiirinvihreat.fi\\\/#\\\/schema\\\/logo\\\/image\\\/\",\"url\":\"https:\\\/\\\/vaasanvaalipiirinvihreat.fi\\\/wp-content\\\/uploads\\\/2025\\\/01\\\/Vihreat_Logo_HOR_RGB_FIN_SWE.png\",\"contentUrl\":\"https:\\\/\\\/vaasanvaalipiirinvihreat.fi\\\/wp-content\\\/uploads\\\/2025\\\/01\\\/Vihreat_Logo_HOR_RGB_FIN_SWE.png\",\"width\":1162,\"height\":409,\"caption\":\"vaasanvaalipiirinvihreat.fi\"},\"image\":{\"@id\":\"https:\\\/\\\/vaasanvaalipiirinvihreat.fi\\\/#\\\/schema\\\/logo\\\/image\\\/\"},\"sameAs\":[\"https:\\\/\\\/www.facebook.com\\\/VaasanVaalipiirinVihreat\"]},{\"@type\":\"Person\",\"@id\":\"https:\\\/\\\/vaasanvaalipiirinvihreat.fi\\\/#\\\/schema\\\/person\\\/d9205350c2a3b344c419b954e66c3daf\",\"name\":\"Yll\u00e4pit\u00e4j\u00e4\",\"url\":\"https:\\\/\\\/vaasanvaalipiirinvihreat.fi\\\/index.php\\\/author\\\/sivustomestari\\\/\"}]}<\/script>\n<!-- \/ Yoast SEO plugin. -->","yoast_head_json":{"title":"Voiko v*tutukseen kuolla - vaasanvaalipiirinvihreat.fi","robots":{"index":"index","follow":"follow","max-snippet":"max-snippet:-1","max-image-preview":"max-image-preview:large","max-video-preview":"max-video-preview:-1"},"canonical":"https:\/\/vaasanvaalipiirinvihreat.fi\/index.php\/2020\/04\/20\/voiko-vtutukseen-kuolla\/","og_locale":"fi_FI","og_type":"article","og_title":"Voiko v*tutukseen kuolla - vaasanvaalipiirinvihreat.fi","og_description":"Vituttaa. Vituttaa kaikki. Vituttaa yhteiskunta, sosiaalinen media, uutisointi keltaisesta lehdist\u00f6st\u00e4 YLEen ja kaikki silt\u00e4 v\u00e4lilt\u00e4. Vituttaa naapurit, kaverit ja lenkkipolulla vastaan tuleva tuntematon. Olen 23 vuotta hoitoalan teht\u00e4viss\u00e4 ty\u00f6skennellyt sairaanhoitaja ja ty\u00f6skentelen t\u00e4ll\u00e4 hetkell\u00e4 hoivakodin johtajana. Ty\u00f6nantajani on yksityinen ja monien mielest\u00e4 se itse saatanasta seuraava, hoitajia riist\u00e4v\u00e4 sek\u00e4 vanhuksia hyv\u00e4ksik\u00e4ytt\u00e4v\u00e4 hoivaj\u00e4tti. Voin rehellisesti ja [&hellip;]","og_url":"https:\/\/vaasanvaalipiirinvihreat.fi\/index.php\/2020\/04\/20\/voiko-vtutukseen-kuolla\/","og_site_name":"vaasanvaalipiirinvihreat.fi","article_publisher":"https:\/\/www.facebook.com\/VaasanVaalipiirinVihreat","article_published_time":"2020-04-20T07:35:15+00:00","article_modified_time":"2025-01-20T15:18:41+00:00","og_image":[{"width":958,"height":959,"url":"https:\/\/vaasanvaalipiirinvihreat.fi\/wp-content\/uploads\/2020\/04\/57064271_10156405854987956_4884925485542277120_n-ConvertImage.jpg","type":"image\/jpeg"}],"author":"Yll\u00e4pit\u00e4j\u00e4","twitter_card":"summary_large_image","twitter_misc":{"Kirjoittanut":"Yll\u00e4pit\u00e4j\u00e4","Arvioitu lukuaika":"2 minuuttia"},"schema":{"@context":"https:\/\/schema.org","@graph":[{"@type":"Article","@id":"https:\/\/vaasanvaalipiirinvihreat.fi\/index.php\/2020\/04\/20\/voiko-vtutukseen-kuolla\/#article","isPartOf":{"@id":"https:\/\/vaasanvaalipiirinvihreat.fi\/index.php\/2020\/04\/20\/voiko-vtutukseen-kuolla\/"},"author":{"name":"Yll\u00e4pit\u00e4j\u00e4","@id":"https:\/\/vaasanvaalipiirinvihreat.fi\/#\/schema\/person\/d9205350c2a3b344c419b954e66c3daf"},"headline":"Voiko v*tutukseen kuolla","datePublished":"2020-04-20T07:35:15+00:00","dateModified":"2025-01-20T15:18:41+00:00","mainEntityOfPage":{"@id":"https:\/\/vaasanvaalipiirinvihreat.fi\/index.php\/2020\/04\/20\/voiko-vtutukseen-kuolla\/"},"wordCount":444,"publisher":{"@id":"https:\/\/vaasanvaalipiirinvihreat.fi\/#organization"},"image":{"@id":"https:\/\/vaasanvaalipiirinvihreat.fi\/index.php\/2020\/04\/20\/voiko-vtutukseen-kuolla\/#primaryimage"},"thumbnailUrl":"https:\/\/vaasanvaalipiirinvihreat.fi\/wp-content\/uploads\/2020\/04\/57064271_10156405854987956_4884925485542277120_n-ConvertImage.jpg","articleSection":["Tiedotteet"],"inLanguage":"fi"},{"@type":"WebPage","@id":"https:\/\/vaasanvaalipiirinvihreat.fi\/index.php\/2020\/04\/20\/voiko-vtutukseen-kuolla\/","url":"https:\/\/vaasanvaalipiirinvihreat.fi\/index.php\/2020\/04\/20\/voiko-vtutukseen-kuolla\/","name":"Voiko v*tutukseen kuolla - vaasanvaalipiirinvihreat.fi","isPartOf":{"@id":"https:\/\/vaasanvaalipiirinvihreat.fi\/#website"},"primaryImageOfPage":{"@id":"https:\/\/vaasanvaalipiirinvihreat.fi\/index.php\/2020\/04\/20\/voiko-vtutukseen-kuolla\/#primaryimage"},"image":{"@id":"https:\/\/vaasanvaalipiirinvihreat.fi\/index.php\/2020\/04\/20\/voiko-vtutukseen-kuolla\/#primaryimage"},"thumbnailUrl":"https:\/\/vaasanvaalipiirinvihreat.fi\/wp-content\/uploads\/2020\/04\/57064271_10156405854987956_4884925485542277120_n-ConvertImage.jpg","datePublished":"2020-04-20T07:35:15+00:00","dateModified":"2025-01-20T15:18:41+00:00","breadcrumb":{"@id":"https:\/\/vaasanvaalipiirinvihreat.fi\/index.php\/2020\/04\/20\/voiko-vtutukseen-kuolla\/#breadcrumb"},"inLanguage":"fi","potentialAction":[{"@type":"ReadAction","target":["https:\/\/vaasanvaalipiirinvihreat.fi\/index.php\/2020\/04\/20\/voiko-vtutukseen-kuolla\/"]}]},{"@type":"ImageObject","inLanguage":"fi","@id":"https:\/\/vaasanvaalipiirinvihreat.fi\/index.php\/2020\/04\/20\/voiko-vtutukseen-kuolla\/#primaryimage","url":"https:\/\/vaasanvaalipiirinvihreat.fi\/wp-content\/uploads\/2020\/04\/57064271_10156405854987956_4884925485542277120_n-ConvertImage.jpg","contentUrl":"https:\/\/vaasanvaalipiirinvihreat.fi\/wp-content\/uploads\/2020\/04\/57064271_10156405854987956_4884925485542277120_n-ConvertImage.jpg","width":958,"height":959},{"@type":"BreadcrumbList","@id":"https:\/\/vaasanvaalipiirinvihreat.fi\/index.php\/2020\/04\/20\/voiko-vtutukseen-kuolla\/#breadcrumb","itemListElement":[{"@type":"ListItem","position":1,"name":"Etusivu","item":"https:\/\/vaasanvaalipiirinvihreat.fi\/"},{"@type":"ListItem","position":2,"name":"Voiko v*tutukseen kuolla"}]},{"@type":"WebSite","@id":"https:\/\/vaasanvaalipiirinvihreat.fi\/#website","url":"https:\/\/vaasanvaalipiirinvihreat.fi\/","name":"vaasanvaalipiirinvihreat.fi","description":"Vaasan vaalipiirin vihre\u00e4t - De Gr\u00f6na i Vasa valkrets","publisher":{"@id":"https:\/\/vaasanvaalipiirinvihreat.fi\/#organization"},"potentialAction":[{"@type":"SearchAction","target":{"@type":"EntryPoint","urlTemplate":"https:\/\/vaasanvaalipiirinvihreat.fi\/?s={search_term_string}"},"query-input":{"@type":"PropertyValueSpecification","valueRequired":true,"valueName":"search_term_string"}}],"inLanguage":"fi"},{"@type":"Organization","@id":"https:\/\/vaasanvaalipiirinvihreat.fi\/#organization","name":"vaasanvaalipiirinvihreat.fi","alternateName":"Vaasan vaalipiirin vihre\u00e4t - De Gr\u00f6na i Vasa valkrets","url":"https:\/\/vaasanvaalipiirinvihreat.fi\/","logo":{"@type":"ImageObject","inLanguage":"fi","@id":"https:\/\/vaasanvaalipiirinvihreat.fi\/#\/schema\/logo\/image\/","url":"https:\/\/vaasanvaalipiirinvihreat.fi\/wp-content\/uploads\/2025\/01\/Vihreat_Logo_HOR_RGB_FIN_SWE.png","contentUrl":"https:\/\/vaasanvaalipiirinvihreat.fi\/wp-content\/uploads\/2025\/01\/Vihreat_Logo_HOR_RGB_FIN_SWE.png","width":1162,"height":409,"caption":"vaasanvaalipiirinvihreat.fi"},"image":{"@id":"https:\/\/vaasanvaalipiirinvihreat.fi\/#\/schema\/logo\/image\/"},"sameAs":["https:\/\/www.facebook.com\/VaasanVaalipiirinVihreat"]},{"@type":"Person","@id":"https:\/\/vaasanvaalipiirinvihreat.fi\/#\/schema\/person\/d9205350c2a3b344c419b954e66c3daf","name":"Yll\u00e4pit\u00e4j\u00e4","url":"https:\/\/vaasanvaalipiirinvihreat.fi\/index.php\/author\/sivustomestari\/"}]}},"_links":{"self":[{"href":"https:\/\/vaasanvaalipiirinvihreat.fi\/index.php\/wp-json\/wp\/v2\/posts\/1017","targetHints":{"allow":["GET"]}}],"collection":[{"href":"https:\/\/vaasanvaalipiirinvihreat.fi\/index.php\/wp-json\/wp\/v2\/posts"}],"about":[{"href":"https:\/\/vaasanvaalipiirinvihreat.fi\/index.php\/wp-json\/wp\/v2\/types\/post"}],"author":[{"embeddable":true,"href":"https:\/\/vaasanvaalipiirinvihreat.fi\/index.php\/wp-json\/wp\/v2\/users\/2"}],"replies":[{"embeddable":true,"href":"https:\/\/vaasanvaalipiirinvihreat.fi\/index.php\/wp-json\/wp\/v2\/comments?post=1017"}],"version-history":[{"count":1,"href":"https:\/\/vaasanvaalipiirinvihreat.fi\/index.php\/wp-json\/wp\/v2\/posts\/1017\/revisions"}],"predecessor-version":[{"id":2052,"href":"https:\/\/vaasanvaalipiirinvihreat.fi\/index.php\/wp-json\/wp\/v2\/posts\/1017\/revisions\/2052"}],"wp:featuredmedia":[{"embeddable":true,"href":"https:\/\/vaasanvaalipiirinvihreat.fi\/index.php\/wp-json\/wp\/v2\/media\/1018"}],"wp:attachment":[{"href":"https:\/\/vaasanvaalipiirinvihreat.fi\/index.php\/wp-json\/wp\/v2\/media?parent=1017"}],"wp:term":[{"taxonomy":"category","embeddable":true,"href":"https:\/\/vaasanvaalipiirinvihreat.fi\/index.php\/wp-json\/wp\/v2\/categories?post=1017"},{"taxonomy":"post_tag","embeddable":true,"href":"https:\/\/vaasanvaalipiirinvihreat.fi\/index.php\/wp-json\/wp\/v2\/tags?post=1017"}],"curies":[{"name":"wp","href":"https:\/\/api.w.org\/{rel}","templated":true}]}}