{"id":1045,"date":"2020-05-25T18:52:09","date_gmt":"2020-05-25T16:52:09","guid":{"rendered":"http:\/\/www.vavavi.fi\/?p=1045"},"modified":"2025-01-20T17:18:42","modified_gmt":"2025-01-20T15:18:42","slug":"kestavan-liikkumisen-keihaankarkena-pyoraily","status":"publish","type":"post","link":"https:\/\/vaasanvaalipiirinvihreat.fi\/index.php\/2020\/05\/25\/kestavan-liikkumisen-keihaankarkena-pyoraily\/","title":{"rendered":"Kest\u00e4v\u00e4n liikkumisen keih\u00e4\u00e4nk\u00e4rken\u00e4 py\u00f6r\u00e4ily"},"content":{"rendered":"\n<p><strong>Hallituksen ilmastopolitiikka t\u00e4ht\u00e4\u00e4 hiilineutraaliin Suomeen vuoteen 2035 menness\u00e4. Monella el\u00e4m\u00e4n osa-alueella tarvitaan reformia, jotta t\u00e4h\u00e4n mahdolliseen tavoitteeseen p\u00e4\u00e4st\u00e4\u00e4n. Liikenne on n\u00e4ist\u00e4 yksi. Kunnat sek\u00e4 kaupungit ovat merkitt\u00e4v\u00e4ss\u00e4 roolissa sen uudistuksessa.<br><\/strong><br>Nykyaikainen polkupy\u00f6r\u00e4 on kutakuinkin satavuotias. Silti se on edelleen kustannustehokkain tapa ihmiselle liikkua paikasta toiseen. Traficomin vuonna 2018 julkaistussa tutkimuksessa paljastui, ett\u00e4 vuonna 2016 tehdyist\u00e4 alle kolmen kilometrin matkoista 28 prosenttia tehtiin autolla. Automatkoista yli 40 prosenttia oli alle viiden kilometrin pituisia. N\u00e4m\u00e4 lyhyet matkat ovat juuri niit\u00e4, joihin tulisi houkutella ihmisi\u00e4 tarttumaan py\u00f6r\u00e4\u00e4 sarvista auton ratin sijaan.<br><br>Miten sitten ihmiset saataisiin tekem\u00e4\u00e4n lyhyet matkansa useammin py\u00f6r\u00e4ll\u00e4? Siihen on monia keinoja, mutta tutkitusti ja muiden kaupunkien kokemuksien mukaan yksi on ylivertaisin: py\u00f6r\u00e4ilyinfran laadun parantaminen. T\u00e4ss\u00e4 tullaan taas kuntatasolle, jossa p\u00e4\u00e4tt\u00e4jilt\u00e4 vaaditaan n\u00e4kemyst\u00e4 ja rahallista panostusta hankkeisiin, jotka parantavat py\u00f6r\u00e4ilyinfraa. Kyse on laadullisesta parantamisesta, ei niink\u00e4\u00e4n m\u00e4\u00e4r\u00e4llisest\u00e4.<br><br>Suomen valtio p\u00e4\u00e4tti jo syksyll\u00e4 2016 energia- ja ilmastostrategiassaan tavoitteeksi lis\u00e4t\u00e4 k\u00e4vely\u00e4 ja py\u00f6r\u00e4ily 30 % vuoteen 2030 menness\u00e4. T\u00e4m\u00e4 tapahtui siis Sipil\u00e4n hallituksen aikaan. Py\u00f6r\u00e4ilyn hy\u00f6dyt ja edut n\u00e4hd\u00e4\u00e4n yli puoluerajojen py\u00f6r\u00e4ilyn suhteen kehittyneemmiss\u00e4 maissa ja kaupungeissa. Mik\u00e4 on siis ongelma kuntatasolla monessa suomalaisessa kaupungissa?\u00a0<br><br>Mit\u00e4 useampi asukas tarttuu py\u00f6r\u00e4\u00e4 sarvista, sit\u00e4 enemm\u00e4n autov\u00e4ylille vapautuu tilaa sille v\u00e4ltt\u00e4m\u00e4tt\u00f6m\u00e4lle liikenteelle: h\u00e4lytysajoneuvoille, julkiselle liikenteelle, takseille ja tavaraliikenteelle. T\u00e4m\u00e4n voisi ajatella olevan kaikkien kuntalaisten etu. Tarvitaan laadukkaat p\u00e4\u00e4v\u00e4yl\u00e4t kuntiin ja kaupunkeihin, joissa eri liikennemuodot ovat eroteltu toisistaan. Kevyen liikenteen k\u00e4site on syyt\u00e4 unohtaa, koska k\u00e4velyll\u00e4 ei ole muuta yhteist\u00e4 py\u00f6r\u00e4ilyn kanssa kuin se, ett\u00e4 kumpikaan niist\u00e4 ei ole autoilua. Liikenteen erottelu omille v\u00e4ylille parantaa kunkin liikennemuodon turvallisuutta, koska niill\u00e4 liikutaan samalla nopeudella. Turvallisuus paranee ja onnettomuudet v\u00e4henev\u00e4t.<br><br>Olen seurannut keskustelua kotikaupungissani Sein\u00e4joella, jossa monella kuntap\u00e4\u00e4tt\u00e4j\u00e4ll\u00e4 retoriikka j\u00e4\u00e4 toistamaan sit\u00e4, ett\u00e4 kaikki eiv\u00e4t voi py\u00f6r\u00e4ill\u00e4 ja kaikki eiv\u00e4t halua. He katsovat asiaa vain rajallisesta n\u00e4k\u00f6kulmasta, kaupungin yleisen edun unohtaen. Samalla unohtuu my\u00f6s, ett\u00e4 monessa kaupungissa jossa py\u00f6r\u00e4ilyn olosuhteita on parannettu, autoilu on v\u00e4hentynyt. <br><br>Pakottamatta ket\u00e4\u00e4n.<br><br>Kun py\u00f6r\u00e4ily\u00e4 edistet\u00e4\u00e4n eli tehd\u00e4\u00e4n parempia ja selke\u00e4mpi\u00e4 v\u00e4yli\u00e4, py\u00f6r\u00e4ily lis\u00e4\u00e4ntyy. N\u00e4in se on toiminut muualla ja n\u00e4in se toimisi meill\u00e4kin. Se on toiminut n\u00e4in lumisemmissa kaupungeissa, kuten Oulu ja Joensuu. Amsterdamin kadut ovat joskus 60-luvulla vilisseet autoja. Mit\u00e4 se nyt on? Vastustettiinko muutosta samoilla argumenteilla kuin nyt meill\u00e4 ja teill\u00e4? Muilla kaupungeilla on mahdollisuus samaan muutokseen.\u00a0<br><br>Kuntalaisten tulisi vaatia valitsemiltaan p\u00e4\u00e4tt\u00e4jilt\u00e4 ongelmien ratkaisukyvyn lis\u00e4ksi my\u00f6s kyky\u00e4 n\u00e4hd\u00e4 mit\u00e4 tulevaisuus vaatii meilt\u00e4 jo nyt. Viihtyis\u00e4t ja el\u00e4v\u00e4t kaupunkikeskustat ovat tulevaisuutta ja sen rakentamisessa on polkupy\u00f6r\u00e4ll\u00e4 osansa. Amsterdam aloitti tulevaisuuden rakentamisen jo 60-luvulla ja Oulu 70-luvulla, min\u00e4 kysyn: koska me aloitamme?<br><br><em>Jussi Teppo, esittely:<br>Olen l\u00e4ht\u00f6isin Vaasasta, mutta juurtunut Sein\u00e4joelle. P\u00e4iv\u00e4ty\u00f6ss\u00e4 olen IT-alalla. Vapaa-ajan viet\u00e4n perheen parissa tai liikkuen luonnossa yksin tai yhdess\u00e4. T\u00e4m\u00e4n lis\u00e4ksi eri yhdistystoiminta on l\u00e4hell\u00e4 syd\u00e4nt\u00e4. <\/em><\/p>\n","protected":false},"excerpt":{"rendered":"<p>Hallituksen ilmastopolitiikka t\u00e4ht\u00e4\u00e4 hiilineutraaliin Suomeen vuoteen 2035 menness\u00e4. Monella el\u00e4m\u00e4n osa-alueella tarvitaan reformia, jotta t\u00e4h\u00e4n mahdolliseen tavoitteeseen p\u00e4\u00e4st\u00e4\u00e4n. Liikenne on n\u00e4ist\u00e4 yksi. Kunnat sek\u00e4 kaupungit ovat merkitt\u00e4v\u00e4ss\u00e4 roolissa sen uudistuksessa.Nykyaikainen polkupy\u00f6r\u00e4 on kutakuinkin satavuotias. Silti se on edelleen kustannustehokkain tapa ihmiselle liikkua paikasta toiseen. Traficomin vuonna 2018 julkaistussa tutkimuksessa paljastui, ett\u00e4 vuonna 2016 tehdyist\u00e4 alle [&hellip;]<\/p>\n","protected":false},"author":2,"featured_media":1046,"comment_status":"closed","ping_status":"closed","sticky":false,"template":"","format":"standard","meta":{"footnotes":""},"categories":[2],"tags":[],"class_list":["post-1045","post","type-post","status-publish","format-standard","has-post-thumbnail","hentry","category-tiedotteet"],"yoast_head":"<!-- This site is optimized with the Yoast SEO plugin v27.5 - https:\/\/yoast.com\/product\/yoast-seo-wordpress\/ -->\n<title>Kest\u00e4v\u00e4n liikkumisen keih\u00e4\u00e4nk\u00e4rken\u00e4 py\u00f6r\u00e4ily - vaasanvaalipiirinvihreat.fi<\/title>\n<meta name=\"robots\" content=\"index, follow, max-snippet:-1, max-image-preview:large, max-video-preview:-1\" \/>\n<link rel=\"canonical\" href=\"https:\/\/vaasanvaalipiirinvihreat.fi\/index.php\/2020\/05\/25\/kestavan-liikkumisen-keihaankarkena-pyoraily\/\" \/>\n<meta property=\"og:locale\" content=\"fi_FI\" \/>\n<meta property=\"og:type\" content=\"article\" \/>\n<meta property=\"og:title\" content=\"Kest\u00e4v\u00e4n liikkumisen keih\u00e4\u00e4nk\u00e4rken\u00e4 py\u00f6r\u00e4ily - vaasanvaalipiirinvihreat.fi\" \/>\n<meta property=\"og:description\" content=\"Hallituksen ilmastopolitiikka t\u00e4ht\u00e4\u00e4 hiilineutraaliin Suomeen vuoteen 2035 menness\u00e4. Monella el\u00e4m\u00e4n osa-alueella tarvitaan reformia, jotta t\u00e4h\u00e4n mahdolliseen tavoitteeseen p\u00e4\u00e4st\u00e4\u00e4n. Liikenne on n\u00e4ist\u00e4 yksi. Kunnat sek\u00e4 kaupungit ovat merkitt\u00e4v\u00e4ss\u00e4 roolissa sen uudistuksessa.Nykyaikainen polkupy\u00f6r\u00e4 on kutakuinkin satavuotias. Silti se on edelleen kustannustehokkain tapa ihmiselle liikkua paikasta toiseen. Traficomin vuonna 2018 julkaistussa tutkimuksessa paljastui, ett\u00e4 vuonna 2016 tehdyist\u00e4 alle [&hellip;]\" \/>\n<meta property=\"og:url\" content=\"https:\/\/vaasanvaalipiirinvihreat.fi\/index.php\/2020\/05\/25\/kestavan-liikkumisen-keihaankarkena-pyoraily\/\" \/>\n<meta property=\"og:site_name\" content=\"vaasanvaalipiirinvihreat.fi\" \/>\n<meta property=\"article:publisher\" content=\"https:\/\/www.facebook.com\/VaasanVaalipiirinVihreat\" \/>\n<meta property=\"article:published_time\" content=\"2020-05-25T16:52:09+00:00\" \/>\n<meta property=\"article:modified_time\" content=\"2025-01-20T15:18:42+00:00\" \/>\n<meta property=\"og:image\" content=\"https:\/\/vaasanvaalipiirinvihreat.fi\/wp-content\/uploads\/2020\/05\/Jussi_Teppo_vavavi-ConvertImage.png\" \/>\n\t<meta property=\"og:image:width\" content=\"780\" \/>\n\t<meta property=\"og:image:height\" content=\"905\" \/>\n\t<meta property=\"og:image:type\" content=\"image\/png\" \/>\n<meta name=\"author\" content=\"Yll\u00e4pit\u00e4j\u00e4\" \/>\n<meta name=\"twitter:card\" content=\"summary_large_image\" \/>\n<meta name=\"twitter:label1\" content=\"Kirjoittanut\" \/>\n\t<meta name=\"twitter:data1\" content=\"Yll\u00e4pit\u00e4j\u00e4\" \/>\n\t<meta name=\"twitter:label2\" content=\"Arvioitu lukuaika\" \/>\n\t<meta name=\"twitter:data2\" content=\"3 minuuttia\" \/>\n<script type=\"application\/ld+json\" class=\"yoast-schema-graph\">{\"@context\":\"https:\\\/\\\/schema.org\",\"@graph\":[{\"@type\":\"Article\",\"@id\":\"https:\\\/\\\/vaasanvaalipiirinvihreat.fi\\\/index.php\\\/2020\\\/05\\\/25\\\/kestavan-liikkumisen-keihaankarkena-pyoraily\\\/#article\",\"isPartOf\":{\"@id\":\"https:\\\/\\\/vaasanvaalipiirinvihreat.fi\\\/index.php\\\/2020\\\/05\\\/25\\\/kestavan-liikkumisen-keihaankarkena-pyoraily\\\/\"},\"author\":{\"name\":\"Yll\u00e4pit\u00e4j\u00e4\",\"@id\":\"https:\\\/\\\/vaasanvaalipiirinvihreat.fi\\\/#\\\/schema\\\/person\\\/d9205350c2a3b344c419b954e66c3daf\"},\"headline\":\"Kest\u00e4v\u00e4n liikkumisen keih\u00e4\u00e4nk\u00e4rken\u00e4 py\u00f6r\u00e4ily\",\"datePublished\":\"2020-05-25T16:52:09+00:00\",\"dateModified\":\"2025-01-20T15:18:42+00:00\",\"mainEntityOfPage\":{\"@id\":\"https:\\\/\\\/vaasanvaalipiirinvihreat.fi\\\/index.php\\\/2020\\\/05\\\/25\\\/kestavan-liikkumisen-keihaankarkena-pyoraily\\\/\"},\"wordCount\":550,\"publisher\":{\"@id\":\"https:\\\/\\\/vaasanvaalipiirinvihreat.fi\\\/#organization\"},\"image\":{\"@id\":\"https:\\\/\\\/vaasanvaalipiirinvihreat.fi\\\/index.php\\\/2020\\\/05\\\/25\\\/kestavan-liikkumisen-keihaankarkena-pyoraily\\\/#primaryimage\"},\"thumbnailUrl\":\"https:\\\/\\\/vaasanvaalipiirinvihreat.fi\\\/wp-content\\\/uploads\\\/2020\\\/05\\\/Jussi_Teppo_vavavi-ConvertImage.png\",\"articleSection\":[\"Tiedotteet\"],\"inLanguage\":\"fi\"},{\"@type\":\"WebPage\",\"@id\":\"https:\\\/\\\/vaasanvaalipiirinvihreat.fi\\\/index.php\\\/2020\\\/05\\\/25\\\/kestavan-liikkumisen-keihaankarkena-pyoraily\\\/\",\"url\":\"https:\\\/\\\/vaasanvaalipiirinvihreat.fi\\\/index.php\\\/2020\\\/05\\\/25\\\/kestavan-liikkumisen-keihaankarkena-pyoraily\\\/\",\"name\":\"Kest\u00e4v\u00e4n liikkumisen keih\u00e4\u00e4nk\u00e4rken\u00e4 py\u00f6r\u00e4ily - vaasanvaalipiirinvihreat.fi\",\"isPartOf\":{\"@id\":\"https:\\\/\\\/vaasanvaalipiirinvihreat.fi\\\/#website\"},\"primaryImageOfPage\":{\"@id\":\"https:\\\/\\\/vaasanvaalipiirinvihreat.fi\\\/index.php\\\/2020\\\/05\\\/25\\\/kestavan-liikkumisen-keihaankarkena-pyoraily\\\/#primaryimage\"},\"image\":{\"@id\":\"https:\\\/\\\/vaasanvaalipiirinvihreat.fi\\\/index.php\\\/2020\\\/05\\\/25\\\/kestavan-liikkumisen-keihaankarkena-pyoraily\\\/#primaryimage\"},\"thumbnailUrl\":\"https:\\\/\\\/vaasanvaalipiirinvihreat.fi\\\/wp-content\\\/uploads\\\/2020\\\/05\\\/Jussi_Teppo_vavavi-ConvertImage.png\",\"datePublished\":\"2020-05-25T16:52:09+00:00\",\"dateModified\":\"2025-01-20T15:18:42+00:00\",\"breadcrumb\":{\"@id\":\"https:\\\/\\\/vaasanvaalipiirinvihreat.fi\\\/index.php\\\/2020\\\/05\\\/25\\\/kestavan-liikkumisen-keihaankarkena-pyoraily\\\/#breadcrumb\"},\"inLanguage\":\"fi\",\"potentialAction\":[{\"@type\":\"ReadAction\",\"target\":[\"https:\\\/\\\/vaasanvaalipiirinvihreat.fi\\\/index.php\\\/2020\\\/05\\\/25\\\/kestavan-liikkumisen-keihaankarkena-pyoraily\\\/\"]}]},{\"@type\":\"ImageObject\",\"inLanguage\":\"fi\",\"@id\":\"https:\\\/\\\/vaasanvaalipiirinvihreat.fi\\\/index.php\\\/2020\\\/05\\\/25\\\/kestavan-liikkumisen-keihaankarkena-pyoraily\\\/#primaryimage\",\"url\":\"https:\\\/\\\/vaasanvaalipiirinvihreat.fi\\\/wp-content\\\/uploads\\\/2020\\\/05\\\/Jussi_Teppo_vavavi-ConvertImage.png\",\"contentUrl\":\"https:\\\/\\\/vaasanvaalipiirinvihreat.fi\\\/wp-content\\\/uploads\\\/2020\\\/05\\\/Jussi_Teppo_vavavi-ConvertImage.png\",\"width\":780,\"height\":905},{\"@type\":\"BreadcrumbList\",\"@id\":\"https:\\\/\\\/vaasanvaalipiirinvihreat.fi\\\/index.php\\\/2020\\\/05\\\/25\\\/kestavan-liikkumisen-keihaankarkena-pyoraily\\\/#breadcrumb\",\"itemListElement\":[{\"@type\":\"ListItem\",\"position\":1,\"name\":\"Etusivu\",\"item\":\"https:\\\/\\\/vaasanvaalipiirinvihreat.fi\\\/\"},{\"@type\":\"ListItem\",\"position\":2,\"name\":\"Kest\u00e4v\u00e4n liikkumisen keih\u00e4\u00e4nk\u00e4rken\u00e4 py\u00f6r\u00e4ily\"}]},{\"@type\":\"WebSite\",\"@id\":\"https:\\\/\\\/vaasanvaalipiirinvihreat.fi\\\/#website\",\"url\":\"https:\\\/\\\/vaasanvaalipiirinvihreat.fi\\\/\",\"name\":\"vaasanvaalipiirinvihreat.fi\",\"description\":\"Vaasan vaalipiirin vihre\u00e4t - De Gr\u00f6na i Vasa valkrets\",\"publisher\":{\"@id\":\"https:\\\/\\\/vaasanvaalipiirinvihreat.fi\\\/#organization\"},\"potentialAction\":[{\"@type\":\"SearchAction\",\"target\":{\"@type\":\"EntryPoint\",\"urlTemplate\":\"https:\\\/\\\/vaasanvaalipiirinvihreat.fi\\\/?s={search_term_string}\"},\"query-input\":{\"@type\":\"PropertyValueSpecification\",\"valueRequired\":true,\"valueName\":\"search_term_string\"}}],\"inLanguage\":\"fi\"},{\"@type\":\"Organization\",\"@id\":\"https:\\\/\\\/vaasanvaalipiirinvihreat.fi\\\/#organization\",\"name\":\"vaasanvaalipiirinvihreat.fi\",\"alternateName\":\"Vaasan vaalipiirin vihre\u00e4t - De Gr\u00f6na i Vasa valkrets\",\"url\":\"https:\\\/\\\/vaasanvaalipiirinvihreat.fi\\\/\",\"logo\":{\"@type\":\"ImageObject\",\"inLanguage\":\"fi\",\"@id\":\"https:\\\/\\\/vaasanvaalipiirinvihreat.fi\\\/#\\\/schema\\\/logo\\\/image\\\/\",\"url\":\"https:\\\/\\\/vaasanvaalipiirinvihreat.fi\\\/wp-content\\\/uploads\\\/2025\\\/01\\\/Vihreat_Logo_HOR_RGB_FIN_SWE.png\",\"contentUrl\":\"https:\\\/\\\/vaasanvaalipiirinvihreat.fi\\\/wp-content\\\/uploads\\\/2025\\\/01\\\/Vihreat_Logo_HOR_RGB_FIN_SWE.png\",\"width\":1162,\"height\":409,\"caption\":\"vaasanvaalipiirinvihreat.fi\"},\"image\":{\"@id\":\"https:\\\/\\\/vaasanvaalipiirinvihreat.fi\\\/#\\\/schema\\\/logo\\\/image\\\/\"},\"sameAs\":[\"https:\\\/\\\/www.facebook.com\\\/VaasanVaalipiirinVihreat\"]},{\"@type\":\"Person\",\"@id\":\"https:\\\/\\\/vaasanvaalipiirinvihreat.fi\\\/#\\\/schema\\\/person\\\/d9205350c2a3b344c419b954e66c3daf\",\"name\":\"Yll\u00e4pit\u00e4j\u00e4\",\"url\":\"https:\\\/\\\/vaasanvaalipiirinvihreat.fi\\\/index.php\\\/author\\\/sivustomestari\\\/\"}]}<\/script>\n<!-- \/ Yoast SEO plugin. -->","yoast_head_json":{"title":"Kest\u00e4v\u00e4n liikkumisen keih\u00e4\u00e4nk\u00e4rken\u00e4 py\u00f6r\u00e4ily - vaasanvaalipiirinvihreat.fi","robots":{"index":"index","follow":"follow","max-snippet":"max-snippet:-1","max-image-preview":"max-image-preview:large","max-video-preview":"max-video-preview:-1"},"canonical":"https:\/\/vaasanvaalipiirinvihreat.fi\/index.php\/2020\/05\/25\/kestavan-liikkumisen-keihaankarkena-pyoraily\/","og_locale":"fi_FI","og_type":"article","og_title":"Kest\u00e4v\u00e4n liikkumisen keih\u00e4\u00e4nk\u00e4rken\u00e4 py\u00f6r\u00e4ily - vaasanvaalipiirinvihreat.fi","og_description":"Hallituksen ilmastopolitiikka t\u00e4ht\u00e4\u00e4 hiilineutraaliin Suomeen vuoteen 2035 menness\u00e4. Monella el\u00e4m\u00e4n osa-alueella tarvitaan reformia, jotta t\u00e4h\u00e4n mahdolliseen tavoitteeseen p\u00e4\u00e4st\u00e4\u00e4n. Liikenne on n\u00e4ist\u00e4 yksi. Kunnat sek\u00e4 kaupungit ovat merkitt\u00e4v\u00e4ss\u00e4 roolissa sen uudistuksessa.Nykyaikainen polkupy\u00f6r\u00e4 on kutakuinkin satavuotias. Silti se on edelleen kustannustehokkain tapa ihmiselle liikkua paikasta toiseen. Traficomin vuonna 2018 julkaistussa tutkimuksessa paljastui, ett\u00e4 vuonna 2016 tehdyist\u00e4 alle [&hellip;]","og_url":"https:\/\/vaasanvaalipiirinvihreat.fi\/index.php\/2020\/05\/25\/kestavan-liikkumisen-keihaankarkena-pyoraily\/","og_site_name":"vaasanvaalipiirinvihreat.fi","article_publisher":"https:\/\/www.facebook.com\/VaasanVaalipiirinVihreat","article_published_time":"2020-05-25T16:52:09+00:00","article_modified_time":"2025-01-20T15:18:42+00:00","og_image":[{"width":780,"height":905,"url":"https:\/\/vaasanvaalipiirinvihreat.fi\/wp-content\/uploads\/2020\/05\/Jussi_Teppo_vavavi-ConvertImage.png","type":"image\/png"}],"author":"Yll\u00e4pit\u00e4j\u00e4","twitter_card":"summary_large_image","twitter_misc":{"Kirjoittanut":"Yll\u00e4pit\u00e4j\u00e4","Arvioitu lukuaika":"3 minuuttia"},"schema":{"@context":"https:\/\/schema.org","@graph":[{"@type":"Article","@id":"https:\/\/vaasanvaalipiirinvihreat.fi\/index.php\/2020\/05\/25\/kestavan-liikkumisen-keihaankarkena-pyoraily\/#article","isPartOf":{"@id":"https:\/\/vaasanvaalipiirinvihreat.fi\/index.php\/2020\/05\/25\/kestavan-liikkumisen-keihaankarkena-pyoraily\/"},"author":{"name":"Yll\u00e4pit\u00e4j\u00e4","@id":"https:\/\/vaasanvaalipiirinvihreat.fi\/#\/schema\/person\/d9205350c2a3b344c419b954e66c3daf"},"headline":"Kest\u00e4v\u00e4n liikkumisen keih\u00e4\u00e4nk\u00e4rken\u00e4 py\u00f6r\u00e4ily","datePublished":"2020-05-25T16:52:09+00:00","dateModified":"2025-01-20T15:18:42+00:00","mainEntityOfPage":{"@id":"https:\/\/vaasanvaalipiirinvihreat.fi\/index.php\/2020\/05\/25\/kestavan-liikkumisen-keihaankarkena-pyoraily\/"},"wordCount":550,"publisher":{"@id":"https:\/\/vaasanvaalipiirinvihreat.fi\/#organization"},"image":{"@id":"https:\/\/vaasanvaalipiirinvihreat.fi\/index.php\/2020\/05\/25\/kestavan-liikkumisen-keihaankarkena-pyoraily\/#primaryimage"},"thumbnailUrl":"https:\/\/vaasanvaalipiirinvihreat.fi\/wp-content\/uploads\/2020\/05\/Jussi_Teppo_vavavi-ConvertImage.png","articleSection":["Tiedotteet"],"inLanguage":"fi"},{"@type":"WebPage","@id":"https:\/\/vaasanvaalipiirinvihreat.fi\/index.php\/2020\/05\/25\/kestavan-liikkumisen-keihaankarkena-pyoraily\/","url":"https:\/\/vaasanvaalipiirinvihreat.fi\/index.php\/2020\/05\/25\/kestavan-liikkumisen-keihaankarkena-pyoraily\/","name":"Kest\u00e4v\u00e4n liikkumisen keih\u00e4\u00e4nk\u00e4rken\u00e4 py\u00f6r\u00e4ily - vaasanvaalipiirinvihreat.fi","isPartOf":{"@id":"https:\/\/vaasanvaalipiirinvihreat.fi\/#website"},"primaryImageOfPage":{"@id":"https:\/\/vaasanvaalipiirinvihreat.fi\/index.php\/2020\/05\/25\/kestavan-liikkumisen-keihaankarkena-pyoraily\/#primaryimage"},"image":{"@id":"https:\/\/vaasanvaalipiirinvihreat.fi\/index.php\/2020\/05\/25\/kestavan-liikkumisen-keihaankarkena-pyoraily\/#primaryimage"},"thumbnailUrl":"https:\/\/vaasanvaalipiirinvihreat.fi\/wp-content\/uploads\/2020\/05\/Jussi_Teppo_vavavi-ConvertImage.png","datePublished":"2020-05-25T16:52:09+00:00","dateModified":"2025-01-20T15:18:42+00:00","breadcrumb":{"@id":"https:\/\/vaasanvaalipiirinvihreat.fi\/index.php\/2020\/05\/25\/kestavan-liikkumisen-keihaankarkena-pyoraily\/#breadcrumb"},"inLanguage":"fi","potentialAction":[{"@type":"ReadAction","target":["https:\/\/vaasanvaalipiirinvihreat.fi\/index.php\/2020\/05\/25\/kestavan-liikkumisen-keihaankarkena-pyoraily\/"]}]},{"@type":"ImageObject","inLanguage":"fi","@id":"https:\/\/vaasanvaalipiirinvihreat.fi\/index.php\/2020\/05\/25\/kestavan-liikkumisen-keihaankarkena-pyoraily\/#primaryimage","url":"https:\/\/vaasanvaalipiirinvihreat.fi\/wp-content\/uploads\/2020\/05\/Jussi_Teppo_vavavi-ConvertImage.png","contentUrl":"https:\/\/vaasanvaalipiirinvihreat.fi\/wp-content\/uploads\/2020\/05\/Jussi_Teppo_vavavi-ConvertImage.png","width":780,"height":905},{"@type":"BreadcrumbList","@id":"https:\/\/vaasanvaalipiirinvihreat.fi\/index.php\/2020\/05\/25\/kestavan-liikkumisen-keihaankarkena-pyoraily\/#breadcrumb","itemListElement":[{"@type":"ListItem","position":1,"name":"Etusivu","item":"https:\/\/vaasanvaalipiirinvihreat.fi\/"},{"@type":"ListItem","position":2,"name":"Kest\u00e4v\u00e4n liikkumisen keih\u00e4\u00e4nk\u00e4rken\u00e4 py\u00f6r\u00e4ily"}]},{"@type":"WebSite","@id":"https:\/\/vaasanvaalipiirinvihreat.fi\/#website","url":"https:\/\/vaasanvaalipiirinvihreat.fi\/","name":"vaasanvaalipiirinvihreat.fi","description":"Vaasan vaalipiirin vihre\u00e4t - De Gr\u00f6na i Vasa valkrets","publisher":{"@id":"https:\/\/vaasanvaalipiirinvihreat.fi\/#organization"},"potentialAction":[{"@type":"SearchAction","target":{"@type":"EntryPoint","urlTemplate":"https:\/\/vaasanvaalipiirinvihreat.fi\/?s={search_term_string}"},"query-input":{"@type":"PropertyValueSpecification","valueRequired":true,"valueName":"search_term_string"}}],"inLanguage":"fi"},{"@type":"Organization","@id":"https:\/\/vaasanvaalipiirinvihreat.fi\/#organization","name":"vaasanvaalipiirinvihreat.fi","alternateName":"Vaasan vaalipiirin vihre\u00e4t - De Gr\u00f6na i Vasa valkrets","url":"https:\/\/vaasanvaalipiirinvihreat.fi\/","logo":{"@type":"ImageObject","inLanguage":"fi","@id":"https:\/\/vaasanvaalipiirinvihreat.fi\/#\/schema\/logo\/image\/","url":"https:\/\/vaasanvaalipiirinvihreat.fi\/wp-content\/uploads\/2025\/01\/Vihreat_Logo_HOR_RGB_FIN_SWE.png","contentUrl":"https:\/\/vaasanvaalipiirinvihreat.fi\/wp-content\/uploads\/2025\/01\/Vihreat_Logo_HOR_RGB_FIN_SWE.png","width":1162,"height":409,"caption":"vaasanvaalipiirinvihreat.fi"},"image":{"@id":"https:\/\/vaasanvaalipiirinvihreat.fi\/#\/schema\/logo\/image\/"},"sameAs":["https:\/\/www.facebook.com\/VaasanVaalipiirinVihreat"]},{"@type":"Person","@id":"https:\/\/vaasanvaalipiirinvihreat.fi\/#\/schema\/person\/d9205350c2a3b344c419b954e66c3daf","name":"Yll\u00e4pit\u00e4j\u00e4","url":"https:\/\/vaasanvaalipiirinvihreat.fi\/index.php\/author\/sivustomestari\/"}]}},"_links":{"self":[{"href":"https:\/\/vaasanvaalipiirinvihreat.fi\/index.php\/wp-json\/wp\/v2\/posts\/1045","targetHints":{"allow":["GET"]}}],"collection":[{"href":"https:\/\/vaasanvaalipiirinvihreat.fi\/index.php\/wp-json\/wp\/v2\/posts"}],"about":[{"href":"https:\/\/vaasanvaalipiirinvihreat.fi\/index.php\/wp-json\/wp\/v2\/types\/post"}],"author":[{"embeddable":true,"href":"https:\/\/vaasanvaalipiirinvihreat.fi\/index.php\/wp-json\/wp\/v2\/users\/2"}],"replies":[{"embeddable":true,"href":"https:\/\/vaasanvaalipiirinvihreat.fi\/index.php\/wp-json\/wp\/v2\/comments?post=1045"}],"version-history":[{"count":1,"href":"https:\/\/vaasanvaalipiirinvihreat.fi\/index.php\/wp-json\/wp\/v2\/posts\/1045\/revisions"}],"predecessor-version":[{"id":2059,"href":"https:\/\/vaasanvaalipiirinvihreat.fi\/index.php\/wp-json\/wp\/v2\/posts\/1045\/revisions\/2059"}],"wp:featuredmedia":[{"embeddable":true,"href":"https:\/\/vaasanvaalipiirinvihreat.fi\/index.php\/wp-json\/wp\/v2\/media\/1046"}],"wp:attachment":[{"href":"https:\/\/vaasanvaalipiirinvihreat.fi\/index.php\/wp-json\/wp\/v2\/media?parent=1045"}],"wp:term":[{"taxonomy":"category","embeddable":true,"href":"https:\/\/vaasanvaalipiirinvihreat.fi\/index.php\/wp-json\/wp\/v2\/categories?post=1045"},{"taxonomy":"post_tag","embeddable":true,"href":"https:\/\/vaasanvaalipiirinvihreat.fi\/index.php\/wp-json\/wp\/v2\/tags?post=1045"}],"curies":[{"name":"wp","href":"https:\/\/api.w.org\/{rel}","templated":true}]}}