{"id":1189,"date":"2020-12-14T11:30:18","date_gmt":"2020-12-14T09:30:18","guid":{"rendered":"http:\/\/www.vavavi.fi\/?p=1189"},"modified":"2025-01-20T17:18:43","modified_gmt":"2025-01-20T15:18:43","slug":"ihmisarvo-ei-nay-rasvaprosentissa","status":"publish","type":"post","link":"https:\/\/vaasanvaalipiirinvihreat.fi\/index.php\/2020\/12\/14\/ihmisarvo-ei-nay-rasvaprosentissa\/","title":{"rendered":"Ihmisarvo ei n\u00e4y rasvaprosentissa"},"content":{"rendered":"\n<div class=\"wp-block-image\"><figure class=\"aligncenter size-large is-resized\"><img fetchpriority=\"high\" decoding=\"async\" src=\"http:\/\/vaasanvaalipiirinvihreat.fi\/tuonti\/wp-content\/uploads\/2019\/12\/aisha-ConvertImage-644x423.jpg\" alt=\"\" class=\"wp-image-929\" width=\"459\" height=\"301\"\/><\/figure><\/div>\n\n\n\n<p><strong>2020 voidaan merkit\u00e4 historiaan vuotena, jonka keston ja tapahtumien m\u00e4\u00e4r\u00e4n voisi mitata vuosikymmeniss\u00e4, ei kuukausissa.<\/strong><\/p>\n\n\n\n<p>Tavallisesti kertoisin t\u00e4ss\u00e4 kolumnissa kaikista niist\u00e4 ihmisoikeusrikkomuksista, joita on tapahtunut edellisen kolumnini julkaisuun j\u00e4lkeen. Kertoisin, kuinka Kiinassa miljoonia uiguureja on yh\u00e4 vangittuina keskitysleireill\u00e4 ja pakkoty\u00f6leireill\u00e4, kuinka Valko-Ven\u00e4j\u00e4n mielenosoittajat ovat joutuneet poliisiv\u00e4kivallan uhreiksi ja kuolleita on seitsem\u00e4n, tai kuinka poliittinen, etenkin \u00e4\u00e4rioikeistolainen, v\u00e4kivalta on lis\u00e4\u00e4ntynyt uhkaavasti vuoden aikana \u2013 niin paljon, ett\u00e4 jopa meid\u00e4n lintukoto-Suomessa on poliittisesti aktiivinen toimija yritetty murhata.<\/p>\n\n\n\n<p><em>Eik\u00e4 translain uudistus ole edennyt eteenp\u00e4in viel\u00e4k\u00e4\u00e4n.<\/em><\/p>\n\n\n\n<p>Mutta ei, t\u00e4ll\u00e4 kertaa en puhu ihmisoikeusloukkauksista. T\u00e4ll\u00e4 kertaa puhun arvostelusta, <em>fatfobiasta<\/em> ja siit\u00e4, miten raivostuttavan v\u00e4sytt\u00e4v\u00e4\u00e4 on muistuttaa ihmisille, ett\u00e4 ihmisarvo ei ole kiinni rasvaprosentista.<\/p>\n\n\n\n<p>Juhlimme luokkatoverien kanssa hyvin pienell\u00e4 porukalla (meit\u00e4 oli yhteens\u00e4 viisi) valmistumistamme t\u00e4ss\u00e4 muutama viikko sitten. Yksi heist\u00e4 oli tuonut mukaansa oman kaverinsa, ja heti alusta asti oli selv\u00e4\u00e4, ett\u00e4 me emme tulleet toimeen t\u00e4m\u00e4n kaverin kanssa. Er\u00e4\u00e4ss\u00e4 vaiheessa iltaa h\u00e4n esitti minulle kysymyksen: h\u00e4pe\u00e4nk\u00f6 ikin\u00e4 sit\u00e4, ett\u00e4 olen niin isokokoinen. H\u00e4n jopa kehtasi levitt\u00e4\u00e4 k\u00e4si\u00e4\u00e4n sanan isokoinen kohdalla.<\/p>\n\n\n\n<p>Mykistyin enk\u00e4 tiennyt mit\u00e4 vastata. Kuinka paljon uskaltaisin paljastaa itsest\u00e4ni asioita sellaiselle ihmiselle, jonka olen tuntenut vasta parin tunnin ajan? Kuinka paljon voisin avata yksityisi\u00e4 asioitani ihmiselle, joka ei n\u00e4hnyt minussa oikeaa ihmist\u00e4, ainoastaan kokoni? Silloin vastasin jotain omasta mielest\u00e4ni nokkelaa, mutta kysymys j\u00e4i vaivaamaan minua viikoiksi, ja joka kerta kun ajattelin sit\u00e4, suutuin enemm\u00e4n. Sen sijaan, ett\u00e4 h\u00e4n olisi n\u00e4hnyt minussa el\u00e4v\u00e4n ihmisen, jolla on vilkas sosiaalinen el\u00e4m\u00e4 ja k\u00e4dess\u00e4\u00e4n tutkintotodistus unelma-alalleen, h\u00e4n n\u00e4ki vain kehoni ja sen koon ja muodon.<\/p>\n\n\n\n<p>Min\u00e4 olen ollut koko el\u00e4m\u00e4ni, taaperosta asti, lihava. Min\u00e4 olen my\u00f6s koko el\u00e4m\u00e4ni joutunut kuulemaan kehotuksia, kuinka minun ei kannata sy\u00f6d\u00e4 kuin yksi lautasellinen, ettei muut katso pahalla. Kuinka kannattaa sy\u00f6d\u00e4 hyvin, hyvin hitaasti ja mahdollisimman v\u00e4h\u00e4n, tai kuinka kello kuuden j\u00e4lkeen ei saa sy\u00f6d\u00e4 tai juoda muuta kuin vett\u00e4. Kun muut lapset saivat olla rauhassa, minun kehoani arvosteltiin ja kommentoitiin, joskus kehonosiani jopa hytkyteltiin ja vitsailtiin, ett\u00e4 kyll\u00e4 on lapsi ollut ruoka-aikana kotona. Ruoka on kehon polttoainetta, mutta nopeasti siit\u00e4 tuli h\u00e4pe\u00e4n ja itseinhon l\u00e4hde.<\/p>\n\n\n\n<p>Aikuistumisen mokomat kommentit ja naljailu on j\u00e4tetty l\u00e4hes kokonaan menneisyyteen, mutta sen sijaan kehonkokoni rinnastetaan ammattitaitoon ja osaamiseen. Er\u00e4s sukulainen jopa heitti, ett\u00e4 minun pit\u00e4isi laihduttaa kunnolla, ett\u00e4 saisin paremmin t\u00f6it\u00e4 \u2013 huolimatta siit\u00e4, ett\u00e4 tuolloin tein kahta harjoittelua enk\u00e4 edes hakenut t\u00f6it\u00e4. Jo kertyneell\u00e4, yll\u00e4tt\u00e4v\u00e4n monipuolisella ty\u00f6historiallani ei ollut v\u00e4li\u00e4, sill\u00e4 min\u00e4 olin, olen, lihava.<\/p>\n\n\n\n<p>Kun maailma muuttui ja kansalliset poikkeustilat p\u00e4tk\u00e4istiin p\u00e4\u00e4lle, ihmissuhteiden ja sosiaalisuuden yll\u00e4pito j\u00e4i pitk\u00e4lti sosiaalisen median varaan. Yht\u00e4kki\u00e4 k\u00e4siss\u00e4 olikin enemm\u00e4n vapaa-aikaa kuin mihin oli tottunut, joten tekemisen tarve oli suurempi kuin koskaan. Juurikin t\u00e4h\u00e4n tarpeeseen syntyi roppakaupalla uutta treenaus-, fitness- ja laihdutussis\u00e4lt\u00f6\u00e4, eik\u00e4 lukuisilta kotikuntoiluhaasteilta voinut v\u00e4ltty\u00e4. Samaan aikaan k\u00e4vimme, ja k\u00e4ymme yh\u00e4, l\u00e4pi sellaistakin maailmantilanteesta johtuvaa stressin ja ahdistuksen kriisitilaa, jota meid\u00e4n kehomme ei ole suunniteltu kokemaan. Silloin ja muulloinkin on t\u00e4ysin luonnollista, ett\u00e4 paino muuttuu ja el\u00e4\u00e4.<\/p>\n\n\n\n<p>Joulukuun pyh\u00e4t l\u00e4hestyv\u00e4t vauhdilla, ja niiden mukana pyh\u00e4ruoat ja -herkut ja kaikki muut kauteen kuuluvat ruokalajit. Vaikka iso osa t\u00e4m\u00e4n vuoden juhlap\u00f6ydist\u00e4 onkin virtuaalisia, joutuu pelk\u00e4\u00e4m\u00e4\u00e4n ja kuulemaan kommentointia sy\u00f6misest\u00e4 ja kehosta joka tapauksessa. Toivoisinkin, ett\u00e4 joulurauhan lis\u00e4ksi julistettaisiin solidaarinen kehorauha, ja ik\u00e4v\u00e4t kommentoinnit, huomautukset sek\u00e4 mukanokkelat vitsit toisten kustannuksella pidett\u00e4isiin pelkkin\u00e4 m\u00f6lyin\u00e4 mahassa.<\/p>\n\n\n\n<p>Vaikka painonnousun pelosta on j\u00e4lleen kerran tehty uusi trendi, ei kehon koko tai paino m\u00e4\u00e4rit\u00e4 kenenk\u00e4\u00e4n ihmisarvoa tai sit\u00e4, millaista tai kuinka rikasta el\u00e4m\u00e4\u00e4 el\u00e4\u00e4. Painonnousu n\u00e4ytet\u00e4\u00e4n yhten\u00e4 kamalimpana asiana, mit\u00e4 ihmiselle voi tapahtua. Minussa se her\u00e4tt\u00e4\u00e4 vain yhden kysymyksen:<\/p>\n\n\n\n<p><strong>Jos minun kehoni on sinun painajaisesi, mik\u00e4 min\u00e4 olen sinulle?<br><\/strong><br><em>Kirjoittaja Aisha Benahmed on sein\u00e4jokelaisl\u00e4ht\u00f6inen vihre\u00e4 aktiivi joka toimii Tampereen vihreiden nuorten hallituksessa<\/em><\/p>\n","protected":false},"excerpt":{"rendered":"<p>2020 voidaan merkit\u00e4 historiaan vuotena, jonka keston ja tapahtumien m\u00e4\u00e4r\u00e4n voisi mitata vuosikymmeniss\u00e4, ei kuukausissa. Tavallisesti kertoisin t\u00e4ss\u00e4 kolumnissa kaikista niist\u00e4 ihmisoikeusrikkomuksista, joita on tapahtunut edellisen kolumnini julkaisuun j\u00e4lkeen. Kertoisin, kuinka Kiinassa miljoonia uiguureja on yh\u00e4 vangittuina keskitysleireill\u00e4 ja pakkoty\u00f6leireill\u00e4, kuinka Valko-Ven\u00e4j\u00e4n mielenosoittajat ovat joutuneet poliisiv\u00e4kivallan uhreiksi ja kuolleita on seitsem\u00e4n, tai kuinka poliittinen, etenkin [&hellip;]<\/p>\n","protected":false},"author":2,"featured_media":929,"comment_status":"closed","ping_status":"closed","sticky":false,"template":"","format":"standard","meta":{"footnotes":""},"categories":[2],"tags":[],"class_list":["post-1189","post","type-post","status-publish","format-standard","has-post-thumbnail","hentry","category-tiedotteet"],"yoast_head":"<!-- This site is optimized with the Yoast SEO plugin v27.5 - https:\/\/yoast.com\/product\/yoast-seo-wordpress\/ -->\n<title>Ihmisarvo ei n\u00e4y rasvaprosentissa - vaasanvaalipiirinvihreat.fi<\/title>\n<meta name=\"robots\" content=\"index, follow, max-snippet:-1, max-image-preview:large, max-video-preview:-1\" \/>\n<link rel=\"canonical\" href=\"https:\/\/vaasanvaalipiirinvihreat.fi\/index.php\/2020\/12\/14\/ihmisarvo-ei-nay-rasvaprosentissa\/\" \/>\n<meta property=\"og:locale\" content=\"fi_FI\" \/>\n<meta property=\"og:type\" content=\"article\" \/>\n<meta property=\"og:title\" content=\"Ihmisarvo ei n\u00e4y rasvaprosentissa - vaasanvaalipiirinvihreat.fi\" \/>\n<meta property=\"og:description\" content=\"2020 voidaan merkit\u00e4 historiaan vuotena, jonka keston ja tapahtumien m\u00e4\u00e4r\u00e4n voisi mitata vuosikymmeniss\u00e4, ei kuukausissa. Tavallisesti kertoisin t\u00e4ss\u00e4 kolumnissa kaikista niist\u00e4 ihmisoikeusrikkomuksista, joita on tapahtunut edellisen kolumnini julkaisuun j\u00e4lkeen. Kertoisin, kuinka Kiinassa miljoonia uiguureja on yh\u00e4 vangittuina keskitysleireill\u00e4 ja pakkoty\u00f6leireill\u00e4, kuinka Valko-Ven\u00e4j\u00e4n mielenosoittajat ovat joutuneet poliisiv\u00e4kivallan uhreiksi ja kuolleita on seitsem\u00e4n, tai kuinka poliittinen, etenkin [&hellip;]\" \/>\n<meta property=\"og:url\" content=\"https:\/\/vaasanvaalipiirinvihreat.fi\/index.php\/2020\/12\/14\/ihmisarvo-ei-nay-rasvaprosentissa\/\" \/>\n<meta property=\"og:site_name\" content=\"vaasanvaalipiirinvihreat.fi\" \/>\n<meta property=\"article:publisher\" content=\"https:\/\/www.facebook.com\/VaasanVaalipiirinVihreat\" \/>\n<meta property=\"article:published_time\" content=\"2020-12-14T09:30:18+00:00\" \/>\n<meta property=\"article:modified_time\" content=\"2025-01-20T15:18:43+00:00\" \/>\n<meta property=\"og:image\" content=\"https:\/\/vaasanvaalipiirinvihreat.fi\/wp-content\/uploads\/2019\/12\/aisha-ConvertImage.jpg\" \/>\n\t<meta property=\"og:image:width\" content=\"1287\" \/>\n\t<meta property=\"og:image:height\" content=\"846\" \/>\n\t<meta property=\"og:image:type\" content=\"image\/jpeg\" \/>\n<meta name=\"author\" content=\"Yll\u00e4pit\u00e4j\u00e4\" \/>\n<meta name=\"twitter:card\" content=\"summary_large_image\" \/>\n<meta name=\"twitter:label1\" content=\"Kirjoittanut\" \/>\n\t<meta name=\"twitter:data1\" content=\"Yll\u00e4pit\u00e4j\u00e4\" \/>\n\t<meta name=\"twitter:label2\" content=\"Arvioitu lukuaika\" \/>\n\t<meta name=\"twitter:data2\" content=\"3 minuuttia\" \/>\n<script type=\"application\/ld+json\" class=\"yoast-schema-graph\">{\"@context\":\"https:\\\/\\\/schema.org\",\"@graph\":[{\"@type\":\"Article\",\"@id\":\"https:\\\/\\\/vaasanvaalipiirinvihreat.fi\\\/index.php\\\/2020\\\/12\\\/14\\\/ihmisarvo-ei-nay-rasvaprosentissa\\\/#article\",\"isPartOf\":{\"@id\":\"https:\\\/\\\/vaasanvaalipiirinvihreat.fi\\\/index.php\\\/2020\\\/12\\\/14\\\/ihmisarvo-ei-nay-rasvaprosentissa\\\/\"},\"author\":{\"name\":\"Yll\u00e4pit\u00e4j\u00e4\",\"@id\":\"https:\\\/\\\/vaasanvaalipiirinvihreat.fi\\\/#\\\/schema\\\/person\\\/d9205350c2a3b344c419b954e66c3daf\"},\"headline\":\"Ihmisarvo ei n\u00e4y rasvaprosentissa\",\"datePublished\":\"2020-12-14T09:30:18+00:00\",\"dateModified\":\"2025-01-20T15:18:43+00:00\",\"mainEntityOfPage\":{\"@id\":\"https:\\\/\\\/vaasanvaalipiirinvihreat.fi\\\/index.php\\\/2020\\\/12\\\/14\\\/ihmisarvo-ei-nay-rasvaprosentissa\\\/\"},\"wordCount\":700,\"publisher\":{\"@id\":\"https:\\\/\\\/vaasanvaalipiirinvihreat.fi\\\/#organization\"},\"image\":{\"@id\":\"https:\\\/\\\/vaasanvaalipiirinvihreat.fi\\\/index.php\\\/2020\\\/12\\\/14\\\/ihmisarvo-ei-nay-rasvaprosentissa\\\/#primaryimage\"},\"thumbnailUrl\":\"https:\\\/\\\/vaasanvaalipiirinvihreat.fi\\\/wp-content\\\/uploads\\\/2019\\\/12\\\/aisha-ConvertImage.jpg\",\"articleSection\":[\"Tiedotteet\"],\"inLanguage\":\"fi\"},{\"@type\":\"WebPage\",\"@id\":\"https:\\\/\\\/vaasanvaalipiirinvihreat.fi\\\/index.php\\\/2020\\\/12\\\/14\\\/ihmisarvo-ei-nay-rasvaprosentissa\\\/\",\"url\":\"https:\\\/\\\/vaasanvaalipiirinvihreat.fi\\\/index.php\\\/2020\\\/12\\\/14\\\/ihmisarvo-ei-nay-rasvaprosentissa\\\/\",\"name\":\"Ihmisarvo ei n\u00e4y rasvaprosentissa - vaasanvaalipiirinvihreat.fi\",\"isPartOf\":{\"@id\":\"https:\\\/\\\/vaasanvaalipiirinvihreat.fi\\\/#website\"},\"primaryImageOfPage\":{\"@id\":\"https:\\\/\\\/vaasanvaalipiirinvihreat.fi\\\/index.php\\\/2020\\\/12\\\/14\\\/ihmisarvo-ei-nay-rasvaprosentissa\\\/#primaryimage\"},\"image\":{\"@id\":\"https:\\\/\\\/vaasanvaalipiirinvihreat.fi\\\/index.php\\\/2020\\\/12\\\/14\\\/ihmisarvo-ei-nay-rasvaprosentissa\\\/#primaryimage\"},\"thumbnailUrl\":\"https:\\\/\\\/vaasanvaalipiirinvihreat.fi\\\/wp-content\\\/uploads\\\/2019\\\/12\\\/aisha-ConvertImage.jpg\",\"datePublished\":\"2020-12-14T09:30:18+00:00\",\"dateModified\":\"2025-01-20T15:18:43+00:00\",\"breadcrumb\":{\"@id\":\"https:\\\/\\\/vaasanvaalipiirinvihreat.fi\\\/index.php\\\/2020\\\/12\\\/14\\\/ihmisarvo-ei-nay-rasvaprosentissa\\\/#breadcrumb\"},\"inLanguage\":\"fi\",\"potentialAction\":[{\"@type\":\"ReadAction\",\"target\":[\"https:\\\/\\\/vaasanvaalipiirinvihreat.fi\\\/index.php\\\/2020\\\/12\\\/14\\\/ihmisarvo-ei-nay-rasvaprosentissa\\\/\"]}]},{\"@type\":\"ImageObject\",\"inLanguage\":\"fi\",\"@id\":\"https:\\\/\\\/vaasanvaalipiirinvihreat.fi\\\/index.php\\\/2020\\\/12\\\/14\\\/ihmisarvo-ei-nay-rasvaprosentissa\\\/#primaryimage\",\"url\":\"https:\\\/\\\/vaasanvaalipiirinvihreat.fi\\\/wp-content\\\/uploads\\\/2019\\\/12\\\/aisha-ConvertImage.jpg\",\"contentUrl\":\"https:\\\/\\\/vaasanvaalipiirinvihreat.fi\\\/wp-content\\\/uploads\\\/2019\\\/12\\\/aisha-ConvertImage.jpg\",\"width\":1287,\"height\":846},{\"@type\":\"BreadcrumbList\",\"@id\":\"https:\\\/\\\/vaasanvaalipiirinvihreat.fi\\\/index.php\\\/2020\\\/12\\\/14\\\/ihmisarvo-ei-nay-rasvaprosentissa\\\/#breadcrumb\",\"itemListElement\":[{\"@type\":\"ListItem\",\"position\":1,\"name\":\"Etusivu\",\"item\":\"https:\\\/\\\/vaasanvaalipiirinvihreat.fi\\\/\"},{\"@type\":\"ListItem\",\"position\":2,\"name\":\"Ihmisarvo ei n\u00e4y rasvaprosentissa\"}]},{\"@type\":\"WebSite\",\"@id\":\"https:\\\/\\\/vaasanvaalipiirinvihreat.fi\\\/#website\",\"url\":\"https:\\\/\\\/vaasanvaalipiirinvihreat.fi\\\/\",\"name\":\"vaasanvaalipiirinvihreat.fi\",\"description\":\"Vaasan vaalipiirin vihre\u00e4t - De Gr\u00f6na i Vasa valkrets\",\"publisher\":{\"@id\":\"https:\\\/\\\/vaasanvaalipiirinvihreat.fi\\\/#organization\"},\"potentialAction\":[{\"@type\":\"SearchAction\",\"target\":{\"@type\":\"EntryPoint\",\"urlTemplate\":\"https:\\\/\\\/vaasanvaalipiirinvihreat.fi\\\/?s={search_term_string}\"},\"query-input\":{\"@type\":\"PropertyValueSpecification\",\"valueRequired\":true,\"valueName\":\"search_term_string\"}}],\"inLanguage\":\"fi\"},{\"@type\":\"Organization\",\"@id\":\"https:\\\/\\\/vaasanvaalipiirinvihreat.fi\\\/#organization\",\"name\":\"vaasanvaalipiirinvihreat.fi\",\"alternateName\":\"Vaasan vaalipiirin vihre\u00e4t - De Gr\u00f6na i Vasa valkrets\",\"url\":\"https:\\\/\\\/vaasanvaalipiirinvihreat.fi\\\/\",\"logo\":{\"@type\":\"ImageObject\",\"inLanguage\":\"fi\",\"@id\":\"https:\\\/\\\/vaasanvaalipiirinvihreat.fi\\\/#\\\/schema\\\/logo\\\/image\\\/\",\"url\":\"https:\\\/\\\/vaasanvaalipiirinvihreat.fi\\\/wp-content\\\/uploads\\\/2025\\\/01\\\/Vihreat_Logo_HOR_RGB_FIN_SWE.png\",\"contentUrl\":\"https:\\\/\\\/vaasanvaalipiirinvihreat.fi\\\/wp-content\\\/uploads\\\/2025\\\/01\\\/Vihreat_Logo_HOR_RGB_FIN_SWE.png\",\"width\":1162,\"height\":409,\"caption\":\"vaasanvaalipiirinvihreat.fi\"},\"image\":{\"@id\":\"https:\\\/\\\/vaasanvaalipiirinvihreat.fi\\\/#\\\/schema\\\/logo\\\/image\\\/\"},\"sameAs\":[\"https:\\\/\\\/www.facebook.com\\\/VaasanVaalipiirinVihreat\"]},{\"@type\":\"Person\",\"@id\":\"https:\\\/\\\/vaasanvaalipiirinvihreat.fi\\\/#\\\/schema\\\/person\\\/d9205350c2a3b344c419b954e66c3daf\",\"name\":\"Yll\u00e4pit\u00e4j\u00e4\",\"url\":\"https:\\\/\\\/vaasanvaalipiirinvihreat.fi\\\/index.php\\\/author\\\/sivustomestari\\\/\"}]}<\/script>\n<!-- \/ Yoast SEO plugin. -->","yoast_head_json":{"title":"Ihmisarvo ei n\u00e4y rasvaprosentissa - vaasanvaalipiirinvihreat.fi","robots":{"index":"index","follow":"follow","max-snippet":"max-snippet:-1","max-image-preview":"max-image-preview:large","max-video-preview":"max-video-preview:-1"},"canonical":"https:\/\/vaasanvaalipiirinvihreat.fi\/index.php\/2020\/12\/14\/ihmisarvo-ei-nay-rasvaprosentissa\/","og_locale":"fi_FI","og_type":"article","og_title":"Ihmisarvo ei n\u00e4y rasvaprosentissa - vaasanvaalipiirinvihreat.fi","og_description":"2020 voidaan merkit\u00e4 historiaan vuotena, jonka keston ja tapahtumien m\u00e4\u00e4r\u00e4n voisi mitata vuosikymmeniss\u00e4, ei kuukausissa. Tavallisesti kertoisin t\u00e4ss\u00e4 kolumnissa kaikista niist\u00e4 ihmisoikeusrikkomuksista, joita on tapahtunut edellisen kolumnini julkaisuun j\u00e4lkeen. Kertoisin, kuinka Kiinassa miljoonia uiguureja on yh\u00e4 vangittuina keskitysleireill\u00e4 ja pakkoty\u00f6leireill\u00e4, kuinka Valko-Ven\u00e4j\u00e4n mielenosoittajat ovat joutuneet poliisiv\u00e4kivallan uhreiksi ja kuolleita on seitsem\u00e4n, tai kuinka poliittinen, etenkin [&hellip;]","og_url":"https:\/\/vaasanvaalipiirinvihreat.fi\/index.php\/2020\/12\/14\/ihmisarvo-ei-nay-rasvaprosentissa\/","og_site_name":"vaasanvaalipiirinvihreat.fi","article_publisher":"https:\/\/www.facebook.com\/VaasanVaalipiirinVihreat","article_published_time":"2020-12-14T09:30:18+00:00","article_modified_time":"2025-01-20T15:18:43+00:00","og_image":[{"width":1287,"height":846,"url":"https:\/\/vaasanvaalipiirinvihreat.fi\/wp-content\/uploads\/2019\/12\/aisha-ConvertImage.jpg","type":"image\/jpeg"}],"author":"Yll\u00e4pit\u00e4j\u00e4","twitter_card":"summary_large_image","twitter_misc":{"Kirjoittanut":"Yll\u00e4pit\u00e4j\u00e4","Arvioitu lukuaika":"3 minuuttia"},"schema":{"@context":"https:\/\/schema.org","@graph":[{"@type":"Article","@id":"https:\/\/vaasanvaalipiirinvihreat.fi\/index.php\/2020\/12\/14\/ihmisarvo-ei-nay-rasvaprosentissa\/#article","isPartOf":{"@id":"https:\/\/vaasanvaalipiirinvihreat.fi\/index.php\/2020\/12\/14\/ihmisarvo-ei-nay-rasvaprosentissa\/"},"author":{"name":"Yll\u00e4pit\u00e4j\u00e4","@id":"https:\/\/vaasanvaalipiirinvihreat.fi\/#\/schema\/person\/d9205350c2a3b344c419b954e66c3daf"},"headline":"Ihmisarvo ei n\u00e4y rasvaprosentissa","datePublished":"2020-12-14T09:30:18+00:00","dateModified":"2025-01-20T15:18:43+00:00","mainEntityOfPage":{"@id":"https:\/\/vaasanvaalipiirinvihreat.fi\/index.php\/2020\/12\/14\/ihmisarvo-ei-nay-rasvaprosentissa\/"},"wordCount":700,"publisher":{"@id":"https:\/\/vaasanvaalipiirinvihreat.fi\/#organization"},"image":{"@id":"https:\/\/vaasanvaalipiirinvihreat.fi\/index.php\/2020\/12\/14\/ihmisarvo-ei-nay-rasvaprosentissa\/#primaryimage"},"thumbnailUrl":"https:\/\/vaasanvaalipiirinvihreat.fi\/wp-content\/uploads\/2019\/12\/aisha-ConvertImage.jpg","articleSection":["Tiedotteet"],"inLanguage":"fi"},{"@type":"WebPage","@id":"https:\/\/vaasanvaalipiirinvihreat.fi\/index.php\/2020\/12\/14\/ihmisarvo-ei-nay-rasvaprosentissa\/","url":"https:\/\/vaasanvaalipiirinvihreat.fi\/index.php\/2020\/12\/14\/ihmisarvo-ei-nay-rasvaprosentissa\/","name":"Ihmisarvo ei n\u00e4y rasvaprosentissa - vaasanvaalipiirinvihreat.fi","isPartOf":{"@id":"https:\/\/vaasanvaalipiirinvihreat.fi\/#website"},"primaryImageOfPage":{"@id":"https:\/\/vaasanvaalipiirinvihreat.fi\/index.php\/2020\/12\/14\/ihmisarvo-ei-nay-rasvaprosentissa\/#primaryimage"},"image":{"@id":"https:\/\/vaasanvaalipiirinvihreat.fi\/index.php\/2020\/12\/14\/ihmisarvo-ei-nay-rasvaprosentissa\/#primaryimage"},"thumbnailUrl":"https:\/\/vaasanvaalipiirinvihreat.fi\/wp-content\/uploads\/2019\/12\/aisha-ConvertImage.jpg","datePublished":"2020-12-14T09:30:18+00:00","dateModified":"2025-01-20T15:18:43+00:00","breadcrumb":{"@id":"https:\/\/vaasanvaalipiirinvihreat.fi\/index.php\/2020\/12\/14\/ihmisarvo-ei-nay-rasvaprosentissa\/#breadcrumb"},"inLanguage":"fi","potentialAction":[{"@type":"ReadAction","target":["https:\/\/vaasanvaalipiirinvihreat.fi\/index.php\/2020\/12\/14\/ihmisarvo-ei-nay-rasvaprosentissa\/"]}]},{"@type":"ImageObject","inLanguage":"fi","@id":"https:\/\/vaasanvaalipiirinvihreat.fi\/index.php\/2020\/12\/14\/ihmisarvo-ei-nay-rasvaprosentissa\/#primaryimage","url":"https:\/\/vaasanvaalipiirinvihreat.fi\/wp-content\/uploads\/2019\/12\/aisha-ConvertImage.jpg","contentUrl":"https:\/\/vaasanvaalipiirinvihreat.fi\/wp-content\/uploads\/2019\/12\/aisha-ConvertImage.jpg","width":1287,"height":846},{"@type":"BreadcrumbList","@id":"https:\/\/vaasanvaalipiirinvihreat.fi\/index.php\/2020\/12\/14\/ihmisarvo-ei-nay-rasvaprosentissa\/#breadcrumb","itemListElement":[{"@type":"ListItem","position":1,"name":"Etusivu","item":"https:\/\/vaasanvaalipiirinvihreat.fi\/"},{"@type":"ListItem","position":2,"name":"Ihmisarvo ei n\u00e4y rasvaprosentissa"}]},{"@type":"WebSite","@id":"https:\/\/vaasanvaalipiirinvihreat.fi\/#website","url":"https:\/\/vaasanvaalipiirinvihreat.fi\/","name":"vaasanvaalipiirinvihreat.fi","description":"Vaasan vaalipiirin vihre\u00e4t - De Gr\u00f6na i Vasa valkrets","publisher":{"@id":"https:\/\/vaasanvaalipiirinvihreat.fi\/#organization"},"potentialAction":[{"@type":"SearchAction","target":{"@type":"EntryPoint","urlTemplate":"https:\/\/vaasanvaalipiirinvihreat.fi\/?s={search_term_string}"},"query-input":{"@type":"PropertyValueSpecification","valueRequired":true,"valueName":"search_term_string"}}],"inLanguage":"fi"},{"@type":"Organization","@id":"https:\/\/vaasanvaalipiirinvihreat.fi\/#organization","name":"vaasanvaalipiirinvihreat.fi","alternateName":"Vaasan vaalipiirin vihre\u00e4t - De Gr\u00f6na i Vasa valkrets","url":"https:\/\/vaasanvaalipiirinvihreat.fi\/","logo":{"@type":"ImageObject","inLanguage":"fi","@id":"https:\/\/vaasanvaalipiirinvihreat.fi\/#\/schema\/logo\/image\/","url":"https:\/\/vaasanvaalipiirinvihreat.fi\/wp-content\/uploads\/2025\/01\/Vihreat_Logo_HOR_RGB_FIN_SWE.png","contentUrl":"https:\/\/vaasanvaalipiirinvihreat.fi\/wp-content\/uploads\/2025\/01\/Vihreat_Logo_HOR_RGB_FIN_SWE.png","width":1162,"height":409,"caption":"vaasanvaalipiirinvihreat.fi"},"image":{"@id":"https:\/\/vaasanvaalipiirinvihreat.fi\/#\/schema\/logo\/image\/"},"sameAs":["https:\/\/www.facebook.com\/VaasanVaalipiirinVihreat"]},{"@type":"Person","@id":"https:\/\/vaasanvaalipiirinvihreat.fi\/#\/schema\/person\/d9205350c2a3b344c419b954e66c3daf","name":"Yll\u00e4pit\u00e4j\u00e4","url":"https:\/\/vaasanvaalipiirinvihreat.fi\/index.php\/author\/sivustomestari\/"}]}},"_links":{"self":[{"href":"https:\/\/vaasanvaalipiirinvihreat.fi\/index.php\/wp-json\/wp\/v2\/posts\/1189","targetHints":{"allow":["GET"]}}],"collection":[{"href":"https:\/\/vaasanvaalipiirinvihreat.fi\/index.php\/wp-json\/wp\/v2\/posts"}],"about":[{"href":"https:\/\/vaasanvaalipiirinvihreat.fi\/index.php\/wp-json\/wp\/v2\/types\/post"}],"author":[{"embeddable":true,"href":"https:\/\/vaasanvaalipiirinvihreat.fi\/index.php\/wp-json\/wp\/v2\/users\/2"}],"replies":[{"embeddable":true,"href":"https:\/\/vaasanvaalipiirinvihreat.fi\/index.php\/wp-json\/wp\/v2\/comments?post=1189"}],"version-history":[{"count":1,"href":"https:\/\/vaasanvaalipiirinvihreat.fi\/index.php\/wp-json\/wp\/v2\/posts\/1189\/revisions"}],"predecessor-version":[{"id":2080,"href":"https:\/\/vaasanvaalipiirinvihreat.fi\/index.php\/wp-json\/wp\/v2\/posts\/1189\/revisions\/2080"}],"wp:featuredmedia":[{"embeddable":true,"href":"https:\/\/vaasanvaalipiirinvihreat.fi\/index.php\/wp-json\/wp\/v2\/media\/929"}],"wp:attachment":[{"href":"https:\/\/vaasanvaalipiirinvihreat.fi\/index.php\/wp-json\/wp\/v2\/media?parent=1189"}],"wp:term":[{"taxonomy":"category","embeddable":true,"href":"https:\/\/vaasanvaalipiirinvihreat.fi\/index.php\/wp-json\/wp\/v2\/categories?post=1189"},{"taxonomy":"post_tag","embeddable":true,"href":"https:\/\/vaasanvaalipiirinvihreat.fi\/index.php\/wp-json\/wp\/v2\/tags?post=1189"}],"curies":[{"name":"wp","href":"https:\/\/api.w.org\/{rel}","templated":true}]}}