{"id":1199,"date":"2020-12-21T09:44:30","date_gmt":"2020-12-21T07:44:30","guid":{"rendered":"http:\/\/www.vavavi.fi\/?p=1199"},"modified":"2025-01-20T17:18:44","modified_gmt":"2025-01-20T15:18:44","slug":"tuo-hyva-tuomas-joulumieli-alaka-paha-nuutti-enaa-vie-sita-pois","status":"publish","type":"post","link":"https:\/\/vaasanvaalipiirinvihreat.fi\/index.php\/2020\/12\/21\/tuo-hyva-tuomas-joulumieli-alaka-paha-nuutti-enaa-vie-sita-pois\/","title":{"rendered":"Tuo hyv\u00e4 Tuomas joulumieli, \u00e4l\u00e4k\u00e4 paha Nuutti en\u00e4\u00e4 vie sit\u00e4 pois"},"content":{"rendered":"\n<figure class=\"wp-block-image size-large is-resized\"><img fetchpriority=\"high\" decoding=\"async\" src=\"http:\/\/vaasanvaalipiirinvihreat.fi\/tuonti\/wp-content\/uploads\/2020\/04\/tuomas-uus-644x416.jpg\" alt=\"\" class=\"wp-image-1015\" width=\"364\" height=\"235\"\/><\/figure>\n\n\n\n<p><strong>Suomalaiset on maailman onnellisin kansa. T\u00e4m\u00e4 ilmenee vuosittain useissa erilaisissa tutkimuksissa. T\u00e4n\u00e4kin vuonna lehdet ovat julistaneet t\u00e4t\u00e4 muutamaan otteeseen. Viimeksi viime viikolla kerrottiin, ett\u00e4 86 prosenttia suomalaisista on tyytyv\u00e4isi\u00e4 el\u00e4m\u00e4\u00e4ns\u00e4.&nbsp;<\/strong><\/p>\n\n\n\n<p>Miten siis on mahdollista, ett\u00e4 lehtien kommenttipalstoilla tai monilla sosiaalisen median kanavilla, t\u00e4st\u00e4 onnellisuudesta ei v\u00e4lill\u00e4 n\u00e4y merkki\u00e4k\u00e4\u00e4n? N\u00e4kyviss\u00e4 on l\u00e4hinn\u00e4 katkeruutta, ilkeytt\u00e4 ja vihaa. Suoranaista pahuutta toisia kanssaihmisi\u00e4 kohtaan. Joka kerta mietin n\u00e4it\u00e4 kommentteja lukiessa, ett\u00e4 puhuvatko n\u00e4m\u00e4 ihmiset toisilleen samalla tavalla my\u00f6s kasvotusten, sill\u00e4 ainakin minut on opetettu kunnioittamaan toisia ihmisi\u00e4 erilaisuuksistamme huolimatta.&nbsp;<\/p>\n\n\n\n<p>Viimeisen vuoden aikana t\u00e4m\u00e4 meno on tuntunut vain pahenevan. Osan  k\u00e4yt\u00f6ss\u00e4\u00e4nn\u00f6t toisia kohtaan on unohtuneet t\u00e4ysin. Asiat eiv\u00e4t n\u00e4iss\u00e4 todellakaan tappele vaan ainoa halu kommenteilla on halventaa toisia ja pelotella erimielt\u00e4 olevat hiljaisiksi. Kyse ei ole siit\u00e4, etteik\u00f6 asioista saisi olla eri mielt\u00e4. Sen sijaan kyse on siit\u00e4, miten asiat esitet\u00e4\u00e4n. Jos nyt viel\u00e4 mietit, millaisista kommenteista on kyse, niin vilkaisepa esimerkiksi mink\u00e4 tahansa maahanmuuttoon liittyv\u00e4n uutisen kommenttiosiota tai k\u00e4y katsomassa vaikka sis\u00e4ministeri Maria Ohisalon sosiaalisen median tilien kommentointia. N\u00e4ist\u00e4 saa hyv\u00e4n kuvan siit\u00e4, millaista on oikea vihapuhe ja miten ihmiset jopa omilla nimill\u00e4\u00e4n ja kasvoillaan toisista ihmisist\u00e4 puhuvat. (T\u00e4t\u00e4 teksti\u00e4 kirjoittaessani, uutisissa on muuten juuri kerrottu kuuden lapsen ja kahden aikuisen tuomisesta Suomeen Al-Holin pakolaisleirilt\u00e4. T\u00e4m\u00e4n asian tiimoilta on taas someviha ry\u00f6ps\u00e4ht\u00e4nyt kunnolla liekkeihin. Aiheeseen liittyen suosittelen lukemaan blogisti Timosen hyv\u00e4n <a href=\"https:\/\/blogit.apu.fi\/uuninpankkopoikasakutimonen\/2020\/12\/20\/taman-joulun-lapset\/\"><em>T\u00e4m\u00e4n joulun lapset<\/em> -tekstin<\/a>)&nbsp;<\/p>\n\n\n\n<p>T\u00e4t\u00e4 pohjatonta vihaa tuntuu l\u00f6ytyv\u00e4n nyt ihan joka asiassa, mutta politiikassa t\u00e4m\u00e4n huomaa kaikista selvimmin. T\u00e4m\u00e4 lis\u00e4\u00e4ntynyt vihan levitt\u00e4minen n\u00e4ytt\u00e4\u00e4 kasvavan, mit\u00e4 l\u00e4hemm\u00e4s kuntavaaleja menn\u00e4\u00e4n ja se on n\u00e4kynyt itsellekin jo ensimm\u00e4isi\u00e4 kuntavaalimainoksia Facebookiin jakaessa nyt syksyll\u00e4. Kun viel\u00e4 2019 eduskuntavaaleissa kommentit pysyiv\u00e4t suhteellisen maltillisina, muutamia ylily\u00f6ntej\u00e4 lukuunottamatta, niin nyt mainokset t\u00e4yttyv\u00e4t nopeasti kommenteista, joille ei ole mit\u00e4\u00e4n syyt\u00e4 antaa n\u00e4kyvyytt\u00e4 yht\u00e4\u00e4n enemp\u00e4\u00e4. Kun kommentit ovat sellaisia, ett\u00e4 mit\u00e4\u00e4n keskustelua on turha alkaa k\u00e4ym\u00e4\u00e4n, niin itse olen suoraan l\u00e4htenyt poistamisen ja blokkaamisen linjalle. N\u00e4ytt\u00e4\u00e4kin selke\u00e4sti silt\u00e4, ett\u00e4 joku pandoran lipas on nyt lopulta avattu, kun esimerkki\u00e4 n\u00e4ytet\u00e4\u00e4n eduskunnasta asti.<\/p>\n\n\n\n<p>Loppuvuodesta useat jaksoivat ihmetell\u00e4 Yhdysvaltojen presidentinvaaleja ja kansan kahtiajakautuneisuutta, mutta kyll\u00e4h\u00e4n kansa jakaantuu kahtia, jos sit\u00e4 lietsotaan useita vuosia toisiaan vastaan. Moni on my\u00f6s vahvasti sit\u00e4 mielt\u00e4, ett\u00e4 t\u00e4t\u00e4 ei voi tapahtua meill\u00e4, mutta valitettavasti sit\u00e4 tapahtuu jo.&nbsp;<\/p>\n\n\n\n<p>Meill\u00e4kin l\u00f6ytyy vallanpit\u00e4ji\u00e4 ja valtaan haluavia, jotka ovat ottaneet oppinsa Trumpilta ja muilta populisteilta, jossa totuudella ei ole en\u00e4\u00e4 v\u00e4li\u00e4. On huomattu, ett\u00e4 kun valhetta toistaa tarpeeksi pitk\u00e4\u00e4n, siit\u00e4 alkaa synty\u00e4 ihmisille totuus. Siin\u00e4 sivussa vain jaetaan ihmisi\u00e4 entist\u00e4 enemm\u00e4n <em>meihin<\/em> ja <em>heihin<\/em>, kun todellisuudessa on vain <em>me<\/em>.<\/p>\n\n\n\n<p>Kenell\u00e4 on sitten vastuu t\u00e4st\u00e4 kasvavasta vihasta? Jokainen on tietysti vastuussa omista sanomisistaan, mutta toivoisin, ett\u00e4 jos yst\u00e4v\u00e4piiriss\u00e4 n\u00e4kee t\u00e4llaista k\u00e4yt\u00f6st\u00e4, siihen muut puuttuisivat. Oma vastuunsa on my\u00f6s medialla, joka kilpailee jatkuvasti enemm\u00e4n siit\u00e4, kuka uutisoi asioista ensimm\u00e4isen\u00e4 ja mill\u00e4 otsikoilla jutuista saataisiin mahdollisimman tunteita her\u00e4tt\u00e4vi\u00e4 ja paljon klikkauksia ker\u00e4\u00e4vi\u00e4. Valitettavasti viha levi\u00e4\u00e4 huomattavasti nopeammin kuin positiivisuus ja se n\u00e4kyy my\u00f6s uutisoinneissa. Perusteellisesti tutkivaa journalismia ei tehd\u00e4 nopeasti ja siksi menn\u00e4\u00e4n helpointa tiet\u00e4 ja toistetaan esimerkiksi valtaapit\u00e4vien sanomisia eik\u00e4 taustoiteta sanomisia faktoilla.&nbsp;<\/p>\n\n\n\n<p>Kuitenkin meist\u00e4 suomalaisista suurin osa on ihan onnellisia ja siis tutkimuksen mukaan 86 prosenttia on tyytyv\u00e4isi\u00e4 el\u00e4m\u00e4\u00e4ns\u00e4. Miksi t\u00e4t\u00e4 onnellisuutta pit\u00e4\u00e4 siis tieten tahtoen yritt\u00e4\u00e4 hajottaa, kun meid\u00e4n tulisi l\u00f6yt\u00e4\u00e4 keinot saada ne loput 14 prosenttiakin tyytyv\u00e4isiksi. Se ei valitettavasti onnistu lietsomalla vihaa ja usuttamalla ihmiset vihaamaan toisiaan. Se tie johtaa ihan muunlaiseen tulevaisuuteen ja siit\u00e4 meill\u00e4 on valitettavasti esimerkkej\u00e4 historia pullollaan.&nbsp;<\/p>\n\n\n\n<p>Onneksi joulu on tulossa ja silloin suurin osa pit\u00e4\u00e4 taukoa my\u00f6s vihastaan ja keskittyv\u00e4t rauhalliseen joulun viettoon. Toivonkin todella, ett\u00e4 t\u00e4n\u00e4 vuonna Nuutti ei veisi sit\u00e4 joulumielt\u00e4 pois, jonka Tuomas joka vuosi tuo.<\/p>\n\n\n\n<p>Eik\u00f6h\u00e4n siis tehd\u00e4 joulun j\u00e4lkeen asenneilmastonmuutos ja elet\u00e4\u00e4n kunnioittavasti toisia kohtaan ilman vihaa, my\u00f6s juhlan vaihtuessa arjeksi.<br><br><em>Kirjoittaja Tuomas Ojaj\u00e4rvi on ehdokkuutensa tulevissa kuntavaaleissa julkaissut sein\u00e4jokelainen kaupunginvaltuutettu, sek\u00e4 v\u00e4istyv\u00e4 Vaasan vaalipiirin vihreiden puheenjohtaja<\/em><\/p>\n","protected":false},"excerpt":{"rendered":"<p>Suomalaiset on maailman onnellisin kansa. T\u00e4m\u00e4 ilmenee vuosittain useissa erilaisissa tutkimuksissa. T\u00e4n\u00e4kin vuonna lehdet ovat julistaneet t\u00e4t\u00e4 muutamaan otteeseen. Viimeksi viime viikolla kerrottiin, ett\u00e4 86 prosenttia suomalaisista on tyytyv\u00e4isi\u00e4 el\u00e4m\u00e4\u00e4ns\u00e4.&nbsp; Miten siis on mahdollista, ett\u00e4 lehtien kommenttipalstoilla tai monilla sosiaalisen median kanavilla, t\u00e4st\u00e4 onnellisuudesta ei v\u00e4lill\u00e4 n\u00e4y merkki\u00e4k\u00e4\u00e4n? N\u00e4kyviss\u00e4 on l\u00e4hinn\u00e4 katkeruutta, ilkeytt\u00e4 ja vihaa. [&hellip;]<\/p>\n","protected":false},"author":2,"featured_media":1015,"comment_status":"closed","ping_status":"closed","sticky":false,"template":"","format":"standard","meta":{"footnotes":""},"categories":[2],"tags":[],"class_list":["post-1199","post","type-post","status-publish","format-standard","has-post-thumbnail","hentry","category-tiedotteet"],"yoast_head":"<!-- This site is optimized with the Yoast SEO plugin v27.5 - https:\/\/yoast.com\/product\/yoast-seo-wordpress\/ -->\n<title>Tuo hyv\u00e4 Tuomas joulumieli, \u00e4l\u00e4k\u00e4 paha Nuutti en\u00e4\u00e4 vie sit\u00e4 pois - vaasanvaalipiirinvihreat.fi<\/title>\n<meta name=\"robots\" content=\"index, follow, max-snippet:-1, max-image-preview:large, max-video-preview:-1\" \/>\n<link rel=\"canonical\" href=\"https:\/\/vaasanvaalipiirinvihreat.fi\/index.php\/2020\/12\/21\/tuo-hyva-tuomas-joulumieli-alaka-paha-nuutti-enaa-vie-sita-pois\/\" \/>\n<meta property=\"og:locale\" content=\"fi_FI\" \/>\n<meta property=\"og:type\" content=\"article\" \/>\n<meta property=\"og:title\" content=\"Tuo hyv\u00e4 Tuomas joulumieli, \u00e4l\u00e4k\u00e4 paha Nuutti en\u00e4\u00e4 vie sit\u00e4 pois - vaasanvaalipiirinvihreat.fi\" \/>\n<meta property=\"og:description\" content=\"Suomalaiset on maailman onnellisin kansa. T\u00e4m\u00e4 ilmenee vuosittain useissa erilaisissa tutkimuksissa. T\u00e4n\u00e4kin vuonna lehdet ovat julistaneet t\u00e4t\u00e4 muutamaan otteeseen. Viimeksi viime viikolla kerrottiin, ett\u00e4 86 prosenttia suomalaisista on tyytyv\u00e4isi\u00e4 el\u00e4m\u00e4\u00e4ns\u00e4.&nbsp; Miten siis on mahdollista, ett\u00e4 lehtien kommenttipalstoilla tai monilla sosiaalisen median kanavilla, t\u00e4st\u00e4 onnellisuudesta ei v\u00e4lill\u00e4 n\u00e4y merkki\u00e4k\u00e4\u00e4n? N\u00e4kyviss\u00e4 on l\u00e4hinn\u00e4 katkeruutta, ilkeytt\u00e4 ja vihaa. [&hellip;]\" \/>\n<meta property=\"og:url\" content=\"https:\/\/vaasanvaalipiirinvihreat.fi\/index.php\/2020\/12\/21\/tuo-hyva-tuomas-joulumieli-alaka-paha-nuutti-enaa-vie-sita-pois\/\" \/>\n<meta property=\"og:site_name\" content=\"vaasanvaalipiirinvihreat.fi\" \/>\n<meta property=\"article:publisher\" content=\"https:\/\/www.facebook.com\/VaasanVaalipiirinVihreat\" \/>\n<meta property=\"article:published_time\" content=\"2020-12-21T07:44:30+00:00\" \/>\n<meta property=\"article:modified_time\" content=\"2025-01-20T15:18:44+00:00\" \/>\n<meta property=\"og:image\" content=\"https:\/\/vaasanvaalipiirinvihreat.fi\/wp-content\/uploads\/2020\/04\/tuomas-uus.jpg\" \/>\n\t<meta property=\"og:image:width\" content=\"768\" \/>\n\t<meta property=\"og:image:height\" content=\"496\" \/>\n\t<meta property=\"og:image:type\" content=\"image\/jpeg\" \/>\n<meta name=\"author\" content=\"Yll\u00e4pit\u00e4j\u00e4\" \/>\n<meta name=\"twitter:card\" content=\"summary_large_image\" \/>\n<meta name=\"twitter:label1\" content=\"Kirjoittanut\" \/>\n\t<meta name=\"twitter:data1\" content=\"Yll\u00e4pit\u00e4j\u00e4\" \/>\n\t<meta name=\"twitter:label2\" content=\"Arvioitu lukuaika\" \/>\n\t<meta name=\"twitter:data2\" content=\"4 minuuttia\" \/>\n<script type=\"application\/ld+json\" class=\"yoast-schema-graph\">{\"@context\":\"https:\\\/\\\/schema.org\",\"@graph\":[{\"@type\":\"Article\",\"@id\":\"https:\\\/\\\/vaasanvaalipiirinvihreat.fi\\\/index.php\\\/2020\\\/12\\\/21\\\/tuo-hyva-tuomas-joulumieli-alaka-paha-nuutti-enaa-vie-sita-pois\\\/#article\",\"isPartOf\":{\"@id\":\"https:\\\/\\\/vaasanvaalipiirinvihreat.fi\\\/index.php\\\/2020\\\/12\\\/21\\\/tuo-hyva-tuomas-joulumieli-alaka-paha-nuutti-enaa-vie-sita-pois\\\/\"},\"author\":{\"name\":\"Yll\u00e4pit\u00e4j\u00e4\",\"@id\":\"https:\\\/\\\/vaasanvaalipiirinvihreat.fi\\\/#\\\/schema\\\/person\\\/d9205350c2a3b344c419b954e66c3daf\"},\"headline\":\"Tuo hyv\u00e4 Tuomas joulumieli, \u00e4l\u00e4k\u00e4 paha Nuutti en\u00e4\u00e4 vie sit\u00e4 pois\",\"datePublished\":\"2020-12-21T07:44:30+00:00\",\"dateModified\":\"2025-01-20T15:18:44+00:00\",\"mainEntityOfPage\":{\"@id\":\"https:\\\/\\\/vaasanvaalipiirinvihreat.fi\\\/index.php\\\/2020\\\/12\\\/21\\\/tuo-hyva-tuomas-joulumieli-alaka-paha-nuutti-enaa-vie-sita-pois\\\/\"},\"wordCount\":746,\"publisher\":{\"@id\":\"https:\\\/\\\/vaasanvaalipiirinvihreat.fi\\\/#organization\"},\"image\":{\"@id\":\"https:\\\/\\\/vaasanvaalipiirinvihreat.fi\\\/index.php\\\/2020\\\/12\\\/21\\\/tuo-hyva-tuomas-joulumieli-alaka-paha-nuutti-enaa-vie-sita-pois\\\/#primaryimage\"},\"thumbnailUrl\":\"https:\\\/\\\/vaasanvaalipiirinvihreat.fi\\\/wp-content\\\/uploads\\\/2020\\\/04\\\/tuomas-uus.jpg\",\"articleSection\":[\"Tiedotteet\"],\"inLanguage\":\"fi\"},{\"@type\":\"WebPage\",\"@id\":\"https:\\\/\\\/vaasanvaalipiirinvihreat.fi\\\/index.php\\\/2020\\\/12\\\/21\\\/tuo-hyva-tuomas-joulumieli-alaka-paha-nuutti-enaa-vie-sita-pois\\\/\",\"url\":\"https:\\\/\\\/vaasanvaalipiirinvihreat.fi\\\/index.php\\\/2020\\\/12\\\/21\\\/tuo-hyva-tuomas-joulumieli-alaka-paha-nuutti-enaa-vie-sita-pois\\\/\",\"name\":\"Tuo hyv\u00e4 Tuomas joulumieli, \u00e4l\u00e4k\u00e4 paha Nuutti en\u00e4\u00e4 vie sit\u00e4 pois - vaasanvaalipiirinvihreat.fi\",\"isPartOf\":{\"@id\":\"https:\\\/\\\/vaasanvaalipiirinvihreat.fi\\\/#website\"},\"primaryImageOfPage\":{\"@id\":\"https:\\\/\\\/vaasanvaalipiirinvihreat.fi\\\/index.php\\\/2020\\\/12\\\/21\\\/tuo-hyva-tuomas-joulumieli-alaka-paha-nuutti-enaa-vie-sita-pois\\\/#primaryimage\"},\"image\":{\"@id\":\"https:\\\/\\\/vaasanvaalipiirinvihreat.fi\\\/index.php\\\/2020\\\/12\\\/21\\\/tuo-hyva-tuomas-joulumieli-alaka-paha-nuutti-enaa-vie-sita-pois\\\/#primaryimage\"},\"thumbnailUrl\":\"https:\\\/\\\/vaasanvaalipiirinvihreat.fi\\\/wp-content\\\/uploads\\\/2020\\\/04\\\/tuomas-uus.jpg\",\"datePublished\":\"2020-12-21T07:44:30+00:00\",\"dateModified\":\"2025-01-20T15:18:44+00:00\",\"breadcrumb\":{\"@id\":\"https:\\\/\\\/vaasanvaalipiirinvihreat.fi\\\/index.php\\\/2020\\\/12\\\/21\\\/tuo-hyva-tuomas-joulumieli-alaka-paha-nuutti-enaa-vie-sita-pois\\\/#breadcrumb\"},\"inLanguage\":\"fi\",\"potentialAction\":[{\"@type\":\"ReadAction\",\"target\":[\"https:\\\/\\\/vaasanvaalipiirinvihreat.fi\\\/index.php\\\/2020\\\/12\\\/21\\\/tuo-hyva-tuomas-joulumieli-alaka-paha-nuutti-enaa-vie-sita-pois\\\/\"]}]},{\"@type\":\"ImageObject\",\"inLanguage\":\"fi\",\"@id\":\"https:\\\/\\\/vaasanvaalipiirinvihreat.fi\\\/index.php\\\/2020\\\/12\\\/21\\\/tuo-hyva-tuomas-joulumieli-alaka-paha-nuutti-enaa-vie-sita-pois\\\/#primaryimage\",\"url\":\"https:\\\/\\\/vaasanvaalipiirinvihreat.fi\\\/wp-content\\\/uploads\\\/2020\\\/04\\\/tuomas-uus.jpg\",\"contentUrl\":\"https:\\\/\\\/vaasanvaalipiirinvihreat.fi\\\/wp-content\\\/uploads\\\/2020\\\/04\\\/tuomas-uus.jpg\",\"width\":768,\"height\":496},{\"@type\":\"BreadcrumbList\",\"@id\":\"https:\\\/\\\/vaasanvaalipiirinvihreat.fi\\\/index.php\\\/2020\\\/12\\\/21\\\/tuo-hyva-tuomas-joulumieli-alaka-paha-nuutti-enaa-vie-sita-pois\\\/#breadcrumb\",\"itemListElement\":[{\"@type\":\"ListItem\",\"position\":1,\"name\":\"Etusivu\",\"item\":\"https:\\\/\\\/vaasanvaalipiirinvihreat.fi\\\/\"},{\"@type\":\"ListItem\",\"position\":2,\"name\":\"Tuo hyv\u00e4 Tuomas joulumieli, \u00e4l\u00e4k\u00e4 paha Nuutti en\u00e4\u00e4 vie sit\u00e4 pois\"}]},{\"@type\":\"WebSite\",\"@id\":\"https:\\\/\\\/vaasanvaalipiirinvihreat.fi\\\/#website\",\"url\":\"https:\\\/\\\/vaasanvaalipiirinvihreat.fi\\\/\",\"name\":\"vaasanvaalipiirinvihreat.fi\",\"description\":\"Vaasan vaalipiirin vihre\u00e4t - De Gr\u00f6na i Vasa valkrets\",\"publisher\":{\"@id\":\"https:\\\/\\\/vaasanvaalipiirinvihreat.fi\\\/#organization\"},\"potentialAction\":[{\"@type\":\"SearchAction\",\"target\":{\"@type\":\"EntryPoint\",\"urlTemplate\":\"https:\\\/\\\/vaasanvaalipiirinvihreat.fi\\\/?s={search_term_string}\"},\"query-input\":{\"@type\":\"PropertyValueSpecification\",\"valueRequired\":true,\"valueName\":\"search_term_string\"}}],\"inLanguage\":\"fi\"},{\"@type\":\"Organization\",\"@id\":\"https:\\\/\\\/vaasanvaalipiirinvihreat.fi\\\/#organization\",\"name\":\"vaasanvaalipiirinvihreat.fi\",\"alternateName\":\"Vaasan vaalipiirin vihre\u00e4t - De Gr\u00f6na i Vasa valkrets\",\"url\":\"https:\\\/\\\/vaasanvaalipiirinvihreat.fi\\\/\",\"logo\":{\"@type\":\"ImageObject\",\"inLanguage\":\"fi\",\"@id\":\"https:\\\/\\\/vaasanvaalipiirinvihreat.fi\\\/#\\\/schema\\\/logo\\\/image\\\/\",\"url\":\"https:\\\/\\\/vaasanvaalipiirinvihreat.fi\\\/wp-content\\\/uploads\\\/2025\\\/01\\\/Vihreat_Logo_HOR_RGB_FIN_SWE.png\",\"contentUrl\":\"https:\\\/\\\/vaasanvaalipiirinvihreat.fi\\\/wp-content\\\/uploads\\\/2025\\\/01\\\/Vihreat_Logo_HOR_RGB_FIN_SWE.png\",\"width\":1162,\"height\":409,\"caption\":\"vaasanvaalipiirinvihreat.fi\"},\"image\":{\"@id\":\"https:\\\/\\\/vaasanvaalipiirinvihreat.fi\\\/#\\\/schema\\\/logo\\\/image\\\/\"},\"sameAs\":[\"https:\\\/\\\/www.facebook.com\\\/VaasanVaalipiirinVihreat\"]},{\"@type\":\"Person\",\"@id\":\"https:\\\/\\\/vaasanvaalipiirinvihreat.fi\\\/#\\\/schema\\\/person\\\/d9205350c2a3b344c419b954e66c3daf\",\"name\":\"Yll\u00e4pit\u00e4j\u00e4\",\"url\":\"https:\\\/\\\/vaasanvaalipiirinvihreat.fi\\\/index.php\\\/author\\\/sivustomestari\\\/\"}]}<\/script>\n<!-- \/ Yoast SEO plugin. -->","yoast_head_json":{"title":"Tuo hyv\u00e4 Tuomas joulumieli, \u00e4l\u00e4k\u00e4 paha Nuutti en\u00e4\u00e4 vie sit\u00e4 pois - vaasanvaalipiirinvihreat.fi","robots":{"index":"index","follow":"follow","max-snippet":"max-snippet:-1","max-image-preview":"max-image-preview:large","max-video-preview":"max-video-preview:-1"},"canonical":"https:\/\/vaasanvaalipiirinvihreat.fi\/index.php\/2020\/12\/21\/tuo-hyva-tuomas-joulumieli-alaka-paha-nuutti-enaa-vie-sita-pois\/","og_locale":"fi_FI","og_type":"article","og_title":"Tuo hyv\u00e4 Tuomas joulumieli, \u00e4l\u00e4k\u00e4 paha Nuutti en\u00e4\u00e4 vie sit\u00e4 pois - vaasanvaalipiirinvihreat.fi","og_description":"Suomalaiset on maailman onnellisin kansa. T\u00e4m\u00e4 ilmenee vuosittain useissa erilaisissa tutkimuksissa. T\u00e4n\u00e4kin vuonna lehdet ovat julistaneet t\u00e4t\u00e4 muutamaan otteeseen. Viimeksi viime viikolla kerrottiin, ett\u00e4 86 prosenttia suomalaisista on tyytyv\u00e4isi\u00e4 el\u00e4m\u00e4\u00e4ns\u00e4.&nbsp; Miten siis on mahdollista, ett\u00e4 lehtien kommenttipalstoilla tai monilla sosiaalisen median kanavilla, t\u00e4st\u00e4 onnellisuudesta ei v\u00e4lill\u00e4 n\u00e4y merkki\u00e4k\u00e4\u00e4n? N\u00e4kyviss\u00e4 on l\u00e4hinn\u00e4 katkeruutta, ilkeytt\u00e4 ja vihaa. [&hellip;]","og_url":"https:\/\/vaasanvaalipiirinvihreat.fi\/index.php\/2020\/12\/21\/tuo-hyva-tuomas-joulumieli-alaka-paha-nuutti-enaa-vie-sita-pois\/","og_site_name":"vaasanvaalipiirinvihreat.fi","article_publisher":"https:\/\/www.facebook.com\/VaasanVaalipiirinVihreat","article_published_time":"2020-12-21T07:44:30+00:00","article_modified_time":"2025-01-20T15:18:44+00:00","og_image":[{"width":768,"height":496,"url":"https:\/\/vaasanvaalipiirinvihreat.fi\/wp-content\/uploads\/2020\/04\/tuomas-uus.jpg","type":"image\/jpeg"}],"author":"Yll\u00e4pit\u00e4j\u00e4","twitter_card":"summary_large_image","twitter_misc":{"Kirjoittanut":"Yll\u00e4pit\u00e4j\u00e4","Arvioitu lukuaika":"4 minuuttia"},"schema":{"@context":"https:\/\/schema.org","@graph":[{"@type":"Article","@id":"https:\/\/vaasanvaalipiirinvihreat.fi\/index.php\/2020\/12\/21\/tuo-hyva-tuomas-joulumieli-alaka-paha-nuutti-enaa-vie-sita-pois\/#article","isPartOf":{"@id":"https:\/\/vaasanvaalipiirinvihreat.fi\/index.php\/2020\/12\/21\/tuo-hyva-tuomas-joulumieli-alaka-paha-nuutti-enaa-vie-sita-pois\/"},"author":{"name":"Yll\u00e4pit\u00e4j\u00e4","@id":"https:\/\/vaasanvaalipiirinvihreat.fi\/#\/schema\/person\/d9205350c2a3b344c419b954e66c3daf"},"headline":"Tuo hyv\u00e4 Tuomas joulumieli, \u00e4l\u00e4k\u00e4 paha Nuutti en\u00e4\u00e4 vie sit\u00e4 pois","datePublished":"2020-12-21T07:44:30+00:00","dateModified":"2025-01-20T15:18:44+00:00","mainEntityOfPage":{"@id":"https:\/\/vaasanvaalipiirinvihreat.fi\/index.php\/2020\/12\/21\/tuo-hyva-tuomas-joulumieli-alaka-paha-nuutti-enaa-vie-sita-pois\/"},"wordCount":746,"publisher":{"@id":"https:\/\/vaasanvaalipiirinvihreat.fi\/#organization"},"image":{"@id":"https:\/\/vaasanvaalipiirinvihreat.fi\/index.php\/2020\/12\/21\/tuo-hyva-tuomas-joulumieli-alaka-paha-nuutti-enaa-vie-sita-pois\/#primaryimage"},"thumbnailUrl":"https:\/\/vaasanvaalipiirinvihreat.fi\/wp-content\/uploads\/2020\/04\/tuomas-uus.jpg","articleSection":["Tiedotteet"],"inLanguage":"fi"},{"@type":"WebPage","@id":"https:\/\/vaasanvaalipiirinvihreat.fi\/index.php\/2020\/12\/21\/tuo-hyva-tuomas-joulumieli-alaka-paha-nuutti-enaa-vie-sita-pois\/","url":"https:\/\/vaasanvaalipiirinvihreat.fi\/index.php\/2020\/12\/21\/tuo-hyva-tuomas-joulumieli-alaka-paha-nuutti-enaa-vie-sita-pois\/","name":"Tuo hyv\u00e4 Tuomas joulumieli, \u00e4l\u00e4k\u00e4 paha Nuutti en\u00e4\u00e4 vie sit\u00e4 pois - vaasanvaalipiirinvihreat.fi","isPartOf":{"@id":"https:\/\/vaasanvaalipiirinvihreat.fi\/#website"},"primaryImageOfPage":{"@id":"https:\/\/vaasanvaalipiirinvihreat.fi\/index.php\/2020\/12\/21\/tuo-hyva-tuomas-joulumieli-alaka-paha-nuutti-enaa-vie-sita-pois\/#primaryimage"},"image":{"@id":"https:\/\/vaasanvaalipiirinvihreat.fi\/index.php\/2020\/12\/21\/tuo-hyva-tuomas-joulumieli-alaka-paha-nuutti-enaa-vie-sita-pois\/#primaryimage"},"thumbnailUrl":"https:\/\/vaasanvaalipiirinvihreat.fi\/wp-content\/uploads\/2020\/04\/tuomas-uus.jpg","datePublished":"2020-12-21T07:44:30+00:00","dateModified":"2025-01-20T15:18:44+00:00","breadcrumb":{"@id":"https:\/\/vaasanvaalipiirinvihreat.fi\/index.php\/2020\/12\/21\/tuo-hyva-tuomas-joulumieli-alaka-paha-nuutti-enaa-vie-sita-pois\/#breadcrumb"},"inLanguage":"fi","potentialAction":[{"@type":"ReadAction","target":["https:\/\/vaasanvaalipiirinvihreat.fi\/index.php\/2020\/12\/21\/tuo-hyva-tuomas-joulumieli-alaka-paha-nuutti-enaa-vie-sita-pois\/"]}]},{"@type":"ImageObject","inLanguage":"fi","@id":"https:\/\/vaasanvaalipiirinvihreat.fi\/index.php\/2020\/12\/21\/tuo-hyva-tuomas-joulumieli-alaka-paha-nuutti-enaa-vie-sita-pois\/#primaryimage","url":"https:\/\/vaasanvaalipiirinvihreat.fi\/wp-content\/uploads\/2020\/04\/tuomas-uus.jpg","contentUrl":"https:\/\/vaasanvaalipiirinvihreat.fi\/wp-content\/uploads\/2020\/04\/tuomas-uus.jpg","width":768,"height":496},{"@type":"BreadcrumbList","@id":"https:\/\/vaasanvaalipiirinvihreat.fi\/index.php\/2020\/12\/21\/tuo-hyva-tuomas-joulumieli-alaka-paha-nuutti-enaa-vie-sita-pois\/#breadcrumb","itemListElement":[{"@type":"ListItem","position":1,"name":"Etusivu","item":"https:\/\/vaasanvaalipiirinvihreat.fi\/"},{"@type":"ListItem","position":2,"name":"Tuo hyv\u00e4 Tuomas joulumieli, \u00e4l\u00e4k\u00e4 paha Nuutti en\u00e4\u00e4 vie sit\u00e4 pois"}]},{"@type":"WebSite","@id":"https:\/\/vaasanvaalipiirinvihreat.fi\/#website","url":"https:\/\/vaasanvaalipiirinvihreat.fi\/","name":"vaasanvaalipiirinvihreat.fi","description":"Vaasan vaalipiirin vihre\u00e4t - De Gr\u00f6na i Vasa valkrets","publisher":{"@id":"https:\/\/vaasanvaalipiirinvihreat.fi\/#organization"},"potentialAction":[{"@type":"SearchAction","target":{"@type":"EntryPoint","urlTemplate":"https:\/\/vaasanvaalipiirinvihreat.fi\/?s={search_term_string}"},"query-input":{"@type":"PropertyValueSpecification","valueRequired":true,"valueName":"search_term_string"}}],"inLanguage":"fi"},{"@type":"Organization","@id":"https:\/\/vaasanvaalipiirinvihreat.fi\/#organization","name":"vaasanvaalipiirinvihreat.fi","alternateName":"Vaasan vaalipiirin vihre\u00e4t - De Gr\u00f6na i Vasa valkrets","url":"https:\/\/vaasanvaalipiirinvihreat.fi\/","logo":{"@type":"ImageObject","inLanguage":"fi","@id":"https:\/\/vaasanvaalipiirinvihreat.fi\/#\/schema\/logo\/image\/","url":"https:\/\/vaasanvaalipiirinvihreat.fi\/wp-content\/uploads\/2025\/01\/Vihreat_Logo_HOR_RGB_FIN_SWE.png","contentUrl":"https:\/\/vaasanvaalipiirinvihreat.fi\/wp-content\/uploads\/2025\/01\/Vihreat_Logo_HOR_RGB_FIN_SWE.png","width":1162,"height":409,"caption":"vaasanvaalipiirinvihreat.fi"},"image":{"@id":"https:\/\/vaasanvaalipiirinvihreat.fi\/#\/schema\/logo\/image\/"},"sameAs":["https:\/\/www.facebook.com\/VaasanVaalipiirinVihreat"]},{"@type":"Person","@id":"https:\/\/vaasanvaalipiirinvihreat.fi\/#\/schema\/person\/d9205350c2a3b344c419b954e66c3daf","name":"Yll\u00e4pit\u00e4j\u00e4","url":"https:\/\/vaasanvaalipiirinvihreat.fi\/index.php\/author\/sivustomestari\/"}]}},"_links":{"self":[{"href":"https:\/\/vaasanvaalipiirinvihreat.fi\/index.php\/wp-json\/wp\/v2\/posts\/1199","targetHints":{"allow":["GET"]}}],"collection":[{"href":"https:\/\/vaasanvaalipiirinvihreat.fi\/index.php\/wp-json\/wp\/v2\/posts"}],"about":[{"href":"https:\/\/vaasanvaalipiirinvihreat.fi\/index.php\/wp-json\/wp\/v2\/types\/post"}],"author":[{"embeddable":true,"href":"https:\/\/vaasanvaalipiirinvihreat.fi\/index.php\/wp-json\/wp\/v2\/users\/2"}],"replies":[{"embeddable":true,"href":"https:\/\/vaasanvaalipiirinvihreat.fi\/index.php\/wp-json\/wp\/v2\/comments?post=1199"}],"version-history":[{"count":1,"href":"https:\/\/vaasanvaalipiirinvihreat.fi\/index.php\/wp-json\/wp\/v2\/posts\/1199\/revisions"}],"predecessor-version":[{"id":2081,"href":"https:\/\/vaasanvaalipiirinvihreat.fi\/index.php\/wp-json\/wp\/v2\/posts\/1199\/revisions\/2081"}],"wp:featuredmedia":[{"embeddable":true,"href":"https:\/\/vaasanvaalipiirinvihreat.fi\/index.php\/wp-json\/wp\/v2\/media\/1015"}],"wp:attachment":[{"href":"https:\/\/vaasanvaalipiirinvihreat.fi\/index.php\/wp-json\/wp\/v2\/media?parent=1199"}],"wp:term":[{"taxonomy":"category","embeddable":true,"href":"https:\/\/vaasanvaalipiirinvihreat.fi\/index.php\/wp-json\/wp\/v2\/categories?post=1199"},{"taxonomy":"post_tag","embeddable":true,"href":"https:\/\/vaasanvaalipiirinvihreat.fi\/index.php\/wp-json\/wp\/v2\/tags?post=1199"}],"curies":[{"name":"wp","href":"https:\/\/api.w.org\/{rel}","templated":true}]}}