{"id":1206,"date":"2020-12-31T18:17:47","date_gmt":"2020-12-31T16:17:47","guid":{"rendered":"http:\/\/www.vavavi.fi\/?p=1206"},"modified":"2025-01-20T17:18:44","modified_gmt":"2025-01-20T15:18:44","slug":"kaksi-karua-teeta-turkis-ja-turve","status":"publish","type":"post","link":"https:\/\/vaasanvaalipiirinvihreat.fi\/index.php\/2020\/12\/31\/kaksi-karua-teeta-turkis-ja-turve\/","title":{"rendered":"Kaksi karua teet\u00e4: turkis ja turve."},"content":{"rendered":"\n<figure class=\"wp-block-gallery columns-1 is-cropped wp-block-gallery-1 is-layout-flex wp-block-gallery-is-layout-flex\"><ul class=\"blocks-gallery-grid\"><li class=\"blocks-gallery-item\"><figure><img decoding=\"async\" src=\"http:\/\/vaasanvaalipiirinvihreat.fi\/tuonti\/wp-content\/uploads\/2019\/10\/19399474_10154820377387775_2841307848659942331_n-644x644.jpg\" alt=\"\" data-id=\"857\" data-full-url=\"http:\/\/vaasanvaalipiirinvihreat.fi\/tuonti\/wp-content\/uploads\/2019\/10\/19399474_10154820377387775_2841307848659942331_n.jpg\" data-link=\"http:\/\/vaasanvaalipiirinvihreat.fi\/tuonti\/2019\/10\/15\/kolumni-kauhajoen-kasinolla\/19399474_10154820377387775_2841307848659942331_n\/#main\" class=\"wp-image-857\"\/><figcaption class=\"blocks-gallery-item__caption\">Mikko Jokipii on Vaasan Vaalipiirin Vihreiden toiminnanjohtaja, Kurikkalainen valtuutettu sek\u00e4 kaupunginhallituksen j\u00e4sen.<\/figcaption><\/figure><\/li><\/ul><\/figure>\n\n\n\n<p class=\"has-medium-font-size\"><strong>Mit\u00e4 vastaan, kun tuttava tai l\u00e4heinen alkaa kertomaan minulle miten me vihre\u00e4t k\u00e4ymme poikkiteloin Pohjalaisia elinkeinoja, kuten turvetuotantoa ja turkistarhausta vastaan? Miten ihmeess\u00e4 katsot toista silmiin ja perustelet sen, mink\u00e4 suurin osa kansasta n\u00e4kee vihreiden vaikutuksena suomalaiseen energia- tai elinkeinopolitiikkaan? Kaupungeissa se lienee helpompaa kuin t\u00e4\u00e4ll\u00e4.<\/strong><br><br>En aio v\u00e4ltell\u00e4 vastuuta kummassakaan tapauksessa. En puhua muista puolueista, en v\u00e4istell\u00e4. Mielest\u00e4ni muutoksen aika oli jo ajat sitten. Jos se tarkoittaa, ett\u00e4 olet eri mielt\u00e4 kanssani, toivotan mielipiteesi tervetulleeksi.<br><br>Olen syntynyt sikatilalle 80-luvun alun Etel\u00e4-Pohjanmaalla, l\u00e4ht\u00f6kohdiltani olin siis kovin maalaisliittolainen. Paavo V\u00e4yrysen tappio Ahtisaarelle kirvotti itkun, kun \u201cmeid\u00e4n joukkue\u201d h\u00e4visi.<br><br>K\u00e4vin koulut loppuun, kurvasin intin kautta Mikkeliin opiskelemaan kulttuurituotantoa ja takaisin pohjanmaalle festarihommiin. Seuraaviin vuosiin kuuluu hullunmylly, johon mahtuu asumista Uudessa Seelannissa, Australiassa, ty\u00f6projekteja ja yritt\u00e4jyytt\u00e4 videopelibaarista Jyv\u00e4skyl\u00e4ss\u00e4 festareihin ja hankkeisiin ymp\u00e4ri Eurooppaa ja Yhdysvalloissa. Maailma teki maalaisliittolaisesta pojasta liberaalin maailmankansalaisen, joka yritt\u00e4\u00e4 ymm\u00e4rt\u00e4\u00e4 kaikkia. <br><br><em>Yritt\u00e4\u00e4.<\/em><br><br>El\u00e4m\u00e4 on kuitenkin kerta toisensa j\u00e4lkeen tuonut takaisin Jalasj\u00e4rvelle, paikkaan joka on ainoa oikea koti mit\u00e4 minulla on koskaan ollut.<br><br>Miksi kuulit hissipuheen taustoistani? Ett\u00e4 voisit ehk\u00e4 pikakelauksena saada mielikuvan siit\u00e4, kuka olen, tai mist\u00e4 tulen. En ole vaan <em>joku vihre\u00e4.<\/em> Toisen asemaan asettautuminen on minulle kaikki kaikessa, avain ongelmien ratkaisuun.<br><br>Kun viime vuonna eduskuntavaaliehdokkaana k\u00e4vin Keski-Pohjanmaalla juttelemassa turkistarhaajille useammassa sukupolvessa, tunsin polttoa rinnassani. Empatiatajuni kertoi minulle miten v\u00e4\u00e4r\u00e4lt\u00e4 se tuntuu, kun vaikka sata vuotta vanhaa perheen yritystoimintaa py\u00f6ritt\u00e4v\u00e4lle tulee yht\u00e4kki\u00e4 olo, ett\u00e4 on yhteiskunnan vihollinen numero yksi. Tietenk\u00e4\u00e4n asia ei ole niin, mutta internet ja keskustelupalstat k\u00e4rjist\u00e4v\u00e4t asioita. Eiv\u00e4tk\u00e4 turkistarhaiskut auta, tai ole kenenk\u00e4\u00e4n hyv\u00e4ksi.<br><br>Silti kun n\u00e4en aidon turkiksen, ensimm\u00e4inen ajatukseni on, ett\u00e4 \u201ckuinka vuonna 2020?\u201d. Turkis on mielest\u00e4ni menneiden vuosisatojen pukine, joka on toki luotettava, kest\u00e4v\u00e4 ja aidosti l\u00e4mmin, mutta minulle eettisesti arveluttava. Silti en suostu syyttelem\u00e4\u00e4n ket\u00e4\u00e4n. Ajat muuttuvat, ihmiset hitaammin.<br><br>N\u00e4ist\u00e4 kahdesta t-kirjaimesta turve liippaa l\u00e4hemm\u00e4lt\u00e4. Istun t\u00e4ll\u00e4kin hetkell\u00e4 t\u00e4t\u00e4 kirjoittaessani turvel\u00e4mmitteisess\u00e4 elokuvateatterissa, jonka toiminta voi hyvinkin p\u00e4\u00e4tty\u00e4 turveveron nousun my\u00f6t\u00e4. Lapsuudessani muistan, miten moni teini-ik\u00e4inen kaveri sai elinkeinonsa nevalla traktoria ajaessa, ja edelleen yst\u00e4v\u00e4piiriss\u00e4ni on ihmisi\u00e4 joiden elinkeino on t\u00e4ysin tai osittain kiinni turpeessa.<br><br>Silti en voi ymm\u00e4rt\u00e4\u00e4, miten turvetta voi pit\u00e4\u00e4 j\u00e4rkev\u00e4n\u00e4 energial\u00e4hteen\u00e4. Keskusteluissa tulee v\u00e4lill\u00e4 kuva ett\u00e4 en\u00e4\u00e4 4% maan energiatuotannosta kattava turpeen poistuminen olisi maailmanloppu. Jo vuosia on puhuttu astettaisesta alasajosta, joten yll\u00e4tyksen\u00e4 se tuskin tulee kenellek\u00e4\u00e4n. Ei se silti poista elinkeinossa kiinni olevien tuskaa, ei lainkaan.<br><br>N\u00e4en niin kunnanvaltuutettuna kuin maaseudun asukkinankin, miten turvekeskustelu ottaa kierroksia. Lehdiss\u00e4 ja somessa huudetaan kilpaa siit\u00e4 miten nyt \u201ckorvaava polttoaine tuodaan Ven\u00e4j\u00e4lt\u00e4\u201d. Seh\u00e4n olisi ihan p\u00e4hk\u00e4hullua, ja sotisi kaikkea j\u00e4rke\u00e4 vastaan. Miksei tosin turpeen kuivike- ja muun k\u00e4yt\u00f6n verotuksen suhteen voisi olla armollisempi? Minun maailmassani turpeella on edelleen k\u00e4ytt\u00f6\u00e4, kunhan se tehd\u00e4\u00e4n ymp\u00e4rist\u00f6n ja vesist\u00f6jen ehdoilla. Uskon my\u00f6s j\u00e4rjen voittavan pitk\u00e4ll\u00e4 t\u00e4ht\u00e4imell\u00e4. Uskon hallitukseemme.<br><br>Nyt niin turkistarhaajille kuin turvealan yritt\u00e4jillekin on annettava apua, uudelleenkouluttautumisesta suoraan rahalliseen hyvitykseen, kun on aika k\u00e4\u00e4nt\u00e4\u00e4 sivua. Vihre\u00e4 uudelleenrakennus vaatii investointia t\u00e4rkeimp\u00e4\u00e4n, eli meihin.<br><br><strong>Toivotan kaikille parempaa uutta vuotta 2021<br><\/strong><br><em>Mikko Jokipii<br>Kirjoittaja on vaasan vaalipiirin vihreiden toiminnanjohtaja<\/em><\/p>\n","protected":false},"excerpt":{"rendered":"<p>Mit\u00e4 vastaan, kun tuttava tai l\u00e4heinen alkaa kertomaan minulle miten me vihre\u00e4t k\u00e4ymme poikkiteloin Pohjalaisia elinkeinoja, kuten turvetuotantoa ja turkistarhausta vastaan? Miten ihmeess\u00e4 katsot toista silmiin ja perustelet sen, mink\u00e4 suurin osa kansasta n\u00e4kee vihreiden vaikutuksena suomalaiseen energia- tai elinkeinopolitiikkaan? Kaupungeissa se lienee helpompaa kuin t\u00e4\u00e4ll\u00e4. En aio v\u00e4ltell\u00e4 vastuuta kummassakaan tapauksessa. En puhua muista [&hellip;]<\/p>\n","protected":false},"author":2,"featured_media":857,"comment_status":"closed","ping_status":"closed","sticky":false,"template":"","format":"standard","meta":{"footnotes":""},"categories":[2],"tags":[],"class_list":["post-1206","post","type-post","status-publish","format-standard","has-post-thumbnail","hentry","category-tiedotteet"],"yoast_head":"<!-- This site is optimized with the Yoast SEO plugin v27.5 - https:\/\/yoast.com\/product\/yoast-seo-wordpress\/ -->\n<title>Kaksi karua teet\u00e4: turkis ja turve. - vaasanvaalipiirinvihreat.fi<\/title>\n<meta name=\"robots\" content=\"index, follow, max-snippet:-1, max-image-preview:large, max-video-preview:-1\" \/>\n<link rel=\"canonical\" href=\"https:\/\/vaasanvaalipiirinvihreat.fi\/index.php\/2020\/12\/31\/kaksi-karua-teeta-turkis-ja-turve\/\" \/>\n<meta property=\"og:locale\" content=\"fi_FI\" \/>\n<meta property=\"og:type\" content=\"article\" \/>\n<meta property=\"og:title\" content=\"Kaksi karua teet\u00e4: turkis ja turve. - vaasanvaalipiirinvihreat.fi\" \/>\n<meta property=\"og:description\" content=\"Mit\u00e4 vastaan, kun tuttava tai l\u00e4heinen alkaa kertomaan minulle miten me vihre\u00e4t k\u00e4ymme poikkiteloin Pohjalaisia elinkeinoja, kuten turvetuotantoa ja turkistarhausta vastaan? Miten ihmeess\u00e4 katsot toista silmiin ja perustelet sen, mink\u00e4 suurin osa kansasta n\u00e4kee vihreiden vaikutuksena suomalaiseen energia- tai elinkeinopolitiikkaan? Kaupungeissa se lienee helpompaa kuin t\u00e4\u00e4ll\u00e4. En aio v\u00e4ltell\u00e4 vastuuta kummassakaan tapauksessa. En puhua muista [&hellip;]\" \/>\n<meta property=\"og:url\" content=\"https:\/\/vaasanvaalipiirinvihreat.fi\/index.php\/2020\/12\/31\/kaksi-karua-teeta-turkis-ja-turve\/\" \/>\n<meta property=\"og:site_name\" content=\"vaasanvaalipiirinvihreat.fi\" \/>\n<meta property=\"article:publisher\" content=\"https:\/\/www.facebook.com\/VaasanVaalipiirinVihreat\" \/>\n<meta property=\"article:published_time\" content=\"2020-12-31T16:17:47+00:00\" \/>\n<meta property=\"article:modified_time\" content=\"2025-01-20T15:18:44+00:00\" \/>\n<meta property=\"og:image\" content=\"https:\/\/vaasanvaalipiirinvihreat.fi\/wp-content\/uploads\/2019\/10\/19399474_10154820377387775_2841307848659942331_n.jpg\" \/>\n\t<meta property=\"og:image:width\" content=\"960\" \/>\n\t<meta property=\"og:image:height\" content=\"960\" \/>\n\t<meta property=\"og:image:type\" content=\"image\/jpeg\" \/>\n<meta name=\"author\" content=\"Yll\u00e4pit\u00e4j\u00e4\" \/>\n<meta name=\"twitter:card\" content=\"summary_large_image\" \/>\n<meta name=\"twitter:label1\" content=\"Kirjoittanut\" \/>\n\t<meta name=\"twitter:data1\" content=\"Yll\u00e4pit\u00e4j\u00e4\" \/>\n\t<meta name=\"twitter:label2\" content=\"Arvioitu lukuaika\" \/>\n\t<meta name=\"twitter:data2\" content=\"3 minuuttia\" \/>\n<script type=\"application\/ld+json\" class=\"yoast-schema-graph\">{\"@context\":\"https:\\\/\\\/schema.org\",\"@graph\":[{\"@type\":\"Article\",\"@id\":\"https:\\\/\\\/vaasanvaalipiirinvihreat.fi\\\/index.php\\\/2020\\\/12\\\/31\\\/kaksi-karua-teeta-turkis-ja-turve\\\/#article\",\"isPartOf\":{\"@id\":\"https:\\\/\\\/vaasanvaalipiirinvihreat.fi\\\/index.php\\\/2020\\\/12\\\/31\\\/kaksi-karua-teeta-turkis-ja-turve\\\/\"},\"author\":{\"name\":\"Yll\u00e4pit\u00e4j\u00e4\",\"@id\":\"https:\\\/\\\/vaasanvaalipiirinvihreat.fi\\\/#\\\/schema\\\/person\\\/d9205350c2a3b344c419b954e66c3daf\"},\"headline\":\"Kaksi karua teet\u00e4: turkis ja turve.\",\"datePublished\":\"2020-12-31T16:17:47+00:00\",\"dateModified\":\"2025-01-20T15:18:44+00:00\",\"mainEntityOfPage\":{\"@id\":\"https:\\\/\\\/vaasanvaalipiirinvihreat.fi\\\/index.php\\\/2020\\\/12\\\/31\\\/kaksi-karua-teeta-turkis-ja-turve\\\/\"},\"wordCount\":586,\"publisher\":{\"@id\":\"https:\\\/\\\/vaasanvaalipiirinvihreat.fi\\\/#organization\"},\"image\":{\"@id\":\"https:\\\/\\\/vaasanvaalipiirinvihreat.fi\\\/index.php\\\/2020\\\/12\\\/31\\\/kaksi-karua-teeta-turkis-ja-turve\\\/#primaryimage\"},\"thumbnailUrl\":\"https:\\\/\\\/vaasanvaalipiirinvihreat.fi\\\/wp-content\\\/uploads\\\/2019\\\/10\\\/19399474_10154820377387775_2841307848659942331_n.jpg\",\"articleSection\":[\"Tiedotteet\"],\"inLanguage\":\"fi\"},{\"@type\":\"WebPage\",\"@id\":\"https:\\\/\\\/vaasanvaalipiirinvihreat.fi\\\/index.php\\\/2020\\\/12\\\/31\\\/kaksi-karua-teeta-turkis-ja-turve\\\/\",\"url\":\"https:\\\/\\\/vaasanvaalipiirinvihreat.fi\\\/index.php\\\/2020\\\/12\\\/31\\\/kaksi-karua-teeta-turkis-ja-turve\\\/\",\"name\":\"Kaksi karua teet\u00e4: turkis ja turve. - vaasanvaalipiirinvihreat.fi\",\"isPartOf\":{\"@id\":\"https:\\\/\\\/vaasanvaalipiirinvihreat.fi\\\/#website\"},\"primaryImageOfPage\":{\"@id\":\"https:\\\/\\\/vaasanvaalipiirinvihreat.fi\\\/index.php\\\/2020\\\/12\\\/31\\\/kaksi-karua-teeta-turkis-ja-turve\\\/#primaryimage\"},\"image\":{\"@id\":\"https:\\\/\\\/vaasanvaalipiirinvihreat.fi\\\/index.php\\\/2020\\\/12\\\/31\\\/kaksi-karua-teeta-turkis-ja-turve\\\/#primaryimage\"},\"thumbnailUrl\":\"https:\\\/\\\/vaasanvaalipiirinvihreat.fi\\\/wp-content\\\/uploads\\\/2019\\\/10\\\/19399474_10154820377387775_2841307848659942331_n.jpg\",\"datePublished\":\"2020-12-31T16:17:47+00:00\",\"dateModified\":\"2025-01-20T15:18:44+00:00\",\"breadcrumb\":{\"@id\":\"https:\\\/\\\/vaasanvaalipiirinvihreat.fi\\\/index.php\\\/2020\\\/12\\\/31\\\/kaksi-karua-teeta-turkis-ja-turve\\\/#breadcrumb\"},\"inLanguage\":\"fi\",\"potentialAction\":[{\"@type\":\"ReadAction\",\"target\":[\"https:\\\/\\\/vaasanvaalipiirinvihreat.fi\\\/index.php\\\/2020\\\/12\\\/31\\\/kaksi-karua-teeta-turkis-ja-turve\\\/\"]}]},{\"@type\":\"ImageObject\",\"inLanguage\":\"fi\",\"@id\":\"https:\\\/\\\/vaasanvaalipiirinvihreat.fi\\\/index.php\\\/2020\\\/12\\\/31\\\/kaksi-karua-teeta-turkis-ja-turve\\\/#primaryimage\",\"url\":\"https:\\\/\\\/vaasanvaalipiirinvihreat.fi\\\/wp-content\\\/uploads\\\/2019\\\/10\\\/19399474_10154820377387775_2841307848659942331_n.jpg\",\"contentUrl\":\"https:\\\/\\\/vaasanvaalipiirinvihreat.fi\\\/wp-content\\\/uploads\\\/2019\\\/10\\\/19399474_10154820377387775_2841307848659942331_n.jpg\",\"width\":960,\"height\":960,\"caption\":\"Mikko Jokipii on Vaasan Vaalipiirin Vihreiden toiminnanjohtaja, Kurikkalainen kaupunginhallituksen j\u00e4sen sek\u00e4 kirkkovaltuutettu\"},{\"@type\":\"BreadcrumbList\",\"@id\":\"https:\\\/\\\/vaasanvaalipiirinvihreat.fi\\\/index.php\\\/2020\\\/12\\\/31\\\/kaksi-karua-teeta-turkis-ja-turve\\\/#breadcrumb\",\"itemListElement\":[{\"@type\":\"ListItem\",\"position\":1,\"name\":\"Etusivu\",\"item\":\"https:\\\/\\\/vaasanvaalipiirinvihreat.fi\\\/\"},{\"@type\":\"ListItem\",\"position\":2,\"name\":\"Kaksi karua teet\u00e4: turkis ja turve.\"}]},{\"@type\":\"WebSite\",\"@id\":\"https:\\\/\\\/vaasanvaalipiirinvihreat.fi\\\/#website\",\"url\":\"https:\\\/\\\/vaasanvaalipiirinvihreat.fi\\\/\",\"name\":\"vaasanvaalipiirinvihreat.fi\",\"description\":\"Vaasan vaalipiirin vihre\u00e4t - De Gr\u00f6na i Vasa valkrets\",\"publisher\":{\"@id\":\"https:\\\/\\\/vaasanvaalipiirinvihreat.fi\\\/#organization\"},\"potentialAction\":[{\"@type\":\"SearchAction\",\"target\":{\"@type\":\"EntryPoint\",\"urlTemplate\":\"https:\\\/\\\/vaasanvaalipiirinvihreat.fi\\\/?s={search_term_string}\"},\"query-input\":{\"@type\":\"PropertyValueSpecification\",\"valueRequired\":true,\"valueName\":\"search_term_string\"}}],\"inLanguage\":\"fi\"},{\"@type\":\"Organization\",\"@id\":\"https:\\\/\\\/vaasanvaalipiirinvihreat.fi\\\/#organization\",\"name\":\"vaasanvaalipiirinvihreat.fi\",\"alternateName\":\"Vaasan vaalipiirin vihre\u00e4t - De Gr\u00f6na i Vasa valkrets\",\"url\":\"https:\\\/\\\/vaasanvaalipiirinvihreat.fi\\\/\",\"logo\":{\"@type\":\"ImageObject\",\"inLanguage\":\"fi\",\"@id\":\"https:\\\/\\\/vaasanvaalipiirinvihreat.fi\\\/#\\\/schema\\\/logo\\\/image\\\/\",\"url\":\"https:\\\/\\\/vaasanvaalipiirinvihreat.fi\\\/wp-content\\\/uploads\\\/2025\\\/01\\\/Vihreat_Logo_HOR_RGB_FIN_SWE.png\",\"contentUrl\":\"https:\\\/\\\/vaasanvaalipiirinvihreat.fi\\\/wp-content\\\/uploads\\\/2025\\\/01\\\/Vihreat_Logo_HOR_RGB_FIN_SWE.png\",\"width\":1162,\"height\":409,\"caption\":\"vaasanvaalipiirinvihreat.fi\"},\"image\":{\"@id\":\"https:\\\/\\\/vaasanvaalipiirinvihreat.fi\\\/#\\\/schema\\\/logo\\\/image\\\/\"},\"sameAs\":[\"https:\\\/\\\/www.facebook.com\\\/VaasanVaalipiirinVihreat\"]},{\"@type\":\"Person\",\"@id\":\"https:\\\/\\\/vaasanvaalipiirinvihreat.fi\\\/#\\\/schema\\\/person\\\/d9205350c2a3b344c419b954e66c3daf\",\"name\":\"Yll\u00e4pit\u00e4j\u00e4\",\"url\":\"https:\\\/\\\/vaasanvaalipiirinvihreat.fi\\\/index.php\\\/author\\\/sivustomestari\\\/\"}]}<\/script>\n<!-- \/ Yoast SEO plugin. -->","yoast_head_json":{"title":"Kaksi karua teet\u00e4: turkis ja turve. - vaasanvaalipiirinvihreat.fi","robots":{"index":"index","follow":"follow","max-snippet":"max-snippet:-1","max-image-preview":"max-image-preview:large","max-video-preview":"max-video-preview:-1"},"canonical":"https:\/\/vaasanvaalipiirinvihreat.fi\/index.php\/2020\/12\/31\/kaksi-karua-teeta-turkis-ja-turve\/","og_locale":"fi_FI","og_type":"article","og_title":"Kaksi karua teet\u00e4: turkis ja turve. - vaasanvaalipiirinvihreat.fi","og_description":"Mit\u00e4 vastaan, kun tuttava tai l\u00e4heinen alkaa kertomaan minulle miten me vihre\u00e4t k\u00e4ymme poikkiteloin Pohjalaisia elinkeinoja, kuten turvetuotantoa ja turkistarhausta vastaan? Miten ihmeess\u00e4 katsot toista silmiin ja perustelet sen, mink\u00e4 suurin osa kansasta n\u00e4kee vihreiden vaikutuksena suomalaiseen energia- tai elinkeinopolitiikkaan? Kaupungeissa se lienee helpompaa kuin t\u00e4\u00e4ll\u00e4. En aio v\u00e4ltell\u00e4 vastuuta kummassakaan tapauksessa. En puhua muista [&hellip;]","og_url":"https:\/\/vaasanvaalipiirinvihreat.fi\/index.php\/2020\/12\/31\/kaksi-karua-teeta-turkis-ja-turve\/","og_site_name":"vaasanvaalipiirinvihreat.fi","article_publisher":"https:\/\/www.facebook.com\/VaasanVaalipiirinVihreat","article_published_time":"2020-12-31T16:17:47+00:00","article_modified_time":"2025-01-20T15:18:44+00:00","og_image":[{"width":960,"height":960,"url":"https:\/\/vaasanvaalipiirinvihreat.fi\/wp-content\/uploads\/2019\/10\/19399474_10154820377387775_2841307848659942331_n.jpg","type":"image\/jpeg"}],"author":"Yll\u00e4pit\u00e4j\u00e4","twitter_card":"summary_large_image","twitter_misc":{"Kirjoittanut":"Yll\u00e4pit\u00e4j\u00e4","Arvioitu lukuaika":"3 minuuttia"},"schema":{"@context":"https:\/\/schema.org","@graph":[{"@type":"Article","@id":"https:\/\/vaasanvaalipiirinvihreat.fi\/index.php\/2020\/12\/31\/kaksi-karua-teeta-turkis-ja-turve\/#article","isPartOf":{"@id":"https:\/\/vaasanvaalipiirinvihreat.fi\/index.php\/2020\/12\/31\/kaksi-karua-teeta-turkis-ja-turve\/"},"author":{"name":"Yll\u00e4pit\u00e4j\u00e4","@id":"https:\/\/vaasanvaalipiirinvihreat.fi\/#\/schema\/person\/d9205350c2a3b344c419b954e66c3daf"},"headline":"Kaksi karua teet\u00e4: turkis ja turve.","datePublished":"2020-12-31T16:17:47+00:00","dateModified":"2025-01-20T15:18:44+00:00","mainEntityOfPage":{"@id":"https:\/\/vaasanvaalipiirinvihreat.fi\/index.php\/2020\/12\/31\/kaksi-karua-teeta-turkis-ja-turve\/"},"wordCount":586,"publisher":{"@id":"https:\/\/vaasanvaalipiirinvihreat.fi\/#organization"},"image":{"@id":"https:\/\/vaasanvaalipiirinvihreat.fi\/index.php\/2020\/12\/31\/kaksi-karua-teeta-turkis-ja-turve\/#primaryimage"},"thumbnailUrl":"https:\/\/vaasanvaalipiirinvihreat.fi\/wp-content\/uploads\/2019\/10\/19399474_10154820377387775_2841307848659942331_n.jpg","articleSection":["Tiedotteet"],"inLanguage":"fi"},{"@type":"WebPage","@id":"https:\/\/vaasanvaalipiirinvihreat.fi\/index.php\/2020\/12\/31\/kaksi-karua-teeta-turkis-ja-turve\/","url":"https:\/\/vaasanvaalipiirinvihreat.fi\/index.php\/2020\/12\/31\/kaksi-karua-teeta-turkis-ja-turve\/","name":"Kaksi karua teet\u00e4: turkis ja turve. - vaasanvaalipiirinvihreat.fi","isPartOf":{"@id":"https:\/\/vaasanvaalipiirinvihreat.fi\/#website"},"primaryImageOfPage":{"@id":"https:\/\/vaasanvaalipiirinvihreat.fi\/index.php\/2020\/12\/31\/kaksi-karua-teeta-turkis-ja-turve\/#primaryimage"},"image":{"@id":"https:\/\/vaasanvaalipiirinvihreat.fi\/index.php\/2020\/12\/31\/kaksi-karua-teeta-turkis-ja-turve\/#primaryimage"},"thumbnailUrl":"https:\/\/vaasanvaalipiirinvihreat.fi\/wp-content\/uploads\/2019\/10\/19399474_10154820377387775_2841307848659942331_n.jpg","datePublished":"2020-12-31T16:17:47+00:00","dateModified":"2025-01-20T15:18:44+00:00","breadcrumb":{"@id":"https:\/\/vaasanvaalipiirinvihreat.fi\/index.php\/2020\/12\/31\/kaksi-karua-teeta-turkis-ja-turve\/#breadcrumb"},"inLanguage":"fi","potentialAction":[{"@type":"ReadAction","target":["https:\/\/vaasanvaalipiirinvihreat.fi\/index.php\/2020\/12\/31\/kaksi-karua-teeta-turkis-ja-turve\/"]}]},{"@type":"ImageObject","inLanguage":"fi","@id":"https:\/\/vaasanvaalipiirinvihreat.fi\/index.php\/2020\/12\/31\/kaksi-karua-teeta-turkis-ja-turve\/#primaryimage","url":"https:\/\/vaasanvaalipiirinvihreat.fi\/wp-content\/uploads\/2019\/10\/19399474_10154820377387775_2841307848659942331_n.jpg","contentUrl":"https:\/\/vaasanvaalipiirinvihreat.fi\/wp-content\/uploads\/2019\/10\/19399474_10154820377387775_2841307848659942331_n.jpg","width":960,"height":960,"caption":"Mikko Jokipii on Vaasan Vaalipiirin Vihreiden toiminnanjohtaja, Kurikkalainen kaupunginhallituksen j\u00e4sen sek\u00e4 kirkkovaltuutettu"},{"@type":"BreadcrumbList","@id":"https:\/\/vaasanvaalipiirinvihreat.fi\/index.php\/2020\/12\/31\/kaksi-karua-teeta-turkis-ja-turve\/#breadcrumb","itemListElement":[{"@type":"ListItem","position":1,"name":"Etusivu","item":"https:\/\/vaasanvaalipiirinvihreat.fi\/"},{"@type":"ListItem","position":2,"name":"Kaksi karua teet\u00e4: turkis ja turve."}]},{"@type":"WebSite","@id":"https:\/\/vaasanvaalipiirinvihreat.fi\/#website","url":"https:\/\/vaasanvaalipiirinvihreat.fi\/","name":"vaasanvaalipiirinvihreat.fi","description":"Vaasan vaalipiirin vihre\u00e4t - De Gr\u00f6na i Vasa valkrets","publisher":{"@id":"https:\/\/vaasanvaalipiirinvihreat.fi\/#organization"},"potentialAction":[{"@type":"SearchAction","target":{"@type":"EntryPoint","urlTemplate":"https:\/\/vaasanvaalipiirinvihreat.fi\/?s={search_term_string}"},"query-input":{"@type":"PropertyValueSpecification","valueRequired":true,"valueName":"search_term_string"}}],"inLanguage":"fi"},{"@type":"Organization","@id":"https:\/\/vaasanvaalipiirinvihreat.fi\/#organization","name":"vaasanvaalipiirinvihreat.fi","alternateName":"Vaasan vaalipiirin vihre\u00e4t - De Gr\u00f6na i Vasa valkrets","url":"https:\/\/vaasanvaalipiirinvihreat.fi\/","logo":{"@type":"ImageObject","inLanguage":"fi","@id":"https:\/\/vaasanvaalipiirinvihreat.fi\/#\/schema\/logo\/image\/","url":"https:\/\/vaasanvaalipiirinvihreat.fi\/wp-content\/uploads\/2025\/01\/Vihreat_Logo_HOR_RGB_FIN_SWE.png","contentUrl":"https:\/\/vaasanvaalipiirinvihreat.fi\/wp-content\/uploads\/2025\/01\/Vihreat_Logo_HOR_RGB_FIN_SWE.png","width":1162,"height":409,"caption":"vaasanvaalipiirinvihreat.fi"},"image":{"@id":"https:\/\/vaasanvaalipiirinvihreat.fi\/#\/schema\/logo\/image\/"},"sameAs":["https:\/\/www.facebook.com\/VaasanVaalipiirinVihreat"]},{"@type":"Person","@id":"https:\/\/vaasanvaalipiirinvihreat.fi\/#\/schema\/person\/d9205350c2a3b344c419b954e66c3daf","name":"Yll\u00e4pit\u00e4j\u00e4","url":"https:\/\/vaasanvaalipiirinvihreat.fi\/index.php\/author\/sivustomestari\/"}]}},"_links":{"self":[{"href":"https:\/\/vaasanvaalipiirinvihreat.fi\/index.php\/wp-json\/wp\/v2\/posts\/1206","targetHints":{"allow":["GET"]}}],"collection":[{"href":"https:\/\/vaasanvaalipiirinvihreat.fi\/index.php\/wp-json\/wp\/v2\/posts"}],"about":[{"href":"https:\/\/vaasanvaalipiirinvihreat.fi\/index.php\/wp-json\/wp\/v2\/types\/post"}],"author":[{"embeddable":true,"href":"https:\/\/vaasanvaalipiirinvihreat.fi\/index.php\/wp-json\/wp\/v2\/users\/2"}],"replies":[{"embeddable":true,"href":"https:\/\/vaasanvaalipiirinvihreat.fi\/index.php\/wp-json\/wp\/v2\/comments?post=1206"}],"version-history":[{"count":1,"href":"https:\/\/vaasanvaalipiirinvihreat.fi\/index.php\/wp-json\/wp\/v2\/posts\/1206\/revisions"}],"predecessor-version":[{"id":2082,"href":"https:\/\/vaasanvaalipiirinvihreat.fi\/index.php\/wp-json\/wp\/v2\/posts\/1206\/revisions\/2082"}],"wp:featuredmedia":[{"embeddable":true,"href":"https:\/\/vaasanvaalipiirinvihreat.fi\/index.php\/wp-json\/wp\/v2\/media\/857"}],"wp:attachment":[{"href":"https:\/\/vaasanvaalipiirinvihreat.fi\/index.php\/wp-json\/wp\/v2\/media?parent=1206"}],"wp:term":[{"taxonomy":"category","embeddable":true,"href":"https:\/\/vaasanvaalipiirinvihreat.fi\/index.php\/wp-json\/wp\/v2\/categories?post=1206"},{"taxonomy":"post_tag","embeddable":true,"href":"https:\/\/vaasanvaalipiirinvihreat.fi\/index.php\/wp-json\/wp\/v2\/tags?post=1206"}],"curies":[{"name":"wp","href":"https:\/\/api.w.org\/{rel}","templated":true}]}}