{"id":1276,"date":"2021-02-15T09:24:34","date_gmt":"2021-02-15T07:24:34","guid":{"rendered":"http:\/\/www.vavavi.fi\/?p=1276"},"modified":"2025-01-20T17:18:45","modified_gmt":"2025-01-20T15:18:45","slug":"ennakointi-lisaa-hyvinvointia-ja-tuo-saastoja","status":"publish","type":"post","link":"https:\/\/vaasanvaalipiirinvihreat.fi\/index.php\/2021\/02\/15\/ennakointi-lisaa-hyvinvointia-ja-tuo-saastoja\/","title":{"rendered":"Ennakointi lis\u00e4\u00e4 hyvinvointia ja tuo s\u00e4\u00e4st\u00f6j\u00e4"},"content":{"rendered":"\n<figure class=\"wp-block-image size-large is-resized\"><img fetchpriority=\"high\" decoding=\"async\" src=\"http:\/\/vaasanvaalipiirinvihreat.fi\/tuonti\/wp-content\/uploads\/2021\/02\/hanna-644x609.jpg\" alt=\"\" class=\"wp-image-1277\" width=\"431\" height=\"407\"\/><figcaption>Hanna H\u00e4rk\u00f6nen on Jalasj\u00e4rvell\u00e4 asuva ja vaikuttava hyvinvointialan yritt\u00e4j\u00e4, sek\u00e4 ensikertalainen kuntavaaliehdokas.<\/figcaption><\/figure>\n\n\n\n<p class=\"has-medium-font-size\"><strong>Kurikan noin 21&nbsp;000 asukkaasta noin 27% on yli 60 -vuotiaita. Vuosien 2016 &#8211; 2026 aikana yli 65 -vuotiaiden m\u00e4\u00e4r\u00e4n ennustetaan kasvavan 13% ja yli 85 -vuotiaiden m\u00e4\u00e4r\u00e4 17%. T\u00e4m\u00e4 asettaa kunnan t\u00e4rkeiden ratkaisujen \u00e4\u00e4relle, jotta v\u00e4ltytt\u00e4isiin liian suurelta hintalapulta ja terveydenhuollon kantokyvyn romahtamiselta.<\/strong> <strong>Kurikka on rakenteellinen malliesimerkki maaseudulla.<\/strong><\/p>\n\n\n\n<p class=\"has-medium-font-size\">Elini\u00e4n pidentyess\u00e4 ja suurten ik\u00e4luokkien m\u00e4\u00e4r\u00e4n kasvaessa, nousee kysymykseen ennaltaehk\u00e4isev\u00e4t toimet &#8211; koskien niin ik\u00e4ihmisten terveytt\u00e4 ja hyvinvointia, kuin my\u00f6s julkisen puolen kantokyky\u00e4 tuottaa erilaisia palveluita. <br><br>Erilaisten ennusteiden mukaan koskien i\u00e4kk\u00e4\u00e4mpien ihmisten m\u00e4\u00e4r\u00e4n kasvua vuoteen 2040, huollettavia henkil\u00f6it\u00e4 tulee olemaan 2,05 -kertainen m\u00e4\u00e4r\u00e4 yht\u00e4 ty\u00f6ntekij\u00e4\u00e4 kohden. Pieniss\u00e4 ja keskisuurissa kunnissa t\u00e4m\u00e4 n\u00e4kyy kaikista selkeimmin, sill\u00e4 ty\u00f6ik\u00e4isten m\u00e4\u00e4r\u00e4 voi olla suhteessa v\u00e4h\u00e4isempi. T\u00e4ss\u00e4 kohdin tuleekin n\u00e4hd\u00e4 mahdollisuus luoda ja lis\u00e4t\u00e4 ty\u00f6paikkoja integroimalla julkisen puolen, sek\u00e4 yksityisen sektorin palvelut.<br><br>Yritykset my\u00f6t\u00e4vaikuttavat kunnan talouteen ja niiden rooli kunnantaloudessa on t\u00e4rke\u00e4, sill\u00e4 vetovoimaiset yritykset luovat ty\u00f6paikkoja ja tuovat verotuloja kuntaan. Julkisen ja yksityisen sektorin monipuolinen yhteisty\u00f6 kattaa ik\u00e4ihmisten terveyden yll\u00e4pidon, esimerkiksi erilaisten liikunta-, kuntoutus- ja kulttuuripalvelujen kautta.<\/p>\n\n\n\n<p class=\"has-medium-font-size\"><strong>Laaja yhteisty\u00f6verkosto<\/strong><\/p>\n\n\n\n<p class=\"has-medium-font-size\">Laaja yhteisty\u00f6verkosto kattaa julkisen ja yksityisen sektorin. Se takaa potilaalle suoran yhteyden saada kokonaisvaltaista tukea ja hoitoa. P\u00e4\u00e4teema on my\u00f6t\u00e4vaikuttaa potilaan terveyteen, toimintakykyyn ja hyvinvointiin siten, ett\u00e4 h\u00e4n p\u00e4rj\u00e4\u00e4 itsen\u00e4isesti perusaskareiden \u00e4\u00e4rell\u00e4. Yhteisty\u00f6verkoston avulla pienennet\u00e4\u00e4n akuutteja tapaturmia, leikkauksia ja muun muassa kalliin laitoshoidon tarvetta. <br><br>Verkoston sis\u00e4ll\u00e4 kommunikaation tulee toimia jokaisen ammattitahon suuntaan. Verkosto ei koske vain yksityisten palvelutarjoajien katon alla tuotettavia palveluilta, vaan laajaa yhteisty\u00f6t\u00e4 eri tahojen v\u00e4lill\u00e4, niin ettei palveluiden hinta k\u00e4y liian suureksi asiakkaalle. Tahoja voivat olla esimerkiksi kuntoutuspalvelut, liikuntapalvelut, l\u00e4\u00e4k\u00e4ri- ja terveydenhuoltopalvelut, mielenterveyspalvelut, sek\u00e4 erityisesti haja-asutusalueilla liikennepalvelut, jotta sellaiset joilla ei ole omaa autoa p\u00e4\u00e4sev\u00e4t harrastuksiin. Lis\u00e4ksi etenkin ik\u00e4ihmisten kohdalla mahdollinen yksin\u00e4isyys ja sen negatiiviset vaikutukset terveyteen tulisi huomioida kaikissa palveluissa.<\/p>\n\n\n\n<p class=\"has-medium-font-size\">Laaja yhteisty\u00f6verkosto kattaa my\u00f6s sen, ett\u00e4 ik\u00e4ihminen saa tiedon erilaisista palveluista eik\u00e4 joudu itsen\u00e4isesti niit\u00e4 etsim\u00e4\u00e4n esimerkiksi internetist\u00e4. Tiedon on oltava selke\u00e4sti esill\u00e4 ja siit\u00e4 tulee kertoa verkoston jokaisen tahon kautta ilman mink\u00e4\u00e4nlaisia rajavetoja vastuualueisiin vedoten.<\/p>\n\n\n\n<p class=\"has-medium-font-size\"><strong>Taloudellinen tilanne ei saa est\u00e4\u00e4 liikunnan harrastamista<\/strong><\/p>\n\n\n\n<p class=\"has-medium-font-size\">Terveys ei ole muuttumaton asia, vaan edellytt\u00e4\u00e4 aktiivista toimintaa. Liikunta- ja kuntoutuspalveluilla on suuri merkitys jokaisen ihmisen terveyteen. S\u00e4\u00e4nn\u00f6llinen liikunta vaikuttaa monin tavoin terveyteen, kuten sairauksien ennaltaehk\u00e4isyyn ja j\u00e4lkihoitoon, kuntoon, jaksamiseen, voimantuottoon, arjessa p\u00e4rj\u00e4\u00e4miseen, tasapainoon, liukastumisten v\u00e4ltt\u00e4miseen, muistiin, mielenterveyshaasteisiin, sosiaalisuuteen, sek\u00e4 lihavuuteen.<\/p>\n\n\n\n<p class=\"has-medium-font-size\">Liikunnan t\u00e4rkeytt\u00e4 ei tule miss\u00e4\u00e4n nimess\u00e4 v\u00e4h\u00e4tell\u00e4 ik\u00e4ihmisten hoidossa ja t\u00e4ss\u00e4 ennakointi on erityisen t\u00e4rke\u00e4ss\u00e4 roolissa. Monella ik\u00e4ihmisell\u00e4 el\u00e4keraha voi olla hyvin pieni. El\u00e4keturvakeskuksen sivujen mukaan pienint\u00e4 el\u00e4kett\u00e4 saavat Etel\u00e4-Pohjanmaalaiset el\u00e4kel\u00e4iset, joista monella el\u00e4keraha voi olla alle 1250 euroa kuukaudessa. Taloudellinen tilanne ei saa olla este liikunnan harrastamiselle. On arvioitu, ett\u00e4 jos ik\u00e4ihmisten toimintakyky\u00e4 yll\u00e4pidett\u00e4isiin kuntoutuksen ja ohjatun liikunnan tukemana, teht\u00e4isiin sill\u00e4 noin miljardin s\u00e4\u00e4st\u00f6t. N\u00e4in ollen erilaiset rahalliset tuet esimerkiksi liikuntaan eiv\u00e4t olisi kulueri\u00e4 vaan investointeja.<\/p>\n\n\n\n<p class=\"has-medium-font-size\">Kyse ei ole loppupeleiss\u00e4 vain varojen jakamisesta, vaan my\u00f6s verotulojen lis\u00e4\u00e4misest\u00e4. Suurten ik\u00e4luokkien m\u00e4\u00e4r\u00e4n kasvu suhteessa veronmaksajiin luo tilanteen, miss\u00e4 on osattava toimia ennen kuin sattuu. Ilman oikein kohdennettuja investointeja ei luoda toimivia ty\u00f6kaluja ja t\u00e4ss\u00e4 s\u00e4\u00e4st\u00f6jen ei tulisi olla keski\u00f6ss\u00e4, vaan kyky katsoa kulujen tuolle puolen. <br><br>Investointi nyt j\u00e4rkev\u00e4sti rakennettuun kokonaisuuteen tuottaa s\u00e4\u00e4st\u00f6j\u00e4 pidemm\u00e4ll\u00e4 aikav\u00e4lill\u00e4 lis\u00e4ten ty\u00f6paikkoja ja maaseudun houkuttelevuutta, luoden tasavertaisuutta, sek\u00e4 pit\u00e4en huolen ik\u00e4\u00e4ntyv\u00e4n v\u00e4est\u00f6nosan hyvinvoinnista.<br><br><em>Hanna H\u00e4rk\u00f6nen<br>Yritt\u00e4j\u00e4, kuntavaaliehdokas, Kurikka<\/em><\/p>\n","protected":false},"excerpt":{"rendered":"<p>Kurikan noin 21&nbsp;000 asukkaasta noin 27% on yli 60 -vuotiaita. Vuosien 2016 &#8211; 2026 aikana yli 65 -vuotiaiden m\u00e4\u00e4r\u00e4n ennustetaan kasvavan 13% ja yli 85 -vuotiaiden m\u00e4\u00e4r\u00e4 17%. T\u00e4m\u00e4 asettaa kunnan t\u00e4rkeiden ratkaisujen \u00e4\u00e4relle, jotta v\u00e4ltytt\u00e4isiin liian suurelta hintalapulta ja terveydenhuollon kantokyvyn romahtamiselta. Kurikka on rakenteellinen malliesimerkki maaseudulla. Elini\u00e4n pidentyess\u00e4 ja suurten ik\u00e4luokkien m\u00e4\u00e4r\u00e4n kasvaessa, [&hellip;]<\/p>\n","protected":false},"author":2,"featured_media":1277,"comment_status":"closed","ping_status":"closed","sticky":false,"template":"","format":"standard","meta":{"footnotes":""},"categories":[2],"tags":[],"class_list":["post-1276","post","type-post","status-publish","format-standard","has-post-thumbnail","hentry","category-tiedotteet"],"yoast_head":"<!-- This site is optimized with the Yoast SEO plugin v27.5 - https:\/\/yoast.com\/product\/yoast-seo-wordpress\/ -->\n<title>Ennakointi lis\u00e4\u00e4 hyvinvointia ja tuo s\u00e4\u00e4st\u00f6j\u00e4 - vaasanvaalipiirinvihreat.fi<\/title>\n<meta name=\"robots\" content=\"index, follow, max-snippet:-1, max-image-preview:large, max-video-preview:-1\" \/>\n<link rel=\"canonical\" href=\"https:\/\/vaasanvaalipiirinvihreat.fi\/index.php\/2021\/02\/15\/ennakointi-lisaa-hyvinvointia-ja-tuo-saastoja\/\" \/>\n<meta property=\"og:locale\" content=\"fi_FI\" \/>\n<meta property=\"og:type\" content=\"article\" \/>\n<meta property=\"og:title\" content=\"Ennakointi lis\u00e4\u00e4 hyvinvointia ja tuo s\u00e4\u00e4st\u00f6j\u00e4 - vaasanvaalipiirinvihreat.fi\" \/>\n<meta property=\"og:description\" content=\"Kurikan noin 21&nbsp;000 asukkaasta noin 27% on yli 60 -vuotiaita. Vuosien 2016 &#8211; 2026 aikana yli 65 -vuotiaiden m\u00e4\u00e4r\u00e4n ennustetaan kasvavan 13% ja yli 85 -vuotiaiden m\u00e4\u00e4r\u00e4 17%. T\u00e4m\u00e4 asettaa kunnan t\u00e4rkeiden ratkaisujen \u00e4\u00e4relle, jotta v\u00e4ltytt\u00e4isiin liian suurelta hintalapulta ja terveydenhuollon kantokyvyn romahtamiselta. Kurikka on rakenteellinen malliesimerkki maaseudulla. Elini\u00e4n pidentyess\u00e4 ja suurten ik\u00e4luokkien m\u00e4\u00e4r\u00e4n kasvaessa, [&hellip;]\" \/>\n<meta property=\"og:url\" content=\"https:\/\/vaasanvaalipiirinvihreat.fi\/index.php\/2021\/02\/15\/ennakointi-lisaa-hyvinvointia-ja-tuo-saastoja\/\" \/>\n<meta property=\"og:site_name\" content=\"vaasanvaalipiirinvihreat.fi\" \/>\n<meta property=\"article:publisher\" content=\"https:\/\/www.facebook.com\/VaasanVaalipiirinVihreat\" \/>\n<meta property=\"article:published_time\" content=\"2021-02-15T07:24:34+00:00\" \/>\n<meta property=\"article:modified_time\" content=\"2025-01-20T15:18:45+00:00\" \/>\n<meta property=\"og:image\" content=\"https:\/\/vaasanvaalipiirinvihreat.fi\/wp-content\/uploads\/2021\/02\/hanna.jpg\" \/>\n\t<meta property=\"og:image:width\" content=\"1728\" \/>\n\t<meta property=\"og:image:height\" content=\"1633\" \/>\n\t<meta property=\"og:image:type\" content=\"image\/jpeg\" \/>\n<meta name=\"author\" content=\"Yll\u00e4pit\u00e4j\u00e4\" \/>\n<meta name=\"twitter:card\" content=\"summary_large_image\" \/>\n<meta name=\"twitter:label1\" content=\"Kirjoittanut\" \/>\n\t<meta name=\"twitter:data1\" content=\"Yll\u00e4pit\u00e4j\u00e4\" \/>\n\t<meta name=\"twitter:label2\" content=\"Arvioitu lukuaika\" \/>\n\t<meta name=\"twitter:data2\" content=\"3 minuuttia\" \/>\n<script type=\"application\/ld+json\" class=\"yoast-schema-graph\">{\"@context\":\"https:\\\/\\\/schema.org\",\"@graph\":[{\"@type\":\"Article\",\"@id\":\"https:\\\/\\\/vaasanvaalipiirinvihreat.fi\\\/index.php\\\/2021\\\/02\\\/15\\\/ennakointi-lisaa-hyvinvointia-ja-tuo-saastoja\\\/#article\",\"isPartOf\":{\"@id\":\"https:\\\/\\\/vaasanvaalipiirinvihreat.fi\\\/index.php\\\/2021\\\/02\\\/15\\\/ennakointi-lisaa-hyvinvointia-ja-tuo-saastoja\\\/\"},\"author\":{\"name\":\"Yll\u00e4pit\u00e4j\u00e4\",\"@id\":\"https:\\\/\\\/vaasanvaalipiirinvihreat.fi\\\/#\\\/schema\\\/person\\\/d9205350c2a3b344c419b954e66c3daf\"},\"headline\":\"Ennakointi lis\u00e4\u00e4 hyvinvointia ja tuo s\u00e4\u00e4st\u00f6j\u00e4\",\"datePublished\":\"2021-02-15T07:24:34+00:00\",\"dateModified\":\"2025-01-20T15:18:45+00:00\",\"mainEntityOfPage\":{\"@id\":\"https:\\\/\\\/vaasanvaalipiirinvihreat.fi\\\/index.php\\\/2021\\\/02\\\/15\\\/ennakointi-lisaa-hyvinvointia-ja-tuo-saastoja\\\/\"},\"wordCount\":650,\"publisher\":{\"@id\":\"https:\\\/\\\/vaasanvaalipiirinvihreat.fi\\\/#organization\"},\"image\":{\"@id\":\"https:\\\/\\\/vaasanvaalipiirinvihreat.fi\\\/index.php\\\/2021\\\/02\\\/15\\\/ennakointi-lisaa-hyvinvointia-ja-tuo-saastoja\\\/#primaryimage\"},\"thumbnailUrl\":\"https:\\\/\\\/vaasanvaalipiirinvihreat.fi\\\/wp-content\\\/uploads\\\/2021\\\/02\\\/hanna.jpg\",\"articleSection\":[\"Tiedotteet\"],\"inLanguage\":\"fi\"},{\"@type\":\"WebPage\",\"@id\":\"https:\\\/\\\/vaasanvaalipiirinvihreat.fi\\\/index.php\\\/2021\\\/02\\\/15\\\/ennakointi-lisaa-hyvinvointia-ja-tuo-saastoja\\\/\",\"url\":\"https:\\\/\\\/vaasanvaalipiirinvihreat.fi\\\/index.php\\\/2021\\\/02\\\/15\\\/ennakointi-lisaa-hyvinvointia-ja-tuo-saastoja\\\/\",\"name\":\"Ennakointi lis\u00e4\u00e4 hyvinvointia ja tuo s\u00e4\u00e4st\u00f6j\u00e4 - vaasanvaalipiirinvihreat.fi\",\"isPartOf\":{\"@id\":\"https:\\\/\\\/vaasanvaalipiirinvihreat.fi\\\/#website\"},\"primaryImageOfPage\":{\"@id\":\"https:\\\/\\\/vaasanvaalipiirinvihreat.fi\\\/index.php\\\/2021\\\/02\\\/15\\\/ennakointi-lisaa-hyvinvointia-ja-tuo-saastoja\\\/#primaryimage\"},\"image\":{\"@id\":\"https:\\\/\\\/vaasanvaalipiirinvihreat.fi\\\/index.php\\\/2021\\\/02\\\/15\\\/ennakointi-lisaa-hyvinvointia-ja-tuo-saastoja\\\/#primaryimage\"},\"thumbnailUrl\":\"https:\\\/\\\/vaasanvaalipiirinvihreat.fi\\\/wp-content\\\/uploads\\\/2021\\\/02\\\/hanna.jpg\",\"datePublished\":\"2021-02-15T07:24:34+00:00\",\"dateModified\":\"2025-01-20T15:18:45+00:00\",\"breadcrumb\":{\"@id\":\"https:\\\/\\\/vaasanvaalipiirinvihreat.fi\\\/index.php\\\/2021\\\/02\\\/15\\\/ennakointi-lisaa-hyvinvointia-ja-tuo-saastoja\\\/#breadcrumb\"},\"inLanguage\":\"fi\",\"potentialAction\":[{\"@type\":\"ReadAction\",\"target\":[\"https:\\\/\\\/vaasanvaalipiirinvihreat.fi\\\/index.php\\\/2021\\\/02\\\/15\\\/ennakointi-lisaa-hyvinvointia-ja-tuo-saastoja\\\/\"]}]},{\"@type\":\"ImageObject\",\"inLanguage\":\"fi\",\"@id\":\"https:\\\/\\\/vaasanvaalipiirinvihreat.fi\\\/index.php\\\/2021\\\/02\\\/15\\\/ennakointi-lisaa-hyvinvointia-ja-tuo-saastoja\\\/#primaryimage\",\"url\":\"https:\\\/\\\/vaasanvaalipiirinvihreat.fi\\\/wp-content\\\/uploads\\\/2021\\\/02\\\/hanna.jpg\",\"contentUrl\":\"https:\\\/\\\/vaasanvaalipiirinvihreat.fi\\\/wp-content\\\/uploads\\\/2021\\\/02\\\/hanna.jpg\",\"width\":1728,\"height\":1633},{\"@type\":\"BreadcrumbList\",\"@id\":\"https:\\\/\\\/vaasanvaalipiirinvihreat.fi\\\/index.php\\\/2021\\\/02\\\/15\\\/ennakointi-lisaa-hyvinvointia-ja-tuo-saastoja\\\/#breadcrumb\",\"itemListElement\":[{\"@type\":\"ListItem\",\"position\":1,\"name\":\"Etusivu\",\"item\":\"https:\\\/\\\/vaasanvaalipiirinvihreat.fi\\\/\"},{\"@type\":\"ListItem\",\"position\":2,\"name\":\"Ennakointi lis\u00e4\u00e4 hyvinvointia ja tuo s\u00e4\u00e4st\u00f6j\u00e4\"}]},{\"@type\":\"WebSite\",\"@id\":\"https:\\\/\\\/vaasanvaalipiirinvihreat.fi\\\/#website\",\"url\":\"https:\\\/\\\/vaasanvaalipiirinvihreat.fi\\\/\",\"name\":\"vaasanvaalipiirinvihreat.fi\",\"description\":\"Vaasan vaalipiirin vihre\u00e4t - De Gr\u00f6na i Vasa valkrets\",\"publisher\":{\"@id\":\"https:\\\/\\\/vaasanvaalipiirinvihreat.fi\\\/#organization\"},\"potentialAction\":[{\"@type\":\"SearchAction\",\"target\":{\"@type\":\"EntryPoint\",\"urlTemplate\":\"https:\\\/\\\/vaasanvaalipiirinvihreat.fi\\\/?s={search_term_string}\"},\"query-input\":{\"@type\":\"PropertyValueSpecification\",\"valueRequired\":true,\"valueName\":\"search_term_string\"}}],\"inLanguage\":\"fi\"},{\"@type\":\"Organization\",\"@id\":\"https:\\\/\\\/vaasanvaalipiirinvihreat.fi\\\/#organization\",\"name\":\"vaasanvaalipiirinvihreat.fi\",\"alternateName\":\"Vaasan vaalipiirin vihre\u00e4t - De Gr\u00f6na i Vasa valkrets\",\"url\":\"https:\\\/\\\/vaasanvaalipiirinvihreat.fi\\\/\",\"logo\":{\"@type\":\"ImageObject\",\"inLanguage\":\"fi\",\"@id\":\"https:\\\/\\\/vaasanvaalipiirinvihreat.fi\\\/#\\\/schema\\\/logo\\\/image\\\/\",\"url\":\"https:\\\/\\\/vaasanvaalipiirinvihreat.fi\\\/wp-content\\\/uploads\\\/2025\\\/01\\\/Vihreat_Logo_HOR_RGB_FIN_SWE.png\",\"contentUrl\":\"https:\\\/\\\/vaasanvaalipiirinvihreat.fi\\\/wp-content\\\/uploads\\\/2025\\\/01\\\/Vihreat_Logo_HOR_RGB_FIN_SWE.png\",\"width\":1162,\"height\":409,\"caption\":\"vaasanvaalipiirinvihreat.fi\"},\"image\":{\"@id\":\"https:\\\/\\\/vaasanvaalipiirinvihreat.fi\\\/#\\\/schema\\\/logo\\\/image\\\/\"},\"sameAs\":[\"https:\\\/\\\/www.facebook.com\\\/VaasanVaalipiirinVihreat\"]},{\"@type\":\"Person\",\"@id\":\"https:\\\/\\\/vaasanvaalipiirinvihreat.fi\\\/#\\\/schema\\\/person\\\/d9205350c2a3b344c419b954e66c3daf\",\"name\":\"Yll\u00e4pit\u00e4j\u00e4\",\"url\":\"https:\\\/\\\/vaasanvaalipiirinvihreat.fi\\\/index.php\\\/author\\\/sivustomestari\\\/\"}]}<\/script>\n<!-- \/ Yoast SEO plugin. -->","yoast_head_json":{"title":"Ennakointi lis\u00e4\u00e4 hyvinvointia ja tuo s\u00e4\u00e4st\u00f6j\u00e4 - vaasanvaalipiirinvihreat.fi","robots":{"index":"index","follow":"follow","max-snippet":"max-snippet:-1","max-image-preview":"max-image-preview:large","max-video-preview":"max-video-preview:-1"},"canonical":"https:\/\/vaasanvaalipiirinvihreat.fi\/index.php\/2021\/02\/15\/ennakointi-lisaa-hyvinvointia-ja-tuo-saastoja\/","og_locale":"fi_FI","og_type":"article","og_title":"Ennakointi lis\u00e4\u00e4 hyvinvointia ja tuo s\u00e4\u00e4st\u00f6j\u00e4 - vaasanvaalipiirinvihreat.fi","og_description":"Kurikan noin 21&nbsp;000 asukkaasta noin 27% on yli 60 -vuotiaita. Vuosien 2016 &#8211; 2026 aikana yli 65 -vuotiaiden m\u00e4\u00e4r\u00e4n ennustetaan kasvavan 13% ja yli 85 -vuotiaiden m\u00e4\u00e4r\u00e4 17%. T\u00e4m\u00e4 asettaa kunnan t\u00e4rkeiden ratkaisujen \u00e4\u00e4relle, jotta v\u00e4ltytt\u00e4isiin liian suurelta hintalapulta ja terveydenhuollon kantokyvyn romahtamiselta. Kurikka on rakenteellinen malliesimerkki maaseudulla. Elini\u00e4n pidentyess\u00e4 ja suurten ik\u00e4luokkien m\u00e4\u00e4r\u00e4n kasvaessa, [&hellip;]","og_url":"https:\/\/vaasanvaalipiirinvihreat.fi\/index.php\/2021\/02\/15\/ennakointi-lisaa-hyvinvointia-ja-tuo-saastoja\/","og_site_name":"vaasanvaalipiirinvihreat.fi","article_publisher":"https:\/\/www.facebook.com\/VaasanVaalipiirinVihreat","article_published_time":"2021-02-15T07:24:34+00:00","article_modified_time":"2025-01-20T15:18:45+00:00","og_image":[{"width":1728,"height":1633,"url":"https:\/\/vaasanvaalipiirinvihreat.fi\/wp-content\/uploads\/2021\/02\/hanna.jpg","type":"image\/jpeg"}],"author":"Yll\u00e4pit\u00e4j\u00e4","twitter_card":"summary_large_image","twitter_misc":{"Kirjoittanut":"Yll\u00e4pit\u00e4j\u00e4","Arvioitu lukuaika":"3 minuuttia"},"schema":{"@context":"https:\/\/schema.org","@graph":[{"@type":"Article","@id":"https:\/\/vaasanvaalipiirinvihreat.fi\/index.php\/2021\/02\/15\/ennakointi-lisaa-hyvinvointia-ja-tuo-saastoja\/#article","isPartOf":{"@id":"https:\/\/vaasanvaalipiirinvihreat.fi\/index.php\/2021\/02\/15\/ennakointi-lisaa-hyvinvointia-ja-tuo-saastoja\/"},"author":{"name":"Yll\u00e4pit\u00e4j\u00e4","@id":"https:\/\/vaasanvaalipiirinvihreat.fi\/#\/schema\/person\/d9205350c2a3b344c419b954e66c3daf"},"headline":"Ennakointi lis\u00e4\u00e4 hyvinvointia ja tuo s\u00e4\u00e4st\u00f6j\u00e4","datePublished":"2021-02-15T07:24:34+00:00","dateModified":"2025-01-20T15:18:45+00:00","mainEntityOfPage":{"@id":"https:\/\/vaasanvaalipiirinvihreat.fi\/index.php\/2021\/02\/15\/ennakointi-lisaa-hyvinvointia-ja-tuo-saastoja\/"},"wordCount":650,"publisher":{"@id":"https:\/\/vaasanvaalipiirinvihreat.fi\/#organization"},"image":{"@id":"https:\/\/vaasanvaalipiirinvihreat.fi\/index.php\/2021\/02\/15\/ennakointi-lisaa-hyvinvointia-ja-tuo-saastoja\/#primaryimage"},"thumbnailUrl":"https:\/\/vaasanvaalipiirinvihreat.fi\/wp-content\/uploads\/2021\/02\/hanna.jpg","articleSection":["Tiedotteet"],"inLanguage":"fi"},{"@type":"WebPage","@id":"https:\/\/vaasanvaalipiirinvihreat.fi\/index.php\/2021\/02\/15\/ennakointi-lisaa-hyvinvointia-ja-tuo-saastoja\/","url":"https:\/\/vaasanvaalipiirinvihreat.fi\/index.php\/2021\/02\/15\/ennakointi-lisaa-hyvinvointia-ja-tuo-saastoja\/","name":"Ennakointi lis\u00e4\u00e4 hyvinvointia ja tuo s\u00e4\u00e4st\u00f6j\u00e4 - vaasanvaalipiirinvihreat.fi","isPartOf":{"@id":"https:\/\/vaasanvaalipiirinvihreat.fi\/#website"},"primaryImageOfPage":{"@id":"https:\/\/vaasanvaalipiirinvihreat.fi\/index.php\/2021\/02\/15\/ennakointi-lisaa-hyvinvointia-ja-tuo-saastoja\/#primaryimage"},"image":{"@id":"https:\/\/vaasanvaalipiirinvihreat.fi\/index.php\/2021\/02\/15\/ennakointi-lisaa-hyvinvointia-ja-tuo-saastoja\/#primaryimage"},"thumbnailUrl":"https:\/\/vaasanvaalipiirinvihreat.fi\/wp-content\/uploads\/2021\/02\/hanna.jpg","datePublished":"2021-02-15T07:24:34+00:00","dateModified":"2025-01-20T15:18:45+00:00","breadcrumb":{"@id":"https:\/\/vaasanvaalipiirinvihreat.fi\/index.php\/2021\/02\/15\/ennakointi-lisaa-hyvinvointia-ja-tuo-saastoja\/#breadcrumb"},"inLanguage":"fi","potentialAction":[{"@type":"ReadAction","target":["https:\/\/vaasanvaalipiirinvihreat.fi\/index.php\/2021\/02\/15\/ennakointi-lisaa-hyvinvointia-ja-tuo-saastoja\/"]}]},{"@type":"ImageObject","inLanguage":"fi","@id":"https:\/\/vaasanvaalipiirinvihreat.fi\/index.php\/2021\/02\/15\/ennakointi-lisaa-hyvinvointia-ja-tuo-saastoja\/#primaryimage","url":"https:\/\/vaasanvaalipiirinvihreat.fi\/wp-content\/uploads\/2021\/02\/hanna.jpg","contentUrl":"https:\/\/vaasanvaalipiirinvihreat.fi\/wp-content\/uploads\/2021\/02\/hanna.jpg","width":1728,"height":1633},{"@type":"BreadcrumbList","@id":"https:\/\/vaasanvaalipiirinvihreat.fi\/index.php\/2021\/02\/15\/ennakointi-lisaa-hyvinvointia-ja-tuo-saastoja\/#breadcrumb","itemListElement":[{"@type":"ListItem","position":1,"name":"Etusivu","item":"https:\/\/vaasanvaalipiirinvihreat.fi\/"},{"@type":"ListItem","position":2,"name":"Ennakointi lis\u00e4\u00e4 hyvinvointia ja tuo s\u00e4\u00e4st\u00f6j\u00e4"}]},{"@type":"WebSite","@id":"https:\/\/vaasanvaalipiirinvihreat.fi\/#website","url":"https:\/\/vaasanvaalipiirinvihreat.fi\/","name":"vaasanvaalipiirinvihreat.fi","description":"Vaasan vaalipiirin vihre\u00e4t - De Gr\u00f6na i Vasa valkrets","publisher":{"@id":"https:\/\/vaasanvaalipiirinvihreat.fi\/#organization"},"potentialAction":[{"@type":"SearchAction","target":{"@type":"EntryPoint","urlTemplate":"https:\/\/vaasanvaalipiirinvihreat.fi\/?s={search_term_string}"},"query-input":{"@type":"PropertyValueSpecification","valueRequired":true,"valueName":"search_term_string"}}],"inLanguage":"fi"},{"@type":"Organization","@id":"https:\/\/vaasanvaalipiirinvihreat.fi\/#organization","name":"vaasanvaalipiirinvihreat.fi","alternateName":"Vaasan vaalipiirin vihre\u00e4t - De Gr\u00f6na i Vasa valkrets","url":"https:\/\/vaasanvaalipiirinvihreat.fi\/","logo":{"@type":"ImageObject","inLanguage":"fi","@id":"https:\/\/vaasanvaalipiirinvihreat.fi\/#\/schema\/logo\/image\/","url":"https:\/\/vaasanvaalipiirinvihreat.fi\/wp-content\/uploads\/2025\/01\/Vihreat_Logo_HOR_RGB_FIN_SWE.png","contentUrl":"https:\/\/vaasanvaalipiirinvihreat.fi\/wp-content\/uploads\/2025\/01\/Vihreat_Logo_HOR_RGB_FIN_SWE.png","width":1162,"height":409,"caption":"vaasanvaalipiirinvihreat.fi"},"image":{"@id":"https:\/\/vaasanvaalipiirinvihreat.fi\/#\/schema\/logo\/image\/"},"sameAs":["https:\/\/www.facebook.com\/VaasanVaalipiirinVihreat"]},{"@type":"Person","@id":"https:\/\/vaasanvaalipiirinvihreat.fi\/#\/schema\/person\/d9205350c2a3b344c419b954e66c3daf","name":"Yll\u00e4pit\u00e4j\u00e4","url":"https:\/\/vaasanvaalipiirinvihreat.fi\/index.php\/author\/sivustomestari\/"}]}},"_links":{"self":[{"href":"https:\/\/vaasanvaalipiirinvihreat.fi\/index.php\/wp-json\/wp\/v2\/posts\/1276","targetHints":{"allow":["GET"]}}],"collection":[{"href":"https:\/\/vaasanvaalipiirinvihreat.fi\/index.php\/wp-json\/wp\/v2\/posts"}],"about":[{"href":"https:\/\/vaasanvaalipiirinvihreat.fi\/index.php\/wp-json\/wp\/v2\/types\/post"}],"author":[{"embeddable":true,"href":"https:\/\/vaasanvaalipiirinvihreat.fi\/index.php\/wp-json\/wp\/v2\/users\/2"}],"replies":[{"embeddable":true,"href":"https:\/\/vaasanvaalipiirinvihreat.fi\/index.php\/wp-json\/wp\/v2\/comments?post=1276"}],"version-history":[{"count":1,"href":"https:\/\/vaasanvaalipiirinvihreat.fi\/index.php\/wp-json\/wp\/v2\/posts\/1276\/revisions"}],"predecessor-version":[{"id":2091,"href":"https:\/\/vaasanvaalipiirinvihreat.fi\/index.php\/wp-json\/wp\/v2\/posts\/1276\/revisions\/2091"}],"wp:featuredmedia":[{"embeddable":true,"href":"https:\/\/vaasanvaalipiirinvihreat.fi\/index.php\/wp-json\/wp\/v2\/media\/1277"}],"wp:attachment":[{"href":"https:\/\/vaasanvaalipiirinvihreat.fi\/index.php\/wp-json\/wp\/v2\/media?parent=1276"}],"wp:term":[{"taxonomy":"category","embeddable":true,"href":"https:\/\/vaasanvaalipiirinvihreat.fi\/index.php\/wp-json\/wp\/v2\/categories?post=1276"},{"taxonomy":"post_tag","embeddable":true,"href":"https:\/\/vaasanvaalipiirinvihreat.fi\/index.php\/wp-json\/wp\/v2\/tags?post=1276"}],"curies":[{"name":"wp","href":"https:\/\/api.w.org\/{rel}","templated":true}]}}