{"id":1350,"date":"2021-04-12T13:09:42","date_gmt":"2021-04-12T11:09:42","guid":{"rendered":"http:\/\/www.vavavi.fi\/?p=1350"},"modified":"2025-01-20T17:18:47","modified_gmt":"2025-01-20T15:18:47","slug":"onko-minusta-siihen","status":"publish","type":"post","link":"https:\/\/vaasanvaalipiirinvihreat.fi\/index.php\/2021\/04\/12\/onko-minusta-siihen\/","title":{"rendered":"&#8221;Onko minusta siihen?&#8221;"},"content":{"rendered":"\n<figure class=\"wp-block-image size-large is-resized\"><img fetchpriority=\"high\" decoding=\"async\" src=\"http:\/\/vaasanvaalipiirinvihreat.fi\/tuonti\/wp-content\/uploads\/2021\/04\/mikko-644x644.jpg\" alt=\"\" class=\"wp-image-1351\" width=\"382\" height=\"382\"\/><figcaption>Mikko Jokipii on Vaasan vaalipiirin vihreiden toiminnanjohtaja sek\u00e4 kurikkalainen kaupunginvaltuutettu<\/figcaption><\/figure>\n\n\n\n<p class=\"has-medium-font-size\"><strong>Ensimm\u00e4iset vaalini olivat Jalasj\u00e4rven yl\u00e4-asteen oppilaskuntavaalit vuonna 1997. Nousin lavalle, asetin k\u00e4teni Richard Nixonin tunnetuksi tekem\u00e4\u00e4n kaksik\u00e4tiseen peace \u2013 asentoon ja julistin \u201c\u00e4\u00e4nest\u00e4k\u00e4\u00e4 mua, oon paras\u201d. Olin ysiluokkalainen nuorimies joka oli karistanut vauvakiloja pois ja oli sit\u00e4 mielt\u00e4 ett\u00e4 maailma on nyt valmis minun ehdokkuudelleeni. Samaan aikaan kaksoissiskoni istui yleis\u00f6ss\u00e4, ja varmaan py\u00f6ritteli hiljaa silmi\u00e4\u00e4n<\/strong>.<\/p>\n\n\n\n<p class=\"has-medium-font-size\">T\u00e4m\u00e4 pieni hetki kertoo minusta, siskostani ja meist\u00e4 suomalaisista kenties enemm\u00e4n kuin mit\u00e4 nopeasti ajattelet.<br><br>Oppilaskuntavaalit ja nuorisovaltuustovaalit tuli poikasena koluttua l\u00e4pi, ja vaaleissahan oli monelle nuorelle kyse enemm\u00e4n suosiosta kuin vastuusta. Minulle ne olivat itsetunnon p\u00f6nkityst\u00e4, enk\u00e4 usko olleeni ollenkaan se tehokkain tai vastuullisin j\u00e4sen. Nuorisovaltuustossa muistan olleeni sellainen takapenkin perseilij\u00e4, joka toki k\u00e4vi kokouksissa, mutta ei kuitenkaan ollut se ihan tuottelijain j\u00e4sen. Ty\u00f6taakan kantoivat usein n\u00e4kym\u00e4tt\u00f6m\u00e4t vastuunkantajat, jotka pitiv\u00e4t homman k\u00e4ynniss\u00e4.<br><br>Sama kuvio toteutuu monessa kaupunginvaltuustossa.<br><br>Kun omaan ty\u00f6nkuvaan kuuluu ihmisten kysymist\u00e4 ehdolle kuntavaaleihin, kuulee ja n\u00e4kee monenlaisia reaktioita: kohteliasta radiohiljaisuutta, hyvi\u00e4 ja huonoja syit\u00e4, puoluepolitiikkaa, ajank\u00e4ytt\u00f6\u00e4 ja yll\u00e4ttynytt\u00e4 naureskelua. Todella usein kuulen henkil\u00f6n sanovan \u201c<em>en tied\u00e4 olisiko minusta siihen<\/em>\u201d.<br><br>Toistan t\u00e4m\u00e4n usein, koska se on mielest\u00e4ni t\u00e4rke\u00e4\u00e4: kaikki puolueet tarvitsevat ihmisi\u00e4 jotka kysyv\u00e4t itselt\u00e4\u00e4n \u201c<em>en tied\u00e4 olisiko minusta siihen\u201d<\/em>. J\u00e4rkev\u00e4 ja tasapainoinen ihminen kysyy itselt\u00e4\u00e4n haastavia kysymyksi\u00e4.<br><br>T\u00e4m\u00e4n vastauksen vastakohtana on luonnollisesti <em>\u201cTOTTAKAI minusta on siihen\u201d<\/em>, joka viittaa joko jo k\u00e4ytyyn ajatusprosessiin tai v\u00e4litt\u00f6m\u00e4\u00e4n, kritiikitt\u00f6m\u00e4\u00e4n ja sangen narsistiseen ajatukseen siit\u00e4 ett\u00e4 \u201c<em>jos joku niin min\u00e4 osaan n\u00e4\u00e4 jutut<\/em>\u201d. Ik\u00e4v\u00e4n usein kaksi vastakkaista vastausta ovat etenkin t\u00e4\u00e4ll\u00e4 Pohjanmaalla sukupuoleen sidottuja. Ja se puolestaan p\u00e4\u00e4tyy n\u00e4kym\u00e4\u00e4n valtuustojemme sukupuolijakaumissa, jotka ovat ihan liian miesvoittoisia. Edustuksellinen demokratia ei ik\u00e4v\u00e4 kyll\u00e4 toteudu oikein laadukkaasti jos kunnissa asioista p\u00e4\u00e4tt\u00e4v\u00e4t isolla enemmist\u00f6ll\u00e4 50-70 -vuotiaat miehet.<br><br>Jos siis tunnet henkil\u00f6n joka mielest\u00e4si olisi hyv\u00e4 kuntavaltuutettu, riippumatta puolueesta, puske t\u00e4t\u00e4 l\u00e4htem\u00e4\u00e4n ehdolle. Suomalaiset kunnat tarvitsevat juuri nyt enemm\u00e4n vastuullisia tekij\u00f6it\u00e4, jotka kysyv\u00e4t itselt\u00e4\u00e4n vaikeita kysymyksi\u00e4.<\/p>\n\n\n\n<p class=\"has-medium-font-size\">Jos puolue on vihre\u00e4t, ehdota ehdokasta osoitteessa <a href=\"http:\/\/www.vihreat.fi\/ehdokkaaksi\">www.vihreat.fi\/ehdokkaaksi<\/a><\/p>\n\n\n\n<p class=\"has-medium-font-size\"><em>Mikko Jokipii<br>Toiminnanjohtaja<br>Vaasan vaalipiirin vihre\u00e4t<\/em><\/p>\n","protected":false},"excerpt":{"rendered":"<p>Ensimm\u00e4iset vaalini olivat Jalasj\u00e4rven yl\u00e4-asteen oppilaskuntavaalit vuonna 1997. Nousin lavalle, asetin k\u00e4teni Richard Nixonin tunnetuksi tekem\u00e4\u00e4n kaksik\u00e4tiseen peace \u2013 asentoon ja julistin \u201c\u00e4\u00e4nest\u00e4k\u00e4\u00e4 mua, oon paras\u201d. Olin ysiluokkalainen nuorimies joka oli karistanut vauvakiloja pois ja oli sit\u00e4 mielt\u00e4 ett\u00e4 maailma on nyt valmis minun ehdokkuudelleeni. Samaan aikaan kaksoissiskoni istui yleis\u00f6ss\u00e4, ja varmaan py\u00f6ritteli hiljaa silmi\u00e4\u00e4n. [&hellip;]<\/p>\n","protected":false},"author":2,"featured_media":1356,"comment_status":"closed","ping_status":"closed","sticky":false,"template":"","format":"standard","meta":{"footnotes":""},"categories":[2],"tags":[],"class_list":["post-1350","post","type-post","status-publish","format-standard","has-post-thumbnail","hentry","category-tiedotteet"],"yoast_head":"<!-- This site is optimized with the Yoast SEO plugin v27.5 - https:\/\/yoast.com\/product\/yoast-seo-wordpress\/ -->\n<title>&quot;Onko minusta siihen?&quot; - vaasanvaalipiirinvihreat.fi<\/title>\n<meta name=\"robots\" content=\"index, follow, max-snippet:-1, max-image-preview:large, max-video-preview:-1\" \/>\n<link rel=\"canonical\" href=\"https:\/\/vaasanvaalipiirinvihreat.fi\/index.php\/2021\/04\/12\/onko-minusta-siihen\/\" \/>\n<meta property=\"og:locale\" content=\"fi_FI\" \/>\n<meta property=\"og:type\" content=\"article\" \/>\n<meta property=\"og:title\" content=\"&quot;Onko minusta siihen?&quot; - vaasanvaalipiirinvihreat.fi\" \/>\n<meta property=\"og:description\" content=\"Ensimm\u00e4iset vaalini olivat Jalasj\u00e4rven yl\u00e4-asteen oppilaskuntavaalit vuonna 1997. Nousin lavalle, asetin k\u00e4teni Richard Nixonin tunnetuksi tekem\u00e4\u00e4n kaksik\u00e4tiseen peace \u2013 asentoon ja julistin \u201c\u00e4\u00e4nest\u00e4k\u00e4\u00e4 mua, oon paras\u201d. Olin ysiluokkalainen nuorimies joka oli karistanut vauvakiloja pois ja oli sit\u00e4 mielt\u00e4 ett\u00e4 maailma on nyt valmis minun ehdokkuudelleeni. Samaan aikaan kaksoissiskoni istui yleis\u00f6ss\u00e4, ja varmaan py\u00f6ritteli hiljaa silmi\u00e4\u00e4n. [&hellip;]\" \/>\n<meta property=\"og:url\" content=\"https:\/\/vaasanvaalipiirinvihreat.fi\/index.php\/2021\/04\/12\/onko-minusta-siihen\/\" \/>\n<meta property=\"og:site_name\" content=\"vaasanvaalipiirinvihreat.fi\" \/>\n<meta property=\"article:publisher\" content=\"https:\/\/www.facebook.com\/VaasanVaalipiirinVihreat\" \/>\n<meta property=\"article:published_time\" content=\"2021-04-12T11:09:42+00:00\" \/>\n<meta property=\"article:modified_time\" content=\"2025-01-20T15:18:47+00:00\" \/>\n<meta property=\"og:image\" content=\"https:\/\/vaasanvaalipiirinvihreat.fi\/wp-content\/uploads\/2021\/04\/mikko-1.jpg\" \/>\n\t<meta property=\"og:image:width\" content=\"1080\" \/>\n\t<meta property=\"og:image:height\" content=\"738\" \/>\n\t<meta property=\"og:image:type\" content=\"image\/jpeg\" \/>\n<meta name=\"author\" content=\"Yll\u00e4pit\u00e4j\u00e4\" \/>\n<meta name=\"twitter:card\" content=\"summary_large_image\" \/>\n<meta name=\"twitter:label1\" content=\"Kirjoittanut\" \/>\n\t<meta name=\"twitter:data1\" content=\"Yll\u00e4pit\u00e4j\u00e4\" \/>\n\t<meta name=\"twitter:label2\" content=\"Arvioitu lukuaika\" \/>\n\t<meta name=\"twitter:data2\" content=\"2 minuuttia\" \/>\n<script type=\"application\/ld+json\" class=\"yoast-schema-graph\">{\"@context\":\"https:\\\/\\\/schema.org\",\"@graph\":[{\"@type\":\"Article\",\"@id\":\"https:\\\/\\\/vaasanvaalipiirinvihreat.fi\\\/index.php\\\/2021\\\/04\\\/12\\\/onko-minusta-siihen\\\/#article\",\"isPartOf\":{\"@id\":\"https:\\\/\\\/vaasanvaalipiirinvihreat.fi\\\/index.php\\\/2021\\\/04\\\/12\\\/onko-minusta-siihen\\\/\"},\"author\":{\"name\":\"Yll\u00e4pit\u00e4j\u00e4\",\"@id\":\"https:\\\/\\\/vaasanvaalipiirinvihreat.fi\\\/#\\\/schema\\\/person\\\/d9205350c2a3b344c419b954e66c3daf\"},\"headline\":\"&#8221;Onko minusta siihen?&#8221;\",\"datePublished\":\"2021-04-12T11:09:42+00:00\",\"dateModified\":\"2025-01-20T15:18:47+00:00\",\"mainEntityOfPage\":{\"@id\":\"https:\\\/\\\/vaasanvaalipiirinvihreat.fi\\\/index.php\\\/2021\\\/04\\\/12\\\/onko-minusta-siihen\\\/\"},\"wordCount\":388,\"publisher\":{\"@id\":\"https:\\\/\\\/vaasanvaalipiirinvihreat.fi\\\/#organization\"},\"image\":{\"@id\":\"https:\\\/\\\/vaasanvaalipiirinvihreat.fi\\\/index.php\\\/2021\\\/04\\\/12\\\/onko-minusta-siihen\\\/#primaryimage\"},\"thumbnailUrl\":\"https:\\\/\\\/vaasanvaalipiirinvihreat.fi\\\/wp-content\\\/uploads\\\/2021\\\/04\\\/mikko-1.jpg\",\"articleSection\":[\"Tiedotteet\"],\"inLanguage\":\"fi\"},{\"@type\":\"WebPage\",\"@id\":\"https:\\\/\\\/vaasanvaalipiirinvihreat.fi\\\/index.php\\\/2021\\\/04\\\/12\\\/onko-minusta-siihen\\\/\",\"url\":\"https:\\\/\\\/vaasanvaalipiirinvihreat.fi\\\/index.php\\\/2021\\\/04\\\/12\\\/onko-minusta-siihen\\\/\",\"name\":\"\\\"Onko minusta siihen?\\\" - vaasanvaalipiirinvihreat.fi\",\"isPartOf\":{\"@id\":\"https:\\\/\\\/vaasanvaalipiirinvihreat.fi\\\/#website\"},\"primaryImageOfPage\":{\"@id\":\"https:\\\/\\\/vaasanvaalipiirinvihreat.fi\\\/index.php\\\/2021\\\/04\\\/12\\\/onko-minusta-siihen\\\/#primaryimage\"},\"image\":{\"@id\":\"https:\\\/\\\/vaasanvaalipiirinvihreat.fi\\\/index.php\\\/2021\\\/04\\\/12\\\/onko-minusta-siihen\\\/#primaryimage\"},\"thumbnailUrl\":\"https:\\\/\\\/vaasanvaalipiirinvihreat.fi\\\/wp-content\\\/uploads\\\/2021\\\/04\\\/mikko-1.jpg\",\"datePublished\":\"2021-04-12T11:09:42+00:00\",\"dateModified\":\"2025-01-20T15:18:47+00:00\",\"breadcrumb\":{\"@id\":\"https:\\\/\\\/vaasanvaalipiirinvihreat.fi\\\/index.php\\\/2021\\\/04\\\/12\\\/onko-minusta-siihen\\\/#breadcrumb\"},\"inLanguage\":\"fi\",\"potentialAction\":[{\"@type\":\"ReadAction\",\"target\":[\"https:\\\/\\\/vaasanvaalipiirinvihreat.fi\\\/index.php\\\/2021\\\/04\\\/12\\\/onko-minusta-siihen\\\/\"]}]},{\"@type\":\"ImageObject\",\"inLanguage\":\"fi\",\"@id\":\"https:\\\/\\\/vaasanvaalipiirinvihreat.fi\\\/index.php\\\/2021\\\/04\\\/12\\\/onko-minusta-siihen\\\/#primaryimage\",\"url\":\"https:\\\/\\\/vaasanvaalipiirinvihreat.fi\\\/wp-content\\\/uploads\\\/2021\\\/04\\\/mikko-1.jpg\",\"contentUrl\":\"https:\\\/\\\/vaasanvaalipiirinvihreat.fi\\\/wp-content\\\/uploads\\\/2021\\\/04\\\/mikko-1.jpg\",\"width\":1080,\"height\":738},{\"@type\":\"BreadcrumbList\",\"@id\":\"https:\\\/\\\/vaasanvaalipiirinvihreat.fi\\\/index.php\\\/2021\\\/04\\\/12\\\/onko-minusta-siihen\\\/#breadcrumb\",\"itemListElement\":[{\"@type\":\"ListItem\",\"position\":1,\"name\":\"Etusivu\",\"item\":\"https:\\\/\\\/vaasanvaalipiirinvihreat.fi\\\/\"},{\"@type\":\"ListItem\",\"position\":2,\"name\":\"&#8221;Onko minusta siihen?&#8221;\"}]},{\"@type\":\"WebSite\",\"@id\":\"https:\\\/\\\/vaasanvaalipiirinvihreat.fi\\\/#website\",\"url\":\"https:\\\/\\\/vaasanvaalipiirinvihreat.fi\\\/\",\"name\":\"vaasanvaalipiirinvihreat.fi\",\"description\":\"Vaasan vaalipiirin vihre\u00e4t - De Gr\u00f6na i Vasa valkrets\",\"publisher\":{\"@id\":\"https:\\\/\\\/vaasanvaalipiirinvihreat.fi\\\/#organization\"},\"potentialAction\":[{\"@type\":\"SearchAction\",\"target\":{\"@type\":\"EntryPoint\",\"urlTemplate\":\"https:\\\/\\\/vaasanvaalipiirinvihreat.fi\\\/?s={search_term_string}\"},\"query-input\":{\"@type\":\"PropertyValueSpecification\",\"valueRequired\":true,\"valueName\":\"search_term_string\"}}],\"inLanguage\":\"fi\"},{\"@type\":\"Organization\",\"@id\":\"https:\\\/\\\/vaasanvaalipiirinvihreat.fi\\\/#organization\",\"name\":\"vaasanvaalipiirinvihreat.fi\",\"alternateName\":\"Vaasan vaalipiirin vihre\u00e4t - De Gr\u00f6na i Vasa valkrets\",\"url\":\"https:\\\/\\\/vaasanvaalipiirinvihreat.fi\\\/\",\"logo\":{\"@type\":\"ImageObject\",\"inLanguage\":\"fi\",\"@id\":\"https:\\\/\\\/vaasanvaalipiirinvihreat.fi\\\/#\\\/schema\\\/logo\\\/image\\\/\",\"url\":\"https:\\\/\\\/vaasanvaalipiirinvihreat.fi\\\/wp-content\\\/uploads\\\/2025\\\/01\\\/Vihreat_Logo_HOR_RGB_FIN_SWE.png\",\"contentUrl\":\"https:\\\/\\\/vaasanvaalipiirinvihreat.fi\\\/wp-content\\\/uploads\\\/2025\\\/01\\\/Vihreat_Logo_HOR_RGB_FIN_SWE.png\",\"width\":1162,\"height\":409,\"caption\":\"vaasanvaalipiirinvihreat.fi\"},\"image\":{\"@id\":\"https:\\\/\\\/vaasanvaalipiirinvihreat.fi\\\/#\\\/schema\\\/logo\\\/image\\\/\"},\"sameAs\":[\"https:\\\/\\\/www.facebook.com\\\/VaasanVaalipiirinVihreat\"]},{\"@type\":\"Person\",\"@id\":\"https:\\\/\\\/vaasanvaalipiirinvihreat.fi\\\/#\\\/schema\\\/person\\\/d9205350c2a3b344c419b954e66c3daf\",\"name\":\"Yll\u00e4pit\u00e4j\u00e4\",\"url\":\"https:\\\/\\\/vaasanvaalipiirinvihreat.fi\\\/index.php\\\/author\\\/sivustomestari\\\/\"}]}<\/script>\n<!-- \/ Yoast SEO plugin. -->","yoast_head_json":{"title":"\"Onko minusta siihen?\" - vaasanvaalipiirinvihreat.fi","robots":{"index":"index","follow":"follow","max-snippet":"max-snippet:-1","max-image-preview":"max-image-preview:large","max-video-preview":"max-video-preview:-1"},"canonical":"https:\/\/vaasanvaalipiirinvihreat.fi\/index.php\/2021\/04\/12\/onko-minusta-siihen\/","og_locale":"fi_FI","og_type":"article","og_title":"\"Onko minusta siihen?\" - vaasanvaalipiirinvihreat.fi","og_description":"Ensimm\u00e4iset vaalini olivat Jalasj\u00e4rven yl\u00e4-asteen oppilaskuntavaalit vuonna 1997. Nousin lavalle, asetin k\u00e4teni Richard Nixonin tunnetuksi tekem\u00e4\u00e4n kaksik\u00e4tiseen peace \u2013 asentoon ja julistin \u201c\u00e4\u00e4nest\u00e4k\u00e4\u00e4 mua, oon paras\u201d. Olin ysiluokkalainen nuorimies joka oli karistanut vauvakiloja pois ja oli sit\u00e4 mielt\u00e4 ett\u00e4 maailma on nyt valmis minun ehdokkuudelleeni. Samaan aikaan kaksoissiskoni istui yleis\u00f6ss\u00e4, ja varmaan py\u00f6ritteli hiljaa silmi\u00e4\u00e4n. [&hellip;]","og_url":"https:\/\/vaasanvaalipiirinvihreat.fi\/index.php\/2021\/04\/12\/onko-minusta-siihen\/","og_site_name":"vaasanvaalipiirinvihreat.fi","article_publisher":"https:\/\/www.facebook.com\/VaasanVaalipiirinVihreat","article_published_time":"2021-04-12T11:09:42+00:00","article_modified_time":"2025-01-20T15:18:47+00:00","og_image":[{"width":1080,"height":738,"url":"https:\/\/vaasanvaalipiirinvihreat.fi\/wp-content\/uploads\/2021\/04\/mikko-1.jpg","type":"image\/jpeg"}],"author":"Yll\u00e4pit\u00e4j\u00e4","twitter_card":"summary_large_image","twitter_misc":{"Kirjoittanut":"Yll\u00e4pit\u00e4j\u00e4","Arvioitu lukuaika":"2 minuuttia"},"schema":{"@context":"https:\/\/schema.org","@graph":[{"@type":"Article","@id":"https:\/\/vaasanvaalipiirinvihreat.fi\/index.php\/2021\/04\/12\/onko-minusta-siihen\/#article","isPartOf":{"@id":"https:\/\/vaasanvaalipiirinvihreat.fi\/index.php\/2021\/04\/12\/onko-minusta-siihen\/"},"author":{"name":"Yll\u00e4pit\u00e4j\u00e4","@id":"https:\/\/vaasanvaalipiirinvihreat.fi\/#\/schema\/person\/d9205350c2a3b344c419b954e66c3daf"},"headline":"&#8221;Onko minusta siihen?&#8221;","datePublished":"2021-04-12T11:09:42+00:00","dateModified":"2025-01-20T15:18:47+00:00","mainEntityOfPage":{"@id":"https:\/\/vaasanvaalipiirinvihreat.fi\/index.php\/2021\/04\/12\/onko-minusta-siihen\/"},"wordCount":388,"publisher":{"@id":"https:\/\/vaasanvaalipiirinvihreat.fi\/#organization"},"image":{"@id":"https:\/\/vaasanvaalipiirinvihreat.fi\/index.php\/2021\/04\/12\/onko-minusta-siihen\/#primaryimage"},"thumbnailUrl":"https:\/\/vaasanvaalipiirinvihreat.fi\/wp-content\/uploads\/2021\/04\/mikko-1.jpg","articleSection":["Tiedotteet"],"inLanguage":"fi"},{"@type":"WebPage","@id":"https:\/\/vaasanvaalipiirinvihreat.fi\/index.php\/2021\/04\/12\/onko-minusta-siihen\/","url":"https:\/\/vaasanvaalipiirinvihreat.fi\/index.php\/2021\/04\/12\/onko-minusta-siihen\/","name":"\"Onko minusta siihen?\" - vaasanvaalipiirinvihreat.fi","isPartOf":{"@id":"https:\/\/vaasanvaalipiirinvihreat.fi\/#website"},"primaryImageOfPage":{"@id":"https:\/\/vaasanvaalipiirinvihreat.fi\/index.php\/2021\/04\/12\/onko-minusta-siihen\/#primaryimage"},"image":{"@id":"https:\/\/vaasanvaalipiirinvihreat.fi\/index.php\/2021\/04\/12\/onko-minusta-siihen\/#primaryimage"},"thumbnailUrl":"https:\/\/vaasanvaalipiirinvihreat.fi\/wp-content\/uploads\/2021\/04\/mikko-1.jpg","datePublished":"2021-04-12T11:09:42+00:00","dateModified":"2025-01-20T15:18:47+00:00","breadcrumb":{"@id":"https:\/\/vaasanvaalipiirinvihreat.fi\/index.php\/2021\/04\/12\/onko-minusta-siihen\/#breadcrumb"},"inLanguage":"fi","potentialAction":[{"@type":"ReadAction","target":["https:\/\/vaasanvaalipiirinvihreat.fi\/index.php\/2021\/04\/12\/onko-minusta-siihen\/"]}]},{"@type":"ImageObject","inLanguage":"fi","@id":"https:\/\/vaasanvaalipiirinvihreat.fi\/index.php\/2021\/04\/12\/onko-minusta-siihen\/#primaryimage","url":"https:\/\/vaasanvaalipiirinvihreat.fi\/wp-content\/uploads\/2021\/04\/mikko-1.jpg","contentUrl":"https:\/\/vaasanvaalipiirinvihreat.fi\/wp-content\/uploads\/2021\/04\/mikko-1.jpg","width":1080,"height":738},{"@type":"BreadcrumbList","@id":"https:\/\/vaasanvaalipiirinvihreat.fi\/index.php\/2021\/04\/12\/onko-minusta-siihen\/#breadcrumb","itemListElement":[{"@type":"ListItem","position":1,"name":"Etusivu","item":"https:\/\/vaasanvaalipiirinvihreat.fi\/"},{"@type":"ListItem","position":2,"name":"&#8221;Onko minusta siihen?&#8221;"}]},{"@type":"WebSite","@id":"https:\/\/vaasanvaalipiirinvihreat.fi\/#website","url":"https:\/\/vaasanvaalipiirinvihreat.fi\/","name":"vaasanvaalipiirinvihreat.fi","description":"Vaasan vaalipiirin vihre\u00e4t - De Gr\u00f6na i Vasa valkrets","publisher":{"@id":"https:\/\/vaasanvaalipiirinvihreat.fi\/#organization"},"potentialAction":[{"@type":"SearchAction","target":{"@type":"EntryPoint","urlTemplate":"https:\/\/vaasanvaalipiirinvihreat.fi\/?s={search_term_string}"},"query-input":{"@type":"PropertyValueSpecification","valueRequired":true,"valueName":"search_term_string"}}],"inLanguage":"fi"},{"@type":"Organization","@id":"https:\/\/vaasanvaalipiirinvihreat.fi\/#organization","name":"vaasanvaalipiirinvihreat.fi","alternateName":"Vaasan vaalipiirin vihre\u00e4t - De Gr\u00f6na i Vasa valkrets","url":"https:\/\/vaasanvaalipiirinvihreat.fi\/","logo":{"@type":"ImageObject","inLanguage":"fi","@id":"https:\/\/vaasanvaalipiirinvihreat.fi\/#\/schema\/logo\/image\/","url":"https:\/\/vaasanvaalipiirinvihreat.fi\/wp-content\/uploads\/2025\/01\/Vihreat_Logo_HOR_RGB_FIN_SWE.png","contentUrl":"https:\/\/vaasanvaalipiirinvihreat.fi\/wp-content\/uploads\/2025\/01\/Vihreat_Logo_HOR_RGB_FIN_SWE.png","width":1162,"height":409,"caption":"vaasanvaalipiirinvihreat.fi"},"image":{"@id":"https:\/\/vaasanvaalipiirinvihreat.fi\/#\/schema\/logo\/image\/"},"sameAs":["https:\/\/www.facebook.com\/VaasanVaalipiirinVihreat"]},{"@type":"Person","@id":"https:\/\/vaasanvaalipiirinvihreat.fi\/#\/schema\/person\/d9205350c2a3b344c419b954e66c3daf","name":"Yll\u00e4pit\u00e4j\u00e4","url":"https:\/\/vaasanvaalipiirinvihreat.fi\/index.php\/author\/sivustomestari\/"}]}},"_links":{"self":[{"href":"https:\/\/vaasanvaalipiirinvihreat.fi\/index.php\/wp-json\/wp\/v2\/posts\/1350","targetHints":{"allow":["GET"]}}],"collection":[{"href":"https:\/\/vaasanvaalipiirinvihreat.fi\/index.php\/wp-json\/wp\/v2\/posts"}],"about":[{"href":"https:\/\/vaasanvaalipiirinvihreat.fi\/index.php\/wp-json\/wp\/v2\/types\/post"}],"author":[{"embeddable":true,"href":"https:\/\/vaasanvaalipiirinvihreat.fi\/index.php\/wp-json\/wp\/v2\/users\/2"}],"replies":[{"embeddable":true,"href":"https:\/\/vaasanvaalipiirinvihreat.fi\/index.php\/wp-json\/wp\/v2\/comments?post=1350"}],"version-history":[{"count":1,"href":"https:\/\/vaasanvaalipiirinvihreat.fi\/index.php\/wp-json\/wp\/v2\/posts\/1350\/revisions"}],"predecessor-version":[{"id":2100,"href":"https:\/\/vaasanvaalipiirinvihreat.fi\/index.php\/wp-json\/wp\/v2\/posts\/1350\/revisions\/2100"}],"wp:featuredmedia":[{"embeddable":true,"href":"https:\/\/vaasanvaalipiirinvihreat.fi\/index.php\/wp-json\/wp\/v2\/media\/1356"}],"wp:attachment":[{"href":"https:\/\/vaasanvaalipiirinvihreat.fi\/index.php\/wp-json\/wp\/v2\/media?parent=1350"}],"wp:term":[{"taxonomy":"category","embeddable":true,"href":"https:\/\/vaasanvaalipiirinvihreat.fi\/index.php\/wp-json\/wp\/v2\/categories?post=1350"},{"taxonomy":"post_tag","embeddable":true,"href":"https:\/\/vaasanvaalipiirinvihreat.fi\/index.php\/wp-json\/wp\/v2\/tags?post=1350"}],"curies":[{"name":"wp","href":"https:\/\/api.w.org\/{rel}","templated":true}]}}