{"id":1378,"date":"2021-05-03T18:03:48","date_gmt":"2021-05-03T16:03:48","guid":{"rendered":"http:\/\/www.vavavi.fi\/?p=1378"},"modified":"2025-01-20T17:18:47","modified_gmt":"2025-01-20T15:18:47","slug":"vaalit-for-dummies-mita-sinun-tulisi-ymmartaa-kuntavaaleissa-aanestamisesta","status":"publish","type":"post","link":"https:\/\/vaasanvaalipiirinvihreat.fi\/index.php\/2021\/05\/03\/vaalit-for-dummies-mita-sinun-tulisi-ymmartaa-kuntavaaleissa-aanestamisesta\/","title":{"rendered":"Vaalit for dummies &#8211; mit\u00e4 sinun tulisi ymm\u00e4rt\u00e4\u00e4 kuntavaaleissa \u00e4\u00e4nest\u00e4misest\u00e4?"},"content":{"rendered":"\n<figure class=\"wp-block-image size-large is-resized\"><img fetchpriority=\"high\" decoding=\"async\" src=\"http:\/\/vaasanvaalipiirinvihreat.fi\/tuonti\/wp-content\/uploads\/2021\/05\/pp.jpg\" alt=\"\" class=\"wp-image-1379\" width=\"312\" height=\"312\" srcset=\"https:\/\/vaasanvaalipiirinvihreat.fi\/wp-content\/uploads\/2021\/05\/pp.jpg 640w, https:\/\/vaasanvaalipiirinvihreat.fi\/wp-content\/uploads\/2021\/05\/pp-300x300.jpg 300w, https:\/\/vaasanvaalipiirinvihreat.fi\/wp-content\/uploads\/2021\/05\/pp-150x150.jpg 150w\" sizes=\"(max-width: 312px) 100vw, 312px\" \/><figcaption>Niina Laitio on vihre\u00e4 kaupunginvaltuutettu sek\u00e4 tarkastuslautakunnan puheenjohtaja Alavudelta.<\/figcaption><\/figure>\n\n\n\n<p class=\"has-medium-font-size\"><strong>Kohta on taas aika k\u00e4yd\u00e4 uurnille ja vaikuttaa siihen, ketk\u00e4 k\u00e4ytt\u00e4v\u00e4t valtaa kunnissa seuraavat nelj\u00e4 vuotta. Se, mist\u00e4 kuntavaaleissa on kysymys, tuntuu unohtuvan sek\u00e4 osalta mediasta ett\u00e4 itse ehdokkailta. Seuraavassa k\u00e4yn yhden kunnanvaltuustokauden kokemuksella l\u00e4pi muutaman t\u00e4rpin siit\u00e4, mit\u00e4 sinun tulisi huomioida, kun teet \u00e4\u00e4nestysp\u00e4\u00e4t\u00f6st\u00e4.<\/strong><\/p>\n\n\n\n<p class=\"has-text-align-center has-large-font-size\">1. Suhteellinen vaalitapa <\/p>\n\n\n\n<p class=\"has-text-align-left has-medium-font-size\">Kuntavaalit miellet\u00e4\u00e4n eduskuntavaaleja enemm\u00e4n henkil\u00f6vaaleiksi, mik\u00e4 on sik\u00e4li oikein, ett\u00e4 kuntatasolla p\u00e4\u00e4tett\u00e4v\u00e4t asiat ovat usein perin kaukana puoluepolitiikasta (t\u00e4st\u00e4 lis\u00e4\u00e4 kohdassa kolme). Lis\u00e4ksi kuntavaalilistoja t\u00e4ytett\u00e4ess\u00e4 monelle poliittiselle ryhmittym\u00e4lle voi tulla kiusaus panostaa laadun sijasta m\u00e4\u00e4r\u00e4\u00e4n, ja listalla saattaa olla todella erilaisia ihmisi\u00e4. Sinun tuleekin muistaa, ett\u00e4 kun annat \u00e4\u00e4nesi mielest\u00e4si mahtavalle tyypille, jonka ajatusmaailma vastaa t\u00e4ysin omaasi, annat samalla \u00e4\u00e4nesi listan kaikille muillekin tyypeille, my\u00f6s sille tyypille, joka on kaikkein mulk-, siis et\u00e4imm\u00e4ll\u00e4 sinun arvoistasi. Kun siis mietit, kenet haluaisit auttaa valtuustoon, mieti hieman my\u00f6s sit\u00e4, ket\u00e4 et ainakaan haluaisi. Uudistushaluisen tuoreen kasvon vastapainona voi olla vaikutusvaltainen vanha\u00a0 jarru, tiede- ja sivistyssektorilla ansioituneen henkil\u00f6n vastapainona taas esimerkiksi armoitettu salaliittoteoreetikko, ja kaikkien ihmisten yht\u00e4l\u00e4ist\u00e4 ihmisarvoa rummuttavan \u00e4\u00e4nill\u00e4 valtuustoon voi nousta konservatiivinen homofoobikko. Tsekkaa siis listat l\u00e4pi v\u00e4h\u00e4n syvemmin.<\/p>\n\n\n\n<p class=\"has-text-align-center has-large-font-size\">2. Vaalilupaukset<\/p>\n\n\n\n<p class=\"has-medium-font-size\">Jos ehdokkaasi lataa p\u00f6yt\u00e4\u00e4n asioita, joita h\u00e4n aikoo l\u00e4pi p\u00e4\u00e4stess\u00e4\u00e4n toteuttaa, on h\u00e4n <em>a) uusi kuntapolitiikassa eik\u00e4 tied\u00e4 b) tiet\u00e4\u00e4, mutta valehtelee<\/em>. Kunnissa muutokset tapahtuvat tuskallisen hitaasti ja aina viranhaltijoiden kautta. Kunnanvaltuusto vet\u00e4\u00e4 isot linjat, ja yksitt\u00e4inen valtuutettu voi l\u00e4hinn\u00e4 tehd\u00e4 aloitteita. Hyv\u00e4ll\u00e4 onnella aloitteesi kohdistuu asiaan, joka on avarakatseisen ja virke\u00e4n viranhaltijan toimialueella ja saattaa edet\u00e4 jopa valmisteluun. Huonolla onnella vastaus on, ett\u00e4 meill\u00e4 tehd\u00e4\u00e4n t\u00e4t\u00e4 jo, end of story, vaikka ei edes teht\u00e4isi. Sissivaikuttaminen, eli idean antaminen ilmaiseksi niin, ett\u00e4 sen ei tiedet\u00e4 olevan sinulta, on monella tapaa kunnanvaltuustoa tehokkaampi tapa edist\u00e4\u00e4 yksitt\u00e4isi\u00e4 tarkkarajaisia asioita.\u00a0<\/p>\n\n\n\n<p class=\"has-medium-font-size\">Lis\u00e4ksi, katso kohta yksi, hyv\u00e4nkin henkil\u00f6n vaikutusmahdollisuuksia kaventaa h\u00e4nen ryhm\u00e4ns\u00e4. Se on nimitt\u00e4in niin, ett\u00e4 eritoten isoissa ryhmiss\u00e4 on hierarkia, ja niiss\u00e4 tikkaissa kapuaminen kest\u00e4\u00e4 yleens\u00e4 kauan. Jos k\u00e4y viel\u00e4 niin, ett\u00e4 ehdokkaasi on ehdolla sitoutumattomana, h\u00e4net tullaan isoissa ryhmiss\u00e4 sivuuttamaan t\u00e4ysin eik\u00e4 h\u00e4n tule saamaan mink\u00e4\u00e4nlaista asemaa mist\u00e4\u00e4n. Isoille ryhmille sitoutumaton on yht\u00e4 kuin vaalikarjaa, jota ei en\u00e4\u00e4 vaalien j\u00e4lkeen tarvita.\u00a0<\/p>\n\n\n\n<p class=\"has-medium-font-size\">Kuntapolitiikan grand old gentlemanit ja -ladyt ovat my\u00f6s sit\u00e4 mielt\u00e4, ett\u00e4 uudet ja nuoret (eli alle 55-vuotiaat) eiv\u00e4t osaa eiv\u00e4tk\u00e4 tied\u00e4 mit\u00e4\u00e4n ja on melkein vaarallista antaa heille vastuuta (ja ne, jotka ovat vahingossa sit\u00e4 saaneet ja onnistuneet, ovat poikkeuksia). Lis\u00e4ksi olen ihan omin korvin kuullut, ett\u00e4 jonkun paljon \u00e4\u00e4ni\u00e4 saaneen tulos on ryhm\u00e4ss\u00e4 mit\u00e4t\u00f6ity, koska on tiedetty tiet\u00e4\u00e4, ett\u00e4 \u00e4\u00e4net ovat tulleet v\u00e4\u00e4r\u00e4nlaisilta ihmisilt\u00e4. Kyll\u00e4, luit ihan oikein. Ja kyll\u00e4, min\u00e4kin olin j\u00e4rkyttynyt. Itseh\u00e4n olen sik\u00e4li monikertainen poikkeus, ett\u00e4 vaikka minua \u00e4\u00e4nestiv\u00e4t v\u00e4\u00e4r\u00e4nlaiset ihmiset ja olin uusi, alle 55v ja pienest\u00e4 ryhm\u00e4st\u00e4, minulle jaettiin \u00e4\u00e4nest\u00e4jien toimesta kortit, joilla sain yhden kunnan t\u00e4rkeimmist\u00e4 nuijista enk\u00e4 ole edes mokannut sit\u00e4 hommaa.<\/p>\n\n\n\n<p class=\"has-medium-font-size\">Eli spesifien lupausten sijaan sinun kannattaa katsoa ehdokkaasi arvoja, persoonaa ja sit\u00e4, mihin h\u00e4nen intohimonsa kiinnostuu. Kun ihmisen syd\u00e4n sykkii aidosti jollekin asialle, se tulee l\u00e4pi h\u00e4nen kaikessa toiminnassaan eik\u00e4 vain vaalien alla. Niiden asioiden puolesta h\u00e4n jaksaa puhua vuodesta toiseen ja pit\u00e4\u00e4 niit\u00e4 esill\u00e4.<\/p>\n\n\n\n<p class=\"has-text-align-center has-large-font-size\">3. Mit\u00e4 kunnissa p\u00e4\u00e4tet\u00e4\u00e4n <\/p>\n\n\n\n<p class=\"has-medium-font-size\">Liittyen kohtiin 1 ja 2, yksitt\u00e4iset ryhm\u00e4t ja henkil\u00f6t saattavat purjehtia kuntavaaleihin teemoilla, joilla ei ole mit\u00e4\u00e4n tekemist\u00e4 kuntien tai niiden p\u00e4\u00e4t\u00f6svallan kanssa. Tavan \u00e4\u00e4nest\u00e4j\u00e4\u00e4 t\u00e4m\u00e4 saattaa kovasti h\u00e4mment\u00e4\u00e4, varsinkin, kun mediakaan ei t\u00e4ss\u00e4 aina toimi kovin vastuullisesti ja jopa asettaa vaalikoneisiin kysymyksi\u00e4 teemoista, joihin ei kunnalla ole mit\u00e4\u00e4n p\u00e4\u00e4t\u00f6svaltaa. Kuntavaaleissa ei ole my\u00f6sk\u00e4\u00e4n kyse valtakunnanpolitiikasta eik\u00e4 kuntavaaleissa \u00e4\u00e4nestet\u00e4 p\u00e4\u00e4mimisterist\u00e4 tai hallituksesta. Itse asiassa kuntalain painotuksen mukaan kunnanvaltuuston t\u00e4rkein teht\u00e4v\u00e4 on toimia tulevaisuuteen suuntautuneena kunnan pitk\u00e4n t\u00e4ht\u00e4imen tavoitteiden linjaajana ja hahmottelijana ja strategisena johtajana.<\/p>\n\n\n\n<p class=\"has-medium-font-size\">Etsi siis itsellesi ehdokas, jolla on kyky n\u00e4hd\u00e4 kauas tulevaan ja uskallus menn\u00e4 ajan imuun mukaan sen sijaan, ett\u00e4 h\u00e4n pit\u00e4\u00e4 katseen taustapeiliss\u00e4 samalla neliraajajarruttaen kaikkea mahdollista uutta. Etsi ehdokas, joka on rohkea ja intohimoinen, ja joka uskaltaa ottaa vastuuta, jos sit\u00e4 h\u00e4nelle vahingossa tarjotaan. Etsi joku, joka ei alistu ja jota ei alisteta. Ja jos mieluisa ehdokkaasi on listalla, jossa on mukana t\u00e4ysin sinun arvojesi vastaisia henkil\u00f6it\u00e4, valitse joku toinen lista.\u00a0<\/p>\n\n\n\n<p class=\"has-medium-font-size\"><strong>T\u00e4ss\u00e4p\u00e4 ne! Tsemppi\u00e4 etsint\u00e4\u00e4n!<\/strong><\/p>\n\n\n\n<p class=\"has-medium-font-size\">Niina Laitio<br>Kaupunginvaltuutettu, kuntavaaliehdokas<br>Alavus<\/p>\n","protected":false},"excerpt":{"rendered":"<p>Kohta on taas aika k\u00e4yd\u00e4 uurnille ja vaikuttaa siihen, ketk\u00e4 k\u00e4ytt\u00e4v\u00e4t valtaa kunnissa seuraavat nelj\u00e4 vuotta. Se, mist\u00e4 kuntavaaleissa on kysymys, tuntuu unohtuvan sek\u00e4 osalta mediasta ett\u00e4 itse ehdokkailta. Seuraavassa k\u00e4yn yhden kunnanvaltuustokauden kokemuksella l\u00e4pi muutaman t\u00e4rpin siit\u00e4, mit\u00e4 sinun tulisi huomioida, kun teet \u00e4\u00e4nestysp\u00e4\u00e4t\u00f6st\u00e4. 1. Suhteellinen vaalitapa Kuntavaalit miellet\u00e4\u00e4n eduskuntavaaleja enemm\u00e4n henkil\u00f6vaaleiksi, mik\u00e4 on [&hellip;]<\/p>\n","protected":false},"author":2,"featured_media":1379,"comment_status":"closed","ping_status":"closed","sticky":false,"template":"","format":"standard","meta":{"footnotes":""},"categories":[2],"tags":[],"class_list":["post-1378","post","type-post","status-publish","format-standard","has-post-thumbnail","hentry","category-tiedotteet"],"yoast_head":"<!-- This site is optimized with the Yoast SEO plugin v27.5 - https:\/\/yoast.com\/product\/yoast-seo-wordpress\/ -->\n<title>Vaalit for dummies - mit\u00e4 sinun tulisi ymm\u00e4rt\u00e4\u00e4 kuntavaaleissa \u00e4\u00e4nest\u00e4misest\u00e4? - vaasanvaalipiirinvihreat.fi<\/title>\n<meta name=\"robots\" content=\"index, follow, max-snippet:-1, max-image-preview:large, max-video-preview:-1\" \/>\n<link rel=\"canonical\" href=\"https:\/\/vaasanvaalipiirinvihreat.fi\/index.php\/2021\/05\/03\/vaalit-for-dummies-mita-sinun-tulisi-ymmartaa-kuntavaaleissa-aanestamisesta\/\" \/>\n<meta property=\"og:locale\" content=\"fi_FI\" \/>\n<meta property=\"og:type\" content=\"article\" \/>\n<meta property=\"og:title\" content=\"Vaalit for dummies - mit\u00e4 sinun tulisi ymm\u00e4rt\u00e4\u00e4 kuntavaaleissa \u00e4\u00e4nest\u00e4misest\u00e4? - vaasanvaalipiirinvihreat.fi\" \/>\n<meta property=\"og:description\" content=\"Kohta on taas aika k\u00e4yd\u00e4 uurnille ja vaikuttaa siihen, ketk\u00e4 k\u00e4ytt\u00e4v\u00e4t valtaa kunnissa seuraavat nelj\u00e4 vuotta. Se, mist\u00e4 kuntavaaleissa on kysymys, tuntuu unohtuvan sek\u00e4 osalta mediasta ett\u00e4 itse ehdokkailta. Seuraavassa k\u00e4yn yhden kunnanvaltuustokauden kokemuksella l\u00e4pi muutaman t\u00e4rpin siit\u00e4, mit\u00e4 sinun tulisi huomioida, kun teet \u00e4\u00e4nestysp\u00e4\u00e4t\u00f6st\u00e4. 1. Suhteellinen vaalitapa Kuntavaalit miellet\u00e4\u00e4n eduskuntavaaleja enemm\u00e4n henkil\u00f6vaaleiksi, mik\u00e4 on [&hellip;]\" \/>\n<meta property=\"og:url\" content=\"https:\/\/vaasanvaalipiirinvihreat.fi\/index.php\/2021\/05\/03\/vaalit-for-dummies-mita-sinun-tulisi-ymmartaa-kuntavaaleissa-aanestamisesta\/\" \/>\n<meta property=\"og:site_name\" content=\"vaasanvaalipiirinvihreat.fi\" \/>\n<meta property=\"article:publisher\" content=\"https:\/\/www.facebook.com\/VaasanVaalipiirinVihreat\" \/>\n<meta property=\"article:published_time\" content=\"2021-05-03T16:03:48+00:00\" \/>\n<meta property=\"article:modified_time\" content=\"2025-01-20T15:18:47+00:00\" \/>\n<meta property=\"og:image\" content=\"https:\/\/vaasanvaalipiirinvihreat.fi\/wp-content\/uploads\/2021\/05\/pp.jpg\" \/>\n\t<meta property=\"og:image:width\" content=\"640\" \/>\n\t<meta property=\"og:image:height\" content=\"640\" \/>\n\t<meta property=\"og:image:type\" content=\"image\/jpeg\" \/>\n<meta name=\"author\" content=\"Yll\u00e4pit\u00e4j\u00e4\" \/>\n<meta name=\"twitter:card\" content=\"summary_large_image\" \/>\n<meta name=\"twitter:label1\" content=\"Kirjoittanut\" \/>\n\t<meta name=\"twitter:data1\" content=\"Yll\u00e4pit\u00e4j\u00e4\" \/>\n\t<meta name=\"twitter:label2\" content=\"Arvioitu lukuaika\" \/>\n\t<meta name=\"twitter:data2\" content=\"4 minuuttia\" \/>\n<script type=\"application\/ld+json\" class=\"yoast-schema-graph\">{\"@context\":\"https:\\\/\\\/schema.org\",\"@graph\":[{\"@type\":\"Article\",\"@id\":\"https:\\\/\\\/vaasanvaalipiirinvihreat.fi\\\/index.php\\\/2021\\\/05\\\/03\\\/vaalit-for-dummies-mita-sinun-tulisi-ymmartaa-kuntavaaleissa-aanestamisesta\\\/#article\",\"isPartOf\":{\"@id\":\"https:\\\/\\\/vaasanvaalipiirinvihreat.fi\\\/index.php\\\/2021\\\/05\\\/03\\\/vaalit-for-dummies-mita-sinun-tulisi-ymmartaa-kuntavaaleissa-aanestamisesta\\\/\"},\"author\":{\"name\":\"Yll\u00e4pit\u00e4j\u00e4\",\"@id\":\"https:\\\/\\\/vaasanvaalipiirinvihreat.fi\\\/#\\\/schema\\\/person\\\/d9205350c2a3b344c419b954e66c3daf\"},\"headline\":\"Vaalit for dummies &#8211; mit\u00e4 sinun tulisi ymm\u00e4rt\u00e4\u00e4 kuntavaaleissa \u00e4\u00e4nest\u00e4misest\u00e4?\",\"datePublished\":\"2021-05-03T16:03:48+00:00\",\"dateModified\":\"2025-01-20T15:18:47+00:00\",\"mainEntityOfPage\":{\"@id\":\"https:\\\/\\\/vaasanvaalipiirinvihreat.fi\\\/index.php\\\/2021\\\/05\\\/03\\\/vaalit-for-dummies-mita-sinun-tulisi-ymmartaa-kuntavaaleissa-aanestamisesta\\\/\"},\"wordCount\":793,\"publisher\":{\"@id\":\"https:\\\/\\\/vaasanvaalipiirinvihreat.fi\\\/#organization\"},\"image\":{\"@id\":\"https:\\\/\\\/vaasanvaalipiirinvihreat.fi\\\/index.php\\\/2021\\\/05\\\/03\\\/vaalit-for-dummies-mita-sinun-tulisi-ymmartaa-kuntavaaleissa-aanestamisesta\\\/#primaryimage\"},\"thumbnailUrl\":\"https:\\\/\\\/vaasanvaalipiirinvihreat.fi\\\/wp-content\\\/uploads\\\/2021\\\/05\\\/pp.jpg\",\"articleSection\":[\"Tiedotteet\"],\"inLanguage\":\"fi\"},{\"@type\":\"WebPage\",\"@id\":\"https:\\\/\\\/vaasanvaalipiirinvihreat.fi\\\/index.php\\\/2021\\\/05\\\/03\\\/vaalit-for-dummies-mita-sinun-tulisi-ymmartaa-kuntavaaleissa-aanestamisesta\\\/\",\"url\":\"https:\\\/\\\/vaasanvaalipiirinvihreat.fi\\\/index.php\\\/2021\\\/05\\\/03\\\/vaalit-for-dummies-mita-sinun-tulisi-ymmartaa-kuntavaaleissa-aanestamisesta\\\/\",\"name\":\"Vaalit for dummies - mit\u00e4 sinun tulisi ymm\u00e4rt\u00e4\u00e4 kuntavaaleissa \u00e4\u00e4nest\u00e4misest\u00e4? - vaasanvaalipiirinvihreat.fi\",\"isPartOf\":{\"@id\":\"https:\\\/\\\/vaasanvaalipiirinvihreat.fi\\\/#website\"},\"primaryImageOfPage\":{\"@id\":\"https:\\\/\\\/vaasanvaalipiirinvihreat.fi\\\/index.php\\\/2021\\\/05\\\/03\\\/vaalit-for-dummies-mita-sinun-tulisi-ymmartaa-kuntavaaleissa-aanestamisesta\\\/#primaryimage\"},\"image\":{\"@id\":\"https:\\\/\\\/vaasanvaalipiirinvihreat.fi\\\/index.php\\\/2021\\\/05\\\/03\\\/vaalit-for-dummies-mita-sinun-tulisi-ymmartaa-kuntavaaleissa-aanestamisesta\\\/#primaryimage\"},\"thumbnailUrl\":\"https:\\\/\\\/vaasanvaalipiirinvihreat.fi\\\/wp-content\\\/uploads\\\/2021\\\/05\\\/pp.jpg\",\"datePublished\":\"2021-05-03T16:03:48+00:00\",\"dateModified\":\"2025-01-20T15:18:47+00:00\",\"breadcrumb\":{\"@id\":\"https:\\\/\\\/vaasanvaalipiirinvihreat.fi\\\/index.php\\\/2021\\\/05\\\/03\\\/vaalit-for-dummies-mita-sinun-tulisi-ymmartaa-kuntavaaleissa-aanestamisesta\\\/#breadcrumb\"},\"inLanguage\":\"fi\",\"potentialAction\":[{\"@type\":\"ReadAction\",\"target\":[\"https:\\\/\\\/vaasanvaalipiirinvihreat.fi\\\/index.php\\\/2021\\\/05\\\/03\\\/vaalit-for-dummies-mita-sinun-tulisi-ymmartaa-kuntavaaleissa-aanestamisesta\\\/\"]}]},{\"@type\":\"ImageObject\",\"inLanguage\":\"fi\",\"@id\":\"https:\\\/\\\/vaasanvaalipiirinvihreat.fi\\\/index.php\\\/2021\\\/05\\\/03\\\/vaalit-for-dummies-mita-sinun-tulisi-ymmartaa-kuntavaaleissa-aanestamisesta\\\/#primaryimage\",\"url\":\"https:\\\/\\\/vaasanvaalipiirinvihreat.fi\\\/wp-content\\\/uploads\\\/2021\\\/05\\\/pp.jpg\",\"contentUrl\":\"https:\\\/\\\/vaasanvaalipiirinvihreat.fi\\\/wp-content\\\/uploads\\\/2021\\\/05\\\/pp.jpg\",\"width\":640,\"height\":640},{\"@type\":\"BreadcrumbList\",\"@id\":\"https:\\\/\\\/vaasanvaalipiirinvihreat.fi\\\/index.php\\\/2021\\\/05\\\/03\\\/vaalit-for-dummies-mita-sinun-tulisi-ymmartaa-kuntavaaleissa-aanestamisesta\\\/#breadcrumb\",\"itemListElement\":[{\"@type\":\"ListItem\",\"position\":1,\"name\":\"Etusivu\",\"item\":\"https:\\\/\\\/vaasanvaalipiirinvihreat.fi\\\/\"},{\"@type\":\"ListItem\",\"position\":2,\"name\":\"Vaalit for dummies &#8211; mit\u00e4 sinun tulisi ymm\u00e4rt\u00e4\u00e4 kuntavaaleissa \u00e4\u00e4nest\u00e4misest\u00e4?\"}]},{\"@type\":\"WebSite\",\"@id\":\"https:\\\/\\\/vaasanvaalipiirinvihreat.fi\\\/#website\",\"url\":\"https:\\\/\\\/vaasanvaalipiirinvihreat.fi\\\/\",\"name\":\"vaasanvaalipiirinvihreat.fi\",\"description\":\"Vaasan vaalipiirin vihre\u00e4t - De Gr\u00f6na i Vasa valkrets\",\"publisher\":{\"@id\":\"https:\\\/\\\/vaasanvaalipiirinvihreat.fi\\\/#organization\"},\"potentialAction\":[{\"@type\":\"SearchAction\",\"target\":{\"@type\":\"EntryPoint\",\"urlTemplate\":\"https:\\\/\\\/vaasanvaalipiirinvihreat.fi\\\/?s={search_term_string}\"},\"query-input\":{\"@type\":\"PropertyValueSpecification\",\"valueRequired\":true,\"valueName\":\"search_term_string\"}}],\"inLanguage\":\"fi\"},{\"@type\":\"Organization\",\"@id\":\"https:\\\/\\\/vaasanvaalipiirinvihreat.fi\\\/#organization\",\"name\":\"vaasanvaalipiirinvihreat.fi\",\"alternateName\":\"Vaasan vaalipiirin vihre\u00e4t - De Gr\u00f6na i Vasa valkrets\",\"url\":\"https:\\\/\\\/vaasanvaalipiirinvihreat.fi\\\/\",\"logo\":{\"@type\":\"ImageObject\",\"inLanguage\":\"fi\",\"@id\":\"https:\\\/\\\/vaasanvaalipiirinvihreat.fi\\\/#\\\/schema\\\/logo\\\/image\\\/\",\"url\":\"https:\\\/\\\/vaasanvaalipiirinvihreat.fi\\\/wp-content\\\/uploads\\\/2025\\\/01\\\/Vihreat_Logo_HOR_RGB_FIN_SWE.png\",\"contentUrl\":\"https:\\\/\\\/vaasanvaalipiirinvihreat.fi\\\/wp-content\\\/uploads\\\/2025\\\/01\\\/Vihreat_Logo_HOR_RGB_FIN_SWE.png\",\"width\":1162,\"height\":409,\"caption\":\"vaasanvaalipiirinvihreat.fi\"},\"image\":{\"@id\":\"https:\\\/\\\/vaasanvaalipiirinvihreat.fi\\\/#\\\/schema\\\/logo\\\/image\\\/\"},\"sameAs\":[\"https:\\\/\\\/www.facebook.com\\\/VaasanVaalipiirinVihreat\"]},{\"@type\":\"Person\",\"@id\":\"https:\\\/\\\/vaasanvaalipiirinvihreat.fi\\\/#\\\/schema\\\/person\\\/d9205350c2a3b344c419b954e66c3daf\",\"name\":\"Yll\u00e4pit\u00e4j\u00e4\",\"url\":\"https:\\\/\\\/vaasanvaalipiirinvihreat.fi\\\/index.php\\\/author\\\/sivustomestari\\\/\"}]}<\/script>\n<!-- \/ Yoast SEO plugin. -->","yoast_head_json":{"title":"Vaalit for dummies - mit\u00e4 sinun tulisi ymm\u00e4rt\u00e4\u00e4 kuntavaaleissa \u00e4\u00e4nest\u00e4misest\u00e4? - vaasanvaalipiirinvihreat.fi","robots":{"index":"index","follow":"follow","max-snippet":"max-snippet:-1","max-image-preview":"max-image-preview:large","max-video-preview":"max-video-preview:-1"},"canonical":"https:\/\/vaasanvaalipiirinvihreat.fi\/index.php\/2021\/05\/03\/vaalit-for-dummies-mita-sinun-tulisi-ymmartaa-kuntavaaleissa-aanestamisesta\/","og_locale":"fi_FI","og_type":"article","og_title":"Vaalit for dummies - mit\u00e4 sinun tulisi ymm\u00e4rt\u00e4\u00e4 kuntavaaleissa \u00e4\u00e4nest\u00e4misest\u00e4? - vaasanvaalipiirinvihreat.fi","og_description":"Kohta on taas aika k\u00e4yd\u00e4 uurnille ja vaikuttaa siihen, ketk\u00e4 k\u00e4ytt\u00e4v\u00e4t valtaa kunnissa seuraavat nelj\u00e4 vuotta. Se, mist\u00e4 kuntavaaleissa on kysymys, tuntuu unohtuvan sek\u00e4 osalta mediasta ett\u00e4 itse ehdokkailta. Seuraavassa k\u00e4yn yhden kunnanvaltuustokauden kokemuksella l\u00e4pi muutaman t\u00e4rpin siit\u00e4, mit\u00e4 sinun tulisi huomioida, kun teet \u00e4\u00e4nestysp\u00e4\u00e4t\u00f6st\u00e4. 1. Suhteellinen vaalitapa Kuntavaalit miellet\u00e4\u00e4n eduskuntavaaleja enemm\u00e4n henkil\u00f6vaaleiksi, mik\u00e4 on [&hellip;]","og_url":"https:\/\/vaasanvaalipiirinvihreat.fi\/index.php\/2021\/05\/03\/vaalit-for-dummies-mita-sinun-tulisi-ymmartaa-kuntavaaleissa-aanestamisesta\/","og_site_name":"vaasanvaalipiirinvihreat.fi","article_publisher":"https:\/\/www.facebook.com\/VaasanVaalipiirinVihreat","article_published_time":"2021-05-03T16:03:48+00:00","article_modified_time":"2025-01-20T15:18:47+00:00","og_image":[{"width":640,"height":640,"url":"https:\/\/vaasanvaalipiirinvihreat.fi\/wp-content\/uploads\/2021\/05\/pp.jpg","type":"image\/jpeg"}],"author":"Yll\u00e4pit\u00e4j\u00e4","twitter_card":"summary_large_image","twitter_misc":{"Kirjoittanut":"Yll\u00e4pit\u00e4j\u00e4","Arvioitu lukuaika":"4 minuuttia"},"schema":{"@context":"https:\/\/schema.org","@graph":[{"@type":"Article","@id":"https:\/\/vaasanvaalipiirinvihreat.fi\/index.php\/2021\/05\/03\/vaalit-for-dummies-mita-sinun-tulisi-ymmartaa-kuntavaaleissa-aanestamisesta\/#article","isPartOf":{"@id":"https:\/\/vaasanvaalipiirinvihreat.fi\/index.php\/2021\/05\/03\/vaalit-for-dummies-mita-sinun-tulisi-ymmartaa-kuntavaaleissa-aanestamisesta\/"},"author":{"name":"Yll\u00e4pit\u00e4j\u00e4","@id":"https:\/\/vaasanvaalipiirinvihreat.fi\/#\/schema\/person\/d9205350c2a3b344c419b954e66c3daf"},"headline":"Vaalit for dummies &#8211; mit\u00e4 sinun tulisi ymm\u00e4rt\u00e4\u00e4 kuntavaaleissa \u00e4\u00e4nest\u00e4misest\u00e4?","datePublished":"2021-05-03T16:03:48+00:00","dateModified":"2025-01-20T15:18:47+00:00","mainEntityOfPage":{"@id":"https:\/\/vaasanvaalipiirinvihreat.fi\/index.php\/2021\/05\/03\/vaalit-for-dummies-mita-sinun-tulisi-ymmartaa-kuntavaaleissa-aanestamisesta\/"},"wordCount":793,"publisher":{"@id":"https:\/\/vaasanvaalipiirinvihreat.fi\/#organization"},"image":{"@id":"https:\/\/vaasanvaalipiirinvihreat.fi\/index.php\/2021\/05\/03\/vaalit-for-dummies-mita-sinun-tulisi-ymmartaa-kuntavaaleissa-aanestamisesta\/#primaryimage"},"thumbnailUrl":"https:\/\/vaasanvaalipiirinvihreat.fi\/wp-content\/uploads\/2021\/05\/pp.jpg","articleSection":["Tiedotteet"],"inLanguage":"fi"},{"@type":"WebPage","@id":"https:\/\/vaasanvaalipiirinvihreat.fi\/index.php\/2021\/05\/03\/vaalit-for-dummies-mita-sinun-tulisi-ymmartaa-kuntavaaleissa-aanestamisesta\/","url":"https:\/\/vaasanvaalipiirinvihreat.fi\/index.php\/2021\/05\/03\/vaalit-for-dummies-mita-sinun-tulisi-ymmartaa-kuntavaaleissa-aanestamisesta\/","name":"Vaalit for dummies - mit\u00e4 sinun tulisi ymm\u00e4rt\u00e4\u00e4 kuntavaaleissa \u00e4\u00e4nest\u00e4misest\u00e4? - vaasanvaalipiirinvihreat.fi","isPartOf":{"@id":"https:\/\/vaasanvaalipiirinvihreat.fi\/#website"},"primaryImageOfPage":{"@id":"https:\/\/vaasanvaalipiirinvihreat.fi\/index.php\/2021\/05\/03\/vaalit-for-dummies-mita-sinun-tulisi-ymmartaa-kuntavaaleissa-aanestamisesta\/#primaryimage"},"image":{"@id":"https:\/\/vaasanvaalipiirinvihreat.fi\/index.php\/2021\/05\/03\/vaalit-for-dummies-mita-sinun-tulisi-ymmartaa-kuntavaaleissa-aanestamisesta\/#primaryimage"},"thumbnailUrl":"https:\/\/vaasanvaalipiirinvihreat.fi\/wp-content\/uploads\/2021\/05\/pp.jpg","datePublished":"2021-05-03T16:03:48+00:00","dateModified":"2025-01-20T15:18:47+00:00","breadcrumb":{"@id":"https:\/\/vaasanvaalipiirinvihreat.fi\/index.php\/2021\/05\/03\/vaalit-for-dummies-mita-sinun-tulisi-ymmartaa-kuntavaaleissa-aanestamisesta\/#breadcrumb"},"inLanguage":"fi","potentialAction":[{"@type":"ReadAction","target":["https:\/\/vaasanvaalipiirinvihreat.fi\/index.php\/2021\/05\/03\/vaalit-for-dummies-mita-sinun-tulisi-ymmartaa-kuntavaaleissa-aanestamisesta\/"]}]},{"@type":"ImageObject","inLanguage":"fi","@id":"https:\/\/vaasanvaalipiirinvihreat.fi\/index.php\/2021\/05\/03\/vaalit-for-dummies-mita-sinun-tulisi-ymmartaa-kuntavaaleissa-aanestamisesta\/#primaryimage","url":"https:\/\/vaasanvaalipiirinvihreat.fi\/wp-content\/uploads\/2021\/05\/pp.jpg","contentUrl":"https:\/\/vaasanvaalipiirinvihreat.fi\/wp-content\/uploads\/2021\/05\/pp.jpg","width":640,"height":640},{"@type":"BreadcrumbList","@id":"https:\/\/vaasanvaalipiirinvihreat.fi\/index.php\/2021\/05\/03\/vaalit-for-dummies-mita-sinun-tulisi-ymmartaa-kuntavaaleissa-aanestamisesta\/#breadcrumb","itemListElement":[{"@type":"ListItem","position":1,"name":"Etusivu","item":"https:\/\/vaasanvaalipiirinvihreat.fi\/"},{"@type":"ListItem","position":2,"name":"Vaalit for dummies &#8211; mit\u00e4 sinun tulisi ymm\u00e4rt\u00e4\u00e4 kuntavaaleissa \u00e4\u00e4nest\u00e4misest\u00e4?"}]},{"@type":"WebSite","@id":"https:\/\/vaasanvaalipiirinvihreat.fi\/#website","url":"https:\/\/vaasanvaalipiirinvihreat.fi\/","name":"vaasanvaalipiirinvihreat.fi","description":"Vaasan vaalipiirin vihre\u00e4t - De Gr\u00f6na i Vasa valkrets","publisher":{"@id":"https:\/\/vaasanvaalipiirinvihreat.fi\/#organization"},"potentialAction":[{"@type":"SearchAction","target":{"@type":"EntryPoint","urlTemplate":"https:\/\/vaasanvaalipiirinvihreat.fi\/?s={search_term_string}"},"query-input":{"@type":"PropertyValueSpecification","valueRequired":true,"valueName":"search_term_string"}}],"inLanguage":"fi"},{"@type":"Organization","@id":"https:\/\/vaasanvaalipiirinvihreat.fi\/#organization","name":"vaasanvaalipiirinvihreat.fi","alternateName":"Vaasan vaalipiirin vihre\u00e4t - De Gr\u00f6na i Vasa valkrets","url":"https:\/\/vaasanvaalipiirinvihreat.fi\/","logo":{"@type":"ImageObject","inLanguage":"fi","@id":"https:\/\/vaasanvaalipiirinvihreat.fi\/#\/schema\/logo\/image\/","url":"https:\/\/vaasanvaalipiirinvihreat.fi\/wp-content\/uploads\/2025\/01\/Vihreat_Logo_HOR_RGB_FIN_SWE.png","contentUrl":"https:\/\/vaasanvaalipiirinvihreat.fi\/wp-content\/uploads\/2025\/01\/Vihreat_Logo_HOR_RGB_FIN_SWE.png","width":1162,"height":409,"caption":"vaasanvaalipiirinvihreat.fi"},"image":{"@id":"https:\/\/vaasanvaalipiirinvihreat.fi\/#\/schema\/logo\/image\/"},"sameAs":["https:\/\/www.facebook.com\/VaasanVaalipiirinVihreat"]},{"@type":"Person","@id":"https:\/\/vaasanvaalipiirinvihreat.fi\/#\/schema\/person\/d9205350c2a3b344c419b954e66c3daf","name":"Yll\u00e4pit\u00e4j\u00e4","url":"https:\/\/vaasanvaalipiirinvihreat.fi\/index.php\/author\/sivustomestari\/"}]}},"_links":{"self":[{"href":"https:\/\/vaasanvaalipiirinvihreat.fi\/index.php\/wp-json\/wp\/v2\/posts\/1378","targetHints":{"allow":["GET"]}}],"collection":[{"href":"https:\/\/vaasanvaalipiirinvihreat.fi\/index.php\/wp-json\/wp\/v2\/posts"}],"about":[{"href":"https:\/\/vaasanvaalipiirinvihreat.fi\/index.php\/wp-json\/wp\/v2\/types\/post"}],"author":[{"embeddable":true,"href":"https:\/\/vaasanvaalipiirinvihreat.fi\/index.php\/wp-json\/wp\/v2\/users\/2"}],"replies":[{"embeddable":true,"href":"https:\/\/vaasanvaalipiirinvihreat.fi\/index.php\/wp-json\/wp\/v2\/comments?post=1378"}],"version-history":[{"count":1,"href":"https:\/\/vaasanvaalipiirinvihreat.fi\/index.php\/wp-json\/wp\/v2\/posts\/1378\/revisions"}],"predecessor-version":[{"id":2104,"href":"https:\/\/vaasanvaalipiirinvihreat.fi\/index.php\/wp-json\/wp\/v2\/posts\/1378\/revisions\/2104"}],"wp:featuredmedia":[{"embeddable":true,"href":"https:\/\/vaasanvaalipiirinvihreat.fi\/index.php\/wp-json\/wp\/v2\/media\/1379"}],"wp:attachment":[{"href":"https:\/\/vaasanvaalipiirinvihreat.fi\/index.php\/wp-json\/wp\/v2\/media?parent=1378"}],"wp:term":[{"taxonomy":"category","embeddable":true,"href":"https:\/\/vaasanvaalipiirinvihreat.fi\/index.php\/wp-json\/wp\/v2\/categories?post=1378"},{"taxonomy":"post_tag","embeddable":true,"href":"https:\/\/vaasanvaalipiirinvihreat.fi\/index.php\/wp-json\/wp\/v2\/tags?post=1378"}],"curies":[{"name":"wp","href":"https:\/\/api.w.org\/{rel}","templated":true}]}}