{"id":1394,"date":"2021-05-17T11:18:56","date_gmt":"2021-05-17T09:18:56","guid":{"rendered":"http:\/\/www.vavavi.fi\/?p=1394"},"modified":"2025-01-20T17:18:47","modified_gmt":"2025-01-20T15:18:47","slug":"opitaan-rasismista-pois","status":"publish","type":"post","link":"https:\/\/vaasanvaalipiirinvihreat.fi\/index.php\/2021\/05\/17\/opitaan-rasismista-pois\/","title":{"rendered":"Opitaan rasismista pois"},"content":{"rendered":"\n<figure class=\"wp-block-image size-large\"><img decoding=\"async\" src=\"http:\/\/vaasanvaalipiirinvihreat.fi\/tuonti\/wp-content\/uploads\/2021\/05\/Kopio-tiedostosta-Faisa-Egge-644x492.jpg\" alt=\"\" class=\"wp-image-1395\"\/><figcaption>Faisa Egge on kokkolalainen hyvinvointialan yritt\u00e4j\u00e4 sek\u00e4 kaupunginvaltuutettu<\/figcaption><\/figure>\n\n\n\n<p class=\"has-medium-font-size\"><strong>Miksi ihmiset ovat niin suvaitsemattomia erilaisuutta kohtaan? Usein t\u00e4m\u00e4 johtuu pelosta, jota itselleen tuntemattoman ja oudon kohtaaminen synnytt\u00e4\u00e4. T\u00e4m\u00e4 on osittain synnynn\u00e4inen vaisto, mutta kivikautisista vaistoista voi kuitenkin opetella pois ja \u00e4lyllinen ihminen voi p\u00e4\u00e4tt\u00e4\u00e4 olla alistumatta vaiston aiheuttamaan pelkoon. Hyvin suuri osa erilaisuuden pelosta on my\u00f6s ymp\u00e4rist\u00f6n tuotetta, opittua vanhemmilta ja muusta yhteiskunnasta.<\/strong><\/p>\n\n\n\n<p class=\"has-medium-font-size\">Erilaisuutta ja siit\u00e4 johtuvaa syrjint\u00e4\u00e4 voi olla monenlaista. Suvaitsemattomuutta voivat kokea niin seksuaali- ja sukupuoliv\u00e4hemmist\u00f6t kuin maahanmuuttaneetkin ja syrjiv\u00e4\u00e4 kohtelua voivat saada osakseen my\u00f6s vammaiset tai esimerkiksi naiset ty\u00f6el\u00e4m\u00e4ss\u00e4. Rasismi on mm. etnisest\u00e4 taustasta, kielest\u00e4 tai ihonv\u00e4rist\u00e4 johtuvaa syrjint\u00e4\u00e4.<\/p>\n\n\n\n<p class=\"has-medium-font-size\">Tulin Suomeen niin kuin monet muutkin maahanmuuttajat, unelmaa etsien, haaveillen paremmasta. Kotimaassa ei ole tarjolla mahdollisuuksia, naisten asema rajoittaa asioiden toteuttamista, on k\u00f6yhyytt\u00e4 ja koulutusmahdollisuudet huonoja. Moni tahtoo l\u00e4hte\u00e4 maahan, jossa on demokratia, sukupuoltenv\u00e4linen tasa-arvo, pienempi kuilu rikkaiden ja k\u00f6yhien v\u00e4lill\u00e4, korruptoitumaton yhteiskunta, tasavertaiset mahdollisuudet ihmisille ja enemm\u00e4n mahdollisuuksia.<\/p>\n\n\n\n<p class=\"has-medium-font-size\">Suomessa ihonv\u00e4ri on kuitenkin jatkuvasti este sille, mit\u00e4 voit olla ja tehd\u00e4. Koskaan et ole tarpeeksi hyv\u00e4 vain sen vuoksi, mik\u00e4 on ihonv\u00e4risi tai nimesi.<\/p>\n\n\n\n<p class=\"has-medium-font-size\">Kokemastani rasismista vain hyvin pieni osa on sit\u00e4, ett\u00e4 kadulla huudeltaisiin per\u00e4\u00e4n ja nimitelt\u00e4isiin. Toki sit\u00e4kin olen kokenut. Suurin osa rasismista tapahtuu jokap\u00e4iv\u00e4isess\u00e4 el\u00e4m\u00e4ss\u00e4, asioidessa esimerkiksi virastoissa tai kaupoissa, ihan tavallisten ja n\u00e4enn\u00e4isen fiksujen ihmisten toimesta. Sellaisten, jotka ovat hyviss\u00e4 ja arvostetuissa ammateissa. Arkip\u00e4iv\u00e4n rasismi on sit\u00e4, ettei tule kohdatuksi samoin kuin kantasuomalaiset, ei oteta tosissaan, ei huomioida, v\u00e4ltell\u00e4\u00e4n, puhutaan ep\u00e4kunnioittavasti ja tylysti ja joskus ihan suoranaisen ilke\u00e4sti. Tai sit\u00e4, ett\u00e4 ep\u00e4ill\u00e4\u00e4n jostakin ilman mit\u00e4\u00e4n syyt\u00e4. Se ilmenee my\u00f6s katseissa ja \u00e4\u00e4nens\u00e4vyiss\u00e4.<\/p>\n\n\n\n<p class=\"has-medium-font-size\">Sitten on tietenkin se kaikille tuttu sosiaalisessa mediassa tapahtuva rasismin muoto. Sit\u00e4 tapahtuu nimett\u00f6m\u00e4n\u00e4, mutta my\u00f6s ihan omalla nimell\u00e4 ja naamalla. Se ei useinkaan kohdistu henkil\u00f6kohtaisesti itseeni, mutta se satuttaa, vaikka se kohdistuisi ihan vain yleisesti maahanmuuttajiin. On j\u00e4rkytt\u00e4v\u00e4\u00e4 lukea, kuinka raakaa ja vihamielist\u00e4 teksti\u00e4 ihmiset voivatkin kirjoittaa. Eik\u00e4 kirjoittajina ole aina edes tuntemattomat trollit, vaan esimerkiksi poliittisiin virkoihin pyrkiv\u00e4t henkil\u00f6t.<\/p>\n\n\n\n<p class=\"has-medium-font-size\">Rasismia on my\u00f6s se, ett\u00e4 yhteiskunta ja p\u00e4\u00e4tt\u00e4j\u00e4t laittavat maahanmuuttajat asumaan omille alueilleen erilleen muusta v\u00e4est\u00f6st\u00e4. Ja se kun joku ei halua ulkomaalaisia asumaan omaan kerrostaloonsa. Se, ett\u00e4 maahanmuuttajille tyrkytet\u00e4\u00e4n ty\u00f6paikaksi ainoastaan siivousalaa tai maahanmuuttajataustaisia nuoria ei kannusteta pyrkim\u00e4\u00e4n korkeampaan koulutukseen, vaan heille ehdotetaan jotain v\u00e4hemm\u00e4n vaativampaa kuin muille ik\u00e4tovereille, on my\u00f6s ihmisten eriarvoista kohtelua etnisen taustan vuoksi. Rasismi ilmenee yhteiskunnassa my\u00f6s siten, ett\u00e4 ty\u00f6nhaussa ulkomaalaisen nimen takia ei kutsuta edes ty\u00f6haastatteluun, vaikka hakijalla olisi parempi CV kuin muilla. Tai siten, ett\u00e4 vuokra-asuntoa etsiess\u00e4 maahanmuuttajataustainen saa jatkuvasti vuokranantajilta vastaukseksi, ett\u00e4 asunto on jo mennyt.<\/p>\n\n\n\n<p class=\"has-medium-font-size\">Rasismi voi aiheuttaa sen kokijalle tutkimusten mukaan ahdistusta, masennusta, itsesyyt\u00f6st\u00e4 ja h\u00e4pe\u00e4\u00e4. Se aiheuttaa my\u00f6s aggressioita ja ep\u00e4luottamusta yhteiskuntaa kohtaan. On selv\u00e4\u00e4, ett\u00e4 toisia ihmisi\u00e4 kunnioittava ja hyv\u00e4ksyv\u00e4 yhteiskunta on kaikkein harmonisin yhteiskunta. Rasismin uhka ei kuitenkaan poista maahanmuuttoa Suomeen. Me muutamme t\u00e4nne monenlaisista syist\u00e4; osa meist\u00e4 joutuu l\u00e4htem\u00e4\u00e4n pois kotimaastaan, koska siell\u00e4 ei ole turvallista el\u00e4\u00e4, jotkut tulevat t\u00e4nne tekem\u00e4\u00e4n t\u00f6it\u00e4, kun ty\u00f6ntekij\u00f6ist\u00e4 on Suomessa pula ja jotkut meist\u00e4 vain rakastuvat. Kaikenlainen rasismi satuttaa, ja yhteiskunnan p\u00e4\u00e4tt\u00e4jien tulisi purkaa sit\u00e4 pois yhteiskunnan rakenteista, koulujen tulee opettaa erilaisten ihmisten hyv\u00e4ksymist\u00e4, yksil\u00f6iden tulisi havahtua omaan asenteellisuuteensa ja antaa mahdollisuus muista kulttuureista tuleville ihmisille. Kun rasismia havaitaan eri tilanteissa ja siihen ei puututa, se hiljaa hyv\u00e4ksyt\u00e4\u00e4n. Rasismin hyv\u00e4ksyminen t\u00e4ytyy lopettaa, ja siihen tarvitaan ihan jokaista. Min\u00e4 en hyv\u00e4ksy rasismia ja lupaan puuttua siihen, jos sit\u00e4 havaitsen ymp\u00e4rill\u00e4ni. Toivottavasti teet niin sin\u00e4kin!<br><br><strong>Faisa Egge<br>Kuntavaaliehdokas Kokkolassa<\/strong><\/p>\n","protected":false},"excerpt":{"rendered":"<p>Miksi ihmiset ovat niin suvaitsemattomia erilaisuutta kohtaan? Usein t\u00e4m\u00e4 johtuu pelosta, jota itselleen tuntemattoman ja oudon kohtaaminen synnytt\u00e4\u00e4. T\u00e4m\u00e4 on osittain synnynn\u00e4inen vaisto, mutta kivikautisista vaistoista voi kuitenkin opetella pois ja \u00e4lyllinen ihminen voi p\u00e4\u00e4tt\u00e4\u00e4 olla alistumatta vaiston aiheuttamaan pelkoon. Hyvin suuri osa erilaisuuden pelosta on my\u00f6s ymp\u00e4rist\u00f6n tuotetta, opittua vanhemmilta ja muusta yhteiskunnasta. Erilaisuutta [&hellip;]<\/p>\n","protected":false},"author":2,"featured_media":2107,"comment_status":"closed","ping_status":"closed","sticky":false,"template":"","format":"standard","meta":{"footnotes":""},"categories":[2],"tags":[],"class_list":["post-1394","post","type-post","status-publish","format-standard","has-post-thumbnail","hentry","category-tiedotteet"],"yoast_head":"<!-- This site is optimized with the Yoast SEO plugin v27.5 - https:\/\/yoast.com\/product\/yoast-seo-wordpress\/ -->\n<title>Opitaan rasismista pois - vaasanvaalipiirinvihreat.fi<\/title>\n<meta name=\"robots\" content=\"index, follow, max-snippet:-1, max-image-preview:large, max-video-preview:-1\" \/>\n<link rel=\"canonical\" href=\"https:\/\/vaasanvaalipiirinvihreat.fi\/index.php\/2021\/05\/17\/opitaan-rasismista-pois\/\" \/>\n<meta property=\"og:locale\" content=\"fi_FI\" \/>\n<meta property=\"og:type\" content=\"article\" \/>\n<meta property=\"og:title\" content=\"Opitaan rasismista pois - vaasanvaalipiirinvihreat.fi\" \/>\n<meta property=\"og:description\" content=\"Miksi ihmiset ovat niin suvaitsemattomia erilaisuutta kohtaan? Usein t\u00e4m\u00e4 johtuu pelosta, jota itselleen tuntemattoman ja oudon kohtaaminen synnytt\u00e4\u00e4. T\u00e4m\u00e4 on osittain synnynn\u00e4inen vaisto, mutta kivikautisista vaistoista voi kuitenkin opetella pois ja \u00e4lyllinen ihminen voi p\u00e4\u00e4tt\u00e4\u00e4 olla alistumatta vaiston aiheuttamaan pelkoon. Hyvin suuri osa erilaisuuden pelosta on my\u00f6s ymp\u00e4rist\u00f6n tuotetta, opittua vanhemmilta ja muusta yhteiskunnasta. Erilaisuutta [&hellip;]\" \/>\n<meta property=\"og:url\" content=\"https:\/\/vaasanvaalipiirinvihreat.fi\/index.php\/2021\/05\/17\/opitaan-rasismista-pois\/\" \/>\n<meta property=\"og:site_name\" content=\"vaasanvaalipiirinvihreat.fi\" \/>\n<meta property=\"article:publisher\" content=\"https:\/\/www.facebook.com\/VaasanVaalipiirinVihreat\" \/>\n<meta property=\"article:published_time\" content=\"2021-05-17T09:18:56+00:00\" \/>\n<meta property=\"article:modified_time\" content=\"2025-01-20T15:18:47+00:00\" \/>\n<meta property=\"og:image\" content=\"https:\/\/vaasanvaalipiirinvihreat.fi\/wp-content\/uploads\/2025\/01\/Kopio-tiedostosta-Faisa-Egge-scaled-1.jpg\" \/>\n\t<meta property=\"og:image:width\" content=\"2560\" \/>\n\t<meta property=\"og:image:height\" content=\"1957\" \/>\n\t<meta property=\"og:image:type\" content=\"image\/jpeg\" \/>\n<meta name=\"author\" content=\"Yll\u00e4pit\u00e4j\u00e4\" \/>\n<meta name=\"twitter:card\" content=\"summary_large_image\" \/>\n<meta name=\"twitter:label1\" content=\"Kirjoittanut\" \/>\n\t<meta name=\"twitter:data1\" content=\"Yll\u00e4pit\u00e4j\u00e4\" \/>\n\t<meta name=\"twitter:label2\" content=\"Arvioitu lukuaika\" \/>\n\t<meta name=\"twitter:data2\" content=\"3 minuuttia\" \/>\n<script type=\"application\/ld+json\" class=\"yoast-schema-graph\">{\"@context\":\"https:\\\/\\\/schema.org\",\"@graph\":[{\"@type\":\"Article\",\"@id\":\"https:\\\/\\\/vaasanvaalipiirinvihreat.fi\\\/index.php\\\/2021\\\/05\\\/17\\\/opitaan-rasismista-pois\\\/#article\",\"isPartOf\":{\"@id\":\"https:\\\/\\\/vaasanvaalipiirinvihreat.fi\\\/index.php\\\/2021\\\/05\\\/17\\\/opitaan-rasismista-pois\\\/\"},\"author\":{\"name\":\"Yll\u00e4pit\u00e4j\u00e4\",\"@id\":\"https:\\\/\\\/vaasanvaalipiirinvihreat.fi\\\/#\\\/schema\\\/person\\\/d9205350c2a3b344c419b954e66c3daf\"},\"headline\":\"Opitaan rasismista pois\",\"datePublished\":\"2021-05-17T09:18:56+00:00\",\"dateModified\":\"2025-01-20T15:18:47+00:00\",\"mainEntityOfPage\":{\"@id\":\"https:\\\/\\\/vaasanvaalipiirinvihreat.fi\\\/index.php\\\/2021\\\/05\\\/17\\\/opitaan-rasismista-pois\\\/\"},\"wordCount\":649,\"publisher\":{\"@id\":\"https:\\\/\\\/vaasanvaalipiirinvihreat.fi\\\/#organization\"},\"image\":{\"@id\":\"https:\\\/\\\/vaasanvaalipiirinvihreat.fi\\\/index.php\\\/2021\\\/05\\\/17\\\/opitaan-rasismista-pois\\\/#primaryimage\"},\"thumbnailUrl\":\"https:\\\/\\\/vaasanvaalipiirinvihreat.fi\\\/wp-content\\\/uploads\\\/2025\\\/01\\\/Kopio-tiedostosta-Faisa-Egge-scaled-1.jpg\",\"articleSection\":[\"Tiedotteet\"],\"inLanguage\":\"fi\"},{\"@type\":\"WebPage\",\"@id\":\"https:\\\/\\\/vaasanvaalipiirinvihreat.fi\\\/index.php\\\/2021\\\/05\\\/17\\\/opitaan-rasismista-pois\\\/\",\"url\":\"https:\\\/\\\/vaasanvaalipiirinvihreat.fi\\\/index.php\\\/2021\\\/05\\\/17\\\/opitaan-rasismista-pois\\\/\",\"name\":\"Opitaan rasismista pois - vaasanvaalipiirinvihreat.fi\",\"isPartOf\":{\"@id\":\"https:\\\/\\\/vaasanvaalipiirinvihreat.fi\\\/#website\"},\"primaryImageOfPage\":{\"@id\":\"https:\\\/\\\/vaasanvaalipiirinvihreat.fi\\\/index.php\\\/2021\\\/05\\\/17\\\/opitaan-rasismista-pois\\\/#primaryimage\"},\"image\":{\"@id\":\"https:\\\/\\\/vaasanvaalipiirinvihreat.fi\\\/index.php\\\/2021\\\/05\\\/17\\\/opitaan-rasismista-pois\\\/#primaryimage\"},\"thumbnailUrl\":\"https:\\\/\\\/vaasanvaalipiirinvihreat.fi\\\/wp-content\\\/uploads\\\/2025\\\/01\\\/Kopio-tiedostosta-Faisa-Egge-scaled-1.jpg\",\"datePublished\":\"2021-05-17T09:18:56+00:00\",\"dateModified\":\"2025-01-20T15:18:47+00:00\",\"breadcrumb\":{\"@id\":\"https:\\\/\\\/vaasanvaalipiirinvihreat.fi\\\/index.php\\\/2021\\\/05\\\/17\\\/opitaan-rasismista-pois\\\/#breadcrumb\"},\"inLanguage\":\"fi\",\"potentialAction\":[{\"@type\":\"ReadAction\",\"target\":[\"https:\\\/\\\/vaasanvaalipiirinvihreat.fi\\\/index.php\\\/2021\\\/05\\\/17\\\/opitaan-rasismista-pois\\\/\"]}]},{\"@type\":\"ImageObject\",\"inLanguage\":\"fi\",\"@id\":\"https:\\\/\\\/vaasanvaalipiirinvihreat.fi\\\/index.php\\\/2021\\\/05\\\/17\\\/opitaan-rasismista-pois\\\/#primaryimage\",\"url\":\"https:\\\/\\\/vaasanvaalipiirinvihreat.fi\\\/wp-content\\\/uploads\\\/2025\\\/01\\\/Kopio-tiedostosta-Faisa-Egge-scaled-1.jpg\",\"contentUrl\":\"https:\\\/\\\/vaasanvaalipiirinvihreat.fi\\\/wp-content\\\/uploads\\\/2025\\\/01\\\/Kopio-tiedostosta-Faisa-Egge-scaled-1.jpg\",\"width\":2560,\"height\":1957},{\"@type\":\"BreadcrumbList\",\"@id\":\"https:\\\/\\\/vaasanvaalipiirinvihreat.fi\\\/index.php\\\/2021\\\/05\\\/17\\\/opitaan-rasismista-pois\\\/#breadcrumb\",\"itemListElement\":[{\"@type\":\"ListItem\",\"position\":1,\"name\":\"Etusivu\",\"item\":\"https:\\\/\\\/vaasanvaalipiirinvihreat.fi\\\/\"},{\"@type\":\"ListItem\",\"position\":2,\"name\":\"Opitaan rasismista pois\"}]},{\"@type\":\"WebSite\",\"@id\":\"https:\\\/\\\/vaasanvaalipiirinvihreat.fi\\\/#website\",\"url\":\"https:\\\/\\\/vaasanvaalipiirinvihreat.fi\\\/\",\"name\":\"vaasanvaalipiirinvihreat.fi\",\"description\":\"Vaasan vaalipiirin vihre\u00e4t - De Gr\u00f6na i Vasa valkrets\",\"publisher\":{\"@id\":\"https:\\\/\\\/vaasanvaalipiirinvihreat.fi\\\/#organization\"},\"potentialAction\":[{\"@type\":\"SearchAction\",\"target\":{\"@type\":\"EntryPoint\",\"urlTemplate\":\"https:\\\/\\\/vaasanvaalipiirinvihreat.fi\\\/?s={search_term_string}\"},\"query-input\":{\"@type\":\"PropertyValueSpecification\",\"valueRequired\":true,\"valueName\":\"search_term_string\"}}],\"inLanguage\":\"fi\"},{\"@type\":\"Organization\",\"@id\":\"https:\\\/\\\/vaasanvaalipiirinvihreat.fi\\\/#organization\",\"name\":\"vaasanvaalipiirinvihreat.fi\",\"alternateName\":\"Vaasan vaalipiirin vihre\u00e4t - De Gr\u00f6na i Vasa valkrets\",\"url\":\"https:\\\/\\\/vaasanvaalipiirinvihreat.fi\\\/\",\"logo\":{\"@type\":\"ImageObject\",\"inLanguage\":\"fi\",\"@id\":\"https:\\\/\\\/vaasanvaalipiirinvihreat.fi\\\/#\\\/schema\\\/logo\\\/image\\\/\",\"url\":\"https:\\\/\\\/vaasanvaalipiirinvihreat.fi\\\/wp-content\\\/uploads\\\/2025\\\/01\\\/Vihreat_Logo_HOR_RGB_FIN_SWE.png\",\"contentUrl\":\"https:\\\/\\\/vaasanvaalipiirinvihreat.fi\\\/wp-content\\\/uploads\\\/2025\\\/01\\\/Vihreat_Logo_HOR_RGB_FIN_SWE.png\",\"width\":1162,\"height\":409,\"caption\":\"vaasanvaalipiirinvihreat.fi\"},\"image\":{\"@id\":\"https:\\\/\\\/vaasanvaalipiirinvihreat.fi\\\/#\\\/schema\\\/logo\\\/image\\\/\"},\"sameAs\":[\"https:\\\/\\\/www.facebook.com\\\/VaasanVaalipiirinVihreat\"]},{\"@type\":\"Person\",\"@id\":\"https:\\\/\\\/vaasanvaalipiirinvihreat.fi\\\/#\\\/schema\\\/person\\\/d9205350c2a3b344c419b954e66c3daf\",\"name\":\"Yll\u00e4pit\u00e4j\u00e4\",\"url\":\"https:\\\/\\\/vaasanvaalipiirinvihreat.fi\\\/index.php\\\/author\\\/sivustomestari\\\/\"}]}<\/script>\n<!-- \/ Yoast SEO plugin. -->","yoast_head_json":{"title":"Opitaan rasismista pois - vaasanvaalipiirinvihreat.fi","robots":{"index":"index","follow":"follow","max-snippet":"max-snippet:-1","max-image-preview":"max-image-preview:large","max-video-preview":"max-video-preview:-1"},"canonical":"https:\/\/vaasanvaalipiirinvihreat.fi\/index.php\/2021\/05\/17\/opitaan-rasismista-pois\/","og_locale":"fi_FI","og_type":"article","og_title":"Opitaan rasismista pois - vaasanvaalipiirinvihreat.fi","og_description":"Miksi ihmiset ovat niin suvaitsemattomia erilaisuutta kohtaan? Usein t\u00e4m\u00e4 johtuu pelosta, jota itselleen tuntemattoman ja oudon kohtaaminen synnytt\u00e4\u00e4. T\u00e4m\u00e4 on osittain synnynn\u00e4inen vaisto, mutta kivikautisista vaistoista voi kuitenkin opetella pois ja \u00e4lyllinen ihminen voi p\u00e4\u00e4tt\u00e4\u00e4 olla alistumatta vaiston aiheuttamaan pelkoon. Hyvin suuri osa erilaisuuden pelosta on my\u00f6s ymp\u00e4rist\u00f6n tuotetta, opittua vanhemmilta ja muusta yhteiskunnasta. Erilaisuutta [&hellip;]","og_url":"https:\/\/vaasanvaalipiirinvihreat.fi\/index.php\/2021\/05\/17\/opitaan-rasismista-pois\/","og_site_name":"vaasanvaalipiirinvihreat.fi","article_publisher":"https:\/\/www.facebook.com\/VaasanVaalipiirinVihreat","article_published_time":"2021-05-17T09:18:56+00:00","article_modified_time":"2025-01-20T15:18:47+00:00","og_image":[{"width":2560,"height":1957,"url":"https:\/\/vaasanvaalipiirinvihreat.fi\/wp-content\/uploads\/2025\/01\/Kopio-tiedostosta-Faisa-Egge-scaled-1.jpg","type":"image\/jpeg"}],"author":"Yll\u00e4pit\u00e4j\u00e4","twitter_card":"summary_large_image","twitter_misc":{"Kirjoittanut":"Yll\u00e4pit\u00e4j\u00e4","Arvioitu lukuaika":"3 minuuttia"},"schema":{"@context":"https:\/\/schema.org","@graph":[{"@type":"Article","@id":"https:\/\/vaasanvaalipiirinvihreat.fi\/index.php\/2021\/05\/17\/opitaan-rasismista-pois\/#article","isPartOf":{"@id":"https:\/\/vaasanvaalipiirinvihreat.fi\/index.php\/2021\/05\/17\/opitaan-rasismista-pois\/"},"author":{"name":"Yll\u00e4pit\u00e4j\u00e4","@id":"https:\/\/vaasanvaalipiirinvihreat.fi\/#\/schema\/person\/d9205350c2a3b344c419b954e66c3daf"},"headline":"Opitaan rasismista pois","datePublished":"2021-05-17T09:18:56+00:00","dateModified":"2025-01-20T15:18:47+00:00","mainEntityOfPage":{"@id":"https:\/\/vaasanvaalipiirinvihreat.fi\/index.php\/2021\/05\/17\/opitaan-rasismista-pois\/"},"wordCount":649,"publisher":{"@id":"https:\/\/vaasanvaalipiirinvihreat.fi\/#organization"},"image":{"@id":"https:\/\/vaasanvaalipiirinvihreat.fi\/index.php\/2021\/05\/17\/opitaan-rasismista-pois\/#primaryimage"},"thumbnailUrl":"https:\/\/vaasanvaalipiirinvihreat.fi\/wp-content\/uploads\/2025\/01\/Kopio-tiedostosta-Faisa-Egge-scaled-1.jpg","articleSection":["Tiedotteet"],"inLanguage":"fi"},{"@type":"WebPage","@id":"https:\/\/vaasanvaalipiirinvihreat.fi\/index.php\/2021\/05\/17\/opitaan-rasismista-pois\/","url":"https:\/\/vaasanvaalipiirinvihreat.fi\/index.php\/2021\/05\/17\/opitaan-rasismista-pois\/","name":"Opitaan rasismista pois - vaasanvaalipiirinvihreat.fi","isPartOf":{"@id":"https:\/\/vaasanvaalipiirinvihreat.fi\/#website"},"primaryImageOfPage":{"@id":"https:\/\/vaasanvaalipiirinvihreat.fi\/index.php\/2021\/05\/17\/opitaan-rasismista-pois\/#primaryimage"},"image":{"@id":"https:\/\/vaasanvaalipiirinvihreat.fi\/index.php\/2021\/05\/17\/opitaan-rasismista-pois\/#primaryimage"},"thumbnailUrl":"https:\/\/vaasanvaalipiirinvihreat.fi\/wp-content\/uploads\/2025\/01\/Kopio-tiedostosta-Faisa-Egge-scaled-1.jpg","datePublished":"2021-05-17T09:18:56+00:00","dateModified":"2025-01-20T15:18:47+00:00","breadcrumb":{"@id":"https:\/\/vaasanvaalipiirinvihreat.fi\/index.php\/2021\/05\/17\/opitaan-rasismista-pois\/#breadcrumb"},"inLanguage":"fi","potentialAction":[{"@type":"ReadAction","target":["https:\/\/vaasanvaalipiirinvihreat.fi\/index.php\/2021\/05\/17\/opitaan-rasismista-pois\/"]}]},{"@type":"ImageObject","inLanguage":"fi","@id":"https:\/\/vaasanvaalipiirinvihreat.fi\/index.php\/2021\/05\/17\/opitaan-rasismista-pois\/#primaryimage","url":"https:\/\/vaasanvaalipiirinvihreat.fi\/wp-content\/uploads\/2025\/01\/Kopio-tiedostosta-Faisa-Egge-scaled-1.jpg","contentUrl":"https:\/\/vaasanvaalipiirinvihreat.fi\/wp-content\/uploads\/2025\/01\/Kopio-tiedostosta-Faisa-Egge-scaled-1.jpg","width":2560,"height":1957},{"@type":"BreadcrumbList","@id":"https:\/\/vaasanvaalipiirinvihreat.fi\/index.php\/2021\/05\/17\/opitaan-rasismista-pois\/#breadcrumb","itemListElement":[{"@type":"ListItem","position":1,"name":"Etusivu","item":"https:\/\/vaasanvaalipiirinvihreat.fi\/"},{"@type":"ListItem","position":2,"name":"Opitaan rasismista pois"}]},{"@type":"WebSite","@id":"https:\/\/vaasanvaalipiirinvihreat.fi\/#website","url":"https:\/\/vaasanvaalipiirinvihreat.fi\/","name":"vaasanvaalipiirinvihreat.fi","description":"Vaasan vaalipiirin vihre\u00e4t - De Gr\u00f6na i Vasa valkrets","publisher":{"@id":"https:\/\/vaasanvaalipiirinvihreat.fi\/#organization"},"potentialAction":[{"@type":"SearchAction","target":{"@type":"EntryPoint","urlTemplate":"https:\/\/vaasanvaalipiirinvihreat.fi\/?s={search_term_string}"},"query-input":{"@type":"PropertyValueSpecification","valueRequired":true,"valueName":"search_term_string"}}],"inLanguage":"fi"},{"@type":"Organization","@id":"https:\/\/vaasanvaalipiirinvihreat.fi\/#organization","name":"vaasanvaalipiirinvihreat.fi","alternateName":"Vaasan vaalipiirin vihre\u00e4t - De Gr\u00f6na i Vasa valkrets","url":"https:\/\/vaasanvaalipiirinvihreat.fi\/","logo":{"@type":"ImageObject","inLanguage":"fi","@id":"https:\/\/vaasanvaalipiirinvihreat.fi\/#\/schema\/logo\/image\/","url":"https:\/\/vaasanvaalipiirinvihreat.fi\/wp-content\/uploads\/2025\/01\/Vihreat_Logo_HOR_RGB_FIN_SWE.png","contentUrl":"https:\/\/vaasanvaalipiirinvihreat.fi\/wp-content\/uploads\/2025\/01\/Vihreat_Logo_HOR_RGB_FIN_SWE.png","width":1162,"height":409,"caption":"vaasanvaalipiirinvihreat.fi"},"image":{"@id":"https:\/\/vaasanvaalipiirinvihreat.fi\/#\/schema\/logo\/image\/"},"sameAs":["https:\/\/www.facebook.com\/VaasanVaalipiirinVihreat"]},{"@type":"Person","@id":"https:\/\/vaasanvaalipiirinvihreat.fi\/#\/schema\/person\/d9205350c2a3b344c419b954e66c3daf","name":"Yll\u00e4pit\u00e4j\u00e4","url":"https:\/\/vaasanvaalipiirinvihreat.fi\/index.php\/author\/sivustomestari\/"}]}},"_links":{"self":[{"href":"https:\/\/vaasanvaalipiirinvihreat.fi\/index.php\/wp-json\/wp\/v2\/posts\/1394","targetHints":{"allow":["GET"]}}],"collection":[{"href":"https:\/\/vaasanvaalipiirinvihreat.fi\/index.php\/wp-json\/wp\/v2\/posts"}],"about":[{"href":"https:\/\/vaasanvaalipiirinvihreat.fi\/index.php\/wp-json\/wp\/v2\/types\/post"}],"author":[{"embeddable":true,"href":"https:\/\/vaasanvaalipiirinvihreat.fi\/index.php\/wp-json\/wp\/v2\/users\/2"}],"replies":[{"embeddable":true,"href":"https:\/\/vaasanvaalipiirinvihreat.fi\/index.php\/wp-json\/wp\/v2\/comments?post=1394"}],"version-history":[{"count":1,"href":"https:\/\/vaasanvaalipiirinvihreat.fi\/index.php\/wp-json\/wp\/v2\/posts\/1394\/revisions"}],"predecessor-version":[{"id":2106,"href":"https:\/\/vaasanvaalipiirinvihreat.fi\/index.php\/wp-json\/wp\/v2\/posts\/1394\/revisions\/2106"}],"wp:featuredmedia":[{"embeddable":true,"href":"https:\/\/vaasanvaalipiirinvihreat.fi\/index.php\/wp-json\/wp\/v2\/media\/2107"}],"wp:attachment":[{"href":"https:\/\/vaasanvaalipiirinvihreat.fi\/index.php\/wp-json\/wp\/v2\/media?parent=1394"}],"wp:term":[{"taxonomy":"category","embeddable":true,"href":"https:\/\/vaasanvaalipiirinvihreat.fi\/index.php\/wp-json\/wp\/v2\/categories?post=1394"},{"taxonomy":"post_tag","embeddable":true,"href":"https:\/\/vaasanvaalipiirinvihreat.fi\/index.php\/wp-json\/wp\/v2\/tags?post=1394"}],"curies":[{"name":"wp","href":"https:\/\/api.w.org\/{rel}","templated":true}]}}