{"id":1413,"date":"2021-06-01T13:11:18","date_gmt":"2021-06-01T11:11:18","guid":{"rendered":"http:\/\/www.vavavi.fi\/?p=1413"},"modified":"2025-01-20T17:18:49","modified_gmt":"2025-01-20T15:18:49","slug":"nuoret-ovat-kaupungin-tulevaisuus-mutta-kuuntelevatko-paattajat","status":"publish","type":"post","link":"https:\/\/vaasanvaalipiirinvihreat.fi\/index.php\/2021\/06\/01\/nuoret-ovat-kaupungin-tulevaisuus-mutta-kuuntelevatko-paattajat\/","title":{"rendered":"Nuoret ovat kaupungin tulevaisuus, mutta kuuntelevatko p\u00e4\u00e4tt\u00e4j\u00e4t"},"content":{"rendered":"\n<figure class=\"wp-block-image size-large is-resized\"><img fetchpriority=\"high\" decoding=\"async\" src=\"http:\/\/vaasanvaalipiirinvihreat.fi\/tuonti\/wp-content\/uploads\/2021\/06\/WhatsApp-Image-2021-06-01-at-14.02.56-644x644.jpeg\" alt=\"\" class=\"wp-image-1414\" width=\"398\" height=\"398\"\/><figcaption><em>Laura Alakokko on Vihreiden naisten varapuheenjohtaja sek\u00e4 sein\u00e4jokelainen kuntavaaliehdokas. Ala-Kokko palveli Vaasan kaupunginvaltuustossa kaksi kautta ja oli Vaasan kaupunginhallituksen j\u00e4sen 2017-2020<\/em><\/figcaption><\/figure>\n\n\n\n<p class=\"has-medium-font-size\">Vaalimainoksien ja -manifestien perusteella on vaikea l\u00f6yt\u00e4\u00e4 puoluetta ja ehdokasta, jonka mielest\u00e4 nuoria ei tulisi kuunnella p\u00e4\u00e4t\u00f6ksenteossa. Todelliset karvansa puolueet ja p\u00e4\u00e4tt\u00e4j\u00e4t kuitenkin p\u00e4\u00e4sev\u00e4t n\u00e4ytt\u00e4m\u00e4\u00e4n itse valtuustoty\u00f6ss\u00e4, jossa totuus usein paljastuu. N\u00e4in k\u00e4vi Sein\u00e4joen valtuustossa, jossa \u00e4\u00e4nestettiin nuorisovaltuuston aloitesta vegaaniruuan tarjoamisesta Sein\u00e4joen kouluissa.&nbsp;<\/p>\n\n\n\n<p class=\"has-medium-font-size\">Aloite oli hyvin laadittu, ja ruoka- ja siivousp\u00e4\u00e4llik\u00f6n sek\u00e4 kaupunkiymp\u00e4rist\u00f6johtajan laatima vastaus positiivinen: syksyst\u00e4 2021 vegaaniruokaa alettaisiin tarjota halukkaille kaikissa kouluissa.&nbsp;<\/p>\n\n\n\n<p class=\"has-medium-font-size\">Kaupunginvaltuusto p\u00e4\u00e4tti kuitenkin torpata aloitteen \u00e4\u00e4nin 25-22. Huolena oli paitsi hinta, my\u00f6s ravintoaineiden saanti ja ilmeisesti ihan yleisesti se, etteiv\u00e4t tietyt valtuutetut oikein pid\u00e4 ajatuksesta, ett\u00e4 Sein\u00e4joeltakin l\u00f6ytyy vegaaneja. Saati, ett\u00e4 heid\u00e4n vakaumustaan kunnioitettaisiin.<\/p>\n\n\n\n<p class=\"has-medium-font-size\">On aivan totta, ett\u00e4 vegaaniruuan tarjoamisen kustannukset ovat annosta kohden prosentuaalisesti kalliimmat. Annoksia kuitenkin tehd\u00e4\u00e4n suhteellisen v\u00e4h\u00e4n, joten todellinen raham\u00e4\u00e4r\u00e4 tuskin nousisi p\u00e4\u00e4t\u00e4huimaavaksi. Vastauksessa aloitteeseen ei my\u00f6sk\u00e4\u00e4n esitetty lis\u00e4rahoitusta, joten oletan summan mahtuvan ruokapalveluiden talousarvioon.&nbsp;<\/p>\n\n\n\n<p class=\"has-medium-font-size\">Ruuan ravintoarvoista taas voi olla huolissaan ihan koko v\u00e4est\u00f6n suhteen, ei vain vegaanien tai kasvispainotteisten ruokailijoiden osalta. Jos koulu tarjoaa nuorelle ruokaa, jota h\u00e4n voi hyv\u00e4ll\u00e4 omallatunnolla sy\u00f6d\u00e4, nimenomaan autetaan nuorta saamaan kaikki tarvittavat ravinteet ruuasta. Kokemukseni mukaan vegaanit my\u00f6s ovat keskivertoa paremmin selvill\u00e4 siit\u00e4, mit\u00e4 heid\u00e4n sy\u00f6m\u00e4ns\u00e4 ruoka sis\u00e4lt\u00e4\u00e4 ja miten he varmistavat kaikkien tarpeellisten ravintoaineiden saannin.&nbsp;<\/p>\n\n\n\n<p class=\"has-medium-font-size\">T\u00e4ll\u00e4 hetkell\u00e4 vegaaniruokaa ei tarjota kuin l\u00e4\u00e4k\u00e4rin m\u00e4\u00e4r\u00e4yksest\u00e4, mik\u00e4 asettaa nuoret eriarvoiseen asemaan. Vegaaninuoret eiv\u00e4t saa lain edellytt\u00e4m\u00e4\u00e4 kouluruokaa, vaan joutuvat itse tuomaan lounaansa kouluun.<\/p>\n\n\n\n<p class=\"has-medium-font-size\">Huomionarvoista ja huolestuttavaa p\u00e4\u00e4t\u00f6ksess\u00e4 on se, ett\u00e4 torpatun aloitteen tekij\u00f6it\u00e4 ovat nuoret itse. Ne samat henkil\u00f6t, jotka kouluruokaa sy\u00f6v\u00e4t. Nuorisovaltuuston j\u00e4senist\u00e4 tuskin jokainen on vegaani, vaan j\u00e4senet ovat tehneet juuri niin kuin valtuutetun, kuntalaisten edustajan, kuuluu tehd\u00e4: tuoneet esiin edustamansa ryhm\u00e4n \u00e4\u00e4nen.<\/p>\n\n\n\n<p class=\"has-medium-font-size\">On k\u00e4sitt\u00e4m\u00e4t\u00f6nt\u00e4, ett\u00e4 valtuusto kielt\u00e4ytyi kuuntelemasta nuorten toiveita heid\u00e4n omaan arkeensa liittyen. Alle 18-vuotiaat ovat erityisess\u00e4 asemassa kuntademokratiassa, sill\u00e4 he eiv\u00e4t p\u00e4\u00e4se vaikuttamaan kuntavaalien tai muidenkaan vaalien tulokseen \u00e4\u00e4nest\u00e4m\u00e4ll\u00e4. Siksi heid\u00e4n \u00e4\u00e4nitorvekseen on luotu nuorisovaltuusto, joka pyrkii tuomaan esiin nuorten n\u00e4k\u00f6kulmaa p\u00e4\u00e4t\u00f6ksentekoon.&nbsp;<\/p>\n\n\n\n<p class=\"has-medium-font-size\">Nuorten \u00e4\u00e4nt\u00e4 on erityisen t\u00e4rke\u00e4 kuunnella, sill\u00e4 he ovat kaupungin tulevaisuuden veronmaksajat. Ellei kaupunki onnistu olemaan nuorille hyv\u00e4 paikka el\u00e4\u00e4, he etsiytyv\u00e4t muualle.&nbsp;<\/p>\n\n\n\n<p class=\"has-medium-font-size\">Moni miettii, miten tehd\u00e4 kotikunnastaan houkuttelevampi paikka nuorille, miten sitouttaa nuoret kotikuntaan ja miten houkutella kuntaan uusia, nuoria asukkaita. T\u00e4ss\u00e4 yksi helppo vinkki: Kuunnelkaa nuoria p\u00e4\u00e4t\u00f6ksenteossa. Ottakaa nuorten toiveet aidosti huomioon, \u00e4lk\u00e4\u00e4k\u00e4 vain todetko, ett\u00e4 kyll\u00e4 me tiedet\u00e4\u00e4n paremmin.<br><br><em>Laura Alakokko<br>Kuntavaaliehdokas<br>Sein\u00e4joki<\/em><br><\/p>\n","protected":false},"excerpt":{"rendered":"<p>Vaalimainoksien ja -manifestien perusteella on vaikea l\u00f6yt\u00e4\u00e4 puoluetta ja ehdokasta, jonka mielest\u00e4 nuoria ei tulisi kuunnella p\u00e4\u00e4t\u00f6ksenteossa. Todelliset karvansa puolueet ja p\u00e4\u00e4tt\u00e4j\u00e4t kuitenkin p\u00e4\u00e4sev\u00e4t n\u00e4ytt\u00e4m\u00e4\u00e4n itse valtuustoty\u00f6ss\u00e4, jossa totuus usein paljastuu. N\u00e4in k\u00e4vi Sein\u00e4joen valtuustossa, jossa \u00e4\u00e4nestettiin nuorisovaltuuston aloitesta vegaaniruuan tarjoamisesta Sein\u00e4joen kouluissa.&nbsp; Aloite oli hyvin laadittu, ja ruoka- ja siivousp\u00e4\u00e4llik\u00f6n sek\u00e4 kaupunkiymp\u00e4rist\u00f6johtajan laatima vastaus [&hellip;]<\/p>\n","protected":false},"author":2,"featured_media":1415,"comment_status":"closed","ping_status":"closed","sticky":false,"template":"","format":"standard","meta":{"footnotes":""},"categories":[2],"tags":[],"class_list":["post-1413","post","type-post","status-publish","format-standard","has-post-thumbnail","hentry","category-tiedotteet"],"yoast_head":"<!-- This site is optimized with the Yoast SEO plugin v27.5 - https:\/\/yoast.com\/product\/yoast-seo-wordpress\/ -->\n<title>Nuoret ovat kaupungin tulevaisuus, mutta kuuntelevatko p\u00e4\u00e4tt\u00e4j\u00e4t - vaasanvaalipiirinvihreat.fi<\/title>\n<meta name=\"robots\" content=\"index, follow, max-snippet:-1, max-image-preview:large, max-video-preview:-1\" \/>\n<link rel=\"canonical\" href=\"https:\/\/vaasanvaalipiirinvihreat.fi\/index.php\/2021\/06\/01\/nuoret-ovat-kaupungin-tulevaisuus-mutta-kuuntelevatko-paattajat\/\" \/>\n<meta property=\"og:locale\" content=\"fi_FI\" \/>\n<meta property=\"og:type\" content=\"article\" \/>\n<meta property=\"og:title\" content=\"Nuoret ovat kaupungin tulevaisuus, mutta kuuntelevatko p\u00e4\u00e4tt\u00e4j\u00e4t - vaasanvaalipiirinvihreat.fi\" \/>\n<meta property=\"og:description\" content=\"Vaalimainoksien ja -manifestien perusteella on vaikea l\u00f6yt\u00e4\u00e4 puoluetta ja ehdokasta, jonka mielest\u00e4 nuoria ei tulisi kuunnella p\u00e4\u00e4t\u00f6ksenteossa. Todelliset karvansa puolueet ja p\u00e4\u00e4tt\u00e4j\u00e4t kuitenkin p\u00e4\u00e4sev\u00e4t n\u00e4ytt\u00e4m\u00e4\u00e4n itse valtuustoty\u00f6ss\u00e4, jossa totuus usein paljastuu. N\u00e4in k\u00e4vi Sein\u00e4joen valtuustossa, jossa \u00e4\u00e4nestettiin nuorisovaltuuston aloitesta vegaaniruuan tarjoamisesta Sein\u00e4joen kouluissa.&nbsp; Aloite oli hyvin laadittu, ja ruoka- ja siivousp\u00e4\u00e4llik\u00f6n sek\u00e4 kaupunkiymp\u00e4rist\u00f6johtajan laatima vastaus [&hellip;]\" \/>\n<meta property=\"og:url\" content=\"https:\/\/vaasanvaalipiirinvihreat.fi\/index.php\/2021\/06\/01\/nuoret-ovat-kaupungin-tulevaisuus-mutta-kuuntelevatko-paattajat\/\" \/>\n<meta property=\"og:site_name\" content=\"vaasanvaalipiirinvihreat.fi\" \/>\n<meta property=\"article:publisher\" content=\"https:\/\/www.facebook.com\/VaasanVaalipiirinVihreat\" \/>\n<meta property=\"article:published_time\" content=\"2021-06-01T11:11:18+00:00\" \/>\n<meta property=\"article:modified_time\" content=\"2025-01-20T15:18:49+00:00\" \/>\n<meta property=\"og:image\" content=\"https:\/\/vaasanvaalipiirinvihreat.fi\/wp-content\/uploads\/2021\/06\/WhatsApp-Image-2021-06-01-at-14.02.56-1.jpeg\" \/>\n\t<meta property=\"og:image:width\" content=\"1600\" \/>\n\t<meta property=\"og:image:height\" content=\"1010\" \/>\n\t<meta property=\"og:image:type\" content=\"image\/jpeg\" \/>\n<meta name=\"author\" content=\"Yll\u00e4pit\u00e4j\u00e4\" \/>\n<meta name=\"twitter:card\" content=\"summary_large_image\" \/>\n<meta name=\"twitter:label1\" content=\"Kirjoittanut\" \/>\n\t<meta name=\"twitter:data1\" content=\"Yll\u00e4pit\u00e4j\u00e4\" \/>\n\t<meta name=\"twitter:label2\" content=\"Arvioitu lukuaika\" \/>\n\t<meta name=\"twitter:data2\" content=\"2 minuuttia\" \/>\n<script type=\"application\/ld+json\" class=\"yoast-schema-graph\">{\"@context\":\"https:\\\/\\\/schema.org\",\"@graph\":[{\"@type\":\"Article\",\"@id\":\"https:\\\/\\\/vaasanvaalipiirinvihreat.fi\\\/index.php\\\/2021\\\/06\\\/01\\\/nuoret-ovat-kaupungin-tulevaisuus-mutta-kuuntelevatko-paattajat\\\/#article\",\"isPartOf\":{\"@id\":\"https:\\\/\\\/vaasanvaalipiirinvihreat.fi\\\/index.php\\\/2021\\\/06\\\/01\\\/nuoret-ovat-kaupungin-tulevaisuus-mutta-kuuntelevatko-paattajat\\\/\"},\"author\":{\"name\":\"Yll\u00e4pit\u00e4j\u00e4\",\"@id\":\"https:\\\/\\\/vaasanvaalipiirinvihreat.fi\\\/#\\\/schema\\\/person\\\/d9205350c2a3b344c419b954e66c3daf\"},\"headline\":\"Nuoret ovat kaupungin tulevaisuus, mutta kuuntelevatko p\u00e4\u00e4tt\u00e4j\u00e4t\",\"datePublished\":\"2021-06-01T11:11:18+00:00\",\"dateModified\":\"2025-01-20T15:18:49+00:00\",\"mainEntityOfPage\":{\"@id\":\"https:\\\/\\\/vaasanvaalipiirinvihreat.fi\\\/index.php\\\/2021\\\/06\\\/01\\\/nuoret-ovat-kaupungin-tulevaisuus-mutta-kuuntelevatko-paattajat\\\/\"},\"wordCount\":486,\"publisher\":{\"@id\":\"https:\\\/\\\/vaasanvaalipiirinvihreat.fi\\\/#organization\"},\"image\":{\"@id\":\"https:\\\/\\\/vaasanvaalipiirinvihreat.fi\\\/index.php\\\/2021\\\/06\\\/01\\\/nuoret-ovat-kaupungin-tulevaisuus-mutta-kuuntelevatko-paattajat\\\/#primaryimage\"},\"thumbnailUrl\":\"https:\\\/\\\/vaasanvaalipiirinvihreat.fi\\\/wp-content\\\/uploads\\\/2021\\\/06\\\/WhatsApp-Image-2021-06-01-at-14.02.56-1.jpeg\",\"articleSection\":[\"Tiedotteet\"],\"inLanguage\":\"fi\"},{\"@type\":\"WebPage\",\"@id\":\"https:\\\/\\\/vaasanvaalipiirinvihreat.fi\\\/index.php\\\/2021\\\/06\\\/01\\\/nuoret-ovat-kaupungin-tulevaisuus-mutta-kuuntelevatko-paattajat\\\/\",\"url\":\"https:\\\/\\\/vaasanvaalipiirinvihreat.fi\\\/index.php\\\/2021\\\/06\\\/01\\\/nuoret-ovat-kaupungin-tulevaisuus-mutta-kuuntelevatko-paattajat\\\/\",\"name\":\"Nuoret ovat kaupungin tulevaisuus, mutta kuuntelevatko p\u00e4\u00e4tt\u00e4j\u00e4t - vaasanvaalipiirinvihreat.fi\",\"isPartOf\":{\"@id\":\"https:\\\/\\\/vaasanvaalipiirinvihreat.fi\\\/#website\"},\"primaryImageOfPage\":{\"@id\":\"https:\\\/\\\/vaasanvaalipiirinvihreat.fi\\\/index.php\\\/2021\\\/06\\\/01\\\/nuoret-ovat-kaupungin-tulevaisuus-mutta-kuuntelevatko-paattajat\\\/#primaryimage\"},\"image\":{\"@id\":\"https:\\\/\\\/vaasanvaalipiirinvihreat.fi\\\/index.php\\\/2021\\\/06\\\/01\\\/nuoret-ovat-kaupungin-tulevaisuus-mutta-kuuntelevatko-paattajat\\\/#primaryimage\"},\"thumbnailUrl\":\"https:\\\/\\\/vaasanvaalipiirinvihreat.fi\\\/wp-content\\\/uploads\\\/2021\\\/06\\\/WhatsApp-Image-2021-06-01-at-14.02.56-1.jpeg\",\"datePublished\":\"2021-06-01T11:11:18+00:00\",\"dateModified\":\"2025-01-20T15:18:49+00:00\",\"breadcrumb\":{\"@id\":\"https:\\\/\\\/vaasanvaalipiirinvihreat.fi\\\/index.php\\\/2021\\\/06\\\/01\\\/nuoret-ovat-kaupungin-tulevaisuus-mutta-kuuntelevatko-paattajat\\\/#breadcrumb\"},\"inLanguage\":\"fi\",\"potentialAction\":[{\"@type\":\"ReadAction\",\"target\":[\"https:\\\/\\\/vaasanvaalipiirinvihreat.fi\\\/index.php\\\/2021\\\/06\\\/01\\\/nuoret-ovat-kaupungin-tulevaisuus-mutta-kuuntelevatko-paattajat\\\/\"]}]},{\"@type\":\"ImageObject\",\"inLanguage\":\"fi\",\"@id\":\"https:\\\/\\\/vaasanvaalipiirinvihreat.fi\\\/index.php\\\/2021\\\/06\\\/01\\\/nuoret-ovat-kaupungin-tulevaisuus-mutta-kuuntelevatko-paattajat\\\/#primaryimage\",\"url\":\"https:\\\/\\\/vaasanvaalipiirinvihreat.fi\\\/wp-content\\\/uploads\\\/2021\\\/06\\\/WhatsApp-Image-2021-06-01-at-14.02.56-1.jpeg\",\"contentUrl\":\"https:\\\/\\\/vaasanvaalipiirinvihreat.fi\\\/wp-content\\\/uploads\\\/2021\\\/06\\\/WhatsApp-Image-2021-06-01-at-14.02.56-1.jpeg\",\"width\":1600,\"height\":1010},{\"@type\":\"BreadcrumbList\",\"@id\":\"https:\\\/\\\/vaasanvaalipiirinvihreat.fi\\\/index.php\\\/2021\\\/06\\\/01\\\/nuoret-ovat-kaupungin-tulevaisuus-mutta-kuuntelevatko-paattajat\\\/#breadcrumb\",\"itemListElement\":[{\"@type\":\"ListItem\",\"position\":1,\"name\":\"Etusivu\",\"item\":\"https:\\\/\\\/vaasanvaalipiirinvihreat.fi\\\/\"},{\"@type\":\"ListItem\",\"position\":2,\"name\":\"Nuoret ovat kaupungin tulevaisuus, mutta kuuntelevatko p\u00e4\u00e4tt\u00e4j\u00e4t\"}]},{\"@type\":\"WebSite\",\"@id\":\"https:\\\/\\\/vaasanvaalipiirinvihreat.fi\\\/#website\",\"url\":\"https:\\\/\\\/vaasanvaalipiirinvihreat.fi\\\/\",\"name\":\"vaasanvaalipiirinvihreat.fi\",\"description\":\"Vaasan vaalipiirin vihre\u00e4t - De Gr\u00f6na i Vasa valkrets\",\"publisher\":{\"@id\":\"https:\\\/\\\/vaasanvaalipiirinvihreat.fi\\\/#organization\"},\"potentialAction\":[{\"@type\":\"SearchAction\",\"target\":{\"@type\":\"EntryPoint\",\"urlTemplate\":\"https:\\\/\\\/vaasanvaalipiirinvihreat.fi\\\/?s={search_term_string}\"},\"query-input\":{\"@type\":\"PropertyValueSpecification\",\"valueRequired\":true,\"valueName\":\"search_term_string\"}}],\"inLanguage\":\"fi\"},{\"@type\":\"Organization\",\"@id\":\"https:\\\/\\\/vaasanvaalipiirinvihreat.fi\\\/#organization\",\"name\":\"vaasanvaalipiirinvihreat.fi\",\"alternateName\":\"Vaasan vaalipiirin vihre\u00e4t - De Gr\u00f6na i Vasa valkrets\",\"url\":\"https:\\\/\\\/vaasanvaalipiirinvihreat.fi\\\/\",\"logo\":{\"@type\":\"ImageObject\",\"inLanguage\":\"fi\",\"@id\":\"https:\\\/\\\/vaasanvaalipiirinvihreat.fi\\\/#\\\/schema\\\/logo\\\/image\\\/\",\"url\":\"https:\\\/\\\/vaasanvaalipiirinvihreat.fi\\\/wp-content\\\/uploads\\\/2025\\\/01\\\/Vihreat_Logo_HOR_RGB_FIN_SWE.png\",\"contentUrl\":\"https:\\\/\\\/vaasanvaalipiirinvihreat.fi\\\/wp-content\\\/uploads\\\/2025\\\/01\\\/Vihreat_Logo_HOR_RGB_FIN_SWE.png\",\"width\":1162,\"height\":409,\"caption\":\"vaasanvaalipiirinvihreat.fi\"},\"image\":{\"@id\":\"https:\\\/\\\/vaasanvaalipiirinvihreat.fi\\\/#\\\/schema\\\/logo\\\/image\\\/\"},\"sameAs\":[\"https:\\\/\\\/www.facebook.com\\\/VaasanVaalipiirinVihreat\"]},{\"@type\":\"Person\",\"@id\":\"https:\\\/\\\/vaasanvaalipiirinvihreat.fi\\\/#\\\/schema\\\/person\\\/d9205350c2a3b344c419b954e66c3daf\",\"name\":\"Yll\u00e4pit\u00e4j\u00e4\",\"url\":\"https:\\\/\\\/vaasanvaalipiirinvihreat.fi\\\/index.php\\\/author\\\/sivustomestari\\\/\"}]}<\/script>\n<!-- \/ Yoast SEO plugin. -->","yoast_head_json":{"title":"Nuoret ovat kaupungin tulevaisuus, mutta kuuntelevatko p\u00e4\u00e4tt\u00e4j\u00e4t - vaasanvaalipiirinvihreat.fi","robots":{"index":"index","follow":"follow","max-snippet":"max-snippet:-1","max-image-preview":"max-image-preview:large","max-video-preview":"max-video-preview:-1"},"canonical":"https:\/\/vaasanvaalipiirinvihreat.fi\/index.php\/2021\/06\/01\/nuoret-ovat-kaupungin-tulevaisuus-mutta-kuuntelevatko-paattajat\/","og_locale":"fi_FI","og_type":"article","og_title":"Nuoret ovat kaupungin tulevaisuus, mutta kuuntelevatko p\u00e4\u00e4tt\u00e4j\u00e4t - vaasanvaalipiirinvihreat.fi","og_description":"Vaalimainoksien ja -manifestien perusteella on vaikea l\u00f6yt\u00e4\u00e4 puoluetta ja ehdokasta, jonka mielest\u00e4 nuoria ei tulisi kuunnella p\u00e4\u00e4t\u00f6ksenteossa. Todelliset karvansa puolueet ja p\u00e4\u00e4tt\u00e4j\u00e4t kuitenkin p\u00e4\u00e4sev\u00e4t n\u00e4ytt\u00e4m\u00e4\u00e4n itse valtuustoty\u00f6ss\u00e4, jossa totuus usein paljastuu. N\u00e4in k\u00e4vi Sein\u00e4joen valtuustossa, jossa \u00e4\u00e4nestettiin nuorisovaltuuston aloitesta vegaaniruuan tarjoamisesta Sein\u00e4joen kouluissa.&nbsp; Aloite oli hyvin laadittu, ja ruoka- ja siivousp\u00e4\u00e4llik\u00f6n sek\u00e4 kaupunkiymp\u00e4rist\u00f6johtajan laatima vastaus [&hellip;]","og_url":"https:\/\/vaasanvaalipiirinvihreat.fi\/index.php\/2021\/06\/01\/nuoret-ovat-kaupungin-tulevaisuus-mutta-kuuntelevatko-paattajat\/","og_site_name":"vaasanvaalipiirinvihreat.fi","article_publisher":"https:\/\/www.facebook.com\/VaasanVaalipiirinVihreat","article_published_time":"2021-06-01T11:11:18+00:00","article_modified_time":"2025-01-20T15:18:49+00:00","og_image":[{"width":1600,"height":1010,"url":"https:\/\/vaasanvaalipiirinvihreat.fi\/wp-content\/uploads\/2021\/06\/WhatsApp-Image-2021-06-01-at-14.02.56-1.jpeg","type":"image\/jpeg"}],"author":"Yll\u00e4pit\u00e4j\u00e4","twitter_card":"summary_large_image","twitter_misc":{"Kirjoittanut":"Yll\u00e4pit\u00e4j\u00e4","Arvioitu lukuaika":"2 minuuttia"},"schema":{"@context":"https:\/\/schema.org","@graph":[{"@type":"Article","@id":"https:\/\/vaasanvaalipiirinvihreat.fi\/index.php\/2021\/06\/01\/nuoret-ovat-kaupungin-tulevaisuus-mutta-kuuntelevatko-paattajat\/#article","isPartOf":{"@id":"https:\/\/vaasanvaalipiirinvihreat.fi\/index.php\/2021\/06\/01\/nuoret-ovat-kaupungin-tulevaisuus-mutta-kuuntelevatko-paattajat\/"},"author":{"name":"Yll\u00e4pit\u00e4j\u00e4","@id":"https:\/\/vaasanvaalipiirinvihreat.fi\/#\/schema\/person\/d9205350c2a3b344c419b954e66c3daf"},"headline":"Nuoret ovat kaupungin tulevaisuus, mutta kuuntelevatko p\u00e4\u00e4tt\u00e4j\u00e4t","datePublished":"2021-06-01T11:11:18+00:00","dateModified":"2025-01-20T15:18:49+00:00","mainEntityOfPage":{"@id":"https:\/\/vaasanvaalipiirinvihreat.fi\/index.php\/2021\/06\/01\/nuoret-ovat-kaupungin-tulevaisuus-mutta-kuuntelevatko-paattajat\/"},"wordCount":486,"publisher":{"@id":"https:\/\/vaasanvaalipiirinvihreat.fi\/#organization"},"image":{"@id":"https:\/\/vaasanvaalipiirinvihreat.fi\/index.php\/2021\/06\/01\/nuoret-ovat-kaupungin-tulevaisuus-mutta-kuuntelevatko-paattajat\/#primaryimage"},"thumbnailUrl":"https:\/\/vaasanvaalipiirinvihreat.fi\/wp-content\/uploads\/2021\/06\/WhatsApp-Image-2021-06-01-at-14.02.56-1.jpeg","articleSection":["Tiedotteet"],"inLanguage":"fi"},{"@type":"WebPage","@id":"https:\/\/vaasanvaalipiirinvihreat.fi\/index.php\/2021\/06\/01\/nuoret-ovat-kaupungin-tulevaisuus-mutta-kuuntelevatko-paattajat\/","url":"https:\/\/vaasanvaalipiirinvihreat.fi\/index.php\/2021\/06\/01\/nuoret-ovat-kaupungin-tulevaisuus-mutta-kuuntelevatko-paattajat\/","name":"Nuoret ovat kaupungin tulevaisuus, mutta kuuntelevatko p\u00e4\u00e4tt\u00e4j\u00e4t - vaasanvaalipiirinvihreat.fi","isPartOf":{"@id":"https:\/\/vaasanvaalipiirinvihreat.fi\/#website"},"primaryImageOfPage":{"@id":"https:\/\/vaasanvaalipiirinvihreat.fi\/index.php\/2021\/06\/01\/nuoret-ovat-kaupungin-tulevaisuus-mutta-kuuntelevatko-paattajat\/#primaryimage"},"image":{"@id":"https:\/\/vaasanvaalipiirinvihreat.fi\/index.php\/2021\/06\/01\/nuoret-ovat-kaupungin-tulevaisuus-mutta-kuuntelevatko-paattajat\/#primaryimage"},"thumbnailUrl":"https:\/\/vaasanvaalipiirinvihreat.fi\/wp-content\/uploads\/2021\/06\/WhatsApp-Image-2021-06-01-at-14.02.56-1.jpeg","datePublished":"2021-06-01T11:11:18+00:00","dateModified":"2025-01-20T15:18:49+00:00","breadcrumb":{"@id":"https:\/\/vaasanvaalipiirinvihreat.fi\/index.php\/2021\/06\/01\/nuoret-ovat-kaupungin-tulevaisuus-mutta-kuuntelevatko-paattajat\/#breadcrumb"},"inLanguage":"fi","potentialAction":[{"@type":"ReadAction","target":["https:\/\/vaasanvaalipiirinvihreat.fi\/index.php\/2021\/06\/01\/nuoret-ovat-kaupungin-tulevaisuus-mutta-kuuntelevatko-paattajat\/"]}]},{"@type":"ImageObject","inLanguage":"fi","@id":"https:\/\/vaasanvaalipiirinvihreat.fi\/index.php\/2021\/06\/01\/nuoret-ovat-kaupungin-tulevaisuus-mutta-kuuntelevatko-paattajat\/#primaryimage","url":"https:\/\/vaasanvaalipiirinvihreat.fi\/wp-content\/uploads\/2021\/06\/WhatsApp-Image-2021-06-01-at-14.02.56-1.jpeg","contentUrl":"https:\/\/vaasanvaalipiirinvihreat.fi\/wp-content\/uploads\/2021\/06\/WhatsApp-Image-2021-06-01-at-14.02.56-1.jpeg","width":1600,"height":1010},{"@type":"BreadcrumbList","@id":"https:\/\/vaasanvaalipiirinvihreat.fi\/index.php\/2021\/06\/01\/nuoret-ovat-kaupungin-tulevaisuus-mutta-kuuntelevatko-paattajat\/#breadcrumb","itemListElement":[{"@type":"ListItem","position":1,"name":"Etusivu","item":"https:\/\/vaasanvaalipiirinvihreat.fi\/"},{"@type":"ListItem","position":2,"name":"Nuoret ovat kaupungin tulevaisuus, mutta kuuntelevatko p\u00e4\u00e4tt\u00e4j\u00e4t"}]},{"@type":"WebSite","@id":"https:\/\/vaasanvaalipiirinvihreat.fi\/#website","url":"https:\/\/vaasanvaalipiirinvihreat.fi\/","name":"vaasanvaalipiirinvihreat.fi","description":"Vaasan vaalipiirin vihre\u00e4t - De Gr\u00f6na i Vasa valkrets","publisher":{"@id":"https:\/\/vaasanvaalipiirinvihreat.fi\/#organization"},"potentialAction":[{"@type":"SearchAction","target":{"@type":"EntryPoint","urlTemplate":"https:\/\/vaasanvaalipiirinvihreat.fi\/?s={search_term_string}"},"query-input":{"@type":"PropertyValueSpecification","valueRequired":true,"valueName":"search_term_string"}}],"inLanguage":"fi"},{"@type":"Organization","@id":"https:\/\/vaasanvaalipiirinvihreat.fi\/#organization","name":"vaasanvaalipiirinvihreat.fi","alternateName":"Vaasan vaalipiirin vihre\u00e4t - De Gr\u00f6na i Vasa valkrets","url":"https:\/\/vaasanvaalipiirinvihreat.fi\/","logo":{"@type":"ImageObject","inLanguage":"fi","@id":"https:\/\/vaasanvaalipiirinvihreat.fi\/#\/schema\/logo\/image\/","url":"https:\/\/vaasanvaalipiirinvihreat.fi\/wp-content\/uploads\/2025\/01\/Vihreat_Logo_HOR_RGB_FIN_SWE.png","contentUrl":"https:\/\/vaasanvaalipiirinvihreat.fi\/wp-content\/uploads\/2025\/01\/Vihreat_Logo_HOR_RGB_FIN_SWE.png","width":1162,"height":409,"caption":"vaasanvaalipiirinvihreat.fi"},"image":{"@id":"https:\/\/vaasanvaalipiirinvihreat.fi\/#\/schema\/logo\/image\/"},"sameAs":["https:\/\/www.facebook.com\/VaasanVaalipiirinVihreat"]},{"@type":"Person","@id":"https:\/\/vaasanvaalipiirinvihreat.fi\/#\/schema\/person\/d9205350c2a3b344c419b954e66c3daf","name":"Yll\u00e4pit\u00e4j\u00e4","url":"https:\/\/vaasanvaalipiirinvihreat.fi\/index.php\/author\/sivustomestari\/"}]}},"_links":{"self":[{"href":"https:\/\/vaasanvaalipiirinvihreat.fi\/index.php\/wp-json\/wp\/v2\/posts\/1413","targetHints":{"allow":["GET"]}}],"collection":[{"href":"https:\/\/vaasanvaalipiirinvihreat.fi\/index.php\/wp-json\/wp\/v2\/posts"}],"about":[{"href":"https:\/\/vaasanvaalipiirinvihreat.fi\/index.php\/wp-json\/wp\/v2\/types\/post"}],"author":[{"embeddable":true,"href":"https:\/\/vaasanvaalipiirinvihreat.fi\/index.php\/wp-json\/wp\/v2\/users\/2"}],"replies":[{"embeddable":true,"href":"https:\/\/vaasanvaalipiirinvihreat.fi\/index.php\/wp-json\/wp\/v2\/comments?post=1413"}],"version-history":[{"count":1,"href":"https:\/\/vaasanvaalipiirinvihreat.fi\/index.php\/wp-json\/wp\/v2\/posts\/1413\/revisions"}],"predecessor-version":[{"id":2112,"href":"https:\/\/vaasanvaalipiirinvihreat.fi\/index.php\/wp-json\/wp\/v2\/posts\/1413\/revisions\/2112"}],"wp:featuredmedia":[{"embeddable":true,"href":"https:\/\/vaasanvaalipiirinvihreat.fi\/index.php\/wp-json\/wp\/v2\/media\/1415"}],"wp:attachment":[{"href":"https:\/\/vaasanvaalipiirinvihreat.fi\/index.php\/wp-json\/wp\/v2\/media?parent=1413"}],"wp:term":[{"taxonomy":"category","embeddable":true,"href":"https:\/\/vaasanvaalipiirinvihreat.fi\/index.php\/wp-json\/wp\/v2\/categories?post=1413"},{"taxonomy":"post_tag","embeddable":true,"href":"https:\/\/vaasanvaalipiirinvihreat.fi\/index.php\/wp-json\/wp\/v2\/tags?post=1413"}],"curies":[{"name":"wp","href":"https:\/\/api.w.org\/{rel}","templated":true}]}}