{"id":1457,"date":"2021-11-01T10:00:22","date_gmt":"2021-11-01T08:00:22","guid":{"rendered":"http:\/\/www.vavavi.fi\/?p=1457"},"modified":"2025-01-20T17:18:49","modified_gmt":"2025-01-20T15:18:49","slug":"rokoteyksinpuhelu-rokotetun-oikeus-hiljaisuuteen","status":"publish","type":"post","link":"https:\/\/vaasanvaalipiirinvihreat.fi\/index.php\/2021\/11\/01\/rokoteyksinpuhelu-rokotetun-oikeus-hiljaisuuteen\/","title":{"rendered":"Rokoteyksinpuhelu \u2013rokotetun oikeus hiljaisuuteen"},"content":{"rendered":"\n<figure class=\"wp-block-image size-large is-resized\"><img fetchpriority=\"high\" decoding=\"async\" src=\"https:\/\/vaasanvaalipiirinvihreat.fi\/tuonti\/wp-content\/uploads\/2021\/11\/topias-644x858.jpg\" alt=\"\" class=\"wp-image-1458\" width=\"264\" height=\"352\"\/><figcaption><em>Topias Lahdensuo on lapualainen nuori, joka oli ensimm\u00e4ist\u00e4 kertaa ehdolla vuoden 2021 kuntavaaleisssa. Lahdensuo on parhaillaan mukana perustamassa ensimm\u00e4ist\u00e4 vihre\u00e4\u00e4 nuorisoj\u00e4rjest\u00f6\u00e4 Etel\u00e4-Pohjanmaalle<\/em><\/figcaption><\/figure>\n\n\n\n<p class=\"has-medium-font-size\"><strong>Koronaviruspandemiaa on takana pian kaksi vuotta. Rokotteet ovat tarjonneet k\u00e4rsineille elinkeinoille ja ihmisille mahdollisuuden selvit\u00e4 eteenp\u00e4in, mutta julkinen keskustelu aiheesta on t\u00e4ynn\u00e4 uhkauksia, v\u00e4\u00e4r\u00e4\u00e4 tietoa, v\u00e4h\u00e4ttely\u00e4 ja pahantahtoista argumentointia.<\/strong><\/p>\n\n\n\n<p class=\"has-medium-font-size\">Oli kyse sitten Kalliolaisen Pub-Sirdien p\u00e4ivitys koronapassin vaatimisesta ravintolassa asioimiseen, LLKY Suupohjan peruspalveluliikelaitoskuntayhtym\u00e4n rokote \u2013tempaus tai Sein\u00e4joen Ideaparkin tarjous koronapassin n\u00e4ytt\u00e4ville henkil\u00f6ille, jokaiseen kommenttiosioon eksyy jotain kautta misinformaatiota levitt\u00e4v\u00e4, tai sen pohjalta argumentoiva henkil\u00f6, joskus jopa t\u00e4ysin eri puolelta Suomea. He puhuvat rokotteesta sairaalaan joutuneista henkil\u00f6ist\u00e4, joita kukaan ei ole n\u00e4hnyt. He puhuvat Ihmisoikeuksista ja syrjinn\u00e4st\u00e4 ymm\u00e4rt\u00e4m\u00e4tt\u00e4 lains\u00e4\u00e4d\u00e4nt\u00f6\u00e4. He kylv\u00e4v\u00e4t jatkuvaa suhteetonta ep\u00e4ilyst\u00e4 terveydenhuollon ammattilaisia, asiantuntijoita ja poliitikkoja vastaan. Miten t\u00e4h\u00e4n kaikkeen tulisi rokotettuna suhtautua?<\/p>\n\n\n\n<p class=\"has-medium-font-size\">On sanomattakin selv\u00e4\u00e4, ett\u00e4 mik\u00e4li rokotteista ilmenee oikeita, varteenotettavia terveyshaittoja merkitt\u00e4v\u00e4lle m\u00e4\u00e4r\u00e4lle, asia tutkitaan ja tutkimuksen ajaksi rokotevalmiste poistetaan k\u00e4yt\u00f6st\u00e4. N\u00e4in k\u00e4vi jo AstraZenecan Vaxzevriak \u2013rokotteen kanssa, kun ilmenneiden (kuitenkin lievempien kuin Covid-19 taudin mahdollisien yksil\u00f6llisten oireiden ja pitk\u00e4aikaisten haittojen) riskien tullessa ilmi rokotestrategiaan tehtiin tarvittavat muutokset pohjautuen parhaaseen saatavilla olevaan tieteelliseen dataan. On t\u00e4ysin absurdi ajatus, ett\u00e4 koronarokotteiden tarkoitus olisi vahingoittaa ket\u00e4\u00e4n.<\/p>\n\n\n\n<p class=\"has-medium-font-size\">Voisin luokitella t\u00e4h\u00e4n ne tavanomaiset loogiset ajatukset, todisteet ja tieteellisen datan, jotka tukevat rokotteiden tehokkuutta ja turvallisuutta, mutta t\u00e4ss\u00e4 p\u00e4\u00e4st\u00e4\u00e4nkin t\u00e4m\u00e4n kirjoituksen ydinasiaan: <strong>Minun vastuuni rokotettuna ei ole valistaa rokotekriittist\u00e4<\/strong>. En ole asiantuntija, vaan v\u00e4it\u00e4n ett\u00e4 luetunymm\u00e4rt\u00e4miselt\u00e4ni keskitason maallikko. Kykenen kuuntelemaan asiantuntijoiden ja l\u00e4\u00e4k\u00e4reiden perusteluja ja ymm\u00e4rt\u00e4m\u00e4\u00e4n ne, miksi minun tulisi asettaa henkil\u00f6kohtaiseksi taakakseni yritt\u00e4\u00e4 k\u00e4\u00e4nt\u00e4\u00e4 yksinpuhelijoiden p\u00e4\u00e4t asiassa, josta on olemassaoleva tieteellinen konsensus?<\/p>\n\n\n\n<p class=\"has-medium-font-size\">On tosin monia, jotka t\u00e4t\u00e4 informaation ja disinformaation vaihdosta k\u00e4yv\u00e4t, etenkin somessa. Toisella puolella terveysviranomaisiin ja tutkijoihin luottava kansanosa jakaen jokaisen datanrippeen mit\u00e4 aiheesta l\u00f6ytyy ja perustellen loogisesti ja toisella puolella yhdysvaltalaista koronan ja rokotukset politisoinutta alkuper\u00e4\u00e4, kotimaisten modernien k\u00e4\u00e4rme\u00f6ljykauppiaiden maahantuomaa, pahantahtoista argumentointia, totuuden v\u00e4\u00e4ristely\u00e4 ja tilastoista rusinoiden poimimisen t\u00e4ytteist\u00e4 kansanterveyden ongelmaj\u00e4tett\u00e4. T\u00e4m\u00e4 j\u00e4lkimm\u00e4inen puoli v\u00e4itt\u00e4\u00e4 asiantuntijoiden kesken olevan erimielisyyksi\u00e4, ja k\u00e4ytt\u00e4v\u00e4t t\u00e4t\u00e4 argumenttia p\u00f6nkitt\u00e4m\u00e4\u00e4n sitaatteja l\u00e4\u00e4k\u00e4rein\u00e4 esiintyvilt\u00e4 fysioterapeuteilta, homeopatia -yritt\u00e4jilt\u00e4 ja haittaoikeistopoliitikoilta. N\u00e4m\u00e4 kaksi puolta sitten k\u00e4yv\u00e4t n\u00e4enn\u00e4isen vuorovaikutteista yksinpuhelua kommenttiosioissa saavuttamatta lopulta mit\u00e4\u00e4n muuta kuin molempien argumentoijien vankemman uskomuksen omaan kantaansa.<\/p>\n\n\n\n<p class=\"has-medium-font-size\">Vilpit\u00f6nt\u00e4 keskustelua ei voi k\u00e4yd\u00e4 valheellisin perustein, eik\u00e4 valheellisille v\u00e4itt\u00e4mille sovi antaa legitimiteetti\u00e4.<br><br><em>Topias Lahdensuo<br>Lapua<\/em><\/p>\n","protected":false},"excerpt":{"rendered":"<p>Koronaviruspandemiaa on takana pian kaksi vuotta. Rokotteet ovat tarjonneet k\u00e4rsineille elinkeinoille ja ihmisille mahdollisuuden selvit\u00e4 eteenp\u00e4in, mutta julkinen keskustelu aiheesta on t\u00e4ynn\u00e4 uhkauksia, v\u00e4\u00e4r\u00e4\u00e4 tietoa, v\u00e4h\u00e4ttely\u00e4 ja pahantahtoista argumentointia. Oli kyse sitten Kalliolaisen Pub-Sirdien p\u00e4ivitys koronapassin vaatimisesta ravintolassa asioimiseen, LLKY Suupohjan peruspalveluliikelaitoskuntayhtym\u00e4n rokote \u2013tempaus tai Sein\u00e4joen Ideaparkin tarjous koronapassin n\u00e4ytt\u00e4ville henkil\u00f6ille, jokaiseen kommenttiosioon eksyy jotain [&hellip;]<\/p>\n","protected":false},"author":2,"featured_media":1459,"comment_status":"closed","ping_status":"closed","sticky":false,"template":"","format":"standard","meta":{"footnotes":""},"categories":[2],"tags":[],"class_list":["post-1457","post","type-post","status-publish","format-standard","has-post-thumbnail","hentry","category-tiedotteet"],"yoast_head":"<!-- This site is optimized with the Yoast SEO plugin v27.5 - https:\/\/yoast.com\/product\/yoast-seo-wordpress\/ -->\n<title>Rokoteyksinpuhelu \u2013rokotetun oikeus hiljaisuuteen - vaasanvaalipiirinvihreat.fi<\/title>\n<meta name=\"robots\" content=\"index, follow, max-snippet:-1, max-image-preview:large, max-video-preview:-1\" \/>\n<link rel=\"canonical\" href=\"https:\/\/vaasanvaalipiirinvihreat.fi\/index.php\/2021\/11\/01\/rokoteyksinpuhelu-rokotetun-oikeus-hiljaisuuteen\/\" \/>\n<meta property=\"og:locale\" content=\"fi_FI\" \/>\n<meta property=\"og:type\" content=\"article\" \/>\n<meta property=\"og:title\" content=\"Rokoteyksinpuhelu \u2013rokotetun oikeus hiljaisuuteen - vaasanvaalipiirinvihreat.fi\" \/>\n<meta property=\"og:description\" content=\"Koronaviruspandemiaa on takana pian kaksi vuotta. Rokotteet ovat tarjonneet k\u00e4rsineille elinkeinoille ja ihmisille mahdollisuuden selvit\u00e4 eteenp\u00e4in, mutta julkinen keskustelu aiheesta on t\u00e4ynn\u00e4 uhkauksia, v\u00e4\u00e4r\u00e4\u00e4 tietoa, v\u00e4h\u00e4ttely\u00e4 ja pahantahtoista argumentointia. Oli kyse sitten Kalliolaisen Pub-Sirdien p\u00e4ivitys koronapassin vaatimisesta ravintolassa asioimiseen, LLKY Suupohjan peruspalveluliikelaitoskuntayhtym\u00e4n rokote \u2013tempaus tai Sein\u00e4joen Ideaparkin tarjous koronapassin n\u00e4ytt\u00e4ville henkil\u00f6ille, jokaiseen kommenttiosioon eksyy jotain [&hellip;]\" \/>\n<meta property=\"og:url\" content=\"https:\/\/vaasanvaalipiirinvihreat.fi\/index.php\/2021\/11\/01\/rokoteyksinpuhelu-rokotetun-oikeus-hiljaisuuteen\/\" \/>\n<meta property=\"og:site_name\" content=\"vaasanvaalipiirinvihreat.fi\" \/>\n<meta property=\"article:publisher\" content=\"https:\/\/www.facebook.com\/VaasanVaalipiirinVihreat\" \/>\n<meta property=\"article:published_time\" content=\"2021-11-01T08:00:22+00:00\" \/>\n<meta property=\"article:modified_time\" content=\"2025-01-20T15:18:49+00:00\" \/>\n<meta property=\"og:image\" content=\"https:\/\/vaasanvaalipiirinvihreat.fi\/wp-content\/uploads\/2021\/11\/topias-1.jpg\" \/>\n\t<meta property=\"og:image:width\" content=\"1200\" \/>\n\t<meta property=\"og:image:height\" content=\"852\" \/>\n\t<meta property=\"og:image:type\" content=\"image\/jpeg\" \/>\n<meta name=\"author\" content=\"Yll\u00e4pit\u00e4j\u00e4\" \/>\n<meta name=\"twitter:card\" content=\"summary_large_image\" \/>\n<meta name=\"twitter:label1\" content=\"Kirjoittanut\" \/>\n\t<meta name=\"twitter:data1\" content=\"Yll\u00e4pit\u00e4j\u00e4\" \/>\n\t<meta name=\"twitter:label2\" content=\"Arvioitu lukuaika\" \/>\n\t<meta name=\"twitter:data2\" content=\"2 minuuttia\" \/>\n<script type=\"application\/ld+json\" class=\"yoast-schema-graph\">{\"@context\":\"https:\\\/\\\/schema.org\",\"@graph\":[{\"@type\":\"Article\",\"@id\":\"https:\\\/\\\/vaasanvaalipiirinvihreat.fi\\\/index.php\\\/2021\\\/11\\\/01\\\/rokoteyksinpuhelu-rokotetun-oikeus-hiljaisuuteen\\\/#article\",\"isPartOf\":{\"@id\":\"https:\\\/\\\/vaasanvaalipiirinvihreat.fi\\\/index.php\\\/2021\\\/11\\\/01\\\/rokoteyksinpuhelu-rokotetun-oikeus-hiljaisuuteen\\\/\"},\"author\":{\"name\":\"Yll\u00e4pit\u00e4j\u00e4\",\"@id\":\"https:\\\/\\\/vaasanvaalipiirinvihreat.fi\\\/#\\\/schema\\\/person\\\/d9205350c2a3b344c419b954e66c3daf\"},\"headline\":\"Rokoteyksinpuhelu \u2013rokotetun oikeus hiljaisuuteen\",\"datePublished\":\"2021-11-01T08:00:22+00:00\",\"dateModified\":\"2025-01-20T15:18:49+00:00\",\"mainEntityOfPage\":{\"@id\":\"https:\\\/\\\/vaasanvaalipiirinvihreat.fi\\\/index.php\\\/2021\\\/11\\\/01\\\/rokoteyksinpuhelu-rokotetun-oikeus-hiljaisuuteen\\\/\"},\"wordCount\":461,\"publisher\":{\"@id\":\"https:\\\/\\\/vaasanvaalipiirinvihreat.fi\\\/#organization\"},\"image\":{\"@id\":\"https:\\\/\\\/vaasanvaalipiirinvihreat.fi\\\/index.php\\\/2021\\\/11\\\/01\\\/rokoteyksinpuhelu-rokotetun-oikeus-hiljaisuuteen\\\/#primaryimage\"},\"thumbnailUrl\":\"https:\\\/\\\/vaasanvaalipiirinvihreat.fi\\\/wp-content\\\/uploads\\\/2021\\\/11\\\/topias-1.jpg\",\"articleSection\":[\"Tiedotteet\"],\"inLanguage\":\"fi\"},{\"@type\":\"WebPage\",\"@id\":\"https:\\\/\\\/vaasanvaalipiirinvihreat.fi\\\/index.php\\\/2021\\\/11\\\/01\\\/rokoteyksinpuhelu-rokotetun-oikeus-hiljaisuuteen\\\/\",\"url\":\"https:\\\/\\\/vaasanvaalipiirinvihreat.fi\\\/index.php\\\/2021\\\/11\\\/01\\\/rokoteyksinpuhelu-rokotetun-oikeus-hiljaisuuteen\\\/\",\"name\":\"Rokoteyksinpuhelu \u2013rokotetun oikeus hiljaisuuteen - vaasanvaalipiirinvihreat.fi\",\"isPartOf\":{\"@id\":\"https:\\\/\\\/vaasanvaalipiirinvihreat.fi\\\/#website\"},\"primaryImageOfPage\":{\"@id\":\"https:\\\/\\\/vaasanvaalipiirinvihreat.fi\\\/index.php\\\/2021\\\/11\\\/01\\\/rokoteyksinpuhelu-rokotetun-oikeus-hiljaisuuteen\\\/#primaryimage\"},\"image\":{\"@id\":\"https:\\\/\\\/vaasanvaalipiirinvihreat.fi\\\/index.php\\\/2021\\\/11\\\/01\\\/rokoteyksinpuhelu-rokotetun-oikeus-hiljaisuuteen\\\/#primaryimage\"},\"thumbnailUrl\":\"https:\\\/\\\/vaasanvaalipiirinvihreat.fi\\\/wp-content\\\/uploads\\\/2021\\\/11\\\/topias-1.jpg\",\"datePublished\":\"2021-11-01T08:00:22+00:00\",\"dateModified\":\"2025-01-20T15:18:49+00:00\",\"breadcrumb\":{\"@id\":\"https:\\\/\\\/vaasanvaalipiirinvihreat.fi\\\/index.php\\\/2021\\\/11\\\/01\\\/rokoteyksinpuhelu-rokotetun-oikeus-hiljaisuuteen\\\/#breadcrumb\"},\"inLanguage\":\"fi\",\"potentialAction\":[{\"@type\":\"ReadAction\",\"target\":[\"https:\\\/\\\/vaasanvaalipiirinvihreat.fi\\\/index.php\\\/2021\\\/11\\\/01\\\/rokoteyksinpuhelu-rokotetun-oikeus-hiljaisuuteen\\\/\"]}]},{\"@type\":\"ImageObject\",\"inLanguage\":\"fi\",\"@id\":\"https:\\\/\\\/vaasanvaalipiirinvihreat.fi\\\/index.php\\\/2021\\\/11\\\/01\\\/rokoteyksinpuhelu-rokotetun-oikeus-hiljaisuuteen\\\/#primaryimage\",\"url\":\"https:\\\/\\\/vaasanvaalipiirinvihreat.fi\\\/wp-content\\\/uploads\\\/2021\\\/11\\\/topias-1.jpg\",\"contentUrl\":\"https:\\\/\\\/vaasanvaalipiirinvihreat.fi\\\/wp-content\\\/uploads\\\/2021\\\/11\\\/topias-1.jpg\",\"width\":1200,\"height\":852},{\"@type\":\"BreadcrumbList\",\"@id\":\"https:\\\/\\\/vaasanvaalipiirinvihreat.fi\\\/index.php\\\/2021\\\/11\\\/01\\\/rokoteyksinpuhelu-rokotetun-oikeus-hiljaisuuteen\\\/#breadcrumb\",\"itemListElement\":[{\"@type\":\"ListItem\",\"position\":1,\"name\":\"Etusivu\",\"item\":\"https:\\\/\\\/vaasanvaalipiirinvihreat.fi\\\/\"},{\"@type\":\"ListItem\",\"position\":2,\"name\":\"Rokoteyksinpuhelu \u2013rokotetun oikeus hiljaisuuteen\"}]},{\"@type\":\"WebSite\",\"@id\":\"https:\\\/\\\/vaasanvaalipiirinvihreat.fi\\\/#website\",\"url\":\"https:\\\/\\\/vaasanvaalipiirinvihreat.fi\\\/\",\"name\":\"vaasanvaalipiirinvihreat.fi\",\"description\":\"Vaasan vaalipiirin vihre\u00e4t - De Gr\u00f6na i Vasa valkrets\",\"publisher\":{\"@id\":\"https:\\\/\\\/vaasanvaalipiirinvihreat.fi\\\/#organization\"},\"potentialAction\":[{\"@type\":\"SearchAction\",\"target\":{\"@type\":\"EntryPoint\",\"urlTemplate\":\"https:\\\/\\\/vaasanvaalipiirinvihreat.fi\\\/?s={search_term_string}\"},\"query-input\":{\"@type\":\"PropertyValueSpecification\",\"valueRequired\":true,\"valueName\":\"search_term_string\"}}],\"inLanguage\":\"fi\"},{\"@type\":\"Organization\",\"@id\":\"https:\\\/\\\/vaasanvaalipiirinvihreat.fi\\\/#organization\",\"name\":\"vaasanvaalipiirinvihreat.fi\",\"alternateName\":\"Vaasan vaalipiirin vihre\u00e4t - De Gr\u00f6na i Vasa valkrets\",\"url\":\"https:\\\/\\\/vaasanvaalipiirinvihreat.fi\\\/\",\"logo\":{\"@type\":\"ImageObject\",\"inLanguage\":\"fi\",\"@id\":\"https:\\\/\\\/vaasanvaalipiirinvihreat.fi\\\/#\\\/schema\\\/logo\\\/image\\\/\",\"url\":\"https:\\\/\\\/vaasanvaalipiirinvihreat.fi\\\/wp-content\\\/uploads\\\/2025\\\/01\\\/Vihreat_Logo_HOR_RGB_FIN_SWE.png\",\"contentUrl\":\"https:\\\/\\\/vaasanvaalipiirinvihreat.fi\\\/wp-content\\\/uploads\\\/2025\\\/01\\\/Vihreat_Logo_HOR_RGB_FIN_SWE.png\",\"width\":1162,\"height\":409,\"caption\":\"vaasanvaalipiirinvihreat.fi\"},\"image\":{\"@id\":\"https:\\\/\\\/vaasanvaalipiirinvihreat.fi\\\/#\\\/schema\\\/logo\\\/image\\\/\"},\"sameAs\":[\"https:\\\/\\\/www.facebook.com\\\/VaasanVaalipiirinVihreat\"]},{\"@type\":\"Person\",\"@id\":\"https:\\\/\\\/vaasanvaalipiirinvihreat.fi\\\/#\\\/schema\\\/person\\\/d9205350c2a3b344c419b954e66c3daf\",\"name\":\"Yll\u00e4pit\u00e4j\u00e4\",\"url\":\"https:\\\/\\\/vaasanvaalipiirinvihreat.fi\\\/index.php\\\/author\\\/sivustomestari\\\/\"}]}<\/script>\n<!-- \/ Yoast SEO plugin. -->","yoast_head_json":{"title":"Rokoteyksinpuhelu \u2013rokotetun oikeus hiljaisuuteen - vaasanvaalipiirinvihreat.fi","robots":{"index":"index","follow":"follow","max-snippet":"max-snippet:-1","max-image-preview":"max-image-preview:large","max-video-preview":"max-video-preview:-1"},"canonical":"https:\/\/vaasanvaalipiirinvihreat.fi\/index.php\/2021\/11\/01\/rokoteyksinpuhelu-rokotetun-oikeus-hiljaisuuteen\/","og_locale":"fi_FI","og_type":"article","og_title":"Rokoteyksinpuhelu \u2013rokotetun oikeus hiljaisuuteen - vaasanvaalipiirinvihreat.fi","og_description":"Koronaviruspandemiaa on takana pian kaksi vuotta. Rokotteet ovat tarjonneet k\u00e4rsineille elinkeinoille ja ihmisille mahdollisuuden selvit\u00e4 eteenp\u00e4in, mutta julkinen keskustelu aiheesta on t\u00e4ynn\u00e4 uhkauksia, v\u00e4\u00e4r\u00e4\u00e4 tietoa, v\u00e4h\u00e4ttely\u00e4 ja pahantahtoista argumentointia. Oli kyse sitten Kalliolaisen Pub-Sirdien p\u00e4ivitys koronapassin vaatimisesta ravintolassa asioimiseen, LLKY Suupohjan peruspalveluliikelaitoskuntayhtym\u00e4n rokote \u2013tempaus tai Sein\u00e4joen Ideaparkin tarjous koronapassin n\u00e4ytt\u00e4ville henkil\u00f6ille, jokaiseen kommenttiosioon eksyy jotain [&hellip;]","og_url":"https:\/\/vaasanvaalipiirinvihreat.fi\/index.php\/2021\/11\/01\/rokoteyksinpuhelu-rokotetun-oikeus-hiljaisuuteen\/","og_site_name":"vaasanvaalipiirinvihreat.fi","article_publisher":"https:\/\/www.facebook.com\/VaasanVaalipiirinVihreat","article_published_time":"2021-11-01T08:00:22+00:00","article_modified_time":"2025-01-20T15:18:49+00:00","og_image":[{"width":1200,"height":852,"url":"https:\/\/vaasanvaalipiirinvihreat.fi\/wp-content\/uploads\/2021\/11\/topias-1.jpg","type":"image\/jpeg"}],"author":"Yll\u00e4pit\u00e4j\u00e4","twitter_card":"summary_large_image","twitter_misc":{"Kirjoittanut":"Yll\u00e4pit\u00e4j\u00e4","Arvioitu lukuaika":"2 minuuttia"},"schema":{"@context":"https:\/\/schema.org","@graph":[{"@type":"Article","@id":"https:\/\/vaasanvaalipiirinvihreat.fi\/index.php\/2021\/11\/01\/rokoteyksinpuhelu-rokotetun-oikeus-hiljaisuuteen\/#article","isPartOf":{"@id":"https:\/\/vaasanvaalipiirinvihreat.fi\/index.php\/2021\/11\/01\/rokoteyksinpuhelu-rokotetun-oikeus-hiljaisuuteen\/"},"author":{"name":"Yll\u00e4pit\u00e4j\u00e4","@id":"https:\/\/vaasanvaalipiirinvihreat.fi\/#\/schema\/person\/d9205350c2a3b344c419b954e66c3daf"},"headline":"Rokoteyksinpuhelu \u2013rokotetun oikeus hiljaisuuteen","datePublished":"2021-11-01T08:00:22+00:00","dateModified":"2025-01-20T15:18:49+00:00","mainEntityOfPage":{"@id":"https:\/\/vaasanvaalipiirinvihreat.fi\/index.php\/2021\/11\/01\/rokoteyksinpuhelu-rokotetun-oikeus-hiljaisuuteen\/"},"wordCount":461,"publisher":{"@id":"https:\/\/vaasanvaalipiirinvihreat.fi\/#organization"},"image":{"@id":"https:\/\/vaasanvaalipiirinvihreat.fi\/index.php\/2021\/11\/01\/rokoteyksinpuhelu-rokotetun-oikeus-hiljaisuuteen\/#primaryimage"},"thumbnailUrl":"https:\/\/vaasanvaalipiirinvihreat.fi\/wp-content\/uploads\/2021\/11\/topias-1.jpg","articleSection":["Tiedotteet"],"inLanguage":"fi"},{"@type":"WebPage","@id":"https:\/\/vaasanvaalipiirinvihreat.fi\/index.php\/2021\/11\/01\/rokoteyksinpuhelu-rokotetun-oikeus-hiljaisuuteen\/","url":"https:\/\/vaasanvaalipiirinvihreat.fi\/index.php\/2021\/11\/01\/rokoteyksinpuhelu-rokotetun-oikeus-hiljaisuuteen\/","name":"Rokoteyksinpuhelu \u2013rokotetun oikeus hiljaisuuteen - vaasanvaalipiirinvihreat.fi","isPartOf":{"@id":"https:\/\/vaasanvaalipiirinvihreat.fi\/#website"},"primaryImageOfPage":{"@id":"https:\/\/vaasanvaalipiirinvihreat.fi\/index.php\/2021\/11\/01\/rokoteyksinpuhelu-rokotetun-oikeus-hiljaisuuteen\/#primaryimage"},"image":{"@id":"https:\/\/vaasanvaalipiirinvihreat.fi\/index.php\/2021\/11\/01\/rokoteyksinpuhelu-rokotetun-oikeus-hiljaisuuteen\/#primaryimage"},"thumbnailUrl":"https:\/\/vaasanvaalipiirinvihreat.fi\/wp-content\/uploads\/2021\/11\/topias-1.jpg","datePublished":"2021-11-01T08:00:22+00:00","dateModified":"2025-01-20T15:18:49+00:00","breadcrumb":{"@id":"https:\/\/vaasanvaalipiirinvihreat.fi\/index.php\/2021\/11\/01\/rokoteyksinpuhelu-rokotetun-oikeus-hiljaisuuteen\/#breadcrumb"},"inLanguage":"fi","potentialAction":[{"@type":"ReadAction","target":["https:\/\/vaasanvaalipiirinvihreat.fi\/index.php\/2021\/11\/01\/rokoteyksinpuhelu-rokotetun-oikeus-hiljaisuuteen\/"]}]},{"@type":"ImageObject","inLanguage":"fi","@id":"https:\/\/vaasanvaalipiirinvihreat.fi\/index.php\/2021\/11\/01\/rokoteyksinpuhelu-rokotetun-oikeus-hiljaisuuteen\/#primaryimage","url":"https:\/\/vaasanvaalipiirinvihreat.fi\/wp-content\/uploads\/2021\/11\/topias-1.jpg","contentUrl":"https:\/\/vaasanvaalipiirinvihreat.fi\/wp-content\/uploads\/2021\/11\/topias-1.jpg","width":1200,"height":852},{"@type":"BreadcrumbList","@id":"https:\/\/vaasanvaalipiirinvihreat.fi\/index.php\/2021\/11\/01\/rokoteyksinpuhelu-rokotetun-oikeus-hiljaisuuteen\/#breadcrumb","itemListElement":[{"@type":"ListItem","position":1,"name":"Etusivu","item":"https:\/\/vaasanvaalipiirinvihreat.fi\/"},{"@type":"ListItem","position":2,"name":"Rokoteyksinpuhelu \u2013rokotetun oikeus hiljaisuuteen"}]},{"@type":"WebSite","@id":"https:\/\/vaasanvaalipiirinvihreat.fi\/#website","url":"https:\/\/vaasanvaalipiirinvihreat.fi\/","name":"vaasanvaalipiirinvihreat.fi","description":"Vaasan vaalipiirin vihre\u00e4t - De Gr\u00f6na i Vasa valkrets","publisher":{"@id":"https:\/\/vaasanvaalipiirinvihreat.fi\/#organization"},"potentialAction":[{"@type":"SearchAction","target":{"@type":"EntryPoint","urlTemplate":"https:\/\/vaasanvaalipiirinvihreat.fi\/?s={search_term_string}"},"query-input":{"@type":"PropertyValueSpecification","valueRequired":true,"valueName":"search_term_string"}}],"inLanguage":"fi"},{"@type":"Organization","@id":"https:\/\/vaasanvaalipiirinvihreat.fi\/#organization","name":"vaasanvaalipiirinvihreat.fi","alternateName":"Vaasan vaalipiirin vihre\u00e4t - De Gr\u00f6na i Vasa valkrets","url":"https:\/\/vaasanvaalipiirinvihreat.fi\/","logo":{"@type":"ImageObject","inLanguage":"fi","@id":"https:\/\/vaasanvaalipiirinvihreat.fi\/#\/schema\/logo\/image\/","url":"https:\/\/vaasanvaalipiirinvihreat.fi\/wp-content\/uploads\/2025\/01\/Vihreat_Logo_HOR_RGB_FIN_SWE.png","contentUrl":"https:\/\/vaasanvaalipiirinvihreat.fi\/wp-content\/uploads\/2025\/01\/Vihreat_Logo_HOR_RGB_FIN_SWE.png","width":1162,"height":409,"caption":"vaasanvaalipiirinvihreat.fi"},"image":{"@id":"https:\/\/vaasanvaalipiirinvihreat.fi\/#\/schema\/logo\/image\/"},"sameAs":["https:\/\/www.facebook.com\/VaasanVaalipiirinVihreat"]},{"@type":"Person","@id":"https:\/\/vaasanvaalipiirinvihreat.fi\/#\/schema\/person\/d9205350c2a3b344c419b954e66c3daf","name":"Yll\u00e4pit\u00e4j\u00e4","url":"https:\/\/vaasanvaalipiirinvihreat.fi\/index.php\/author\/sivustomestari\/"}]}},"_links":{"self":[{"href":"https:\/\/vaasanvaalipiirinvihreat.fi\/index.php\/wp-json\/wp\/v2\/posts\/1457","targetHints":{"allow":["GET"]}}],"collection":[{"href":"https:\/\/vaasanvaalipiirinvihreat.fi\/index.php\/wp-json\/wp\/v2\/posts"}],"about":[{"href":"https:\/\/vaasanvaalipiirinvihreat.fi\/index.php\/wp-json\/wp\/v2\/types\/post"}],"author":[{"embeddable":true,"href":"https:\/\/vaasanvaalipiirinvihreat.fi\/index.php\/wp-json\/wp\/v2\/users\/2"}],"replies":[{"embeddable":true,"href":"https:\/\/vaasanvaalipiirinvihreat.fi\/index.php\/wp-json\/wp\/v2\/comments?post=1457"}],"version-history":[{"count":1,"href":"https:\/\/vaasanvaalipiirinvihreat.fi\/index.php\/wp-json\/wp\/v2\/posts\/1457\/revisions"}],"predecessor-version":[{"id":2118,"href":"https:\/\/vaasanvaalipiirinvihreat.fi\/index.php\/wp-json\/wp\/v2\/posts\/1457\/revisions\/2118"}],"wp:featuredmedia":[{"embeddable":true,"href":"https:\/\/vaasanvaalipiirinvihreat.fi\/index.php\/wp-json\/wp\/v2\/media\/1459"}],"wp:attachment":[{"href":"https:\/\/vaasanvaalipiirinvihreat.fi\/index.php\/wp-json\/wp\/v2\/media?parent=1457"}],"wp:term":[{"taxonomy":"category","embeddable":true,"href":"https:\/\/vaasanvaalipiirinvihreat.fi\/index.php\/wp-json\/wp\/v2\/categories?post=1457"},{"taxonomy":"post_tag","embeddable":true,"href":"https:\/\/vaasanvaalipiirinvihreat.fi\/index.php\/wp-json\/wp\/v2\/tags?post=1457"}],"curies":[{"name":"wp","href":"https:\/\/api.w.org\/{rel}","templated":true}]}}