{"id":1521,"date":"2022-01-10T13:06:06","date_gmt":"2022-01-10T11:06:06","guid":{"rendered":"http:\/\/www.vavavi.fi\/?p=1521"},"modified":"2025-01-20T17:18:50","modified_gmt":"2025-01-20T15:18:50","slug":"resursseja-vanhusten-ja-vammaisten-palveluihin","status":"publish","type":"post","link":"https:\/\/vaasanvaalipiirinvihreat.fi\/index.php\/2022\/01\/10\/resursseja-vanhusten-ja-vammaisten-palveluihin\/","title":{"rendered":"Resursseja vanhusten ja vammaisten palveluihin"},"content":{"rendered":"\n<figure class=\"wp-block-image size-large\"><img decoding=\"async\" src=\"http:\/\/vaasanvaalipiirinvihreat.fi\/tuonti\/wp-content\/uploads\/2021\/05\/Kopio-tiedostosta-Faisa-Egge-644x492.jpg\" alt=\"\" class=\"wp-image-1395\"\/><figcaption>Faisa Egge on kokkolalainen terveysalan yritt\u00e4j\u00e4 sek\u00e4 kokkolan kaupunginvaltuuston j\u00e4sen. Egge palkittiin Suomen Yritt\u00e4jien toimesta vuonna 2019 tittelill\u00e4 vuoden maahanmuuttanut yritt\u00e4j\u00e4.<\/figcaption><\/figure>\n\n\n\n<p class=\"has-medium-font-size\"><strong>Hoitoalalla on t\u00e4ll\u00e4 hetkell\u00e4 kova kiire ja hoitajapula on todellinen. Itsell\u00e4nik\u00e4\u00e4n ei ole ollut aikaa tehd\u00e4 vaalikampanjaa, sill\u00e4 ty\u00f6t viev\u00e4t menness\u00e4\u00e4n. Olen ty\u00f6skennellyt vanhusten ja vammaisten parissa yli 10 vuotta ja olen n\u00e4hnyt sin\u00e4 aikana paljon hoitoalaan kohdistuvia leikkauksia. Monikaan ei ymm\u00e4rr\u00e4, kuinka n\u00e4m\u00e4 leikkaukset vaikuttavat vanhusten ja vammaisten el\u00e4m\u00e4\u00e4n, ellei omassa l\u00e4hipiiriss\u00e4 ole vanhuksia tai vammaisia. Palveluiden saannin kriteereist\u00e4 on tullut tiukempia ja kaikelle on hintalappu. Yritet\u00e4\u00e4n s\u00e4\u00e4st\u00e4\u00e4 kuluista, ja palveluiden laatu k\u00e4rsii. Yritet\u00e4\u00e4n olla tehokkaita ja menetet\u00e4\u00e4n inhimillisyys.<\/strong><\/p>\n\n\n\n<p class=\"has-medium-font-size\">Kun vanhus ei en\u00e4\u00e4 p\u00e4rj\u00e4\u00e4 turvallisesti kotonaan, Soite (Keski-Pohjanmaan sosiaali- ja terveyspalvelukuntayhtym\u00e4) tulee kartoittamaan tilanteen, t\u00e4yttyv\u00e4tk\u00f6 kotihoidon my\u00f6nt\u00e4misen kriteerit asiakkaan kohdalla ja kuinka paljon apua h\u00e4n tarvitsee. Asiakas voi saada apua 15 minuutista 2 tuntiin p\u00e4iv\u00e4ss\u00e4 riippuen avun tarpeesta. Korkeintaan nelj\u00e4 k\u00e4ynti\u00e4 voi olla p\u00e4iv\u00e4ss\u00e4. Jos kriteerit t\u00e4yttyv\u00e4t ja Soitella on tilaa, he voivat tarjota palvelun, tai vaihtoehtoisesti voivat my\u00f6nt\u00e4\u00e4 palvelusetelin. Mik\u00e4li todetaan, ett\u00e4 avun tarve on suurempi kuin 2h tuntia p\u00e4iv\u00e4ss\u00e4, silloin t\u00e4ytyy hakea laitospaikkaa. My\u00f6s hoivakodit ovat t\u00e4ynn\u00e4, eik\u00e4 paikkaa saa v\u00e4litt\u00f6m\u00e4sti. <br><br>Palvelusetelin arvo on kiinte\u00e4, ja loppuosan asiakas maksaa itse. Loppuosan m\u00e4\u00e4r\u00e4 riippuu palveluntarjoajan hinnoista. Yksityiset palveluntarjoajat t\u00e4ydent\u00e4v\u00e4t hyvin julkisia palveluita, ja ne lis\u00e4\u00e4v\u00e4t asiakkaan valinnanvapautta. On kuitenkin t\u00e4rke\u00e4\u00e4, ett\u00e4 niiden laatua valvotaan ja ett\u00e4 hinnat pysyv\u00e4t asiakkaille kohtuullisina. Kotihoidon lis\u00e4ksi asiakas maksaa tarvittaessa erikseen siivouspalvelut, ateriapalvelut, kotisairaanhoidon, l\u00e4\u00e4k\u00e4ri- ja sairaalapalvelut sek\u00e4 esimerkiksi turvapuhelinpalvelun. Jos asiakkaalla on vain perusel\u00e4ke, ei kaikkien maksujen j\u00e4lkeen j\u00e4\u00e4 paljon j\u00e4ljelle l\u00e4\u00e4kkeisiin, vuokraan ja ruokaan.<\/p>\n\n\n\n<p class=\"has-medium-font-size\">Tulen itse 3. maailman maasta, jossa vain rikkaat saavat hyv\u00e4\u00e4 hoitoa. Meid\u00e4n tulisi vaalia terveydenhoitoj\u00e4rjestelm\u00e4\u00e4mme ja sosiaalipalveluitamme, ja vaatia, ett\u00e4 siihen suunnataan tarpeeksi resursseja ja ett\u00e4 se pidett\u00e4isiin tasa-arvoisena ja yhdenvertaisena kaikille. <br><br>Kaikilla vanhuksilla on oikeus el\u00e4\u00e4 kotona ja tuntea olonsa turvalliseksi mahdollisimman pitk\u00e4\u00e4n. Kotona asumista tukemalla tuetaan my\u00f6s vanhuksen terveytt\u00e4, itsen\u00e4isyytt\u00e4 ja oman arvon tuntoa. Kun kotona asuminen ei ole en\u00e4\u00e4 mahdollista heikentyneen kunnon tai muistisairauden vuoksi, on palvelupaikka taattava. Heille, jotka eiv\u00e4t t\u00e4yt\u00e4 kotihoidon kriteereit\u00e4, mutta eiv\u00e4t kuitenkaan tunne oloaan turvalliseksi kotona, vaihtoehdot ovat joko maksaa kotihoito kokonaan itse tai yritt\u00e4\u00e4 selviyty\u00e4 yksin ja soittaa tarvittaessa ambulanssia paikalle. Kaikilla ei kuitenkaan ole varaa maksaa kotihoitoa kokonaan itse. Usein on vaikea ymm\u00e4rt\u00e4\u00e4, miksi juuri omalla kohdalla kriteerit eiv\u00e4t t\u00e4yty. Ainut vastaus on, ett\u00e4 resurssit eiv\u00e4t riit\u00e4 kaikille. Joskus t\u00e4ytyy taistella, ett\u00e4 palvelua saa.<\/p>\n\n\n\n<p class=\"has-medium-font-size\">Yksi asia, jota Suomessa arvostan, on se, ett\u00e4 sairaista ja vammaisista huolehditaan, mutta meid\u00e4n tulee varmistaa, ett\u00e4 n\u00e4in on asia my\u00f6s jatkossakin. Palveluista ei voi jatkuvasti leikata, vaan joskus voi my\u00f6s ajatella, onko mit\u00e4\u00e4n muita keinoja ja voidaanko lis\u00e4t\u00e4 tuloja. Voitaisiin my\u00f6s enemm\u00e4n lis\u00e4t\u00e4 kuntouttavia toimia sek\u00e4 parantaa omaishoitajien asemaa. Sote-alan henkil\u00f6kunnasta t\u00e4ytyy my\u00f6s pit\u00e4\u00e4 hyv\u00e4\u00e4 huolta, jotta he jaksaisivat paremmin. Heit\u00e4 ei saa ylikuormittaa; se vaikuttaa my\u00f6s palvelun laatuun.<br><\/p>\n\n\n\n<p class=\"has-medium-font-size\">Ty\u00f6ni my\u00f6t\u00e4 olen kokenut my\u00f6s, kuinka sairaalaankaan ei p\u00e4\u00e4se helposti ja sielt\u00e4 kotiutetaan heti kuin vain mahdollista. T\u00e4m\u00e4 johtaa kierteeseen, jossa asiakas on vain muutamia p\u00e4ivi\u00e4 kotona ja taas h\u00e4nelle joudutaan soittamaan ambulanssia, kun h\u00e4n ei p\u00e4rj\u00e4\u00e4 kotona turvallisesti. P\u00e4\u00e4tt\u00e4jien tulee tiet\u00e4\u00e4, mit\u00e4 todella tapahtuu terveydenhuollossa. Ehk\u00e4 heid\u00e4n pit\u00e4isi kokeilla ty\u00f6skennell\u00e4 alalla hetken. Ehk\u00e4 sitten p\u00e4\u00e4t\u00f6kset voisivat olla parempia. Kaikkien tulee saada nopeasti palveluita riippumatta tulotasosta. Jatkuva resurssien v\u00e4hent\u00e4minen johtaa siihen, ett\u00e4 pian ei ole eroa kehittyvien maiden ja Suomen v\u00e4lill\u00e4, jolloin yksityiselt\u00e4 puolelta saa laadukasta palvelua nopeasti, mutta he, joilla ei ole siihen varaa, k\u00e4rsiv\u00e4t ja ovat todella eriarvoisessa asemassa.<\/p>\n\n\n\n<p class=\"has-medium-font-size\"><em>Faisa Egge<br>Terveydenhoitaja, yritt\u00e4j\u00e4<br>Aluevaaliehdokas (Vihr.)<br>Kokkola<\/em><\/p>\n","protected":false},"excerpt":{"rendered":"<p>Hoitoalalla on t\u00e4ll\u00e4 hetkell\u00e4 kova kiire ja hoitajapula on todellinen. Itsell\u00e4nik\u00e4\u00e4n ei ole ollut aikaa tehd\u00e4 vaalikampanjaa, sill\u00e4 ty\u00f6t viev\u00e4t menness\u00e4\u00e4n. Olen ty\u00f6skennellyt vanhusten ja vammaisten parissa yli 10 vuotta ja olen n\u00e4hnyt sin\u00e4 aikana paljon hoitoalaan kohdistuvia leikkauksia. Monikaan ei ymm\u00e4rr\u00e4, kuinka n\u00e4m\u00e4 leikkaukset vaikuttavat vanhusten ja vammaisten el\u00e4m\u00e4\u00e4n, ellei omassa l\u00e4hipiiriss\u00e4 ole vanhuksia [&hellip;]<\/p>\n","protected":false},"author":2,"featured_media":2107,"comment_status":"closed","ping_status":"closed","sticky":false,"template":"","format":"standard","meta":{"footnotes":""},"categories":[2],"tags":[],"class_list":["post-1521","post","type-post","status-publish","format-standard","has-post-thumbnail","hentry","category-tiedotteet"],"yoast_head":"<!-- This site is optimized with the Yoast SEO plugin v27.5 - https:\/\/yoast.com\/product\/yoast-seo-wordpress\/ -->\n<title>Resursseja vanhusten ja vammaisten palveluihin - vaasanvaalipiirinvihreat.fi<\/title>\n<meta name=\"robots\" content=\"index, follow, max-snippet:-1, max-image-preview:large, max-video-preview:-1\" \/>\n<link rel=\"canonical\" href=\"https:\/\/vaasanvaalipiirinvihreat.fi\/index.php\/2022\/01\/10\/resursseja-vanhusten-ja-vammaisten-palveluihin\/\" \/>\n<meta property=\"og:locale\" content=\"fi_FI\" \/>\n<meta property=\"og:type\" content=\"article\" \/>\n<meta property=\"og:title\" content=\"Resursseja vanhusten ja vammaisten palveluihin - vaasanvaalipiirinvihreat.fi\" \/>\n<meta property=\"og:description\" content=\"Hoitoalalla on t\u00e4ll\u00e4 hetkell\u00e4 kova kiire ja hoitajapula on todellinen. Itsell\u00e4nik\u00e4\u00e4n ei ole ollut aikaa tehd\u00e4 vaalikampanjaa, sill\u00e4 ty\u00f6t viev\u00e4t menness\u00e4\u00e4n. Olen ty\u00f6skennellyt vanhusten ja vammaisten parissa yli 10 vuotta ja olen n\u00e4hnyt sin\u00e4 aikana paljon hoitoalaan kohdistuvia leikkauksia. Monikaan ei ymm\u00e4rr\u00e4, kuinka n\u00e4m\u00e4 leikkaukset vaikuttavat vanhusten ja vammaisten el\u00e4m\u00e4\u00e4n, ellei omassa l\u00e4hipiiriss\u00e4 ole vanhuksia [&hellip;]\" \/>\n<meta property=\"og:url\" content=\"https:\/\/vaasanvaalipiirinvihreat.fi\/index.php\/2022\/01\/10\/resursseja-vanhusten-ja-vammaisten-palveluihin\/\" \/>\n<meta property=\"og:site_name\" content=\"vaasanvaalipiirinvihreat.fi\" \/>\n<meta property=\"article:publisher\" content=\"https:\/\/www.facebook.com\/VaasanVaalipiirinVihreat\" \/>\n<meta property=\"article:published_time\" content=\"2022-01-10T11:06:06+00:00\" \/>\n<meta property=\"article:modified_time\" content=\"2025-01-20T15:18:50+00:00\" \/>\n<meta property=\"og:image\" content=\"https:\/\/vaasanvaalipiirinvihreat.fi\/wp-content\/uploads\/2025\/01\/Kopio-tiedostosta-Faisa-Egge-scaled-1.jpg\" \/>\n\t<meta property=\"og:image:width\" content=\"2560\" \/>\n\t<meta property=\"og:image:height\" content=\"1957\" \/>\n\t<meta property=\"og:image:type\" content=\"image\/jpeg\" \/>\n<meta name=\"author\" content=\"Yll\u00e4pit\u00e4j\u00e4\" \/>\n<meta name=\"twitter:card\" content=\"summary_large_image\" \/>\n<meta name=\"twitter:label1\" content=\"Kirjoittanut\" \/>\n\t<meta name=\"twitter:data1\" content=\"Yll\u00e4pit\u00e4j\u00e4\" \/>\n\t<meta name=\"twitter:label2\" content=\"Arvioitu lukuaika\" \/>\n\t<meta name=\"twitter:data2\" content=\"3 minuuttia\" \/>\n<script type=\"application\/ld+json\" class=\"yoast-schema-graph\">{\"@context\":\"https:\\\/\\\/schema.org\",\"@graph\":[{\"@type\":\"Article\",\"@id\":\"https:\\\/\\\/vaasanvaalipiirinvihreat.fi\\\/index.php\\\/2022\\\/01\\\/10\\\/resursseja-vanhusten-ja-vammaisten-palveluihin\\\/#article\",\"isPartOf\":{\"@id\":\"https:\\\/\\\/vaasanvaalipiirinvihreat.fi\\\/index.php\\\/2022\\\/01\\\/10\\\/resursseja-vanhusten-ja-vammaisten-palveluihin\\\/\"},\"author\":{\"name\":\"Yll\u00e4pit\u00e4j\u00e4\",\"@id\":\"https:\\\/\\\/vaasanvaalipiirinvihreat.fi\\\/#\\\/schema\\\/person\\\/d9205350c2a3b344c419b954e66c3daf\"},\"headline\":\"Resursseja vanhusten ja vammaisten palveluihin\",\"datePublished\":\"2022-01-10T11:06:06+00:00\",\"dateModified\":\"2025-01-20T15:18:50+00:00\",\"mainEntityOfPage\":{\"@id\":\"https:\\\/\\\/vaasanvaalipiirinvihreat.fi\\\/index.php\\\/2022\\\/01\\\/10\\\/resursseja-vanhusten-ja-vammaisten-palveluihin\\\/\"},\"wordCount\":675,\"publisher\":{\"@id\":\"https:\\\/\\\/vaasanvaalipiirinvihreat.fi\\\/#organization\"},\"image\":{\"@id\":\"https:\\\/\\\/vaasanvaalipiirinvihreat.fi\\\/index.php\\\/2022\\\/01\\\/10\\\/resursseja-vanhusten-ja-vammaisten-palveluihin\\\/#primaryimage\"},\"thumbnailUrl\":\"https:\\\/\\\/vaasanvaalipiirinvihreat.fi\\\/wp-content\\\/uploads\\\/2025\\\/01\\\/Kopio-tiedostosta-Faisa-Egge-scaled-1.jpg\",\"articleSection\":[\"Tiedotteet\"],\"inLanguage\":\"fi\"},{\"@type\":\"WebPage\",\"@id\":\"https:\\\/\\\/vaasanvaalipiirinvihreat.fi\\\/index.php\\\/2022\\\/01\\\/10\\\/resursseja-vanhusten-ja-vammaisten-palveluihin\\\/\",\"url\":\"https:\\\/\\\/vaasanvaalipiirinvihreat.fi\\\/index.php\\\/2022\\\/01\\\/10\\\/resursseja-vanhusten-ja-vammaisten-palveluihin\\\/\",\"name\":\"Resursseja vanhusten ja vammaisten palveluihin - vaasanvaalipiirinvihreat.fi\",\"isPartOf\":{\"@id\":\"https:\\\/\\\/vaasanvaalipiirinvihreat.fi\\\/#website\"},\"primaryImageOfPage\":{\"@id\":\"https:\\\/\\\/vaasanvaalipiirinvihreat.fi\\\/index.php\\\/2022\\\/01\\\/10\\\/resursseja-vanhusten-ja-vammaisten-palveluihin\\\/#primaryimage\"},\"image\":{\"@id\":\"https:\\\/\\\/vaasanvaalipiirinvihreat.fi\\\/index.php\\\/2022\\\/01\\\/10\\\/resursseja-vanhusten-ja-vammaisten-palveluihin\\\/#primaryimage\"},\"thumbnailUrl\":\"https:\\\/\\\/vaasanvaalipiirinvihreat.fi\\\/wp-content\\\/uploads\\\/2025\\\/01\\\/Kopio-tiedostosta-Faisa-Egge-scaled-1.jpg\",\"datePublished\":\"2022-01-10T11:06:06+00:00\",\"dateModified\":\"2025-01-20T15:18:50+00:00\",\"breadcrumb\":{\"@id\":\"https:\\\/\\\/vaasanvaalipiirinvihreat.fi\\\/index.php\\\/2022\\\/01\\\/10\\\/resursseja-vanhusten-ja-vammaisten-palveluihin\\\/#breadcrumb\"},\"inLanguage\":\"fi\",\"potentialAction\":[{\"@type\":\"ReadAction\",\"target\":[\"https:\\\/\\\/vaasanvaalipiirinvihreat.fi\\\/index.php\\\/2022\\\/01\\\/10\\\/resursseja-vanhusten-ja-vammaisten-palveluihin\\\/\"]}]},{\"@type\":\"ImageObject\",\"inLanguage\":\"fi\",\"@id\":\"https:\\\/\\\/vaasanvaalipiirinvihreat.fi\\\/index.php\\\/2022\\\/01\\\/10\\\/resursseja-vanhusten-ja-vammaisten-palveluihin\\\/#primaryimage\",\"url\":\"https:\\\/\\\/vaasanvaalipiirinvihreat.fi\\\/wp-content\\\/uploads\\\/2025\\\/01\\\/Kopio-tiedostosta-Faisa-Egge-scaled-1.jpg\",\"contentUrl\":\"https:\\\/\\\/vaasanvaalipiirinvihreat.fi\\\/wp-content\\\/uploads\\\/2025\\\/01\\\/Kopio-tiedostosta-Faisa-Egge-scaled-1.jpg\",\"width\":2560,\"height\":1957},{\"@type\":\"BreadcrumbList\",\"@id\":\"https:\\\/\\\/vaasanvaalipiirinvihreat.fi\\\/index.php\\\/2022\\\/01\\\/10\\\/resursseja-vanhusten-ja-vammaisten-palveluihin\\\/#breadcrumb\",\"itemListElement\":[{\"@type\":\"ListItem\",\"position\":1,\"name\":\"Etusivu\",\"item\":\"https:\\\/\\\/vaasanvaalipiirinvihreat.fi\\\/\"},{\"@type\":\"ListItem\",\"position\":2,\"name\":\"Resursseja vanhusten ja vammaisten palveluihin\"}]},{\"@type\":\"WebSite\",\"@id\":\"https:\\\/\\\/vaasanvaalipiirinvihreat.fi\\\/#website\",\"url\":\"https:\\\/\\\/vaasanvaalipiirinvihreat.fi\\\/\",\"name\":\"vaasanvaalipiirinvihreat.fi\",\"description\":\"Vaasan vaalipiirin vihre\u00e4t - De Gr\u00f6na i Vasa valkrets\",\"publisher\":{\"@id\":\"https:\\\/\\\/vaasanvaalipiirinvihreat.fi\\\/#organization\"},\"potentialAction\":[{\"@type\":\"SearchAction\",\"target\":{\"@type\":\"EntryPoint\",\"urlTemplate\":\"https:\\\/\\\/vaasanvaalipiirinvihreat.fi\\\/?s={search_term_string}\"},\"query-input\":{\"@type\":\"PropertyValueSpecification\",\"valueRequired\":true,\"valueName\":\"search_term_string\"}}],\"inLanguage\":\"fi\"},{\"@type\":\"Organization\",\"@id\":\"https:\\\/\\\/vaasanvaalipiirinvihreat.fi\\\/#organization\",\"name\":\"vaasanvaalipiirinvihreat.fi\",\"alternateName\":\"Vaasan vaalipiirin vihre\u00e4t - De Gr\u00f6na i Vasa valkrets\",\"url\":\"https:\\\/\\\/vaasanvaalipiirinvihreat.fi\\\/\",\"logo\":{\"@type\":\"ImageObject\",\"inLanguage\":\"fi\",\"@id\":\"https:\\\/\\\/vaasanvaalipiirinvihreat.fi\\\/#\\\/schema\\\/logo\\\/image\\\/\",\"url\":\"https:\\\/\\\/vaasanvaalipiirinvihreat.fi\\\/wp-content\\\/uploads\\\/2025\\\/01\\\/Vihreat_Logo_HOR_RGB_FIN_SWE.png\",\"contentUrl\":\"https:\\\/\\\/vaasanvaalipiirinvihreat.fi\\\/wp-content\\\/uploads\\\/2025\\\/01\\\/Vihreat_Logo_HOR_RGB_FIN_SWE.png\",\"width\":1162,\"height\":409,\"caption\":\"vaasanvaalipiirinvihreat.fi\"},\"image\":{\"@id\":\"https:\\\/\\\/vaasanvaalipiirinvihreat.fi\\\/#\\\/schema\\\/logo\\\/image\\\/\"},\"sameAs\":[\"https:\\\/\\\/www.facebook.com\\\/VaasanVaalipiirinVihreat\"]},{\"@type\":\"Person\",\"@id\":\"https:\\\/\\\/vaasanvaalipiirinvihreat.fi\\\/#\\\/schema\\\/person\\\/d9205350c2a3b344c419b954e66c3daf\",\"name\":\"Yll\u00e4pit\u00e4j\u00e4\",\"url\":\"https:\\\/\\\/vaasanvaalipiirinvihreat.fi\\\/index.php\\\/author\\\/sivustomestari\\\/\"}]}<\/script>\n<!-- \/ Yoast SEO plugin. -->","yoast_head_json":{"title":"Resursseja vanhusten ja vammaisten palveluihin - vaasanvaalipiirinvihreat.fi","robots":{"index":"index","follow":"follow","max-snippet":"max-snippet:-1","max-image-preview":"max-image-preview:large","max-video-preview":"max-video-preview:-1"},"canonical":"https:\/\/vaasanvaalipiirinvihreat.fi\/index.php\/2022\/01\/10\/resursseja-vanhusten-ja-vammaisten-palveluihin\/","og_locale":"fi_FI","og_type":"article","og_title":"Resursseja vanhusten ja vammaisten palveluihin - vaasanvaalipiirinvihreat.fi","og_description":"Hoitoalalla on t\u00e4ll\u00e4 hetkell\u00e4 kova kiire ja hoitajapula on todellinen. Itsell\u00e4nik\u00e4\u00e4n ei ole ollut aikaa tehd\u00e4 vaalikampanjaa, sill\u00e4 ty\u00f6t viev\u00e4t menness\u00e4\u00e4n. Olen ty\u00f6skennellyt vanhusten ja vammaisten parissa yli 10 vuotta ja olen n\u00e4hnyt sin\u00e4 aikana paljon hoitoalaan kohdistuvia leikkauksia. Monikaan ei ymm\u00e4rr\u00e4, kuinka n\u00e4m\u00e4 leikkaukset vaikuttavat vanhusten ja vammaisten el\u00e4m\u00e4\u00e4n, ellei omassa l\u00e4hipiiriss\u00e4 ole vanhuksia [&hellip;]","og_url":"https:\/\/vaasanvaalipiirinvihreat.fi\/index.php\/2022\/01\/10\/resursseja-vanhusten-ja-vammaisten-palveluihin\/","og_site_name":"vaasanvaalipiirinvihreat.fi","article_publisher":"https:\/\/www.facebook.com\/VaasanVaalipiirinVihreat","article_published_time":"2022-01-10T11:06:06+00:00","article_modified_time":"2025-01-20T15:18:50+00:00","og_image":[{"width":2560,"height":1957,"url":"https:\/\/vaasanvaalipiirinvihreat.fi\/wp-content\/uploads\/2025\/01\/Kopio-tiedostosta-Faisa-Egge-scaled-1.jpg","type":"image\/jpeg"}],"author":"Yll\u00e4pit\u00e4j\u00e4","twitter_card":"summary_large_image","twitter_misc":{"Kirjoittanut":"Yll\u00e4pit\u00e4j\u00e4","Arvioitu lukuaika":"3 minuuttia"},"schema":{"@context":"https:\/\/schema.org","@graph":[{"@type":"Article","@id":"https:\/\/vaasanvaalipiirinvihreat.fi\/index.php\/2022\/01\/10\/resursseja-vanhusten-ja-vammaisten-palveluihin\/#article","isPartOf":{"@id":"https:\/\/vaasanvaalipiirinvihreat.fi\/index.php\/2022\/01\/10\/resursseja-vanhusten-ja-vammaisten-palveluihin\/"},"author":{"name":"Yll\u00e4pit\u00e4j\u00e4","@id":"https:\/\/vaasanvaalipiirinvihreat.fi\/#\/schema\/person\/d9205350c2a3b344c419b954e66c3daf"},"headline":"Resursseja vanhusten ja vammaisten palveluihin","datePublished":"2022-01-10T11:06:06+00:00","dateModified":"2025-01-20T15:18:50+00:00","mainEntityOfPage":{"@id":"https:\/\/vaasanvaalipiirinvihreat.fi\/index.php\/2022\/01\/10\/resursseja-vanhusten-ja-vammaisten-palveluihin\/"},"wordCount":675,"publisher":{"@id":"https:\/\/vaasanvaalipiirinvihreat.fi\/#organization"},"image":{"@id":"https:\/\/vaasanvaalipiirinvihreat.fi\/index.php\/2022\/01\/10\/resursseja-vanhusten-ja-vammaisten-palveluihin\/#primaryimage"},"thumbnailUrl":"https:\/\/vaasanvaalipiirinvihreat.fi\/wp-content\/uploads\/2025\/01\/Kopio-tiedostosta-Faisa-Egge-scaled-1.jpg","articleSection":["Tiedotteet"],"inLanguage":"fi"},{"@type":"WebPage","@id":"https:\/\/vaasanvaalipiirinvihreat.fi\/index.php\/2022\/01\/10\/resursseja-vanhusten-ja-vammaisten-palveluihin\/","url":"https:\/\/vaasanvaalipiirinvihreat.fi\/index.php\/2022\/01\/10\/resursseja-vanhusten-ja-vammaisten-palveluihin\/","name":"Resursseja vanhusten ja vammaisten palveluihin - vaasanvaalipiirinvihreat.fi","isPartOf":{"@id":"https:\/\/vaasanvaalipiirinvihreat.fi\/#website"},"primaryImageOfPage":{"@id":"https:\/\/vaasanvaalipiirinvihreat.fi\/index.php\/2022\/01\/10\/resursseja-vanhusten-ja-vammaisten-palveluihin\/#primaryimage"},"image":{"@id":"https:\/\/vaasanvaalipiirinvihreat.fi\/index.php\/2022\/01\/10\/resursseja-vanhusten-ja-vammaisten-palveluihin\/#primaryimage"},"thumbnailUrl":"https:\/\/vaasanvaalipiirinvihreat.fi\/wp-content\/uploads\/2025\/01\/Kopio-tiedostosta-Faisa-Egge-scaled-1.jpg","datePublished":"2022-01-10T11:06:06+00:00","dateModified":"2025-01-20T15:18:50+00:00","breadcrumb":{"@id":"https:\/\/vaasanvaalipiirinvihreat.fi\/index.php\/2022\/01\/10\/resursseja-vanhusten-ja-vammaisten-palveluihin\/#breadcrumb"},"inLanguage":"fi","potentialAction":[{"@type":"ReadAction","target":["https:\/\/vaasanvaalipiirinvihreat.fi\/index.php\/2022\/01\/10\/resursseja-vanhusten-ja-vammaisten-palveluihin\/"]}]},{"@type":"ImageObject","inLanguage":"fi","@id":"https:\/\/vaasanvaalipiirinvihreat.fi\/index.php\/2022\/01\/10\/resursseja-vanhusten-ja-vammaisten-palveluihin\/#primaryimage","url":"https:\/\/vaasanvaalipiirinvihreat.fi\/wp-content\/uploads\/2025\/01\/Kopio-tiedostosta-Faisa-Egge-scaled-1.jpg","contentUrl":"https:\/\/vaasanvaalipiirinvihreat.fi\/wp-content\/uploads\/2025\/01\/Kopio-tiedostosta-Faisa-Egge-scaled-1.jpg","width":2560,"height":1957},{"@type":"BreadcrumbList","@id":"https:\/\/vaasanvaalipiirinvihreat.fi\/index.php\/2022\/01\/10\/resursseja-vanhusten-ja-vammaisten-palveluihin\/#breadcrumb","itemListElement":[{"@type":"ListItem","position":1,"name":"Etusivu","item":"https:\/\/vaasanvaalipiirinvihreat.fi\/"},{"@type":"ListItem","position":2,"name":"Resursseja vanhusten ja vammaisten palveluihin"}]},{"@type":"WebSite","@id":"https:\/\/vaasanvaalipiirinvihreat.fi\/#website","url":"https:\/\/vaasanvaalipiirinvihreat.fi\/","name":"vaasanvaalipiirinvihreat.fi","description":"Vaasan vaalipiirin vihre\u00e4t - De Gr\u00f6na i Vasa valkrets","publisher":{"@id":"https:\/\/vaasanvaalipiirinvihreat.fi\/#organization"},"potentialAction":[{"@type":"SearchAction","target":{"@type":"EntryPoint","urlTemplate":"https:\/\/vaasanvaalipiirinvihreat.fi\/?s={search_term_string}"},"query-input":{"@type":"PropertyValueSpecification","valueRequired":true,"valueName":"search_term_string"}}],"inLanguage":"fi"},{"@type":"Organization","@id":"https:\/\/vaasanvaalipiirinvihreat.fi\/#organization","name":"vaasanvaalipiirinvihreat.fi","alternateName":"Vaasan vaalipiirin vihre\u00e4t - De Gr\u00f6na i Vasa valkrets","url":"https:\/\/vaasanvaalipiirinvihreat.fi\/","logo":{"@type":"ImageObject","inLanguage":"fi","@id":"https:\/\/vaasanvaalipiirinvihreat.fi\/#\/schema\/logo\/image\/","url":"https:\/\/vaasanvaalipiirinvihreat.fi\/wp-content\/uploads\/2025\/01\/Vihreat_Logo_HOR_RGB_FIN_SWE.png","contentUrl":"https:\/\/vaasanvaalipiirinvihreat.fi\/wp-content\/uploads\/2025\/01\/Vihreat_Logo_HOR_RGB_FIN_SWE.png","width":1162,"height":409,"caption":"vaasanvaalipiirinvihreat.fi"},"image":{"@id":"https:\/\/vaasanvaalipiirinvihreat.fi\/#\/schema\/logo\/image\/"},"sameAs":["https:\/\/www.facebook.com\/VaasanVaalipiirinVihreat"]},{"@type":"Person","@id":"https:\/\/vaasanvaalipiirinvihreat.fi\/#\/schema\/person\/d9205350c2a3b344c419b954e66c3daf","name":"Yll\u00e4pit\u00e4j\u00e4","url":"https:\/\/vaasanvaalipiirinvihreat.fi\/index.php\/author\/sivustomestari\/"}]}},"_links":{"self":[{"href":"https:\/\/vaasanvaalipiirinvihreat.fi\/index.php\/wp-json\/wp\/v2\/posts\/1521","targetHints":{"allow":["GET"]}}],"collection":[{"href":"https:\/\/vaasanvaalipiirinvihreat.fi\/index.php\/wp-json\/wp\/v2\/posts"}],"about":[{"href":"https:\/\/vaasanvaalipiirinvihreat.fi\/index.php\/wp-json\/wp\/v2\/types\/post"}],"author":[{"embeddable":true,"href":"https:\/\/vaasanvaalipiirinvihreat.fi\/index.php\/wp-json\/wp\/v2\/users\/2"}],"replies":[{"embeddable":true,"href":"https:\/\/vaasanvaalipiirinvihreat.fi\/index.php\/wp-json\/wp\/v2\/comments?post=1521"}],"version-history":[{"count":1,"href":"https:\/\/vaasanvaalipiirinvihreat.fi\/index.php\/wp-json\/wp\/v2\/posts\/1521\/revisions"}],"predecessor-version":[{"id":2128,"href":"https:\/\/vaasanvaalipiirinvihreat.fi\/index.php\/wp-json\/wp\/v2\/posts\/1521\/revisions\/2128"}],"wp:featuredmedia":[{"embeddable":true,"href":"https:\/\/vaasanvaalipiirinvihreat.fi\/index.php\/wp-json\/wp\/v2\/media\/2107"}],"wp:attachment":[{"href":"https:\/\/vaasanvaalipiirinvihreat.fi\/index.php\/wp-json\/wp\/v2\/media?parent=1521"}],"wp:term":[{"taxonomy":"category","embeddable":true,"href":"https:\/\/vaasanvaalipiirinvihreat.fi\/index.php\/wp-json\/wp\/v2\/categories?post=1521"},{"taxonomy":"post_tag","embeddable":true,"href":"https:\/\/vaasanvaalipiirinvihreat.fi\/index.php\/wp-json\/wp\/v2\/tags?post=1521"}],"curies":[{"name":"wp","href":"https:\/\/api.w.org\/{rel}","templated":true}]}}