{"id":1530,"date":"2022-01-17T17:42:11","date_gmt":"2022-01-17T15:42:11","guid":{"rendered":"http:\/\/www.vavavi.fi\/?p=1530"},"modified":"2025-01-20T17:18:50","modified_gmt":"2025-01-20T15:18:50","slug":"kotihoitoa-on-kehitettava-rohkeasti-etela-pohjanmaalla","status":"publish","type":"post","link":"https:\/\/vaasanvaalipiirinvihreat.fi\/index.php\/2022\/01\/17\/kotihoitoa-on-kehitettava-rohkeasti-etela-pohjanmaalla\/","title":{"rendered":"Kotihoitoa on kehitett\u00e4v\u00e4 rohkeasti Etel\u00e4-Pohjanmaalla"},"content":{"rendered":"\n<div class=\"wp-block-image\"><figure class=\"aligncenter size-large is-resized\"><img fetchpriority=\"high\" decoding=\"async\" src=\"https:\/\/vaasanvaalipiirinvihreat.fi\/tuonti\/wp-content\/uploads\/2022\/01\/tiina-644x644.png\" alt=\"\" class=\"wp-image-1531\" width=\"446\" height=\"446\"\/><figcaption>Tiina Kankaanp\u00e4\u00e4 on kurikkalainen j\u00e4rjest\u00f6aktiivi sek\u00e4 toimitusjohtaja. H\u00e4n on my\u00f6s ehdolla aluevaaleissa.<\/figcaption><\/figure><\/div>\n\n\n\n<p class=\"has-medium-font-size\"><strong>Kotisairaanhoitoa ja muita kotiin tuotavia palveluja on uudistettava ennakkoluulottomasti niin, ett\u00e4 ihmiset voivat asua omassa kodissaan mahdollisimman pitk\u00e4\u00e4n. Jokaisella pit\u00e4\u00e4 olla my\u00f6s mahdollisuus valita, muuttaako palvelujen \u00e4\u00e4relle kuntien keskuksiin, vai hankkiiko omatoimisesti lis\u00e4apua nykyiseen kotiin. Ik\u00e4\u00e4ntymisen my\u00f6t\u00e4 my\u00f6s muistisairaudet lis\u00e4\u00e4ntyv\u00e4t ja tehostetun palveluasumisen hoivakotipaikkoja ei riit\u00e4 kaikille. Siksi tarvitsemme kaikki tahot mukaan hoivatalkoisiin. Julkinen ja yksityinen palvelu ei saa olla toistensa kilpailijoita. My\u00f6s muut toimijat on otettava mukaan.<\/strong><\/p>\n\n\n\n<p class=\"has-medium-font-size\">Etel\u00e4-Pohjanmaan hyvinvointialueen aluevaltuustoon pit\u00e4\u00e4 valita sellaisia henkil\u00f6it\u00e4, joilla on rohkeutta kehitt\u00e4\u00e4 palveluja t\u00e4ysin uudella tavalla. Palvelujen kirjo voi olla mit\u00e4 tahansa yhteisruokailujen j\u00e4rjest\u00e4misest\u00e4 henkil\u00f6kohtaisiin palveluihin. My\u00f6s helppok\u00e4ytt\u00f6iset uudet digitaaliset palvelut ja pit\u00e4\u00e4 ottaa ep\u00e4r\u00f6im\u00e4tt\u00e4 k\u00e4ytt\u00f6\u00f6n. Rahaa s\u00e4\u00e4styy, kun osa hoivak\u00e4ynneist\u00e4 voidaan hoitaa videopuheluiden v\u00e4lityksell\u00e4 tavanomaisten kotona k\u00e4yntien lis\u00e4ksi.<\/p>\n\n\n\n<p class=\"has-medium-font-size\">Kuntiin kannattaa rakentaa uusia esteett\u00f6mi\u00e4 ja yhteis\u00f6llisi\u00e4 asuinymp\u00e4rist\u00f6j\u00e4. Tulevaisuuden koti sijaitsee talossa tai korttelissa, jossa on mahdollista tavata muita ihmisi\u00e4, harrastaa, liikkua ja kuntoutua yksin tai ryhmiss\u00e4. Hissit, ovet ja lukitukset ovat automaattisesti ohjattuja. Erilaisia kaatumisen tunnistavia, tai asunnossa liikkumisen seurantalaitteita voidaan laittaa jo enemm\u00e4n hoivaa tarvitsevien asuntoihin turvaa tuomaan. Oma kotihoidon tiimi py\u00f6rii l\u00e4hist\u00f6ll\u00e4 aamusta iltaan ja vartiointipalvelu turvaa y\u00f6aikaisen avun saannin.<\/p>\n\n\n\n<p class=\"has-medium-font-size\">My\u00f6s Ik\u00e4\u00e4ntyneiden ihmisten nykyiset asunnot pit\u00e4\u00e4 muuttaa turvallisiksi. Varsinkin syrj\u00e4kylill\u00e4 asuville on kehitett\u00e4v\u00e4 uusia, pelastustoimen avulla kehitettyj\u00e4 palveluja. Sopimuspalokuntalaiset voivat opastaa ja kouluttaa ihmisi\u00e4 siin\u00e4, miten oma koti saadaan turvallisemmaksi. Paikannuspalvelu ja selke\u00e4t opasteet tuovat avun varmemmin ja nopeimmin perille silloin kun h\u00e4t\u00e4 on suurin.<\/p>\n\n\n\n<p class=\"has-medium-font-size\">Kyl\u00e4yhdistykset ja vammaisj\u00e4rjest\u00f6t pit\u00e4\u00e4 ehdottomasti ottaa mukaan hoivapalvelujen kehitt\u00e4misty\u00f6h\u00f6n, sill\u00e4 heill\u00e4 on mahdollisuus tuoda tietoa, toimintaa ja vertaistukea ihmisten arkeen. Kolmas sektori on se taho, jolla on jo valmiit ohjelmat, projektit ja ajatukset siit\u00e4, mit\u00e4 tehd\u00e4\u00e4n. Tarvitaan vain kohdeyleis\u00f6 ja maksuttomat, esteett\u00f6m\u00e4t tilat miss\u00e4 voimme kokoontua.<\/p>\n\n\n\n<p class=\"has-medium-font-size\">Kotihoidon kehitt\u00e4misen tavoitteena on ennalta ehk\u00e4ist\u00e4 yksin\u00e4isyytt\u00e4 ja siit\u00e4 aiheutuvia mielenterveysongelmia. Siin\u00e4 ty\u00f6ss\u00e4 me jokainen voimme my\u00f6s auttaa. Ollaan siis avuliaita naapureita, sukulaisia, tuttavia ja yst\u00e4vi\u00e4 kohtaan. Ollaan kiinnostuneita ja sopivasti uteliaita miten ik\u00e4\u00e4ntynyt p\u00e4rj\u00e4\u00e4. Tarjotaan kyyti\u00e4 tai kauppa-apua. Annetaan pieniin askareisiin auttavaa k\u00e4tt\u00e4.<\/p>\n\n\n\n<p class=\"has-medium-font-size\">Ja ennen kaikkea pys\u00e4hdyt\u00e4\u00e4n kuuntelemaan vastausta kysymykseen: <em>Mit\u00e4 sinulle t\u00e4n\u00e4\u00e4n kuuluu?<\/em><\/p>\n\n\n\n<p class=\"has-medium-font-size\"><em>Tiina Kankaanp\u00e4\u00e4, <br>Kurikka<\/em><\/p>\n","protected":false},"excerpt":{"rendered":"<p>Kotisairaanhoitoa ja muita kotiin tuotavia palveluja on uudistettava ennakkoluulottomasti niin, ett\u00e4 ihmiset voivat asua omassa kodissaan mahdollisimman pitk\u00e4\u00e4n. Jokaisella pit\u00e4\u00e4 olla my\u00f6s mahdollisuus valita, muuttaako palvelujen \u00e4\u00e4relle kuntien keskuksiin, vai hankkiiko omatoimisesti lis\u00e4apua nykyiseen kotiin. Ik\u00e4\u00e4ntymisen my\u00f6t\u00e4 my\u00f6s muistisairaudet lis\u00e4\u00e4ntyv\u00e4t ja tehostetun palveluasumisen hoivakotipaikkoja ei riit\u00e4 kaikille. Siksi tarvitsemme kaikki tahot mukaan hoivatalkoisiin. Julkinen ja [&hellip;]<\/p>\n","protected":false},"author":2,"featured_media":1531,"comment_status":"closed","ping_status":"closed","sticky":false,"template":"","format":"standard","meta":{"footnotes":""},"categories":[2],"tags":[],"class_list":["post-1530","post","type-post","status-publish","format-standard","has-post-thumbnail","hentry","category-tiedotteet"],"yoast_head":"<!-- This site is optimized with the Yoast SEO plugin v27.5 - https:\/\/yoast.com\/product\/yoast-seo-wordpress\/ -->\n<title>Kotihoitoa on kehitett\u00e4v\u00e4 rohkeasti Etel\u00e4-Pohjanmaalla - vaasanvaalipiirinvihreat.fi<\/title>\n<meta name=\"robots\" content=\"index, follow, max-snippet:-1, max-image-preview:large, max-video-preview:-1\" \/>\n<link rel=\"canonical\" href=\"https:\/\/vaasanvaalipiirinvihreat.fi\/index.php\/2022\/01\/17\/kotihoitoa-on-kehitettava-rohkeasti-etela-pohjanmaalla\/\" \/>\n<meta property=\"og:locale\" content=\"fi_FI\" \/>\n<meta property=\"og:type\" content=\"article\" \/>\n<meta property=\"og:title\" content=\"Kotihoitoa on kehitett\u00e4v\u00e4 rohkeasti Etel\u00e4-Pohjanmaalla - vaasanvaalipiirinvihreat.fi\" \/>\n<meta property=\"og:description\" content=\"Kotisairaanhoitoa ja muita kotiin tuotavia palveluja on uudistettava ennakkoluulottomasti niin, ett\u00e4 ihmiset voivat asua omassa kodissaan mahdollisimman pitk\u00e4\u00e4n. Jokaisella pit\u00e4\u00e4 olla my\u00f6s mahdollisuus valita, muuttaako palvelujen \u00e4\u00e4relle kuntien keskuksiin, vai hankkiiko omatoimisesti lis\u00e4apua nykyiseen kotiin. Ik\u00e4\u00e4ntymisen my\u00f6t\u00e4 my\u00f6s muistisairaudet lis\u00e4\u00e4ntyv\u00e4t ja tehostetun palveluasumisen hoivakotipaikkoja ei riit\u00e4 kaikille. Siksi tarvitsemme kaikki tahot mukaan hoivatalkoisiin. Julkinen ja [&hellip;]\" \/>\n<meta property=\"og:url\" content=\"https:\/\/vaasanvaalipiirinvihreat.fi\/index.php\/2022\/01\/17\/kotihoitoa-on-kehitettava-rohkeasti-etela-pohjanmaalla\/\" \/>\n<meta property=\"og:site_name\" content=\"vaasanvaalipiirinvihreat.fi\" \/>\n<meta property=\"article:publisher\" content=\"https:\/\/www.facebook.com\/VaasanVaalipiirinVihreat\" \/>\n<meta property=\"article:published_time\" content=\"2022-01-17T15:42:11+00:00\" \/>\n<meta property=\"article:modified_time\" content=\"2025-01-20T15:18:50+00:00\" \/>\n<meta property=\"og:image\" content=\"https:\/\/vaasanvaalipiirinvihreat.fi\/wp-content\/uploads\/2022\/01\/tiina.png\" \/>\n\t<meta property=\"og:image:width\" content=\"1080\" \/>\n\t<meta property=\"og:image:height\" content=\"1080\" \/>\n\t<meta property=\"og:image:type\" content=\"image\/png\" \/>\n<meta name=\"author\" content=\"Yll\u00e4pit\u00e4j\u00e4\" \/>\n<meta name=\"twitter:card\" content=\"summary_large_image\" \/>\n<meta name=\"twitter:label1\" content=\"Kirjoittanut\" \/>\n\t<meta name=\"twitter:data1\" content=\"Yll\u00e4pit\u00e4j\u00e4\" \/>\n\t<meta name=\"twitter:label2\" content=\"Arvioitu lukuaika\" \/>\n\t<meta name=\"twitter:data2\" content=\"2 minuuttia\" \/>\n<script type=\"application\/ld+json\" class=\"yoast-schema-graph\">{\"@context\":\"https:\\\/\\\/schema.org\",\"@graph\":[{\"@type\":\"Article\",\"@id\":\"https:\\\/\\\/vaasanvaalipiirinvihreat.fi\\\/index.php\\\/2022\\\/01\\\/17\\\/kotihoitoa-on-kehitettava-rohkeasti-etela-pohjanmaalla\\\/#article\",\"isPartOf\":{\"@id\":\"https:\\\/\\\/vaasanvaalipiirinvihreat.fi\\\/index.php\\\/2022\\\/01\\\/17\\\/kotihoitoa-on-kehitettava-rohkeasti-etela-pohjanmaalla\\\/\"},\"author\":{\"name\":\"Yll\u00e4pit\u00e4j\u00e4\",\"@id\":\"https:\\\/\\\/vaasanvaalipiirinvihreat.fi\\\/#\\\/schema\\\/person\\\/d9205350c2a3b344c419b954e66c3daf\"},\"headline\":\"Kotihoitoa on kehitett\u00e4v\u00e4 rohkeasti Etel\u00e4-Pohjanmaalla\",\"datePublished\":\"2022-01-17T15:42:11+00:00\",\"dateModified\":\"2025-01-20T15:18:50+00:00\",\"mainEntityOfPage\":{\"@id\":\"https:\\\/\\\/vaasanvaalipiirinvihreat.fi\\\/index.php\\\/2022\\\/01\\\/17\\\/kotihoitoa-on-kehitettava-rohkeasti-etela-pohjanmaalla\\\/\"},\"wordCount\":416,\"publisher\":{\"@id\":\"https:\\\/\\\/vaasanvaalipiirinvihreat.fi\\\/#organization\"},\"image\":{\"@id\":\"https:\\\/\\\/vaasanvaalipiirinvihreat.fi\\\/index.php\\\/2022\\\/01\\\/17\\\/kotihoitoa-on-kehitettava-rohkeasti-etela-pohjanmaalla\\\/#primaryimage\"},\"thumbnailUrl\":\"https:\\\/\\\/vaasanvaalipiirinvihreat.fi\\\/wp-content\\\/uploads\\\/2022\\\/01\\\/tiina.png\",\"articleSection\":[\"Tiedotteet\"],\"inLanguage\":\"fi\"},{\"@type\":\"WebPage\",\"@id\":\"https:\\\/\\\/vaasanvaalipiirinvihreat.fi\\\/index.php\\\/2022\\\/01\\\/17\\\/kotihoitoa-on-kehitettava-rohkeasti-etela-pohjanmaalla\\\/\",\"url\":\"https:\\\/\\\/vaasanvaalipiirinvihreat.fi\\\/index.php\\\/2022\\\/01\\\/17\\\/kotihoitoa-on-kehitettava-rohkeasti-etela-pohjanmaalla\\\/\",\"name\":\"Kotihoitoa on kehitett\u00e4v\u00e4 rohkeasti Etel\u00e4-Pohjanmaalla - vaasanvaalipiirinvihreat.fi\",\"isPartOf\":{\"@id\":\"https:\\\/\\\/vaasanvaalipiirinvihreat.fi\\\/#website\"},\"primaryImageOfPage\":{\"@id\":\"https:\\\/\\\/vaasanvaalipiirinvihreat.fi\\\/index.php\\\/2022\\\/01\\\/17\\\/kotihoitoa-on-kehitettava-rohkeasti-etela-pohjanmaalla\\\/#primaryimage\"},\"image\":{\"@id\":\"https:\\\/\\\/vaasanvaalipiirinvihreat.fi\\\/index.php\\\/2022\\\/01\\\/17\\\/kotihoitoa-on-kehitettava-rohkeasti-etela-pohjanmaalla\\\/#primaryimage\"},\"thumbnailUrl\":\"https:\\\/\\\/vaasanvaalipiirinvihreat.fi\\\/wp-content\\\/uploads\\\/2022\\\/01\\\/tiina.png\",\"datePublished\":\"2022-01-17T15:42:11+00:00\",\"dateModified\":\"2025-01-20T15:18:50+00:00\",\"breadcrumb\":{\"@id\":\"https:\\\/\\\/vaasanvaalipiirinvihreat.fi\\\/index.php\\\/2022\\\/01\\\/17\\\/kotihoitoa-on-kehitettava-rohkeasti-etela-pohjanmaalla\\\/#breadcrumb\"},\"inLanguage\":\"fi\",\"potentialAction\":[{\"@type\":\"ReadAction\",\"target\":[\"https:\\\/\\\/vaasanvaalipiirinvihreat.fi\\\/index.php\\\/2022\\\/01\\\/17\\\/kotihoitoa-on-kehitettava-rohkeasti-etela-pohjanmaalla\\\/\"]}]},{\"@type\":\"ImageObject\",\"inLanguage\":\"fi\",\"@id\":\"https:\\\/\\\/vaasanvaalipiirinvihreat.fi\\\/index.php\\\/2022\\\/01\\\/17\\\/kotihoitoa-on-kehitettava-rohkeasti-etela-pohjanmaalla\\\/#primaryimage\",\"url\":\"https:\\\/\\\/vaasanvaalipiirinvihreat.fi\\\/wp-content\\\/uploads\\\/2022\\\/01\\\/tiina.png\",\"contentUrl\":\"https:\\\/\\\/vaasanvaalipiirinvihreat.fi\\\/wp-content\\\/uploads\\\/2022\\\/01\\\/tiina.png\",\"width\":1080,\"height\":1080},{\"@type\":\"BreadcrumbList\",\"@id\":\"https:\\\/\\\/vaasanvaalipiirinvihreat.fi\\\/index.php\\\/2022\\\/01\\\/17\\\/kotihoitoa-on-kehitettava-rohkeasti-etela-pohjanmaalla\\\/#breadcrumb\",\"itemListElement\":[{\"@type\":\"ListItem\",\"position\":1,\"name\":\"Etusivu\",\"item\":\"https:\\\/\\\/vaasanvaalipiirinvihreat.fi\\\/\"},{\"@type\":\"ListItem\",\"position\":2,\"name\":\"Kotihoitoa on kehitett\u00e4v\u00e4 rohkeasti Etel\u00e4-Pohjanmaalla\"}]},{\"@type\":\"WebSite\",\"@id\":\"https:\\\/\\\/vaasanvaalipiirinvihreat.fi\\\/#website\",\"url\":\"https:\\\/\\\/vaasanvaalipiirinvihreat.fi\\\/\",\"name\":\"vaasanvaalipiirinvihreat.fi\",\"description\":\"Vaasan vaalipiirin vihre\u00e4t - De Gr\u00f6na i Vasa valkrets\",\"publisher\":{\"@id\":\"https:\\\/\\\/vaasanvaalipiirinvihreat.fi\\\/#organization\"},\"potentialAction\":[{\"@type\":\"SearchAction\",\"target\":{\"@type\":\"EntryPoint\",\"urlTemplate\":\"https:\\\/\\\/vaasanvaalipiirinvihreat.fi\\\/?s={search_term_string}\"},\"query-input\":{\"@type\":\"PropertyValueSpecification\",\"valueRequired\":true,\"valueName\":\"search_term_string\"}}],\"inLanguage\":\"fi\"},{\"@type\":\"Organization\",\"@id\":\"https:\\\/\\\/vaasanvaalipiirinvihreat.fi\\\/#organization\",\"name\":\"vaasanvaalipiirinvihreat.fi\",\"alternateName\":\"Vaasan vaalipiirin vihre\u00e4t - De Gr\u00f6na i Vasa valkrets\",\"url\":\"https:\\\/\\\/vaasanvaalipiirinvihreat.fi\\\/\",\"logo\":{\"@type\":\"ImageObject\",\"inLanguage\":\"fi\",\"@id\":\"https:\\\/\\\/vaasanvaalipiirinvihreat.fi\\\/#\\\/schema\\\/logo\\\/image\\\/\",\"url\":\"https:\\\/\\\/vaasanvaalipiirinvihreat.fi\\\/wp-content\\\/uploads\\\/2025\\\/01\\\/Vihreat_Logo_HOR_RGB_FIN_SWE.png\",\"contentUrl\":\"https:\\\/\\\/vaasanvaalipiirinvihreat.fi\\\/wp-content\\\/uploads\\\/2025\\\/01\\\/Vihreat_Logo_HOR_RGB_FIN_SWE.png\",\"width\":1162,\"height\":409,\"caption\":\"vaasanvaalipiirinvihreat.fi\"},\"image\":{\"@id\":\"https:\\\/\\\/vaasanvaalipiirinvihreat.fi\\\/#\\\/schema\\\/logo\\\/image\\\/\"},\"sameAs\":[\"https:\\\/\\\/www.facebook.com\\\/VaasanVaalipiirinVihreat\"]},{\"@type\":\"Person\",\"@id\":\"https:\\\/\\\/vaasanvaalipiirinvihreat.fi\\\/#\\\/schema\\\/person\\\/d9205350c2a3b344c419b954e66c3daf\",\"name\":\"Yll\u00e4pit\u00e4j\u00e4\",\"url\":\"https:\\\/\\\/vaasanvaalipiirinvihreat.fi\\\/index.php\\\/author\\\/sivustomestari\\\/\"}]}<\/script>\n<!-- \/ Yoast SEO plugin. -->","yoast_head_json":{"title":"Kotihoitoa on kehitett\u00e4v\u00e4 rohkeasti Etel\u00e4-Pohjanmaalla - vaasanvaalipiirinvihreat.fi","robots":{"index":"index","follow":"follow","max-snippet":"max-snippet:-1","max-image-preview":"max-image-preview:large","max-video-preview":"max-video-preview:-1"},"canonical":"https:\/\/vaasanvaalipiirinvihreat.fi\/index.php\/2022\/01\/17\/kotihoitoa-on-kehitettava-rohkeasti-etela-pohjanmaalla\/","og_locale":"fi_FI","og_type":"article","og_title":"Kotihoitoa on kehitett\u00e4v\u00e4 rohkeasti Etel\u00e4-Pohjanmaalla - vaasanvaalipiirinvihreat.fi","og_description":"Kotisairaanhoitoa ja muita kotiin tuotavia palveluja on uudistettava ennakkoluulottomasti niin, ett\u00e4 ihmiset voivat asua omassa kodissaan mahdollisimman pitk\u00e4\u00e4n. Jokaisella pit\u00e4\u00e4 olla my\u00f6s mahdollisuus valita, muuttaako palvelujen \u00e4\u00e4relle kuntien keskuksiin, vai hankkiiko omatoimisesti lis\u00e4apua nykyiseen kotiin. Ik\u00e4\u00e4ntymisen my\u00f6t\u00e4 my\u00f6s muistisairaudet lis\u00e4\u00e4ntyv\u00e4t ja tehostetun palveluasumisen hoivakotipaikkoja ei riit\u00e4 kaikille. Siksi tarvitsemme kaikki tahot mukaan hoivatalkoisiin. Julkinen ja [&hellip;]","og_url":"https:\/\/vaasanvaalipiirinvihreat.fi\/index.php\/2022\/01\/17\/kotihoitoa-on-kehitettava-rohkeasti-etela-pohjanmaalla\/","og_site_name":"vaasanvaalipiirinvihreat.fi","article_publisher":"https:\/\/www.facebook.com\/VaasanVaalipiirinVihreat","article_published_time":"2022-01-17T15:42:11+00:00","article_modified_time":"2025-01-20T15:18:50+00:00","og_image":[{"width":1080,"height":1080,"url":"https:\/\/vaasanvaalipiirinvihreat.fi\/wp-content\/uploads\/2022\/01\/tiina.png","type":"image\/png"}],"author":"Yll\u00e4pit\u00e4j\u00e4","twitter_card":"summary_large_image","twitter_misc":{"Kirjoittanut":"Yll\u00e4pit\u00e4j\u00e4","Arvioitu lukuaika":"2 minuuttia"},"schema":{"@context":"https:\/\/schema.org","@graph":[{"@type":"Article","@id":"https:\/\/vaasanvaalipiirinvihreat.fi\/index.php\/2022\/01\/17\/kotihoitoa-on-kehitettava-rohkeasti-etela-pohjanmaalla\/#article","isPartOf":{"@id":"https:\/\/vaasanvaalipiirinvihreat.fi\/index.php\/2022\/01\/17\/kotihoitoa-on-kehitettava-rohkeasti-etela-pohjanmaalla\/"},"author":{"name":"Yll\u00e4pit\u00e4j\u00e4","@id":"https:\/\/vaasanvaalipiirinvihreat.fi\/#\/schema\/person\/d9205350c2a3b344c419b954e66c3daf"},"headline":"Kotihoitoa on kehitett\u00e4v\u00e4 rohkeasti Etel\u00e4-Pohjanmaalla","datePublished":"2022-01-17T15:42:11+00:00","dateModified":"2025-01-20T15:18:50+00:00","mainEntityOfPage":{"@id":"https:\/\/vaasanvaalipiirinvihreat.fi\/index.php\/2022\/01\/17\/kotihoitoa-on-kehitettava-rohkeasti-etela-pohjanmaalla\/"},"wordCount":416,"publisher":{"@id":"https:\/\/vaasanvaalipiirinvihreat.fi\/#organization"},"image":{"@id":"https:\/\/vaasanvaalipiirinvihreat.fi\/index.php\/2022\/01\/17\/kotihoitoa-on-kehitettava-rohkeasti-etela-pohjanmaalla\/#primaryimage"},"thumbnailUrl":"https:\/\/vaasanvaalipiirinvihreat.fi\/wp-content\/uploads\/2022\/01\/tiina.png","articleSection":["Tiedotteet"],"inLanguage":"fi"},{"@type":"WebPage","@id":"https:\/\/vaasanvaalipiirinvihreat.fi\/index.php\/2022\/01\/17\/kotihoitoa-on-kehitettava-rohkeasti-etela-pohjanmaalla\/","url":"https:\/\/vaasanvaalipiirinvihreat.fi\/index.php\/2022\/01\/17\/kotihoitoa-on-kehitettava-rohkeasti-etela-pohjanmaalla\/","name":"Kotihoitoa on kehitett\u00e4v\u00e4 rohkeasti Etel\u00e4-Pohjanmaalla - vaasanvaalipiirinvihreat.fi","isPartOf":{"@id":"https:\/\/vaasanvaalipiirinvihreat.fi\/#website"},"primaryImageOfPage":{"@id":"https:\/\/vaasanvaalipiirinvihreat.fi\/index.php\/2022\/01\/17\/kotihoitoa-on-kehitettava-rohkeasti-etela-pohjanmaalla\/#primaryimage"},"image":{"@id":"https:\/\/vaasanvaalipiirinvihreat.fi\/index.php\/2022\/01\/17\/kotihoitoa-on-kehitettava-rohkeasti-etela-pohjanmaalla\/#primaryimage"},"thumbnailUrl":"https:\/\/vaasanvaalipiirinvihreat.fi\/wp-content\/uploads\/2022\/01\/tiina.png","datePublished":"2022-01-17T15:42:11+00:00","dateModified":"2025-01-20T15:18:50+00:00","breadcrumb":{"@id":"https:\/\/vaasanvaalipiirinvihreat.fi\/index.php\/2022\/01\/17\/kotihoitoa-on-kehitettava-rohkeasti-etela-pohjanmaalla\/#breadcrumb"},"inLanguage":"fi","potentialAction":[{"@type":"ReadAction","target":["https:\/\/vaasanvaalipiirinvihreat.fi\/index.php\/2022\/01\/17\/kotihoitoa-on-kehitettava-rohkeasti-etela-pohjanmaalla\/"]}]},{"@type":"ImageObject","inLanguage":"fi","@id":"https:\/\/vaasanvaalipiirinvihreat.fi\/index.php\/2022\/01\/17\/kotihoitoa-on-kehitettava-rohkeasti-etela-pohjanmaalla\/#primaryimage","url":"https:\/\/vaasanvaalipiirinvihreat.fi\/wp-content\/uploads\/2022\/01\/tiina.png","contentUrl":"https:\/\/vaasanvaalipiirinvihreat.fi\/wp-content\/uploads\/2022\/01\/tiina.png","width":1080,"height":1080},{"@type":"BreadcrumbList","@id":"https:\/\/vaasanvaalipiirinvihreat.fi\/index.php\/2022\/01\/17\/kotihoitoa-on-kehitettava-rohkeasti-etela-pohjanmaalla\/#breadcrumb","itemListElement":[{"@type":"ListItem","position":1,"name":"Etusivu","item":"https:\/\/vaasanvaalipiirinvihreat.fi\/"},{"@type":"ListItem","position":2,"name":"Kotihoitoa on kehitett\u00e4v\u00e4 rohkeasti Etel\u00e4-Pohjanmaalla"}]},{"@type":"WebSite","@id":"https:\/\/vaasanvaalipiirinvihreat.fi\/#website","url":"https:\/\/vaasanvaalipiirinvihreat.fi\/","name":"vaasanvaalipiirinvihreat.fi","description":"Vaasan vaalipiirin vihre\u00e4t - De Gr\u00f6na i Vasa valkrets","publisher":{"@id":"https:\/\/vaasanvaalipiirinvihreat.fi\/#organization"},"potentialAction":[{"@type":"SearchAction","target":{"@type":"EntryPoint","urlTemplate":"https:\/\/vaasanvaalipiirinvihreat.fi\/?s={search_term_string}"},"query-input":{"@type":"PropertyValueSpecification","valueRequired":true,"valueName":"search_term_string"}}],"inLanguage":"fi"},{"@type":"Organization","@id":"https:\/\/vaasanvaalipiirinvihreat.fi\/#organization","name":"vaasanvaalipiirinvihreat.fi","alternateName":"Vaasan vaalipiirin vihre\u00e4t - De Gr\u00f6na i Vasa valkrets","url":"https:\/\/vaasanvaalipiirinvihreat.fi\/","logo":{"@type":"ImageObject","inLanguage":"fi","@id":"https:\/\/vaasanvaalipiirinvihreat.fi\/#\/schema\/logo\/image\/","url":"https:\/\/vaasanvaalipiirinvihreat.fi\/wp-content\/uploads\/2025\/01\/Vihreat_Logo_HOR_RGB_FIN_SWE.png","contentUrl":"https:\/\/vaasanvaalipiirinvihreat.fi\/wp-content\/uploads\/2025\/01\/Vihreat_Logo_HOR_RGB_FIN_SWE.png","width":1162,"height":409,"caption":"vaasanvaalipiirinvihreat.fi"},"image":{"@id":"https:\/\/vaasanvaalipiirinvihreat.fi\/#\/schema\/logo\/image\/"},"sameAs":["https:\/\/www.facebook.com\/VaasanVaalipiirinVihreat"]},{"@type":"Person","@id":"https:\/\/vaasanvaalipiirinvihreat.fi\/#\/schema\/person\/d9205350c2a3b344c419b954e66c3daf","name":"Yll\u00e4pit\u00e4j\u00e4","url":"https:\/\/vaasanvaalipiirinvihreat.fi\/index.php\/author\/sivustomestari\/"}]}},"_links":{"self":[{"href":"https:\/\/vaasanvaalipiirinvihreat.fi\/index.php\/wp-json\/wp\/v2\/posts\/1530","targetHints":{"allow":["GET"]}}],"collection":[{"href":"https:\/\/vaasanvaalipiirinvihreat.fi\/index.php\/wp-json\/wp\/v2\/posts"}],"about":[{"href":"https:\/\/vaasanvaalipiirinvihreat.fi\/index.php\/wp-json\/wp\/v2\/types\/post"}],"author":[{"embeddable":true,"href":"https:\/\/vaasanvaalipiirinvihreat.fi\/index.php\/wp-json\/wp\/v2\/users\/2"}],"replies":[{"embeddable":true,"href":"https:\/\/vaasanvaalipiirinvihreat.fi\/index.php\/wp-json\/wp\/v2\/comments?post=1530"}],"version-history":[{"count":1,"href":"https:\/\/vaasanvaalipiirinvihreat.fi\/index.php\/wp-json\/wp\/v2\/posts\/1530\/revisions"}],"predecessor-version":[{"id":2130,"href":"https:\/\/vaasanvaalipiirinvihreat.fi\/index.php\/wp-json\/wp\/v2\/posts\/1530\/revisions\/2130"}],"wp:featuredmedia":[{"embeddable":true,"href":"https:\/\/vaasanvaalipiirinvihreat.fi\/index.php\/wp-json\/wp\/v2\/media\/1531"}],"wp:attachment":[{"href":"https:\/\/vaasanvaalipiirinvihreat.fi\/index.php\/wp-json\/wp\/v2\/media?parent=1530"}],"wp:term":[{"taxonomy":"category","embeddable":true,"href":"https:\/\/vaasanvaalipiirinvihreat.fi\/index.php\/wp-json\/wp\/v2\/categories?post=1530"},{"taxonomy":"post_tag","embeddable":true,"href":"https:\/\/vaasanvaalipiirinvihreat.fi\/index.php\/wp-json\/wp\/v2\/tags?post=1530"}],"curies":[{"name":"wp","href":"https:\/\/api.w.org\/{rel}","templated":true}]}}