{"id":1533,"date":"2022-01-20T14:39:23","date_gmt":"2022-01-20T12:39:23","guid":{"rendered":"http:\/\/www.vavavi.fi\/?p=1533"},"modified":"2025-01-20T17:18:50","modified_gmt":"2025-01-20T15:18:50","slug":"imetyksen-edistamisen-tarkeydesta","status":"publish","type":"post","link":"https:\/\/vaasanvaalipiirinvihreat.fi\/index.php\/2022\/01\/20\/imetyksen-edistamisen-tarkeydesta\/","title":{"rendered":"Imetyksen edist\u00e4misen t\u00e4rkeydest\u00e4"},"content":{"rendered":"\n<div class=\"wp-block-image\"><figure class=\"aligncenter size-large is-resized\"><img fetchpriority=\"high\" decoding=\"async\" src=\"https:\/\/vaasanvaalipiirinvihreat.fi\/tuonti\/wp-content\/uploads\/2022\/01\/Nimeton-suunn.malli-2-644x644.png\" alt=\"\" class=\"wp-image-1534\" width=\"453\" height=\"453\"\/><figcaption>Tekstin kirjoittajina toimivat ehdokkainakin aluevaaleissa olevat ammatillinen opettaja Heli H\u00e4m\u00e4l\u00e4inen alaj\u00e4rvelt\u00e4 sek\u00e4 k\u00e4til\u00f6 Piia \u00c4ij\u00f6 Kauhajoelta.<\/figcaption><\/figure><\/div>\n\n\n\n<p class=\"has-medium-font-size\"><strong>Vauva muuttaa vanhempiensa maailman, ja tuo mukanaan suuren vastuun pienen el\u00e4m\u00e4n edellytysten j\u00e4rjest\u00e4misest\u00e4. Toisaalta vauva ei paljoa vaadi,\u00a0 ravinto ja hell\u00e4 hoiva ovat ne t\u00e4rkeimm\u00e4t. Suurin osa suomalais\u00e4ideist\u00e4 haluaisi imett\u00e4\u00e4 lastaan, mutta vain osa onnistuu tavoitteessaan. THL:n ja WHO:n 6kk t\u00e4ysimetystavoitteeseen p\u00e4\u00e4see vain murto-osa \u00e4ideist\u00e4, jo yhden kuukauden i\u00e4ss\u00e4 vauvoista en\u00e4\u00e4 58% on t\u00e4ysimetettyj\u00e4. Lis\u00e4ksi asiaan liittyy sosioekonomisia eroja: nuoret ja v\u00e4hemm\u00e4n koulutetut \u00e4idit todenn\u00e4k\u00f6isemmin lopettavat imetyksen aikaisemmin. Syy ei ehdottomasti ole \u00e4ideiss\u00e4, eik\u00e4 vauvoissa, vaan puutteellisessa ohjauksessa ja virheellisess\u00e4 tiedossa jota perheet saavat l\u00e4heisilt\u00e4\u00e4n ja terveydenhuollosta. Siksi imetyksen edist\u00e4minen on yhteiskunnallinen asia.<\/strong><\/p>\n\n\n\n<p class=\"has-medium-font-size\">Viel\u00e4 1980-luvulla tieto ihmisen maidonerityksest\u00e4 perustui siihen, mit\u00e4 tiesimme nautael\u00e4inten maidonerityksest\u00e4. Tietoa ihmislajin osalta ei ollut, suurelta osin koska ket\u00e4\u00e4n ei rahallisesti hy\u00f6dytt\u00e4nyt tutkia aihetta. Ei my\u00f6sk\u00e4\u00e4n ymm\u00e4rretty vauvan tarpeita, tihe\u00e4n imun kausia tai rintaraivareita. Ratkaisuksi ihan jokaiseen ongelmaan tarjottiin korviketta tai kiinteiden ruokien aloitusta. Esimerkiksi toiselle meist\u00e4 on aloitettu luumusoseen sy\u00f6tt\u00e4minen kuukauden ik\u00e4isen\u00e4 vatsavaivojen vuoksi. Nykytiet\u00e4myksen mukaan t\u00e4ll\u00e4 on todenn\u00e4k\u00f6isesti l\u00e4hinn\u00e4 pahennettu vatsanv\u00e4\u00e4nteit\u00e4. Ja toisen meist\u00e4 70-luvun lopulla syntyneen imetys loppui, koska hyv\u00e4\u00e4 tarkoittanut kummit\u00e4ti tuli hoitamaan ja antoi \u00e4idille lomaa juuri kriittisess\u00e4 vaiheessa, jolloin maidon tulo ehtyi korvikkeen antamisen my\u00f6t\u00e4.&nbsp;<\/p>\n\n\n\n<p class=\"has-medium-font-size\">Imetys on t\u00e4rke\u00e4 asia ensinn\u00e4kin siksi, ett\u00e4 se edist\u00e4\u00e4 koko perheen terveytt\u00e4. Vauvalla se v\u00e4hent\u00e4\u00e4 mm. korvatulehduksia, sairaalahoitoa vaativia vatsatauteja, allergioita, astmaa ja jopa leukemiaa. \u00c4ideill\u00e4 se taas auttaa synnytyksest\u00e4 palautumisessa ja ehk\u00e4isee mm. syd\u00e4n- ja verisuonitauteja, kakkostyypin diabetesta ja hormonaalisia sy\u00f6pi\u00e4. Tutkitusti perheess\u00e4, jossa imetys sujuu hyvin, on vauvalla pienempi riski tulla pahoinpidellyksi tai laiminly\u00f6dyksi. Lis\u00e4ksi imetys on perheelle taloudellisesti edullisempaa kuin korvikeruokinta.<\/p>\n\n\n\n<p class=\"has-medium-font-size\">Terveydellisten ja sosiaalisten asioiden lis\u00e4ksi imetys on ekoteko. Rintamaito ei vaadi pakkaamista, kuljettamista tai l\u00e4mmitt\u00e4mist\u00e4. Lis\u00e4ksi korvikkeeseen verrattuna rintamaidon \u201ctuottamiseen\u201d tarvitaan v\u00e4hemm\u00e4n vett\u00e4 ja v\u00e4hemm\u00e4n energiaa. Korvike my\u00f6s useimmiten sy\u00f6tet\u00e4\u00e4n muovisesta tuttipullosta.<\/p>\n\n\n\n<p class=\"has-medium-font-size\">Onneksi nyt 2020-luvulla tied\u00e4mme enemm\u00e4n imetyksest\u00e4 ja tunnemme useita keinoja, joilla yhteiskuntamme voi tukea perheit\u00e4 imetyksess\u00e4. WHO on laskenut, ett\u00e4 jokainen imetyksen tukemiseen panostettu euro maksaa itsens\u00e4 takaisin 35-kertaisena. Imetyksen edist\u00e4minen on siis&nbsp; kustannustehokasta ja ennaltaehk\u00e4isev\u00e4\u00e4 toimintaa, joka nostaa perheiden hyvinvoinnin tasoa. Perheet tarvitsisivat nykyist\u00e4 nopeammin apua ja tukea imetysongelmiinsa. Sosioekonomisten erojen vuoksi mielest\u00e4mme olisi perusteltua, ett\u00e4 t\u00e4m\u00e4 apu olisi perheille ilmaista. Synnytyksen j\u00e4lkeen ylim\u00e4\u00e4r\u00e4inen poliklinikkamaksu voi kaataa pienituloisen perheen talouden.<\/p>\n\n\n\n<p class=\"has-medium-font-size\">Imetys on siis edullinen ja konkreettinen tapa edist\u00e4\u00e4 perheiden yhdenvertaisuutta ja rakentaa kest\u00e4v\u00e4\u00e4 yhteiskuntaa. Siksi imetyksen edist\u00e4miseen tulee panostaa jatkossa enemm\u00e4n.&nbsp; Kirjoituksemme tarkoituksena ei ole painostaa ket\u00e4\u00e4n, mutta perheill\u00e4 pit\u00e4isi olla k\u00e4yt\u00f6ss\u00e4\u00e4n riitt\u00e4v\u00e4sti tietoa p\u00e4\u00e4t\u00f6ksentekoon sek\u00e4 riitt\u00e4v\u00e4 tuki ja apu p\u00e4\u00e4t\u00f6ksens\u00e4 tueksi.<\/p>\n\n\n\n<p class=\"has-medium-font-size\"><em>Piia \u00c4ij\u00f6, k\u00e4til\u00f6 ja Heli H\u00e4m\u00e4l\u00e4inen, ammatillinen opettaja<\/em><\/p>\n\n\n\n<p><strong>L\u00e4hteet:<\/strong><\/p>\n\n\n\n<p><a href=\"https:\/\/www.julkari.fi\/bitstream\/handle\/10024\/140536\/URN_ISBN_978-952-343-555-1.pdf\">https:\/\/www.julkari.fi\/bitstream\/handle\/10024\/140536\/URN_ISBN_978-952-343-555-1.pdf<\/a><\/p>\n\n\n\n<figure class=\"wp-block-embed-wordpress wp-block-embed is-type-wp-embed is-provider-elacta\"><div class=\"wp-block-embed__wrapper\">\n<blockquote class=\"wp-embedded-content\" data-secret=\"LDZiU3jNi6\"><a href=\"https:\/\/www.elacta.eu\/news\/breastfeeding-and-the-environment\/\">Breastfeeding and the environment<\/a><\/blockquote><iframe class=\"wp-embedded-content\" sandbox=\"allow-scripts\" security=\"restricted\" style=\"position: absolute; visibility: hidden;\" title=\"&#8220;Breastfeeding and the environment&#8221; &#8212; Elacta\" src=\"https:\/\/www.elacta.eu\/news\/breastfeeding-and-the-environment\/embed\/#?secret=Qx1LEB4ivK#?secret=LDZiU3jNi6\" data-secret=\"LDZiU3jNi6\" width=\"600\" height=\"338\" frameborder=\"0\" marginwidth=\"0\" marginheight=\"0\" scrolling=\"no\"><\/iframe>\n<\/div><\/figure>\n\n\n\n<p><a href=\"https:\/\/urn.fi\/URN:ISBN:978-952-302-949-1\">https:\/\/urn.fi\/URN:ISBN:978-952-302-949-1<\/a><\/p>\n\n\n\n<p><a href=\"https:\/\/www.euro.who.int\/en\/health-topics\/disease-prevention\/nutrition\/publications\/2020\/the-best-start-in-life.-breastfeeding-for-the-prevention-of-noncommunicable-diseases-and-the-achievement-of-the-sustainable-development-goals-in-the-who-european-region-2020\">https:\/\/www.euro.who.int\/en\/health-topics\/disease-prevention\/nutrition\/publications\/2020\/the-best-start-in-life.-breastfeeding-for-the-prevention-of-noncommunicable-diseases-and-the-achievement-of-the-sustainable-development-goals-in-the-who-european-region-2020<\/a><\/p>\n","protected":false},"excerpt":{"rendered":"<p>Vauva muuttaa vanhempiensa maailman, ja tuo mukanaan suuren vastuun pienen el\u00e4m\u00e4n edellytysten j\u00e4rjest\u00e4misest\u00e4. Toisaalta vauva ei paljoa vaadi,\u00a0 ravinto ja hell\u00e4 hoiva ovat ne t\u00e4rkeimm\u00e4t. Suurin osa suomalais\u00e4ideist\u00e4 haluaisi imett\u00e4\u00e4 lastaan, mutta vain osa onnistuu tavoitteessaan. THL:n ja WHO:n 6kk t\u00e4ysimetystavoitteeseen p\u00e4\u00e4see vain murto-osa \u00e4ideist\u00e4, jo yhden kuukauden i\u00e4ss\u00e4 vauvoista en\u00e4\u00e4 58% on t\u00e4ysimetettyj\u00e4. Lis\u00e4ksi [&hellip;]<\/p>\n","protected":false},"author":2,"featured_media":1534,"comment_status":"closed","ping_status":"closed","sticky":false,"template":"","format":"standard","meta":{"footnotes":""},"categories":[2],"tags":[],"class_list":["post-1533","post","type-post","status-publish","format-standard","has-post-thumbnail","hentry","category-tiedotteet"],"yoast_head":"<!-- This site is optimized with the Yoast SEO plugin v27.5 - https:\/\/yoast.com\/product\/yoast-seo-wordpress\/ -->\n<title>Imetyksen edist\u00e4misen t\u00e4rkeydest\u00e4 - vaasanvaalipiirinvihreat.fi<\/title>\n<meta name=\"robots\" content=\"index, follow, max-snippet:-1, max-image-preview:large, max-video-preview:-1\" \/>\n<link rel=\"canonical\" href=\"https:\/\/vaasanvaalipiirinvihreat.fi\/index.php\/2022\/01\/20\/imetyksen-edistamisen-tarkeydesta\/\" \/>\n<meta property=\"og:locale\" content=\"fi_FI\" \/>\n<meta property=\"og:type\" content=\"article\" \/>\n<meta property=\"og:title\" content=\"Imetyksen edist\u00e4misen t\u00e4rkeydest\u00e4 - vaasanvaalipiirinvihreat.fi\" \/>\n<meta property=\"og:description\" content=\"Vauva muuttaa vanhempiensa maailman, ja tuo mukanaan suuren vastuun pienen el\u00e4m\u00e4n edellytysten j\u00e4rjest\u00e4misest\u00e4. Toisaalta vauva ei paljoa vaadi,\u00a0 ravinto ja hell\u00e4 hoiva ovat ne t\u00e4rkeimm\u00e4t. Suurin osa suomalais\u00e4ideist\u00e4 haluaisi imett\u00e4\u00e4 lastaan, mutta vain osa onnistuu tavoitteessaan. THL:n ja WHO:n 6kk t\u00e4ysimetystavoitteeseen p\u00e4\u00e4see vain murto-osa \u00e4ideist\u00e4, jo yhden kuukauden i\u00e4ss\u00e4 vauvoista en\u00e4\u00e4 58% on t\u00e4ysimetettyj\u00e4. Lis\u00e4ksi [&hellip;]\" \/>\n<meta property=\"og:url\" content=\"https:\/\/vaasanvaalipiirinvihreat.fi\/index.php\/2022\/01\/20\/imetyksen-edistamisen-tarkeydesta\/\" \/>\n<meta property=\"og:site_name\" content=\"vaasanvaalipiirinvihreat.fi\" \/>\n<meta property=\"article:publisher\" content=\"https:\/\/www.facebook.com\/VaasanVaalipiirinVihreat\" \/>\n<meta property=\"article:published_time\" content=\"2022-01-20T12:39:23+00:00\" \/>\n<meta property=\"article:modified_time\" content=\"2025-01-20T15:18:50+00:00\" \/>\n<meta property=\"og:image\" content=\"https:\/\/vaasanvaalipiirinvihreat.fi\/wp-content\/uploads\/2022\/01\/Nimeton-suunn.malli-2.png\" \/>\n\t<meta property=\"og:image:width\" content=\"1080\" \/>\n\t<meta property=\"og:image:height\" content=\"1080\" \/>\n\t<meta property=\"og:image:type\" content=\"image\/png\" \/>\n<meta name=\"author\" content=\"Yll\u00e4pit\u00e4j\u00e4\" \/>\n<meta name=\"twitter:card\" content=\"summary_large_image\" \/>\n<meta name=\"twitter:label1\" content=\"Kirjoittanut\" \/>\n\t<meta name=\"twitter:data1\" content=\"Yll\u00e4pit\u00e4j\u00e4\" \/>\n\t<meta name=\"twitter:label2\" content=\"Arvioitu lukuaika\" \/>\n\t<meta name=\"twitter:data2\" content=\"3 minuuttia\" \/>\n<script type=\"application\/ld+json\" class=\"yoast-schema-graph\">{\"@context\":\"https:\\\/\\\/schema.org\",\"@graph\":[{\"@type\":\"Article\",\"@id\":\"https:\\\/\\\/vaasanvaalipiirinvihreat.fi\\\/index.php\\\/2022\\\/01\\\/20\\\/imetyksen-edistamisen-tarkeydesta\\\/#article\",\"isPartOf\":{\"@id\":\"https:\\\/\\\/vaasanvaalipiirinvihreat.fi\\\/index.php\\\/2022\\\/01\\\/20\\\/imetyksen-edistamisen-tarkeydesta\\\/\"},\"author\":{\"name\":\"Yll\u00e4pit\u00e4j\u00e4\",\"@id\":\"https:\\\/\\\/vaasanvaalipiirinvihreat.fi\\\/#\\\/schema\\\/person\\\/d9205350c2a3b344c419b954e66c3daf\"},\"headline\":\"Imetyksen edist\u00e4misen t\u00e4rkeydest\u00e4\",\"datePublished\":\"2022-01-20T12:39:23+00:00\",\"dateModified\":\"2025-01-20T15:18:50+00:00\",\"mainEntityOfPage\":{\"@id\":\"https:\\\/\\\/vaasanvaalipiirinvihreat.fi\\\/index.php\\\/2022\\\/01\\\/20\\\/imetyksen-edistamisen-tarkeydesta\\\/\"},\"wordCount\":559,\"publisher\":{\"@id\":\"https:\\\/\\\/vaasanvaalipiirinvihreat.fi\\\/#organization\"},\"image\":{\"@id\":\"https:\\\/\\\/vaasanvaalipiirinvihreat.fi\\\/index.php\\\/2022\\\/01\\\/20\\\/imetyksen-edistamisen-tarkeydesta\\\/#primaryimage\"},\"thumbnailUrl\":\"https:\\\/\\\/vaasanvaalipiirinvihreat.fi\\\/wp-content\\\/uploads\\\/2022\\\/01\\\/Nimeton-suunn.malli-2.png\",\"articleSection\":[\"Tiedotteet\"],\"inLanguage\":\"fi\"},{\"@type\":\"WebPage\",\"@id\":\"https:\\\/\\\/vaasanvaalipiirinvihreat.fi\\\/index.php\\\/2022\\\/01\\\/20\\\/imetyksen-edistamisen-tarkeydesta\\\/\",\"url\":\"https:\\\/\\\/vaasanvaalipiirinvihreat.fi\\\/index.php\\\/2022\\\/01\\\/20\\\/imetyksen-edistamisen-tarkeydesta\\\/\",\"name\":\"Imetyksen edist\u00e4misen t\u00e4rkeydest\u00e4 - vaasanvaalipiirinvihreat.fi\",\"isPartOf\":{\"@id\":\"https:\\\/\\\/vaasanvaalipiirinvihreat.fi\\\/#website\"},\"primaryImageOfPage\":{\"@id\":\"https:\\\/\\\/vaasanvaalipiirinvihreat.fi\\\/index.php\\\/2022\\\/01\\\/20\\\/imetyksen-edistamisen-tarkeydesta\\\/#primaryimage\"},\"image\":{\"@id\":\"https:\\\/\\\/vaasanvaalipiirinvihreat.fi\\\/index.php\\\/2022\\\/01\\\/20\\\/imetyksen-edistamisen-tarkeydesta\\\/#primaryimage\"},\"thumbnailUrl\":\"https:\\\/\\\/vaasanvaalipiirinvihreat.fi\\\/wp-content\\\/uploads\\\/2022\\\/01\\\/Nimeton-suunn.malli-2.png\",\"datePublished\":\"2022-01-20T12:39:23+00:00\",\"dateModified\":\"2025-01-20T15:18:50+00:00\",\"breadcrumb\":{\"@id\":\"https:\\\/\\\/vaasanvaalipiirinvihreat.fi\\\/index.php\\\/2022\\\/01\\\/20\\\/imetyksen-edistamisen-tarkeydesta\\\/#breadcrumb\"},\"inLanguage\":\"fi\",\"potentialAction\":[{\"@type\":\"ReadAction\",\"target\":[\"https:\\\/\\\/vaasanvaalipiirinvihreat.fi\\\/index.php\\\/2022\\\/01\\\/20\\\/imetyksen-edistamisen-tarkeydesta\\\/\"]}]},{\"@type\":\"ImageObject\",\"inLanguage\":\"fi\",\"@id\":\"https:\\\/\\\/vaasanvaalipiirinvihreat.fi\\\/index.php\\\/2022\\\/01\\\/20\\\/imetyksen-edistamisen-tarkeydesta\\\/#primaryimage\",\"url\":\"https:\\\/\\\/vaasanvaalipiirinvihreat.fi\\\/wp-content\\\/uploads\\\/2022\\\/01\\\/Nimeton-suunn.malli-2.png\",\"contentUrl\":\"https:\\\/\\\/vaasanvaalipiirinvihreat.fi\\\/wp-content\\\/uploads\\\/2022\\\/01\\\/Nimeton-suunn.malli-2.png\",\"width\":1080,\"height\":1080},{\"@type\":\"BreadcrumbList\",\"@id\":\"https:\\\/\\\/vaasanvaalipiirinvihreat.fi\\\/index.php\\\/2022\\\/01\\\/20\\\/imetyksen-edistamisen-tarkeydesta\\\/#breadcrumb\",\"itemListElement\":[{\"@type\":\"ListItem\",\"position\":1,\"name\":\"Etusivu\",\"item\":\"https:\\\/\\\/vaasanvaalipiirinvihreat.fi\\\/\"},{\"@type\":\"ListItem\",\"position\":2,\"name\":\"Imetyksen edist\u00e4misen t\u00e4rkeydest\u00e4\"}]},{\"@type\":\"WebSite\",\"@id\":\"https:\\\/\\\/vaasanvaalipiirinvihreat.fi\\\/#website\",\"url\":\"https:\\\/\\\/vaasanvaalipiirinvihreat.fi\\\/\",\"name\":\"vaasanvaalipiirinvihreat.fi\",\"description\":\"Vaasan vaalipiirin vihre\u00e4t - De Gr\u00f6na i Vasa valkrets\",\"publisher\":{\"@id\":\"https:\\\/\\\/vaasanvaalipiirinvihreat.fi\\\/#organization\"},\"potentialAction\":[{\"@type\":\"SearchAction\",\"target\":{\"@type\":\"EntryPoint\",\"urlTemplate\":\"https:\\\/\\\/vaasanvaalipiirinvihreat.fi\\\/?s={search_term_string}\"},\"query-input\":{\"@type\":\"PropertyValueSpecification\",\"valueRequired\":true,\"valueName\":\"search_term_string\"}}],\"inLanguage\":\"fi\"},{\"@type\":\"Organization\",\"@id\":\"https:\\\/\\\/vaasanvaalipiirinvihreat.fi\\\/#organization\",\"name\":\"vaasanvaalipiirinvihreat.fi\",\"alternateName\":\"Vaasan vaalipiirin vihre\u00e4t - De Gr\u00f6na i Vasa valkrets\",\"url\":\"https:\\\/\\\/vaasanvaalipiirinvihreat.fi\\\/\",\"logo\":{\"@type\":\"ImageObject\",\"inLanguage\":\"fi\",\"@id\":\"https:\\\/\\\/vaasanvaalipiirinvihreat.fi\\\/#\\\/schema\\\/logo\\\/image\\\/\",\"url\":\"https:\\\/\\\/vaasanvaalipiirinvihreat.fi\\\/wp-content\\\/uploads\\\/2025\\\/01\\\/Vihreat_Logo_HOR_RGB_FIN_SWE.png\",\"contentUrl\":\"https:\\\/\\\/vaasanvaalipiirinvihreat.fi\\\/wp-content\\\/uploads\\\/2025\\\/01\\\/Vihreat_Logo_HOR_RGB_FIN_SWE.png\",\"width\":1162,\"height\":409,\"caption\":\"vaasanvaalipiirinvihreat.fi\"},\"image\":{\"@id\":\"https:\\\/\\\/vaasanvaalipiirinvihreat.fi\\\/#\\\/schema\\\/logo\\\/image\\\/\"},\"sameAs\":[\"https:\\\/\\\/www.facebook.com\\\/VaasanVaalipiirinVihreat\"]},{\"@type\":\"Person\",\"@id\":\"https:\\\/\\\/vaasanvaalipiirinvihreat.fi\\\/#\\\/schema\\\/person\\\/d9205350c2a3b344c419b954e66c3daf\",\"name\":\"Yll\u00e4pit\u00e4j\u00e4\",\"url\":\"https:\\\/\\\/vaasanvaalipiirinvihreat.fi\\\/index.php\\\/author\\\/sivustomestari\\\/\"}]}<\/script>\n<!-- \/ Yoast SEO plugin. -->","yoast_head_json":{"title":"Imetyksen edist\u00e4misen t\u00e4rkeydest\u00e4 - vaasanvaalipiirinvihreat.fi","robots":{"index":"index","follow":"follow","max-snippet":"max-snippet:-1","max-image-preview":"max-image-preview:large","max-video-preview":"max-video-preview:-1"},"canonical":"https:\/\/vaasanvaalipiirinvihreat.fi\/index.php\/2022\/01\/20\/imetyksen-edistamisen-tarkeydesta\/","og_locale":"fi_FI","og_type":"article","og_title":"Imetyksen edist\u00e4misen t\u00e4rkeydest\u00e4 - vaasanvaalipiirinvihreat.fi","og_description":"Vauva muuttaa vanhempiensa maailman, ja tuo mukanaan suuren vastuun pienen el\u00e4m\u00e4n edellytysten j\u00e4rjest\u00e4misest\u00e4. Toisaalta vauva ei paljoa vaadi,\u00a0 ravinto ja hell\u00e4 hoiva ovat ne t\u00e4rkeimm\u00e4t. Suurin osa suomalais\u00e4ideist\u00e4 haluaisi imett\u00e4\u00e4 lastaan, mutta vain osa onnistuu tavoitteessaan. THL:n ja WHO:n 6kk t\u00e4ysimetystavoitteeseen p\u00e4\u00e4see vain murto-osa \u00e4ideist\u00e4, jo yhden kuukauden i\u00e4ss\u00e4 vauvoista en\u00e4\u00e4 58% on t\u00e4ysimetettyj\u00e4. Lis\u00e4ksi [&hellip;]","og_url":"https:\/\/vaasanvaalipiirinvihreat.fi\/index.php\/2022\/01\/20\/imetyksen-edistamisen-tarkeydesta\/","og_site_name":"vaasanvaalipiirinvihreat.fi","article_publisher":"https:\/\/www.facebook.com\/VaasanVaalipiirinVihreat","article_published_time":"2022-01-20T12:39:23+00:00","article_modified_time":"2025-01-20T15:18:50+00:00","og_image":[{"width":1080,"height":1080,"url":"https:\/\/vaasanvaalipiirinvihreat.fi\/wp-content\/uploads\/2022\/01\/Nimeton-suunn.malli-2.png","type":"image\/png"}],"author":"Yll\u00e4pit\u00e4j\u00e4","twitter_card":"summary_large_image","twitter_misc":{"Kirjoittanut":"Yll\u00e4pit\u00e4j\u00e4","Arvioitu lukuaika":"3 minuuttia"},"schema":{"@context":"https:\/\/schema.org","@graph":[{"@type":"Article","@id":"https:\/\/vaasanvaalipiirinvihreat.fi\/index.php\/2022\/01\/20\/imetyksen-edistamisen-tarkeydesta\/#article","isPartOf":{"@id":"https:\/\/vaasanvaalipiirinvihreat.fi\/index.php\/2022\/01\/20\/imetyksen-edistamisen-tarkeydesta\/"},"author":{"name":"Yll\u00e4pit\u00e4j\u00e4","@id":"https:\/\/vaasanvaalipiirinvihreat.fi\/#\/schema\/person\/d9205350c2a3b344c419b954e66c3daf"},"headline":"Imetyksen edist\u00e4misen t\u00e4rkeydest\u00e4","datePublished":"2022-01-20T12:39:23+00:00","dateModified":"2025-01-20T15:18:50+00:00","mainEntityOfPage":{"@id":"https:\/\/vaasanvaalipiirinvihreat.fi\/index.php\/2022\/01\/20\/imetyksen-edistamisen-tarkeydesta\/"},"wordCount":559,"publisher":{"@id":"https:\/\/vaasanvaalipiirinvihreat.fi\/#organization"},"image":{"@id":"https:\/\/vaasanvaalipiirinvihreat.fi\/index.php\/2022\/01\/20\/imetyksen-edistamisen-tarkeydesta\/#primaryimage"},"thumbnailUrl":"https:\/\/vaasanvaalipiirinvihreat.fi\/wp-content\/uploads\/2022\/01\/Nimeton-suunn.malli-2.png","articleSection":["Tiedotteet"],"inLanguage":"fi"},{"@type":"WebPage","@id":"https:\/\/vaasanvaalipiirinvihreat.fi\/index.php\/2022\/01\/20\/imetyksen-edistamisen-tarkeydesta\/","url":"https:\/\/vaasanvaalipiirinvihreat.fi\/index.php\/2022\/01\/20\/imetyksen-edistamisen-tarkeydesta\/","name":"Imetyksen edist\u00e4misen t\u00e4rkeydest\u00e4 - vaasanvaalipiirinvihreat.fi","isPartOf":{"@id":"https:\/\/vaasanvaalipiirinvihreat.fi\/#website"},"primaryImageOfPage":{"@id":"https:\/\/vaasanvaalipiirinvihreat.fi\/index.php\/2022\/01\/20\/imetyksen-edistamisen-tarkeydesta\/#primaryimage"},"image":{"@id":"https:\/\/vaasanvaalipiirinvihreat.fi\/index.php\/2022\/01\/20\/imetyksen-edistamisen-tarkeydesta\/#primaryimage"},"thumbnailUrl":"https:\/\/vaasanvaalipiirinvihreat.fi\/wp-content\/uploads\/2022\/01\/Nimeton-suunn.malli-2.png","datePublished":"2022-01-20T12:39:23+00:00","dateModified":"2025-01-20T15:18:50+00:00","breadcrumb":{"@id":"https:\/\/vaasanvaalipiirinvihreat.fi\/index.php\/2022\/01\/20\/imetyksen-edistamisen-tarkeydesta\/#breadcrumb"},"inLanguage":"fi","potentialAction":[{"@type":"ReadAction","target":["https:\/\/vaasanvaalipiirinvihreat.fi\/index.php\/2022\/01\/20\/imetyksen-edistamisen-tarkeydesta\/"]}]},{"@type":"ImageObject","inLanguage":"fi","@id":"https:\/\/vaasanvaalipiirinvihreat.fi\/index.php\/2022\/01\/20\/imetyksen-edistamisen-tarkeydesta\/#primaryimage","url":"https:\/\/vaasanvaalipiirinvihreat.fi\/wp-content\/uploads\/2022\/01\/Nimeton-suunn.malli-2.png","contentUrl":"https:\/\/vaasanvaalipiirinvihreat.fi\/wp-content\/uploads\/2022\/01\/Nimeton-suunn.malli-2.png","width":1080,"height":1080},{"@type":"BreadcrumbList","@id":"https:\/\/vaasanvaalipiirinvihreat.fi\/index.php\/2022\/01\/20\/imetyksen-edistamisen-tarkeydesta\/#breadcrumb","itemListElement":[{"@type":"ListItem","position":1,"name":"Etusivu","item":"https:\/\/vaasanvaalipiirinvihreat.fi\/"},{"@type":"ListItem","position":2,"name":"Imetyksen edist\u00e4misen t\u00e4rkeydest\u00e4"}]},{"@type":"WebSite","@id":"https:\/\/vaasanvaalipiirinvihreat.fi\/#website","url":"https:\/\/vaasanvaalipiirinvihreat.fi\/","name":"vaasanvaalipiirinvihreat.fi","description":"Vaasan vaalipiirin vihre\u00e4t - De Gr\u00f6na i Vasa valkrets","publisher":{"@id":"https:\/\/vaasanvaalipiirinvihreat.fi\/#organization"},"potentialAction":[{"@type":"SearchAction","target":{"@type":"EntryPoint","urlTemplate":"https:\/\/vaasanvaalipiirinvihreat.fi\/?s={search_term_string}"},"query-input":{"@type":"PropertyValueSpecification","valueRequired":true,"valueName":"search_term_string"}}],"inLanguage":"fi"},{"@type":"Organization","@id":"https:\/\/vaasanvaalipiirinvihreat.fi\/#organization","name":"vaasanvaalipiirinvihreat.fi","alternateName":"Vaasan vaalipiirin vihre\u00e4t - De Gr\u00f6na i Vasa valkrets","url":"https:\/\/vaasanvaalipiirinvihreat.fi\/","logo":{"@type":"ImageObject","inLanguage":"fi","@id":"https:\/\/vaasanvaalipiirinvihreat.fi\/#\/schema\/logo\/image\/","url":"https:\/\/vaasanvaalipiirinvihreat.fi\/wp-content\/uploads\/2025\/01\/Vihreat_Logo_HOR_RGB_FIN_SWE.png","contentUrl":"https:\/\/vaasanvaalipiirinvihreat.fi\/wp-content\/uploads\/2025\/01\/Vihreat_Logo_HOR_RGB_FIN_SWE.png","width":1162,"height":409,"caption":"vaasanvaalipiirinvihreat.fi"},"image":{"@id":"https:\/\/vaasanvaalipiirinvihreat.fi\/#\/schema\/logo\/image\/"},"sameAs":["https:\/\/www.facebook.com\/VaasanVaalipiirinVihreat"]},{"@type":"Person","@id":"https:\/\/vaasanvaalipiirinvihreat.fi\/#\/schema\/person\/d9205350c2a3b344c419b954e66c3daf","name":"Yll\u00e4pit\u00e4j\u00e4","url":"https:\/\/vaasanvaalipiirinvihreat.fi\/index.php\/author\/sivustomestari\/"}]}},"_links":{"self":[{"href":"https:\/\/vaasanvaalipiirinvihreat.fi\/index.php\/wp-json\/wp\/v2\/posts\/1533","targetHints":{"allow":["GET"]}}],"collection":[{"href":"https:\/\/vaasanvaalipiirinvihreat.fi\/index.php\/wp-json\/wp\/v2\/posts"}],"about":[{"href":"https:\/\/vaasanvaalipiirinvihreat.fi\/index.php\/wp-json\/wp\/v2\/types\/post"}],"author":[{"embeddable":true,"href":"https:\/\/vaasanvaalipiirinvihreat.fi\/index.php\/wp-json\/wp\/v2\/users\/2"}],"replies":[{"embeddable":true,"href":"https:\/\/vaasanvaalipiirinvihreat.fi\/index.php\/wp-json\/wp\/v2\/comments?post=1533"}],"version-history":[{"count":1,"href":"https:\/\/vaasanvaalipiirinvihreat.fi\/index.php\/wp-json\/wp\/v2\/posts\/1533\/revisions"}],"predecessor-version":[{"id":2131,"href":"https:\/\/vaasanvaalipiirinvihreat.fi\/index.php\/wp-json\/wp\/v2\/posts\/1533\/revisions\/2131"}],"wp:featuredmedia":[{"embeddable":true,"href":"https:\/\/vaasanvaalipiirinvihreat.fi\/index.php\/wp-json\/wp\/v2\/media\/1534"}],"wp:attachment":[{"href":"https:\/\/vaasanvaalipiirinvihreat.fi\/index.php\/wp-json\/wp\/v2\/media?parent=1533"}],"wp:term":[{"taxonomy":"category","embeddable":true,"href":"https:\/\/vaasanvaalipiirinvihreat.fi\/index.php\/wp-json\/wp\/v2\/categories?post=1533"},{"taxonomy":"post_tag","embeddable":true,"href":"https:\/\/vaasanvaalipiirinvihreat.fi\/index.php\/wp-json\/wp\/v2\/tags?post=1533"}],"curies":[{"name":"wp","href":"https:\/\/api.w.org\/{rel}","templated":true}]}}