{"id":1560,"date":"2022-05-09T20:01:43","date_gmt":"2022-05-09T18:01:43","guid":{"rendered":"http:\/\/www.vavavi.fi\/?p=1560"},"modified":"2025-01-20T17:18:50","modified_gmt":"2025-01-20T15:18:50","slug":"ilmastoaloite-pietarsaaren-vihreat-esittaa-kaupungin-liittymista-hinku-verkostoon","status":"publish","type":"post","link":"https:\/\/vaasanvaalipiirinvihreat.fi\/index.php\/2022\/05\/09\/ilmastoaloite-pietarsaaren-vihreat-esittaa-kaupungin-liittymista-hinku-verkostoon\/","title":{"rendered":"Ilmastoaloite: Pietarsaaren vihre\u00e4t esitt\u00e4\u00e4 kaupungin liittymist\u00e4 Hinku-verkostoon"},"content":{"rendered":"\n<figure class=\"wp-block-image size-large\"><img decoding=\"async\" src=\"http:\/\/vaasanvaalipiirinvihreat.fi\/tuonti\/wp-content\/uploads\/2022\/05\/Aloite-9.5.2022-644x644.png\" alt=\"\" class=\"wp-image-1561\"\/><\/figure>\n\n\n\n<p class=\"has-medium-font-size\">Pietarsaaren vihreiden varapuheenjohtaja Anni Teerikangas j\u00e4tti t\u00e4n\u00e4\u00e4n aloitteen Pietarsaaren kaupunginvaltuustossa:<\/p>\n\n\n\n<p class=\"has-medium-font-size\"><strong>Ilmastoaloite Pietarsaaren kaupungin liittymiseksi Hinku-verkostoon<\/strong><\/p>\n\n\n\n<p class=\"has-medium-font-size\">Suomen ymp\u00e4rist\u00f6keskus SYKE yll\u00e4pit\u00e4\u00e4 suomalaisten kuntien Hinku, eli Hiilineutraali kunta -verkostoa.<\/p>\n\n\n\n<p class=\"has-medium-font-size\">Hinku-verkosto on vuonna 2008 perustettu ilmastonmuutoksen hillinn\u00e4n edell\u00e4k\u00e4vij\u00f6iden verkosto, joka kokoaa yhteen kunnianhimoisiin p\u00e4\u00e4st\u00f6v\u00e4hennyksiin sitoutuneet kunnat, ilmastoyst\u00e4v\u00e4llisi\u00e4 tuotteita ja palveluita tarjoavat yritykset sek\u00e4 energia- ja ilmastoalan asiantuntijat. Hinku-verkostossa on mukana my\u00f6s maakuntia.<\/p>\n\n\n\n<p class=\"has-medium-font-size\">Verkostoon ja sen mukanaan tuomiin p\u00e4\u00e4st\u00f6tavoitteisiin on sitoutunut jo yli 80 kuntaa sek\u00e4 viisi maakuntaa. Pietarsaari olisi Pohjanmaan ensimm\u00e4inen Hinku-kunta.<\/p>\n\n\n\n<p class=\"has-medium-font-size\">Keskeinen tavoite on, ett\u00e4 kunta on valtuuston p\u00e4\u00e4t\u00f6ksell\u00e4 sitoutunut tavoittelemaan koko alueensa kasvihuonekaasup\u00e4\u00e4st\u00f6jen v\u00e4hent\u00e4mist\u00e4 80 prosenttia vuoden 2007 tasosta vuoteen 2030 menness\u00e4.<\/p>\n\n\n\n<p class=\"has-medium-font-size\">Haluan kertoa teille seitsem\u00e4n asiaa, joita littyminen Hinku-kunnaksi Pietarsaarelle merkitsee:<\/p>\n\n\n\n<p class=\"has-medium-font-size\">1. Pietarsaari sitoutuu huomioimaan kasvihuonekaasup\u00e4\u00e4st\u00f6n\u00e4k\u00f6kulman kaikessa merkitt\u00e4v\u00e4ss\u00e4 p\u00e4\u00e4t\u00f6ksenteossaan.<\/p>\n\n\n\n<p class=\"has-medium-font-size\">2. Kaupungissa sitoudutaan noudattamaan ty\u00f6- ja elinkeinoministeri\u00f6n, Energiaviraston ja Kuntaliiton v\u00e4list\u00e4 Kunta-alan energiatehokkuussopimusta.<\/p>\n\n\n\n<p class=\"has-medium-font-size\">3. Pietarsaareen perustetaan Hinku-ty\u00f6ryhm\u00e4, jossa ovat edustettuna t\u00e4rkeimm\u00e4t hallinnonalat. Ty\u00f6ryhm\u00e4 pyrkii aktiivisesti v\u00e4hent\u00e4m\u00e4\u00e4n eri hallinnonalojen toiminnasta aiheutuvia kasvihuonekaasup\u00e4\u00e4st\u00f6j\u00e4.<\/p>\n\n\n\n<p class=\"has-medium-font-size\">4. Pietarsaareen laaditaan vuosittain suunnitelma p\u00e4\u00e4st\u00f6j\u00e4 v\u00e4hent\u00e4vist\u00e4 investoinneista. Investoinnit sis\u00e4llytet\u00e4\u00e4n talousarvioon.<\/p>\n\n\n\n<p class=\"has-medium-font-size\">5. Laaditaan vuosittain hillint\u00e4toimien suunnitelma eli vuosikello, joka osoittaa, mill\u00e4 toimenpiteill\u00e4 ja investoinneilla kasvihuonekaasup\u00e4\u00e4st\u00f6j\u00e4 pyrit\u00e4\u00e4n v\u00e4hent\u00e4m\u00e4\u00e4n koko kunnan alueella. Vuosikello sis\u00e4lt\u00e4\u00e4 suunnitellut investoinnit sek\u00e4 keinoja asukkaiden ja paikallisten yritysten aktivoimiseen.<\/p>\n\n\n\n<p class=\"has-medium-font-size\">6. Pietarsaaren alueella toteutuneet merkitt\u00e4vimm\u00e4t hillint\u00e4toimet kootaan vuosittain ja julkaistaan kunnan verkkosivuilla sek\u00e4 Energialoikka-verkkopalvelussa. Toimenpiteisiin liitet\u00e4\u00e4n mahdollisuuksien mukaan saavutetut p\u00e4\u00e4st\u00f6v\u00e4hennykset. SYKE voi tarvittaessa t\u00e4ydent\u00e4\u00e4 tiedot Energialoikkaan.<\/p>\n\n\n\n<p class=\"has-medium-font-size\">7. Alueen asukkaille, yrityksille sek\u00e4 maa- ja mets\u00e4talousyritt\u00e4jille viestit\u00e4\u00e4n ilmastonmuutoksen hillinn\u00e4n tuomista mahdollisuuksista.<\/p>\n\n\n\n<p class=\"has-medium-font-size\">Hinku-verkoston j\u00e4senen\u00e4 Pietarsaari&nbsp;on mukana&nbsp;ilmastotekojen&nbsp;edell\u00e4k\u00e4vij\u00f6iden&nbsp;joukossa. Se tuo&nbsp;alueelle osaamista,&nbsp;kontakteja alan toimijoihin, tietoa ja tukea p\u00e4\u00e4st\u00f6v\u00e4hennyksiin&nbsp;sek\u00e4&nbsp;n\u00e4kyvyytt\u00e4 omalle ty\u00f6lle, tuotteille ja palveluille.<\/p>\n\n\n\n<p class=\"has-medium-font-size\">Hinku-kriteerit ovat Pietarsaaren nykyisen ilmastostrategian mukaisia toimia. Liittym\u00e4ll\u00e4 Hinku-verkostoon saamme n\u00e4m\u00e4 strategiassa jo olevat tavoitteet aktivoitua osaksi kaupungin, alueen elinkeinoel\u00e4m\u00e4n ja ihmisten toimintaa.<\/p>\n\n\n\n<p class=\"has-medium-font-size\">Pietarsaaressa 9.5.2022<\/p>\n\n\n\n<p class=\"has-medium-font-size\"><em>Anni Teerikangas<br>Pietarsaaren vihre\u00e4t, vpj.<\/em><\/p>\n","protected":false},"excerpt":{"rendered":"<p>Pietarsaaren vihreiden varapuheenjohtaja Anni Teerikangas j\u00e4tti t\u00e4n\u00e4\u00e4n aloitteen Pietarsaaren kaupunginvaltuustossa: Ilmastoaloite Pietarsaaren kaupungin liittymiseksi Hinku-verkostoon Suomen ymp\u00e4rist\u00f6keskus SYKE yll\u00e4pit\u00e4\u00e4 suomalaisten kuntien Hinku, eli Hiilineutraali kunta -verkostoa. Hinku-verkosto on vuonna 2008 perustettu ilmastonmuutoksen hillinn\u00e4n edell\u00e4k\u00e4vij\u00f6iden verkosto, joka kokoaa yhteen kunnianhimoisiin p\u00e4\u00e4st\u00f6v\u00e4hennyksiin sitoutuneet kunnat, ilmastoyst\u00e4v\u00e4llisi\u00e4 tuotteita ja palveluita tarjoavat yritykset sek\u00e4 energia- ja ilmastoalan asiantuntijat. Hinku-verkostossa on [&hellip;]<\/p>\n","protected":false},"author":2,"featured_media":1563,"comment_status":"closed","ping_status":"closed","sticky":false,"template":"","format":"standard","meta":{"footnotes":""},"categories":[2],"tags":[],"class_list":["post-1560","post","type-post","status-publish","format-standard","has-post-thumbnail","hentry","category-tiedotteet"],"yoast_head":"<!-- This site is optimized with the Yoast SEO plugin v27.5 - https:\/\/yoast.com\/product\/yoast-seo-wordpress\/ -->\n<title>Ilmastoaloite: Pietarsaaren vihre\u00e4t esitt\u00e4\u00e4 kaupungin liittymist\u00e4 Hinku-verkostoon - vaasanvaalipiirinvihreat.fi<\/title>\n<meta name=\"robots\" content=\"index, follow, max-snippet:-1, max-image-preview:large, max-video-preview:-1\" \/>\n<link rel=\"canonical\" href=\"https:\/\/vaasanvaalipiirinvihreat.fi\/index.php\/2022\/05\/09\/ilmastoaloite-pietarsaaren-vihreat-esittaa-kaupungin-liittymista-hinku-verkostoon\/\" \/>\n<meta property=\"og:locale\" content=\"fi_FI\" \/>\n<meta property=\"og:type\" content=\"article\" \/>\n<meta property=\"og:title\" content=\"Ilmastoaloite: Pietarsaaren vihre\u00e4t esitt\u00e4\u00e4 kaupungin liittymist\u00e4 Hinku-verkostoon - vaasanvaalipiirinvihreat.fi\" \/>\n<meta property=\"og:description\" content=\"Pietarsaaren vihreiden varapuheenjohtaja Anni Teerikangas j\u00e4tti t\u00e4n\u00e4\u00e4n aloitteen Pietarsaaren kaupunginvaltuustossa: Ilmastoaloite Pietarsaaren kaupungin liittymiseksi Hinku-verkostoon Suomen ymp\u00e4rist\u00f6keskus SYKE yll\u00e4pit\u00e4\u00e4 suomalaisten kuntien Hinku, eli Hiilineutraali kunta -verkostoa. Hinku-verkosto on vuonna 2008 perustettu ilmastonmuutoksen hillinn\u00e4n edell\u00e4k\u00e4vij\u00f6iden verkosto, joka kokoaa yhteen kunnianhimoisiin p\u00e4\u00e4st\u00f6v\u00e4hennyksiin sitoutuneet kunnat, ilmastoyst\u00e4v\u00e4llisi\u00e4 tuotteita ja palveluita tarjoavat yritykset sek\u00e4 energia- ja ilmastoalan asiantuntijat. Hinku-verkostossa on [&hellip;]\" \/>\n<meta property=\"og:url\" content=\"https:\/\/vaasanvaalipiirinvihreat.fi\/index.php\/2022\/05\/09\/ilmastoaloite-pietarsaaren-vihreat-esittaa-kaupungin-liittymista-hinku-verkostoon\/\" \/>\n<meta property=\"og:site_name\" content=\"vaasanvaalipiirinvihreat.fi\" \/>\n<meta property=\"article:publisher\" content=\"https:\/\/www.facebook.com\/VaasanVaalipiirinVihreat\" \/>\n<meta property=\"article:published_time\" content=\"2022-05-09T18:01:43+00:00\" \/>\n<meta property=\"article:modified_time\" content=\"2025-01-20T15:18:50+00:00\" \/>\n<meta property=\"og:image\" content=\"https:\/\/vaasanvaalipiirinvihreat.fi\/wp-content\/uploads\/2022\/05\/Aloite-9.5.2022-1.png\" \/>\n\t<meta property=\"og:image:width\" content=\"1080\" \/>\n\t<meta property=\"og:image:height\" content=\"1080\" \/>\n\t<meta property=\"og:image:type\" content=\"image\/png\" \/>\n<meta name=\"author\" content=\"Yll\u00e4pit\u00e4j\u00e4\" \/>\n<meta name=\"twitter:card\" content=\"summary_large_image\" \/>\n<meta name=\"twitter:label1\" content=\"Kirjoittanut\" \/>\n\t<meta name=\"twitter:data1\" content=\"Yll\u00e4pit\u00e4j\u00e4\" \/>\n\t<meta name=\"twitter:label2\" content=\"Arvioitu lukuaika\" \/>\n\t<meta name=\"twitter:data2\" content=\"2 minuuttia\" \/>\n<script type=\"application\/ld+json\" class=\"yoast-schema-graph\">{\"@context\":\"https:\\\/\\\/schema.org\",\"@graph\":[{\"@type\":\"Article\",\"@id\":\"https:\\\/\\\/vaasanvaalipiirinvihreat.fi\\\/index.php\\\/2022\\\/05\\\/09\\\/ilmastoaloite-pietarsaaren-vihreat-esittaa-kaupungin-liittymista-hinku-verkostoon\\\/#article\",\"isPartOf\":{\"@id\":\"https:\\\/\\\/vaasanvaalipiirinvihreat.fi\\\/index.php\\\/2022\\\/05\\\/09\\\/ilmastoaloite-pietarsaaren-vihreat-esittaa-kaupungin-liittymista-hinku-verkostoon\\\/\"},\"author\":{\"name\":\"Yll\u00e4pit\u00e4j\u00e4\",\"@id\":\"https:\\\/\\\/vaasanvaalipiirinvihreat.fi\\\/#\\\/schema\\\/person\\\/d9205350c2a3b344c419b954e66c3daf\"},\"headline\":\"Ilmastoaloite: Pietarsaaren vihre\u00e4t esitt\u00e4\u00e4 kaupungin liittymist\u00e4 Hinku-verkostoon\",\"datePublished\":\"2022-05-09T18:01:43+00:00\",\"dateModified\":\"2025-01-20T15:18:50+00:00\",\"mainEntityOfPage\":{\"@id\":\"https:\\\/\\\/vaasanvaalipiirinvihreat.fi\\\/index.php\\\/2022\\\/05\\\/09\\\/ilmastoaloite-pietarsaaren-vihreat-esittaa-kaupungin-liittymista-hinku-verkostoon\\\/\"},\"wordCount\":373,\"publisher\":{\"@id\":\"https:\\\/\\\/vaasanvaalipiirinvihreat.fi\\\/#organization\"},\"image\":{\"@id\":\"https:\\\/\\\/vaasanvaalipiirinvihreat.fi\\\/index.php\\\/2022\\\/05\\\/09\\\/ilmastoaloite-pietarsaaren-vihreat-esittaa-kaupungin-liittymista-hinku-verkostoon\\\/#primaryimage\"},\"thumbnailUrl\":\"https:\\\/\\\/vaasanvaalipiirinvihreat.fi\\\/wp-content\\\/uploads\\\/2022\\\/05\\\/Aloite-9.5.2022-1.png\",\"articleSection\":[\"Tiedotteet\"],\"inLanguage\":\"fi\"},{\"@type\":\"WebPage\",\"@id\":\"https:\\\/\\\/vaasanvaalipiirinvihreat.fi\\\/index.php\\\/2022\\\/05\\\/09\\\/ilmastoaloite-pietarsaaren-vihreat-esittaa-kaupungin-liittymista-hinku-verkostoon\\\/\",\"url\":\"https:\\\/\\\/vaasanvaalipiirinvihreat.fi\\\/index.php\\\/2022\\\/05\\\/09\\\/ilmastoaloite-pietarsaaren-vihreat-esittaa-kaupungin-liittymista-hinku-verkostoon\\\/\",\"name\":\"Ilmastoaloite: Pietarsaaren vihre\u00e4t esitt\u00e4\u00e4 kaupungin liittymist\u00e4 Hinku-verkostoon - vaasanvaalipiirinvihreat.fi\",\"isPartOf\":{\"@id\":\"https:\\\/\\\/vaasanvaalipiirinvihreat.fi\\\/#website\"},\"primaryImageOfPage\":{\"@id\":\"https:\\\/\\\/vaasanvaalipiirinvihreat.fi\\\/index.php\\\/2022\\\/05\\\/09\\\/ilmastoaloite-pietarsaaren-vihreat-esittaa-kaupungin-liittymista-hinku-verkostoon\\\/#primaryimage\"},\"image\":{\"@id\":\"https:\\\/\\\/vaasanvaalipiirinvihreat.fi\\\/index.php\\\/2022\\\/05\\\/09\\\/ilmastoaloite-pietarsaaren-vihreat-esittaa-kaupungin-liittymista-hinku-verkostoon\\\/#primaryimage\"},\"thumbnailUrl\":\"https:\\\/\\\/vaasanvaalipiirinvihreat.fi\\\/wp-content\\\/uploads\\\/2022\\\/05\\\/Aloite-9.5.2022-1.png\",\"datePublished\":\"2022-05-09T18:01:43+00:00\",\"dateModified\":\"2025-01-20T15:18:50+00:00\",\"breadcrumb\":{\"@id\":\"https:\\\/\\\/vaasanvaalipiirinvihreat.fi\\\/index.php\\\/2022\\\/05\\\/09\\\/ilmastoaloite-pietarsaaren-vihreat-esittaa-kaupungin-liittymista-hinku-verkostoon\\\/#breadcrumb\"},\"inLanguage\":\"fi\",\"potentialAction\":[{\"@type\":\"ReadAction\",\"target\":[\"https:\\\/\\\/vaasanvaalipiirinvihreat.fi\\\/index.php\\\/2022\\\/05\\\/09\\\/ilmastoaloite-pietarsaaren-vihreat-esittaa-kaupungin-liittymista-hinku-verkostoon\\\/\"]}]},{\"@type\":\"ImageObject\",\"inLanguage\":\"fi\",\"@id\":\"https:\\\/\\\/vaasanvaalipiirinvihreat.fi\\\/index.php\\\/2022\\\/05\\\/09\\\/ilmastoaloite-pietarsaaren-vihreat-esittaa-kaupungin-liittymista-hinku-verkostoon\\\/#primaryimage\",\"url\":\"https:\\\/\\\/vaasanvaalipiirinvihreat.fi\\\/wp-content\\\/uploads\\\/2022\\\/05\\\/Aloite-9.5.2022-1.png\",\"contentUrl\":\"https:\\\/\\\/vaasanvaalipiirinvihreat.fi\\\/wp-content\\\/uploads\\\/2022\\\/05\\\/Aloite-9.5.2022-1.png\",\"width\":1080,\"height\":1080},{\"@type\":\"BreadcrumbList\",\"@id\":\"https:\\\/\\\/vaasanvaalipiirinvihreat.fi\\\/index.php\\\/2022\\\/05\\\/09\\\/ilmastoaloite-pietarsaaren-vihreat-esittaa-kaupungin-liittymista-hinku-verkostoon\\\/#breadcrumb\",\"itemListElement\":[{\"@type\":\"ListItem\",\"position\":1,\"name\":\"Etusivu\",\"item\":\"https:\\\/\\\/vaasanvaalipiirinvihreat.fi\\\/\"},{\"@type\":\"ListItem\",\"position\":2,\"name\":\"Ilmastoaloite: Pietarsaaren vihre\u00e4t esitt\u00e4\u00e4 kaupungin liittymist\u00e4 Hinku-verkostoon\"}]},{\"@type\":\"WebSite\",\"@id\":\"https:\\\/\\\/vaasanvaalipiirinvihreat.fi\\\/#website\",\"url\":\"https:\\\/\\\/vaasanvaalipiirinvihreat.fi\\\/\",\"name\":\"vaasanvaalipiirinvihreat.fi\",\"description\":\"Vaasan vaalipiirin vihre\u00e4t - De Gr\u00f6na i Vasa valkrets\",\"publisher\":{\"@id\":\"https:\\\/\\\/vaasanvaalipiirinvihreat.fi\\\/#organization\"},\"potentialAction\":[{\"@type\":\"SearchAction\",\"target\":{\"@type\":\"EntryPoint\",\"urlTemplate\":\"https:\\\/\\\/vaasanvaalipiirinvihreat.fi\\\/?s={search_term_string}\"},\"query-input\":{\"@type\":\"PropertyValueSpecification\",\"valueRequired\":true,\"valueName\":\"search_term_string\"}}],\"inLanguage\":\"fi\"},{\"@type\":\"Organization\",\"@id\":\"https:\\\/\\\/vaasanvaalipiirinvihreat.fi\\\/#organization\",\"name\":\"vaasanvaalipiirinvihreat.fi\",\"alternateName\":\"Vaasan vaalipiirin vihre\u00e4t - De Gr\u00f6na i Vasa valkrets\",\"url\":\"https:\\\/\\\/vaasanvaalipiirinvihreat.fi\\\/\",\"logo\":{\"@type\":\"ImageObject\",\"inLanguage\":\"fi\",\"@id\":\"https:\\\/\\\/vaasanvaalipiirinvihreat.fi\\\/#\\\/schema\\\/logo\\\/image\\\/\",\"url\":\"https:\\\/\\\/vaasanvaalipiirinvihreat.fi\\\/wp-content\\\/uploads\\\/2025\\\/01\\\/Vihreat_Logo_HOR_RGB_FIN_SWE.png\",\"contentUrl\":\"https:\\\/\\\/vaasanvaalipiirinvihreat.fi\\\/wp-content\\\/uploads\\\/2025\\\/01\\\/Vihreat_Logo_HOR_RGB_FIN_SWE.png\",\"width\":1162,\"height\":409,\"caption\":\"vaasanvaalipiirinvihreat.fi\"},\"image\":{\"@id\":\"https:\\\/\\\/vaasanvaalipiirinvihreat.fi\\\/#\\\/schema\\\/logo\\\/image\\\/\"},\"sameAs\":[\"https:\\\/\\\/www.facebook.com\\\/VaasanVaalipiirinVihreat\"]},{\"@type\":\"Person\",\"@id\":\"https:\\\/\\\/vaasanvaalipiirinvihreat.fi\\\/#\\\/schema\\\/person\\\/d9205350c2a3b344c419b954e66c3daf\",\"name\":\"Yll\u00e4pit\u00e4j\u00e4\",\"url\":\"https:\\\/\\\/vaasanvaalipiirinvihreat.fi\\\/index.php\\\/author\\\/sivustomestari\\\/\"}]}<\/script>\n<!-- \/ Yoast SEO plugin. -->","yoast_head_json":{"title":"Ilmastoaloite: Pietarsaaren vihre\u00e4t esitt\u00e4\u00e4 kaupungin liittymist\u00e4 Hinku-verkostoon - vaasanvaalipiirinvihreat.fi","robots":{"index":"index","follow":"follow","max-snippet":"max-snippet:-1","max-image-preview":"max-image-preview:large","max-video-preview":"max-video-preview:-1"},"canonical":"https:\/\/vaasanvaalipiirinvihreat.fi\/index.php\/2022\/05\/09\/ilmastoaloite-pietarsaaren-vihreat-esittaa-kaupungin-liittymista-hinku-verkostoon\/","og_locale":"fi_FI","og_type":"article","og_title":"Ilmastoaloite: Pietarsaaren vihre\u00e4t esitt\u00e4\u00e4 kaupungin liittymist\u00e4 Hinku-verkostoon - vaasanvaalipiirinvihreat.fi","og_description":"Pietarsaaren vihreiden varapuheenjohtaja Anni Teerikangas j\u00e4tti t\u00e4n\u00e4\u00e4n aloitteen Pietarsaaren kaupunginvaltuustossa: Ilmastoaloite Pietarsaaren kaupungin liittymiseksi Hinku-verkostoon Suomen ymp\u00e4rist\u00f6keskus SYKE yll\u00e4pit\u00e4\u00e4 suomalaisten kuntien Hinku, eli Hiilineutraali kunta -verkostoa. Hinku-verkosto on vuonna 2008 perustettu ilmastonmuutoksen hillinn\u00e4n edell\u00e4k\u00e4vij\u00f6iden verkosto, joka kokoaa yhteen kunnianhimoisiin p\u00e4\u00e4st\u00f6v\u00e4hennyksiin sitoutuneet kunnat, ilmastoyst\u00e4v\u00e4llisi\u00e4 tuotteita ja palveluita tarjoavat yritykset sek\u00e4 energia- ja ilmastoalan asiantuntijat. Hinku-verkostossa on [&hellip;]","og_url":"https:\/\/vaasanvaalipiirinvihreat.fi\/index.php\/2022\/05\/09\/ilmastoaloite-pietarsaaren-vihreat-esittaa-kaupungin-liittymista-hinku-verkostoon\/","og_site_name":"vaasanvaalipiirinvihreat.fi","article_publisher":"https:\/\/www.facebook.com\/VaasanVaalipiirinVihreat","article_published_time":"2022-05-09T18:01:43+00:00","article_modified_time":"2025-01-20T15:18:50+00:00","og_image":[{"width":1080,"height":1080,"url":"https:\/\/vaasanvaalipiirinvihreat.fi\/wp-content\/uploads\/2022\/05\/Aloite-9.5.2022-1.png","type":"image\/png"}],"author":"Yll\u00e4pit\u00e4j\u00e4","twitter_card":"summary_large_image","twitter_misc":{"Kirjoittanut":"Yll\u00e4pit\u00e4j\u00e4","Arvioitu lukuaika":"2 minuuttia"},"schema":{"@context":"https:\/\/schema.org","@graph":[{"@type":"Article","@id":"https:\/\/vaasanvaalipiirinvihreat.fi\/index.php\/2022\/05\/09\/ilmastoaloite-pietarsaaren-vihreat-esittaa-kaupungin-liittymista-hinku-verkostoon\/#article","isPartOf":{"@id":"https:\/\/vaasanvaalipiirinvihreat.fi\/index.php\/2022\/05\/09\/ilmastoaloite-pietarsaaren-vihreat-esittaa-kaupungin-liittymista-hinku-verkostoon\/"},"author":{"name":"Yll\u00e4pit\u00e4j\u00e4","@id":"https:\/\/vaasanvaalipiirinvihreat.fi\/#\/schema\/person\/d9205350c2a3b344c419b954e66c3daf"},"headline":"Ilmastoaloite: Pietarsaaren vihre\u00e4t esitt\u00e4\u00e4 kaupungin liittymist\u00e4 Hinku-verkostoon","datePublished":"2022-05-09T18:01:43+00:00","dateModified":"2025-01-20T15:18:50+00:00","mainEntityOfPage":{"@id":"https:\/\/vaasanvaalipiirinvihreat.fi\/index.php\/2022\/05\/09\/ilmastoaloite-pietarsaaren-vihreat-esittaa-kaupungin-liittymista-hinku-verkostoon\/"},"wordCount":373,"publisher":{"@id":"https:\/\/vaasanvaalipiirinvihreat.fi\/#organization"},"image":{"@id":"https:\/\/vaasanvaalipiirinvihreat.fi\/index.php\/2022\/05\/09\/ilmastoaloite-pietarsaaren-vihreat-esittaa-kaupungin-liittymista-hinku-verkostoon\/#primaryimage"},"thumbnailUrl":"https:\/\/vaasanvaalipiirinvihreat.fi\/wp-content\/uploads\/2022\/05\/Aloite-9.5.2022-1.png","articleSection":["Tiedotteet"],"inLanguage":"fi"},{"@type":"WebPage","@id":"https:\/\/vaasanvaalipiirinvihreat.fi\/index.php\/2022\/05\/09\/ilmastoaloite-pietarsaaren-vihreat-esittaa-kaupungin-liittymista-hinku-verkostoon\/","url":"https:\/\/vaasanvaalipiirinvihreat.fi\/index.php\/2022\/05\/09\/ilmastoaloite-pietarsaaren-vihreat-esittaa-kaupungin-liittymista-hinku-verkostoon\/","name":"Ilmastoaloite: Pietarsaaren vihre\u00e4t esitt\u00e4\u00e4 kaupungin liittymist\u00e4 Hinku-verkostoon - vaasanvaalipiirinvihreat.fi","isPartOf":{"@id":"https:\/\/vaasanvaalipiirinvihreat.fi\/#website"},"primaryImageOfPage":{"@id":"https:\/\/vaasanvaalipiirinvihreat.fi\/index.php\/2022\/05\/09\/ilmastoaloite-pietarsaaren-vihreat-esittaa-kaupungin-liittymista-hinku-verkostoon\/#primaryimage"},"image":{"@id":"https:\/\/vaasanvaalipiirinvihreat.fi\/index.php\/2022\/05\/09\/ilmastoaloite-pietarsaaren-vihreat-esittaa-kaupungin-liittymista-hinku-verkostoon\/#primaryimage"},"thumbnailUrl":"https:\/\/vaasanvaalipiirinvihreat.fi\/wp-content\/uploads\/2022\/05\/Aloite-9.5.2022-1.png","datePublished":"2022-05-09T18:01:43+00:00","dateModified":"2025-01-20T15:18:50+00:00","breadcrumb":{"@id":"https:\/\/vaasanvaalipiirinvihreat.fi\/index.php\/2022\/05\/09\/ilmastoaloite-pietarsaaren-vihreat-esittaa-kaupungin-liittymista-hinku-verkostoon\/#breadcrumb"},"inLanguage":"fi","potentialAction":[{"@type":"ReadAction","target":["https:\/\/vaasanvaalipiirinvihreat.fi\/index.php\/2022\/05\/09\/ilmastoaloite-pietarsaaren-vihreat-esittaa-kaupungin-liittymista-hinku-verkostoon\/"]}]},{"@type":"ImageObject","inLanguage":"fi","@id":"https:\/\/vaasanvaalipiirinvihreat.fi\/index.php\/2022\/05\/09\/ilmastoaloite-pietarsaaren-vihreat-esittaa-kaupungin-liittymista-hinku-verkostoon\/#primaryimage","url":"https:\/\/vaasanvaalipiirinvihreat.fi\/wp-content\/uploads\/2022\/05\/Aloite-9.5.2022-1.png","contentUrl":"https:\/\/vaasanvaalipiirinvihreat.fi\/wp-content\/uploads\/2022\/05\/Aloite-9.5.2022-1.png","width":1080,"height":1080},{"@type":"BreadcrumbList","@id":"https:\/\/vaasanvaalipiirinvihreat.fi\/index.php\/2022\/05\/09\/ilmastoaloite-pietarsaaren-vihreat-esittaa-kaupungin-liittymista-hinku-verkostoon\/#breadcrumb","itemListElement":[{"@type":"ListItem","position":1,"name":"Etusivu","item":"https:\/\/vaasanvaalipiirinvihreat.fi\/"},{"@type":"ListItem","position":2,"name":"Ilmastoaloite: Pietarsaaren vihre\u00e4t esitt\u00e4\u00e4 kaupungin liittymist\u00e4 Hinku-verkostoon"}]},{"@type":"WebSite","@id":"https:\/\/vaasanvaalipiirinvihreat.fi\/#website","url":"https:\/\/vaasanvaalipiirinvihreat.fi\/","name":"vaasanvaalipiirinvihreat.fi","description":"Vaasan vaalipiirin vihre\u00e4t - De Gr\u00f6na i Vasa valkrets","publisher":{"@id":"https:\/\/vaasanvaalipiirinvihreat.fi\/#organization"},"potentialAction":[{"@type":"SearchAction","target":{"@type":"EntryPoint","urlTemplate":"https:\/\/vaasanvaalipiirinvihreat.fi\/?s={search_term_string}"},"query-input":{"@type":"PropertyValueSpecification","valueRequired":true,"valueName":"search_term_string"}}],"inLanguage":"fi"},{"@type":"Organization","@id":"https:\/\/vaasanvaalipiirinvihreat.fi\/#organization","name":"vaasanvaalipiirinvihreat.fi","alternateName":"Vaasan vaalipiirin vihre\u00e4t - De Gr\u00f6na i Vasa valkrets","url":"https:\/\/vaasanvaalipiirinvihreat.fi\/","logo":{"@type":"ImageObject","inLanguage":"fi","@id":"https:\/\/vaasanvaalipiirinvihreat.fi\/#\/schema\/logo\/image\/","url":"https:\/\/vaasanvaalipiirinvihreat.fi\/wp-content\/uploads\/2025\/01\/Vihreat_Logo_HOR_RGB_FIN_SWE.png","contentUrl":"https:\/\/vaasanvaalipiirinvihreat.fi\/wp-content\/uploads\/2025\/01\/Vihreat_Logo_HOR_RGB_FIN_SWE.png","width":1162,"height":409,"caption":"vaasanvaalipiirinvihreat.fi"},"image":{"@id":"https:\/\/vaasanvaalipiirinvihreat.fi\/#\/schema\/logo\/image\/"},"sameAs":["https:\/\/www.facebook.com\/VaasanVaalipiirinVihreat"]},{"@type":"Person","@id":"https:\/\/vaasanvaalipiirinvihreat.fi\/#\/schema\/person\/d9205350c2a3b344c419b954e66c3daf","name":"Yll\u00e4pit\u00e4j\u00e4","url":"https:\/\/vaasanvaalipiirinvihreat.fi\/index.php\/author\/sivustomestari\/"}]}},"_links":{"self":[{"href":"https:\/\/vaasanvaalipiirinvihreat.fi\/index.php\/wp-json\/wp\/v2\/posts\/1560","targetHints":{"allow":["GET"]}}],"collection":[{"href":"https:\/\/vaasanvaalipiirinvihreat.fi\/index.php\/wp-json\/wp\/v2\/posts"}],"about":[{"href":"https:\/\/vaasanvaalipiirinvihreat.fi\/index.php\/wp-json\/wp\/v2\/types\/post"}],"author":[{"embeddable":true,"href":"https:\/\/vaasanvaalipiirinvihreat.fi\/index.php\/wp-json\/wp\/v2\/users\/2"}],"replies":[{"embeddable":true,"href":"https:\/\/vaasanvaalipiirinvihreat.fi\/index.php\/wp-json\/wp\/v2\/comments?post=1560"}],"version-history":[{"count":1,"href":"https:\/\/vaasanvaalipiirinvihreat.fi\/index.php\/wp-json\/wp\/v2\/posts\/1560\/revisions"}],"predecessor-version":[{"id":2136,"href":"https:\/\/vaasanvaalipiirinvihreat.fi\/index.php\/wp-json\/wp\/v2\/posts\/1560\/revisions\/2136"}],"wp:featuredmedia":[{"embeddable":true,"href":"https:\/\/vaasanvaalipiirinvihreat.fi\/index.php\/wp-json\/wp\/v2\/media\/1563"}],"wp:attachment":[{"href":"https:\/\/vaasanvaalipiirinvihreat.fi\/index.php\/wp-json\/wp\/v2\/media?parent=1560"}],"wp:term":[{"taxonomy":"category","embeddable":true,"href":"https:\/\/vaasanvaalipiirinvihreat.fi\/index.php\/wp-json\/wp\/v2\/categories?post=1560"},{"taxonomy":"post_tag","embeddable":true,"href":"https:\/\/vaasanvaalipiirinvihreat.fi\/index.php\/wp-json\/wp\/v2\/tags?post=1560"}],"curies":[{"name":"wp","href":"https:\/\/api.w.org\/{rel}","templated":true}]}}