{"id":1673,"date":"2022-11-02T19:21:28","date_gmt":"2022-11-02T17:21:28","guid":{"rendered":"http:\/\/www.vavavi.fi\/?p=1673"},"modified":"2025-01-20T17:18:55","modified_gmt":"2025-01-20T15:18:55","slug":"ny-ordforande-for-mellersta-osterbotten-minna-roukkio-taipale","status":"publish","type":"post","link":"https:\/\/vaasanvaalipiirinvihreat.fi\/index.php\/2022\/11\/02\/ny-ordforande-for-mellersta-osterbotten-minna-roukkio-taipale\/","title":{"rendered":"NY ORDF\u00d6RANDE F\u00d6R MELLERSTA \u00d6STERBOTTEN: MINNA ROUKKIO-TAIPALE"},"content":{"rendered":"\n<p class=\"has-medium-font-size\"><strong>Minna Roukkio-Taipale valdes f\u00f6r ordf\u00f6rande av de Gr\u00f6na i Mellersta \u00d6sterbotten. Vem \u00e4r Minna? H\u00e4r hittar du v\u00e5r kort intervju om Minna.<\/strong><\/p>\n\n\n\n<p class=\"has-medium-font-size\" id=\"block-cef1afcc-3b81-405e-bb10-6ff55c3ac283\"><strong>Vem \u00e4r du?<\/strong><br>Jag har examen i processingenj\u00f6ring i Kemi. Milj\u00f6v\u00e5rdsteknik var mitt viktigaste inriktningsalternativ. Nuf\u00f6rtiden jobbar jag som VVS-planerare, men mitt viktigaste arbete I v\u00e4rlden \u00e4r att vara mamma till 3 barn<\/p>\n\n\n\n<p class=\"has-medium-font-size\" id=\"block-4c4c68e3-ab5c-4871-85bb-8b25a237a21e\"><strong>Hur b\u00f6rjade du med Gr\u00f6na partiet och blev aktiv inom gr\u00f6na politiken?<\/strong><br>Jag blev bekant med gr\u00f6na politiken n\u00e5gra \u00e5r sedan via kommunalvalet. Jag har alltid haft \u201cett gr\u00f6nt hj\u00e4rta\u201d, ibland lite \u00f6verdrivet gr\u00f6nt. Att bli medlem I partiet hade jag var n\u00e5gonting som jag bara fundera, att I Gr\u00f6na partiet m\u00e5ste man t\u00e4nka likadant av hela ideologin. D\u00e5 man f\u00e5tt veta, att man kan ha sina egna \u00e5sikter i vissa saker, fanns det inget problem n\u00e5mera att delta.&#8217;<\/p>\n\n\n\n<p class=\"has-medium-font-size\" id=\"block-aeece205-f11e-4b9d-b5b8-6c4f20af2e10\"><strong>I sista valet gick det bra f\u00f6r Mellestra \u00d6sterbotten och nu har ni hittat m\u00e5nga nya kandidater. Har du n\u00e5gon \u00e5sikt, att varf\u00f6r s\u00e5?<\/strong><br>Det h\u00e4r l\u00e5ter j\u00e4tte bra, men tyv\u00e4rr kan jag inte ta asvar av det. Jag \u00e4r bara j\u00e4tte n\u00f6jd, att vi har kunnat hitta bra kandidater och att Gr\u00f6na politiken intresserar folk. Men det finns alltid m\u00f6jligheten att f\u00f6rb\u00e4ttra!<\/p>\n\n\n\n<p class=\"has-medium-font-size\" id=\"block-7d8ccfd4-c4d3-4059-a878-129033c9838d\"><strong>Som ordf\u00f6rande, hur ser du fram till riksdagsvalet?<\/strong><br>Jag \u00e4r j\u00e4tte n\u00f6jd att vi har \u00e5tminstone en kandidat f\u00f6r riksdagsvalet. Jag \u00e4r medveten av attityder som folk har I Mellestra \u00d6sterbotten, och vet, att kandidaten m\u00e5ste faktiskt bo I omr\u00e5det. Lokaliteten betyder mycket h\u00e4r. Det \u00e4r l\u00e4ttare att tr\u00e4ffa folk, f\u00f6ra kampanj och skaffa gamla, samt nya r\u00f6ster, d\u00e5 man f\u00f6rst\u00e5r lokalitetens betydelse.<\/p>\n\n\n\n<p class=\"has-medium-font-size\" id=\"block-2f30ba33-fe4f-478b-925b-a2d91e010ad9\"><strong>Hur k\u00e4nns det att b\u00f6rja som ordf\u00f6rande?<\/strong><br>Jag uppskattar att har blivit valt I arbetet, det f\u00e5r mig \u00f6dmjuk. Ensam \u00e4r jag ingenting \u2013 tillsammans kan vi k\u00f6ra fram gr\u00f6na ideologin, hitta nya ideer och v\u00e4xa I Mellestra \u00d6sterbotten. Tiden har varit jobbig f\u00f6r oss alla med pandemin och flera olika val \u2013 nu \u00e4r det dags att andas och b\u00f6rja p\u00e5 nytt. B\u00e4ttre \u00e4n tidigare.<\/p>\n","protected":false},"excerpt":{"rendered":"<p>Minna Roukkio-Taipale valdes f\u00f6r ordf\u00f6rande av de Gr\u00f6na i Mellersta \u00d6sterbotten. Vem \u00e4r Minna? H\u00e4r hittar du v\u00e5r kort intervju om Minna. Vem \u00e4r du?Jag har examen i processingenj\u00f6ring i Kemi. Milj\u00f6v\u00e5rdsteknik var mitt viktigaste inriktningsalternativ. Nuf\u00f6rtiden jobbar jag som VVS-planerare, men mitt viktigaste arbete I v\u00e4rlden \u00e4r att vara mamma till 3 barn Hur [&hellip;]<\/p>\n","protected":false},"author":2,"featured_media":1544,"comment_status":"closed","ping_status":"closed","sticky":false,"template":"","format":"standard","meta":{"footnotes":""},"categories":[2],"tags":[],"class_list":["post-1673","post","type-post","status-publish","format-standard","has-post-thumbnail","hentry","category-tiedotteet"],"yoast_head":"<!-- This site is optimized with the Yoast SEO plugin v27.5 - https:\/\/yoast.com\/product\/yoast-seo-wordpress\/ -->\n<title>NY ORDF\u00d6RANDE F\u00d6R MELLERSTA \u00d6STERBOTTEN: MINNA ROUKKIO-TAIPALE - vaasanvaalipiirinvihreat.fi<\/title>\n<meta name=\"robots\" content=\"index, follow, max-snippet:-1, max-image-preview:large, max-video-preview:-1\" \/>\n<link rel=\"canonical\" href=\"https:\/\/vaasanvaalipiirinvihreat.fi\/index.php\/2022\/11\/02\/ny-ordforande-for-mellersta-osterbotten-minna-roukkio-taipale\/\" \/>\n<meta property=\"og:locale\" content=\"fi_FI\" \/>\n<meta property=\"og:type\" content=\"article\" \/>\n<meta property=\"og:title\" content=\"NY ORDF\u00d6RANDE F\u00d6R MELLERSTA \u00d6STERBOTTEN: MINNA ROUKKIO-TAIPALE - vaasanvaalipiirinvihreat.fi\" \/>\n<meta property=\"og:description\" content=\"Minna Roukkio-Taipale valdes f\u00f6r ordf\u00f6rande av de Gr\u00f6na i Mellersta \u00d6sterbotten. Vem \u00e4r Minna? H\u00e4r hittar du v\u00e5r kort intervju om Minna. Vem \u00e4r du?Jag har examen i processingenj\u00f6ring i Kemi. Milj\u00f6v\u00e5rdsteknik var mitt viktigaste inriktningsalternativ. Nuf\u00f6rtiden jobbar jag som VVS-planerare, men mitt viktigaste arbete I v\u00e4rlden \u00e4r att vara mamma till 3 barn Hur [&hellip;]\" \/>\n<meta property=\"og:url\" content=\"https:\/\/vaasanvaalipiirinvihreat.fi\/index.php\/2022\/11\/02\/ny-ordforande-for-mellersta-osterbotten-minna-roukkio-taipale\/\" \/>\n<meta property=\"og:site_name\" content=\"vaasanvaalipiirinvihreat.fi\" \/>\n<meta property=\"article:publisher\" content=\"https:\/\/www.facebook.com\/VaasanVaalipiirinVihreat\" \/>\n<meta property=\"article:published_time\" content=\"2022-11-02T17:21:28+00:00\" \/>\n<meta property=\"article:modified_time\" content=\"2025-01-20T15:18:55+00:00\" \/>\n<meta property=\"og:image\" content=\"https:\/\/vaasanvaalipiirinvihreat.fi\/wp-content\/uploads\/2022\/04\/Nimeton-suunn.malli-3.png\" \/>\n\t<meta property=\"og:image:width\" content=\"1080\" \/>\n\t<meta property=\"og:image:height\" content=\"1080\" \/>\n\t<meta property=\"og:image:type\" content=\"image\/png\" \/>\n<meta name=\"author\" content=\"Yll\u00e4pit\u00e4j\u00e4\" \/>\n<meta name=\"twitter:card\" content=\"summary_large_image\" \/>\n<meta name=\"twitter:label1\" content=\"Kirjoittanut\" \/>\n\t<meta name=\"twitter:data1\" content=\"Yll\u00e4pit\u00e4j\u00e4\" \/>\n\t<meta name=\"twitter:label2\" content=\"Arvioitu lukuaika\" \/>\n\t<meta name=\"twitter:data2\" content=\"2 minuuttia\" \/>\n<script type=\"application\/ld+json\" class=\"yoast-schema-graph\">{\"@context\":\"https:\\\/\\\/schema.org\",\"@graph\":[{\"@type\":\"Article\",\"@id\":\"https:\\\/\\\/vaasanvaalipiirinvihreat.fi\\\/index.php\\\/2022\\\/11\\\/02\\\/ny-ordforande-for-mellersta-osterbotten-minna-roukkio-taipale\\\/#article\",\"isPartOf\":{\"@id\":\"https:\\\/\\\/vaasanvaalipiirinvihreat.fi\\\/index.php\\\/2022\\\/11\\\/02\\\/ny-ordforande-for-mellersta-osterbotten-minna-roukkio-taipale\\\/\"},\"author\":{\"name\":\"Yll\u00e4pit\u00e4j\u00e4\",\"@id\":\"https:\\\/\\\/vaasanvaalipiirinvihreat.fi\\\/#\\\/schema\\\/person\\\/d9205350c2a3b344c419b954e66c3daf\"},\"headline\":\"NY ORDF\u00d6RANDE F\u00d6R MELLERSTA \u00d6STERBOTTEN: MINNA ROUKKIO-TAIPALE\",\"datePublished\":\"2022-11-02T17:21:28+00:00\",\"dateModified\":\"2025-01-20T15:18:55+00:00\",\"mainEntityOfPage\":{\"@id\":\"https:\\\/\\\/vaasanvaalipiirinvihreat.fi\\\/index.php\\\/2022\\\/11\\\/02\\\/ny-ordforande-for-mellersta-osterbotten-minna-roukkio-taipale\\\/\"},\"wordCount\":393,\"publisher\":{\"@id\":\"https:\\\/\\\/vaasanvaalipiirinvihreat.fi\\\/#organization\"},\"image\":{\"@id\":\"https:\\\/\\\/vaasanvaalipiirinvihreat.fi\\\/index.php\\\/2022\\\/11\\\/02\\\/ny-ordforande-for-mellersta-osterbotten-minna-roukkio-taipale\\\/#primaryimage\"},\"thumbnailUrl\":\"https:\\\/\\\/vaasanvaalipiirinvihreat.fi\\\/wp-content\\\/uploads\\\/2022\\\/04\\\/Nimeton-suunn.malli-3.png\",\"articleSection\":[\"Tiedotteet\"],\"inLanguage\":\"fi\"},{\"@type\":\"WebPage\",\"@id\":\"https:\\\/\\\/vaasanvaalipiirinvihreat.fi\\\/index.php\\\/2022\\\/11\\\/02\\\/ny-ordforande-for-mellersta-osterbotten-minna-roukkio-taipale\\\/\",\"url\":\"https:\\\/\\\/vaasanvaalipiirinvihreat.fi\\\/index.php\\\/2022\\\/11\\\/02\\\/ny-ordforande-for-mellersta-osterbotten-minna-roukkio-taipale\\\/\",\"name\":\"NY ORDF\u00d6RANDE F\u00d6R MELLERSTA \u00d6STERBOTTEN: MINNA ROUKKIO-TAIPALE - vaasanvaalipiirinvihreat.fi\",\"isPartOf\":{\"@id\":\"https:\\\/\\\/vaasanvaalipiirinvihreat.fi\\\/#website\"},\"primaryImageOfPage\":{\"@id\":\"https:\\\/\\\/vaasanvaalipiirinvihreat.fi\\\/index.php\\\/2022\\\/11\\\/02\\\/ny-ordforande-for-mellersta-osterbotten-minna-roukkio-taipale\\\/#primaryimage\"},\"image\":{\"@id\":\"https:\\\/\\\/vaasanvaalipiirinvihreat.fi\\\/index.php\\\/2022\\\/11\\\/02\\\/ny-ordforande-for-mellersta-osterbotten-minna-roukkio-taipale\\\/#primaryimage\"},\"thumbnailUrl\":\"https:\\\/\\\/vaasanvaalipiirinvihreat.fi\\\/wp-content\\\/uploads\\\/2022\\\/04\\\/Nimeton-suunn.malli-3.png\",\"datePublished\":\"2022-11-02T17:21:28+00:00\",\"dateModified\":\"2025-01-20T15:18:55+00:00\",\"breadcrumb\":{\"@id\":\"https:\\\/\\\/vaasanvaalipiirinvihreat.fi\\\/index.php\\\/2022\\\/11\\\/02\\\/ny-ordforande-for-mellersta-osterbotten-minna-roukkio-taipale\\\/#breadcrumb\"},\"inLanguage\":\"fi\",\"potentialAction\":[{\"@type\":\"ReadAction\",\"target\":[\"https:\\\/\\\/vaasanvaalipiirinvihreat.fi\\\/index.php\\\/2022\\\/11\\\/02\\\/ny-ordforande-for-mellersta-osterbotten-minna-roukkio-taipale\\\/\"]}]},{\"@type\":\"ImageObject\",\"inLanguage\":\"fi\",\"@id\":\"https:\\\/\\\/vaasanvaalipiirinvihreat.fi\\\/index.php\\\/2022\\\/11\\\/02\\\/ny-ordforande-for-mellersta-osterbotten-minna-roukkio-taipale\\\/#primaryimage\",\"url\":\"https:\\\/\\\/vaasanvaalipiirinvihreat.fi\\\/wp-content\\\/uploads\\\/2022\\\/04\\\/Nimeton-suunn.malli-3.png\",\"contentUrl\":\"https:\\\/\\\/vaasanvaalipiirinvihreat.fi\\\/wp-content\\\/uploads\\\/2022\\\/04\\\/Nimeton-suunn.malli-3.png\",\"width\":1080,\"height\":1080},{\"@type\":\"BreadcrumbList\",\"@id\":\"https:\\\/\\\/vaasanvaalipiirinvihreat.fi\\\/index.php\\\/2022\\\/11\\\/02\\\/ny-ordforande-for-mellersta-osterbotten-minna-roukkio-taipale\\\/#breadcrumb\",\"itemListElement\":[{\"@type\":\"ListItem\",\"position\":1,\"name\":\"Etusivu\",\"item\":\"https:\\\/\\\/vaasanvaalipiirinvihreat.fi\\\/\"},{\"@type\":\"ListItem\",\"position\":2,\"name\":\"NY ORDF\u00d6RANDE F\u00d6R MELLERSTA \u00d6STERBOTTEN: MINNA ROUKKIO-TAIPALE\"}]},{\"@type\":\"WebSite\",\"@id\":\"https:\\\/\\\/vaasanvaalipiirinvihreat.fi\\\/#website\",\"url\":\"https:\\\/\\\/vaasanvaalipiirinvihreat.fi\\\/\",\"name\":\"vaasanvaalipiirinvihreat.fi\",\"description\":\"Vaasan vaalipiirin vihre\u00e4t - De Gr\u00f6na i Vasa valkrets\",\"publisher\":{\"@id\":\"https:\\\/\\\/vaasanvaalipiirinvihreat.fi\\\/#organization\"},\"potentialAction\":[{\"@type\":\"SearchAction\",\"target\":{\"@type\":\"EntryPoint\",\"urlTemplate\":\"https:\\\/\\\/vaasanvaalipiirinvihreat.fi\\\/?s={search_term_string}\"},\"query-input\":{\"@type\":\"PropertyValueSpecification\",\"valueRequired\":true,\"valueName\":\"search_term_string\"}}],\"inLanguage\":\"fi\"},{\"@type\":\"Organization\",\"@id\":\"https:\\\/\\\/vaasanvaalipiirinvihreat.fi\\\/#organization\",\"name\":\"vaasanvaalipiirinvihreat.fi\",\"alternateName\":\"Vaasan vaalipiirin vihre\u00e4t - De Gr\u00f6na i Vasa valkrets\",\"url\":\"https:\\\/\\\/vaasanvaalipiirinvihreat.fi\\\/\",\"logo\":{\"@type\":\"ImageObject\",\"inLanguage\":\"fi\",\"@id\":\"https:\\\/\\\/vaasanvaalipiirinvihreat.fi\\\/#\\\/schema\\\/logo\\\/image\\\/\",\"url\":\"https:\\\/\\\/vaasanvaalipiirinvihreat.fi\\\/wp-content\\\/uploads\\\/2025\\\/01\\\/Vihreat_Logo_HOR_RGB_FIN_SWE.png\",\"contentUrl\":\"https:\\\/\\\/vaasanvaalipiirinvihreat.fi\\\/wp-content\\\/uploads\\\/2025\\\/01\\\/Vihreat_Logo_HOR_RGB_FIN_SWE.png\",\"width\":1162,\"height\":409,\"caption\":\"vaasanvaalipiirinvihreat.fi\"},\"image\":{\"@id\":\"https:\\\/\\\/vaasanvaalipiirinvihreat.fi\\\/#\\\/schema\\\/logo\\\/image\\\/\"},\"sameAs\":[\"https:\\\/\\\/www.facebook.com\\\/VaasanVaalipiirinVihreat\"]},{\"@type\":\"Person\",\"@id\":\"https:\\\/\\\/vaasanvaalipiirinvihreat.fi\\\/#\\\/schema\\\/person\\\/d9205350c2a3b344c419b954e66c3daf\",\"name\":\"Yll\u00e4pit\u00e4j\u00e4\",\"url\":\"https:\\\/\\\/vaasanvaalipiirinvihreat.fi\\\/index.php\\\/author\\\/sivustomestari\\\/\"}]}<\/script>\n<!-- \/ Yoast SEO plugin. -->","yoast_head_json":{"title":"NY ORDF\u00d6RANDE F\u00d6R MELLERSTA \u00d6STERBOTTEN: MINNA ROUKKIO-TAIPALE - vaasanvaalipiirinvihreat.fi","robots":{"index":"index","follow":"follow","max-snippet":"max-snippet:-1","max-image-preview":"max-image-preview:large","max-video-preview":"max-video-preview:-1"},"canonical":"https:\/\/vaasanvaalipiirinvihreat.fi\/index.php\/2022\/11\/02\/ny-ordforande-for-mellersta-osterbotten-minna-roukkio-taipale\/","og_locale":"fi_FI","og_type":"article","og_title":"NY ORDF\u00d6RANDE F\u00d6R MELLERSTA \u00d6STERBOTTEN: MINNA ROUKKIO-TAIPALE - vaasanvaalipiirinvihreat.fi","og_description":"Minna Roukkio-Taipale valdes f\u00f6r ordf\u00f6rande av de Gr\u00f6na i Mellersta \u00d6sterbotten. Vem \u00e4r Minna? H\u00e4r hittar du v\u00e5r kort intervju om Minna. Vem \u00e4r du?Jag har examen i processingenj\u00f6ring i Kemi. Milj\u00f6v\u00e5rdsteknik var mitt viktigaste inriktningsalternativ. Nuf\u00f6rtiden jobbar jag som VVS-planerare, men mitt viktigaste arbete I v\u00e4rlden \u00e4r att vara mamma till 3 barn Hur [&hellip;]","og_url":"https:\/\/vaasanvaalipiirinvihreat.fi\/index.php\/2022\/11\/02\/ny-ordforande-for-mellersta-osterbotten-minna-roukkio-taipale\/","og_site_name":"vaasanvaalipiirinvihreat.fi","article_publisher":"https:\/\/www.facebook.com\/VaasanVaalipiirinVihreat","article_published_time":"2022-11-02T17:21:28+00:00","article_modified_time":"2025-01-20T15:18:55+00:00","og_image":[{"width":1080,"height":1080,"url":"https:\/\/vaasanvaalipiirinvihreat.fi\/wp-content\/uploads\/2022\/04\/Nimeton-suunn.malli-3.png","type":"image\/png"}],"author":"Yll\u00e4pit\u00e4j\u00e4","twitter_card":"summary_large_image","twitter_misc":{"Kirjoittanut":"Yll\u00e4pit\u00e4j\u00e4","Arvioitu lukuaika":"2 minuuttia"},"schema":{"@context":"https:\/\/schema.org","@graph":[{"@type":"Article","@id":"https:\/\/vaasanvaalipiirinvihreat.fi\/index.php\/2022\/11\/02\/ny-ordforande-for-mellersta-osterbotten-minna-roukkio-taipale\/#article","isPartOf":{"@id":"https:\/\/vaasanvaalipiirinvihreat.fi\/index.php\/2022\/11\/02\/ny-ordforande-for-mellersta-osterbotten-minna-roukkio-taipale\/"},"author":{"name":"Yll\u00e4pit\u00e4j\u00e4","@id":"https:\/\/vaasanvaalipiirinvihreat.fi\/#\/schema\/person\/d9205350c2a3b344c419b954e66c3daf"},"headline":"NY ORDF\u00d6RANDE F\u00d6R MELLERSTA \u00d6STERBOTTEN: MINNA ROUKKIO-TAIPALE","datePublished":"2022-11-02T17:21:28+00:00","dateModified":"2025-01-20T15:18:55+00:00","mainEntityOfPage":{"@id":"https:\/\/vaasanvaalipiirinvihreat.fi\/index.php\/2022\/11\/02\/ny-ordforande-for-mellersta-osterbotten-minna-roukkio-taipale\/"},"wordCount":393,"publisher":{"@id":"https:\/\/vaasanvaalipiirinvihreat.fi\/#organization"},"image":{"@id":"https:\/\/vaasanvaalipiirinvihreat.fi\/index.php\/2022\/11\/02\/ny-ordforande-for-mellersta-osterbotten-minna-roukkio-taipale\/#primaryimage"},"thumbnailUrl":"https:\/\/vaasanvaalipiirinvihreat.fi\/wp-content\/uploads\/2022\/04\/Nimeton-suunn.malli-3.png","articleSection":["Tiedotteet"],"inLanguage":"fi"},{"@type":"WebPage","@id":"https:\/\/vaasanvaalipiirinvihreat.fi\/index.php\/2022\/11\/02\/ny-ordforande-for-mellersta-osterbotten-minna-roukkio-taipale\/","url":"https:\/\/vaasanvaalipiirinvihreat.fi\/index.php\/2022\/11\/02\/ny-ordforande-for-mellersta-osterbotten-minna-roukkio-taipale\/","name":"NY ORDF\u00d6RANDE F\u00d6R MELLERSTA \u00d6STERBOTTEN: MINNA ROUKKIO-TAIPALE - vaasanvaalipiirinvihreat.fi","isPartOf":{"@id":"https:\/\/vaasanvaalipiirinvihreat.fi\/#website"},"primaryImageOfPage":{"@id":"https:\/\/vaasanvaalipiirinvihreat.fi\/index.php\/2022\/11\/02\/ny-ordforande-for-mellersta-osterbotten-minna-roukkio-taipale\/#primaryimage"},"image":{"@id":"https:\/\/vaasanvaalipiirinvihreat.fi\/index.php\/2022\/11\/02\/ny-ordforande-for-mellersta-osterbotten-minna-roukkio-taipale\/#primaryimage"},"thumbnailUrl":"https:\/\/vaasanvaalipiirinvihreat.fi\/wp-content\/uploads\/2022\/04\/Nimeton-suunn.malli-3.png","datePublished":"2022-11-02T17:21:28+00:00","dateModified":"2025-01-20T15:18:55+00:00","breadcrumb":{"@id":"https:\/\/vaasanvaalipiirinvihreat.fi\/index.php\/2022\/11\/02\/ny-ordforande-for-mellersta-osterbotten-minna-roukkio-taipale\/#breadcrumb"},"inLanguage":"fi","potentialAction":[{"@type":"ReadAction","target":["https:\/\/vaasanvaalipiirinvihreat.fi\/index.php\/2022\/11\/02\/ny-ordforande-for-mellersta-osterbotten-minna-roukkio-taipale\/"]}]},{"@type":"ImageObject","inLanguage":"fi","@id":"https:\/\/vaasanvaalipiirinvihreat.fi\/index.php\/2022\/11\/02\/ny-ordforande-for-mellersta-osterbotten-minna-roukkio-taipale\/#primaryimage","url":"https:\/\/vaasanvaalipiirinvihreat.fi\/wp-content\/uploads\/2022\/04\/Nimeton-suunn.malli-3.png","contentUrl":"https:\/\/vaasanvaalipiirinvihreat.fi\/wp-content\/uploads\/2022\/04\/Nimeton-suunn.malli-3.png","width":1080,"height":1080},{"@type":"BreadcrumbList","@id":"https:\/\/vaasanvaalipiirinvihreat.fi\/index.php\/2022\/11\/02\/ny-ordforande-for-mellersta-osterbotten-minna-roukkio-taipale\/#breadcrumb","itemListElement":[{"@type":"ListItem","position":1,"name":"Etusivu","item":"https:\/\/vaasanvaalipiirinvihreat.fi\/"},{"@type":"ListItem","position":2,"name":"NY ORDF\u00d6RANDE F\u00d6R MELLERSTA \u00d6STERBOTTEN: MINNA ROUKKIO-TAIPALE"}]},{"@type":"WebSite","@id":"https:\/\/vaasanvaalipiirinvihreat.fi\/#website","url":"https:\/\/vaasanvaalipiirinvihreat.fi\/","name":"vaasanvaalipiirinvihreat.fi","description":"Vaasan vaalipiirin vihre\u00e4t - De Gr\u00f6na i Vasa valkrets","publisher":{"@id":"https:\/\/vaasanvaalipiirinvihreat.fi\/#organization"},"potentialAction":[{"@type":"SearchAction","target":{"@type":"EntryPoint","urlTemplate":"https:\/\/vaasanvaalipiirinvihreat.fi\/?s={search_term_string}"},"query-input":{"@type":"PropertyValueSpecification","valueRequired":true,"valueName":"search_term_string"}}],"inLanguage":"fi"},{"@type":"Organization","@id":"https:\/\/vaasanvaalipiirinvihreat.fi\/#organization","name":"vaasanvaalipiirinvihreat.fi","alternateName":"Vaasan vaalipiirin vihre\u00e4t - De Gr\u00f6na i Vasa valkrets","url":"https:\/\/vaasanvaalipiirinvihreat.fi\/","logo":{"@type":"ImageObject","inLanguage":"fi","@id":"https:\/\/vaasanvaalipiirinvihreat.fi\/#\/schema\/logo\/image\/","url":"https:\/\/vaasanvaalipiirinvihreat.fi\/wp-content\/uploads\/2025\/01\/Vihreat_Logo_HOR_RGB_FIN_SWE.png","contentUrl":"https:\/\/vaasanvaalipiirinvihreat.fi\/wp-content\/uploads\/2025\/01\/Vihreat_Logo_HOR_RGB_FIN_SWE.png","width":1162,"height":409,"caption":"vaasanvaalipiirinvihreat.fi"},"image":{"@id":"https:\/\/vaasanvaalipiirinvihreat.fi\/#\/schema\/logo\/image\/"},"sameAs":["https:\/\/www.facebook.com\/VaasanVaalipiirinVihreat"]},{"@type":"Person","@id":"https:\/\/vaasanvaalipiirinvihreat.fi\/#\/schema\/person\/d9205350c2a3b344c419b954e66c3daf","name":"Yll\u00e4pit\u00e4j\u00e4","url":"https:\/\/vaasanvaalipiirinvihreat.fi\/index.php\/author\/sivustomestari\/"}]}},"_links":{"self":[{"href":"https:\/\/vaasanvaalipiirinvihreat.fi\/index.php\/wp-json\/wp\/v2\/posts\/1673","targetHints":{"allow":["GET"]}}],"collection":[{"href":"https:\/\/vaasanvaalipiirinvihreat.fi\/index.php\/wp-json\/wp\/v2\/posts"}],"about":[{"href":"https:\/\/vaasanvaalipiirinvihreat.fi\/index.php\/wp-json\/wp\/v2\/types\/post"}],"author":[{"embeddable":true,"href":"https:\/\/vaasanvaalipiirinvihreat.fi\/index.php\/wp-json\/wp\/v2\/users\/2"}],"replies":[{"embeddable":true,"href":"https:\/\/vaasanvaalipiirinvihreat.fi\/index.php\/wp-json\/wp\/v2\/comments?post=1673"}],"version-history":[{"count":1,"href":"https:\/\/vaasanvaalipiirinvihreat.fi\/index.php\/wp-json\/wp\/v2\/posts\/1673\/revisions"}],"predecessor-version":[{"id":2154,"href":"https:\/\/vaasanvaalipiirinvihreat.fi\/index.php\/wp-json\/wp\/v2\/posts\/1673\/revisions\/2154"}],"wp:featuredmedia":[{"embeddable":true,"href":"https:\/\/vaasanvaalipiirinvihreat.fi\/index.php\/wp-json\/wp\/v2\/media\/1544"}],"wp:attachment":[{"href":"https:\/\/vaasanvaalipiirinvihreat.fi\/index.php\/wp-json\/wp\/v2\/media?parent=1673"}],"wp:term":[{"taxonomy":"category","embeddable":true,"href":"https:\/\/vaasanvaalipiirinvihreat.fi\/index.php\/wp-json\/wp\/v2\/categories?post=1673"},{"taxonomy":"post_tag","embeddable":true,"href":"https:\/\/vaasanvaalipiirinvihreat.fi\/index.php\/wp-json\/wp\/v2\/tags?post=1673"}],"curies":[{"name":"wp","href":"https:\/\/api.w.org\/{rel}","templated":true}]}}