{"id":1675,"date":"2022-11-02T19:22:49","date_gmt":"2022-11-02T17:22:49","guid":{"rendered":"http:\/\/www.vavavi.fi\/?p=1675"},"modified":"2025-01-20T17:18:55","modified_gmt":"2025-01-20T15:18:55","slug":"uusi-puheenjohtaja-keski-pohjanmaalla-minna-roukkio-taipale","status":"publish","type":"post","link":"https:\/\/vaasanvaalipiirinvihreat.fi\/index.php\/2022\/11\/02\/uusi-puheenjohtaja-keski-pohjanmaalla-minna-roukkio-taipale\/","title":{"rendered":"UUSI PUHEENJOHTAJA KESKI-POHJANMAALLA: MINNA ROUKKIO-TAIPALE"},"content":{"rendered":"\n<p class=\"has-medium-font-size\" id=\"block-59f04e56-163d-41d9-a3fd-7742fdfb816f\"><strong>Keski-Pohjanmaan vihre\u00e4t valitsivat viime viikolla uudeksi puheenjohtajakseen Minna Roukkio-Taipaleen. Kuka on Minna? T\u00e4ss\u00e4 lyhyt haastattelumme:<\/strong><br><br><strong>Kuka olet ja mink\u00e4 alan ammattilainen olet?<\/strong><br>Koulutukseltani olen AMK kemian prosessi-insin\u00f6\u00f6ri. Ymp\u00e4rist\u00f6suojelutekniikka oli minulle t\u00e4rkein suuntautumisvaihtoehto, johon perehdyin koulussa. Ty\u00f6ni teen LVI-suunnittelijana. T\u00e4rkein arvonimeni on kuitenkin \u00e4iti. \u00c4idiksi minua kutsutaan kolme\u00e4\u00e4nisesti.<br><br><strong>Miten p\u00e4\u00e4dyit mukaan vihre\u00e4\u00e4n toimintaan ja milloin? Oletko pitk\u00e4\u00e4n kokenut puolueen omaksi?<\/strong><br>Vihre\u00e4\u00e4n toimintaan l\u00e4hdin mukaan viime kuntavaaleissa. Olenkin ollut aina vihre\u00e4 aatteiltani. Nauranut joskus, ett\u00e4 v\u00e4h\u00e4n liiankin vihre\u00e4. Puolueeseen liittymist\u00e4 minulla on aiemmin rajoittanut ajatus, ett\u00e4 Vihreiss\u00e4 tulisi kaikkien olla samaa mielt\u00e4 kaikista puolueen linjaamista asioista. Asian selvitty\u00e4 ei sitten vaikeuksia ollutkaan.<br><br><strong>Keski-Pohjanmaalla on suoriuduttu viimeisiss\u00e4 vaaleissa mukavasti ja uusia ehdokkaita on l\u00f6ytynyt hyvin &#8211; osaatko sanoa miksi?<br><\/strong>T\u00e4m\u00e4 kuulostaa hyv\u00e4lle, mutta valitettavasti en voi ottaa kunniaa t\u00e4st\u00e4. Olen vain eritt\u00e4in tyytyv\u00e4inen. Olen ollut sen verran v\u00e4h\u00e4n aikaa mukana ett\u00e4 kuvittelen aina olleen n\u00e4in. T\u00e4st\u00e4 tosin on viel\u00e4 varaa parantaa.<br><br><strong>Milt\u00e4 tulevat eduskuntavaalit n\u00e4ytt\u00e4v\u00e4t uuden puheenjohtajan silmin?<br><\/strong>Olen iloinen ett\u00e4 meill\u00e4 on Keski-Pohjanmaalla v\u00e4hint\u00e4\u00e4n yksi ehdokas. Tied\u00e4n Keski-Pohjanmaalla asuvien asenteista sen verran ett\u00e4 paikallisen edustajan tulee olla oikeasti paikallinen, siis asua alueella. Paikallisuus auttaa paljon vaalikampanjointia, sek\u00e4 \u00e4\u00e4nten saamista maakunnasta. N\u00e4en ett\u00e4 yhteisell\u00e4 tekemisell\u00e4 voidaan saada sek\u00e4 Vihreit\u00e4 \u00e4\u00e4ni\u00e4 ehdokkaamme taakse, ett\u00e4 uusia \u00e4\u00e4ni\u00e4.<br><br><strong>Mill\u00e4 fiiliksill\u00e4 l\u00e4hdet puheenjohtamaan Keski-Pohjanmaan vihreit\u00e4?<\/strong><br>Arvostan t\u00e4t\u00e4 teht\u00e4v\u00e4\u00e4, ja otan teht\u00e4v\u00e4n n\u00f6yr\u00e4n\u00e4 vastaan. Vaikka teht\u00e4v\u00e4n nimi on puheenjohtaja, ei se tarkoita ett\u00e4 yksin olen meid\u00e4n piiri, tai Vihre\u00e4 maakunta. Yhdess\u00e4 ideoiden, ja yhdess\u00e4 tehden voimme saada positiivista nostetta. L\u00e4hiaikoina on ollut useat vaalit, ja ne ovat ottaneet veronsa, nyt vedet\u00e4\u00e4n henke\u00e4 ja l\u00e4hdet\u00e4\u00e4n uuteen nousuun.<\/p>\n","protected":false},"excerpt":{"rendered":"<p>Keski-Pohjanmaan vihre\u00e4t valitsivat viime viikolla uudeksi puheenjohtajakseen Minna Roukkio-Taipaleen. Kuka on Minna? T\u00e4ss\u00e4 lyhyt haastattelumme: Kuka olet ja mink\u00e4 alan ammattilainen olet?Koulutukseltani olen AMK kemian prosessi-insin\u00f6\u00f6ri. Ymp\u00e4rist\u00f6suojelutekniikka oli minulle t\u00e4rkein suuntautumisvaihtoehto, johon perehdyin koulussa. Ty\u00f6ni teen LVI-suunnittelijana. T\u00e4rkein arvonimeni on kuitenkin \u00e4iti. \u00c4idiksi minua kutsutaan kolme\u00e4\u00e4nisesti. Miten p\u00e4\u00e4dyit mukaan vihre\u00e4\u00e4n toimintaan ja milloin? Oletko pitk\u00e4\u00e4n [&hellip;]<\/p>\n","protected":false},"author":2,"featured_media":1544,"comment_status":"closed","ping_status":"closed","sticky":false,"template":"","format":"standard","meta":{"footnotes":""},"categories":[2],"tags":[],"class_list":["post-1675","post","type-post","status-publish","format-standard","has-post-thumbnail","hentry","category-tiedotteet"],"yoast_head":"<!-- This site is optimized with the Yoast SEO plugin v27.5 - https:\/\/yoast.com\/product\/yoast-seo-wordpress\/ -->\n<title>UUSI PUHEENJOHTAJA KESKI-POHJANMAALLA: MINNA ROUKKIO-TAIPALE - vaasanvaalipiirinvihreat.fi<\/title>\n<meta name=\"robots\" content=\"index, follow, max-snippet:-1, max-image-preview:large, max-video-preview:-1\" \/>\n<link rel=\"canonical\" href=\"https:\/\/vaasanvaalipiirinvihreat.fi\/index.php\/2022\/11\/02\/uusi-puheenjohtaja-keski-pohjanmaalla-minna-roukkio-taipale\/\" \/>\n<meta property=\"og:locale\" content=\"fi_FI\" \/>\n<meta property=\"og:type\" content=\"article\" \/>\n<meta property=\"og:title\" content=\"UUSI PUHEENJOHTAJA KESKI-POHJANMAALLA: MINNA ROUKKIO-TAIPALE - vaasanvaalipiirinvihreat.fi\" \/>\n<meta property=\"og:description\" content=\"Keski-Pohjanmaan vihre\u00e4t valitsivat viime viikolla uudeksi puheenjohtajakseen Minna Roukkio-Taipaleen. Kuka on Minna? T\u00e4ss\u00e4 lyhyt haastattelumme: Kuka olet ja mink\u00e4 alan ammattilainen olet?Koulutukseltani olen AMK kemian prosessi-insin\u00f6\u00f6ri. Ymp\u00e4rist\u00f6suojelutekniikka oli minulle t\u00e4rkein suuntautumisvaihtoehto, johon perehdyin koulussa. Ty\u00f6ni teen LVI-suunnittelijana. T\u00e4rkein arvonimeni on kuitenkin \u00e4iti. \u00c4idiksi minua kutsutaan kolme\u00e4\u00e4nisesti. Miten p\u00e4\u00e4dyit mukaan vihre\u00e4\u00e4n toimintaan ja milloin? Oletko pitk\u00e4\u00e4n [&hellip;]\" \/>\n<meta property=\"og:url\" content=\"https:\/\/vaasanvaalipiirinvihreat.fi\/index.php\/2022\/11\/02\/uusi-puheenjohtaja-keski-pohjanmaalla-minna-roukkio-taipale\/\" \/>\n<meta property=\"og:site_name\" content=\"vaasanvaalipiirinvihreat.fi\" \/>\n<meta property=\"article:publisher\" content=\"https:\/\/www.facebook.com\/VaasanVaalipiirinVihreat\" \/>\n<meta property=\"article:published_time\" content=\"2022-11-02T17:22:49+00:00\" \/>\n<meta property=\"article:modified_time\" content=\"2025-01-20T15:18:55+00:00\" \/>\n<meta property=\"og:image\" content=\"https:\/\/vaasanvaalipiirinvihreat.fi\/wp-content\/uploads\/2022\/04\/Nimeton-suunn.malli-3.png\" \/>\n\t<meta property=\"og:image:width\" content=\"1080\" \/>\n\t<meta property=\"og:image:height\" content=\"1080\" \/>\n\t<meta property=\"og:image:type\" content=\"image\/png\" \/>\n<meta name=\"author\" content=\"Yll\u00e4pit\u00e4j\u00e4\" \/>\n<meta name=\"twitter:card\" content=\"summary_large_image\" \/>\n<meta name=\"twitter:label1\" content=\"Kirjoittanut\" \/>\n\t<meta name=\"twitter:data1\" content=\"Yll\u00e4pit\u00e4j\u00e4\" \/>\n\t<meta name=\"twitter:label2\" content=\"Arvioitu lukuaika\" \/>\n\t<meta name=\"twitter:data2\" content=\"2 minuuttia\" \/>\n<script type=\"application\/ld+json\" class=\"yoast-schema-graph\">{\"@context\":\"https:\\\/\\\/schema.org\",\"@graph\":[{\"@type\":\"Article\",\"@id\":\"https:\\\/\\\/vaasanvaalipiirinvihreat.fi\\\/index.php\\\/2022\\\/11\\\/02\\\/uusi-puheenjohtaja-keski-pohjanmaalla-minna-roukkio-taipale\\\/#article\",\"isPartOf\":{\"@id\":\"https:\\\/\\\/vaasanvaalipiirinvihreat.fi\\\/index.php\\\/2022\\\/11\\\/02\\\/uusi-puheenjohtaja-keski-pohjanmaalla-minna-roukkio-taipale\\\/\"},\"author\":{\"name\":\"Yll\u00e4pit\u00e4j\u00e4\",\"@id\":\"https:\\\/\\\/vaasanvaalipiirinvihreat.fi\\\/#\\\/schema\\\/person\\\/d9205350c2a3b344c419b954e66c3daf\"},\"headline\":\"UUSI PUHEENJOHTAJA KESKI-POHJANMAALLA: MINNA ROUKKIO-TAIPALE\",\"datePublished\":\"2022-11-02T17:22:49+00:00\",\"dateModified\":\"2025-01-20T15:18:55+00:00\",\"mainEntityOfPage\":{\"@id\":\"https:\\\/\\\/vaasanvaalipiirinvihreat.fi\\\/index.php\\\/2022\\\/11\\\/02\\\/uusi-puheenjohtaja-keski-pohjanmaalla-minna-roukkio-taipale\\\/\"},\"wordCount\":310,\"publisher\":{\"@id\":\"https:\\\/\\\/vaasanvaalipiirinvihreat.fi\\\/#organization\"},\"image\":{\"@id\":\"https:\\\/\\\/vaasanvaalipiirinvihreat.fi\\\/index.php\\\/2022\\\/11\\\/02\\\/uusi-puheenjohtaja-keski-pohjanmaalla-minna-roukkio-taipale\\\/#primaryimage\"},\"thumbnailUrl\":\"https:\\\/\\\/vaasanvaalipiirinvihreat.fi\\\/wp-content\\\/uploads\\\/2022\\\/04\\\/Nimeton-suunn.malli-3.png\",\"articleSection\":[\"Tiedotteet\"],\"inLanguage\":\"fi\"},{\"@type\":\"WebPage\",\"@id\":\"https:\\\/\\\/vaasanvaalipiirinvihreat.fi\\\/index.php\\\/2022\\\/11\\\/02\\\/uusi-puheenjohtaja-keski-pohjanmaalla-minna-roukkio-taipale\\\/\",\"url\":\"https:\\\/\\\/vaasanvaalipiirinvihreat.fi\\\/index.php\\\/2022\\\/11\\\/02\\\/uusi-puheenjohtaja-keski-pohjanmaalla-minna-roukkio-taipale\\\/\",\"name\":\"UUSI PUHEENJOHTAJA KESKI-POHJANMAALLA: MINNA ROUKKIO-TAIPALE - vaasanvaalipiirinvihreat.fi\",\"isPartOf\":{\"@id\":\"https:\\\/\\\/vaasanvaalipiirinvihreat.fi\\\/#website\"},\"primaryImageOfPage\":{\"@id\":\"https:\\\/\\\/vaasanvaalipiirinvihreat.fi\\\/index.php\\\/2022\\\/11\\\/02\\\/uusi-puheenjohtaja-keski-pohjanmaalla-minna-roukkio-taipale\\\/#primaryimage\"},\"image\":{\"@id\":\"https:\\\/\\\/vaasanvaalipiirinvihreat.fi\\\/index.php\\\/2022\\\/11\\\/02\\\/uusi-puheenjohtaja-keski-pohjanmaalla-minna-roukkio-taipale\\\/#primaryimage\"},\"thumbnailUrl\":\"https:\\\/\\\/vaasanvaalipiirinvihreat.fi\\\/wp-content\\\/uploads\\\/2022\\\/04\\\/Nimeton-suunn.malli-3.png\",\"datePublished\":\"2022-11-02T17:22:49+00:00\",\"dateModified\":\"2025-01-20T15:18:55+00:00\",\"breadcrumb\":{\"@id\":\"https:\\\/\\\/vaasanvaalipiirinvihreat.fi\\\/index.php\\\/2022\\\/11\\\/02\\\/uusi-puheenjohtaja-keski-pohjanmaalla-minna-roukkio-taipale\\\/#breadcrumb\"},\"inLanguage\":\"fi\",\"potentialAction\":[{\"@type\":\"ReadAction\",\"target\":[\"https:\\\/\\\/vaasanvaalipiirinvihreat.fi\\\/index.php\\\/2022\\\/11\\\/02\\\/uusi-puheenjohtaja-keski-pohjanmaalla-minna-roukkio-taipale\\\/\"]}]},{\"@type\":\"ImageObject\",\"inLanguage\":\"fi\",\"@id\":\"https:\\\/\\\/vaasanvaalipiirinvihreat.fi\\\/index.php\\\/2022\\\/11\\\/02\\\/uusi-puheenjohtaja-keski-pohjanmaalla-minna-roukkio-taipale\\\/#primaryimage\",\"url\":\"https:\\\/\\\/vaasanvaalipiirinvihreat.fi\\\/wp-content\\\/uploads\\\/2022\\\/04\\\/Nimeton-suunn.malli-3.png\",\"contentUrl\":\"https:\\\/\\\/vaasanvaalipiirinvihreat.fi\\\/wp-content\\\/uploads\\\/2022\\\/04\\\/Nimeton-suunn.malli-3.png\",\"width\":1080,\"height\":1080},{\"@type\":\"BreadcrumbList\",\"@id\":\"https:\\\/\\\/vaasanvaalipiirinvihreat.fi\\\/index.php\\\/2022\\\/11\\\/02\\\/uusi-puheenjohtaja-keski-pohjanmaalla-minna-roukkio-taipale\\\/#breadcrumb\",\"itemListElement\":[{\"@type\":\"ListItem\",\"position\":1,\"name\":\"Etusivu\",\"item\":\"https:\\\/\\\/vaasanvaalipiirinvihreat.fi\\\/\"},{\"@type\":\"ListItem\",\"position\":2,\"name\":\"UUSI PUHEENJOHTAJA KESKI-POHJANMAALLA: MINNA ROUKKIO-TAIPALE\"}]},{\"@type\":\"WebSite\",\"@id\":\"https:\\\/\\\/vaasanvaalipiirinvihreat.fi\\\/#website\",\"url\":\"https:\\\/\\\/vaasanvaalipiirinvihreat.fi\\\/\",\"name\":\"vaasanvaalipiirinvihreat.fi\",\"description\":\"Vaasan vaalipiirin vihre\u00e4t - De Gr\u00f6na i Vasa valkrets\",\"publisher\":{\"@id\":\"https:\\\/\\\/vaasanvaalipiirinvihreat.fi\\\/#organization\"},\"potentialAction\":[{\"@type\":\"SearchAction\",\"target\":{\"@type\":\"EntryPoint\",\"urlTemplate\":\"https:\\\/\\\/vaasanvaalipiirinvihreat.fi\\\/?s={search_term_string}\"},\"query-input\":{\"@type\":\"PropertyValueSpecification\",\"valueRequired\":true,\"valueName\":\"search_term_string\"}}],\"inLanguage\":\"fi\"},{\"@type\":\"Organization\",\"@id\":\"https:\\\/\\\/vaasanvaalipiirinvihreat.fi\\\/#organization\",\"name\":\"vaasanvaalipiirinvihreat.fi\",\"alternateName\":\"Vaasan vaalipiirin vihre\u00e4t - De Gr\u00f6na i Vasa valkrets\",\"url\":\"https:\\\/\\\/vaasanvaalipiirinvihreat.fi\\\/\",\"logo\":{\"@type\":\"ImageObject\",\"inLanguage\":\"fi\",\"@id\":\"https:\\\/\\\/vaasanvaalipiirinvihreat.fi\\\/#\\\/schema\\\/logo\\\/image\\\/\",\"url\":\"https:\\\/\\\/vaasanvaalipiirinvihreat.fi\\\/wp-content\\\/uploads\\\/2025\\\/01\\\/Vihreat_Logo_HOR_RGB_FIN_SWE.png\",\"contentUrl\":\"https:\\\/\\\/vaasanvaalipiirinvihreat.fi\\\/wp-content\\\/uploads\\\/2025\\\/01\\\/Vihreat_Logo_HOR_RGB_FIN_SWE.png\",\"width\":1162,\"height\":409,\"caption\":\"vaasanvaalipiirinvihreat.fi\"},\"image\":{\"@id\":\"https:\\\/\\\/vaasanvaalipiirinvihreat.fi\\\/#\\\/schema\\\/logo\\\/image\\\/\"},\"sameAs\":[\"https:\\\/\\\/www.facebook.com\\\/VaasanVaalipiirinVihreat\"]},{\"@type\":\"Person\",\"@id\":\"https:\\\/\\\/vaasanvaalipiirinvihreat.fi\\\/#\\\/schema\\\/person\\\/d9205350c2a3b344c419b954e66c3daf\",\"name\":\"Yll\u00e4pit\u00e4j\u00e4\",\"url\":\"https:\\\/\\\/vaasanvaalipiirinvihreat.fi\\\/index.php\\\/author\\\/sivustomestari\\\/\"}]}<\/script>\n<!-- \/ Yoast SEO plugin. -->","yoast_head_json":{"title":"UUSI PUHEENJOHTAJA KESKI-POHJANMAALLA: MINNA ROUKKIO-TAIPALE - vaasanvaalipiirinvihreat.fi","robots":{"index":"index","follow":"follow","max-snippet":"max-snippet:-1","max-image-preview":"max-image-preview:large","max-video-preview":"max-video-preview:-1"},"canonical":"https:\/\/vaasanvaalipiirinvihreat.fi\/index.php\/2022\/11\/02\/uusi-puheenjohtaja-keski-pohjanmaalla-minna-roukkio-taipale\/","og_locale":"fi_FI","og_type":"article","og_title":"UUSI PUHEENJOHTAJA KESKI-POHJANMAALLA: MINNA ROUKKIO-TAIPALE - vaasanvaalipiirinvihreat.fi","og_description":"Keski-Pohjanmaan vihre\u00e4t valitsivat viime viikolla uudeksi puheenjohtajakseen Minna Roukkio-Taipaleen. Kuka on Minna? T\u00e4ss\u00e4 lyhyt haastattelumme: Kuka olet ja mink\u00e4 alan ammattilainen olet?Koulutukseltani olen AMK kemian prosessi-insin\u00f6\u00f6ri. Ymp\u00e4rist\u00f6suojelutekniikka oli minulle t\u00e4rkein suuntautumisvaihtoehto, johon perehdyin koulussa. Ty\u00f6ni teen LVI-suunnittelijana. T\u00e4rkein arvonimeni on kuitenkin \u00e4iti. \u00c4idiksi minua kutsutaan kolme\u00e4\u00e4nisesti. Miten p\u00e4\u00e4dyit mukaan vihre\u00e4\u00e4n toimintaan ja milloin? Oletko pitk\u00e4\u00e4n [&hellip;]","og_url":"https:\/\/vaasanvaalipiirinvihreat.fi\/index.php\/2022\/11\/02\/uusi-puheenjohtaja-keski-pohjanmaalla-minna-roukkio-taipale\/","og_site_name":"vaasanvaalipiirinvihreat.fi","article_publisher":"https:\/\/www.facebook.com\/VaasanVaalipiirinVihreat","article_published_time":"2022-11-02T17:22:49+00:00","article_modified_time":"2025-01-20T15:18:55+00:00","og_image":[{"width":1080,"height":1080,"url":"https:\/\/vaasanvaalipiirinvihreat.fi\/wp-content\/uploads\/2022\/04\/Nimeton-suunn.malli-3.png","type":"image\/png"}],"author":"Yll\u00e4pit\u00e4j\u00e4","twitter_card":"summary_large_image","twitter_misc":{"Kirjoittanut":"Yll\u00e4pit\u00e4j\u00e4","Arvioitu lukuaika":"2 minuuttia"},"schema":{"@context":"https:\/\/schema.org","@graph":[{"@type":"Article","@id":"https:\/\/vaasanvaalipiirinvihreat.fi\/index.php\/2022\/11\/02\/uusi-puheenjohtaja-keski-pohjanmaalla-minna-roukkio-taipale\/#article","isPartOf":{"@id":"https:\/\/vaasanvaalipiirinvihreat.fi\/index.php\/2022\/11\/02\/uusi-puheenjohtaja-keski-pohjanmaalla-minna-roukkio-taipale\/"},"author":{"name":"Yll\u00e4pit\u00e4j\u00e4","@id":"https:\/\/vaasanvaalipiirinvihreat.fi\/#\/schema\/person\/d9205350c2a3b344c419b954e66c3daf"},"headline":"UUSI PUHEENJOHTAJA KESKI-POHJANMAALLA: MINNA ROUKKIO-TAIPALE","datePublished":"2022-11-02T17:22:49+00:00","dateModified":"2025-01-20T15:18:55+00:00","mainEntityOfPage":{"@id":"https:\/\/vaasanvaalipiirinvihreat.fi\/index.php\/2022\/11\/02\/uusi-puheenjohtaja-keski-pohjanmaalla-minna-roukkio-taipale\/"},"wordCount":310,"publisher":{"@id":"https:\/\/vaasanvaalipiirinvihreat.fi\/#organization"},"image":{"@id":"https:\/\/vaasanvaalipiirinvihreat.fi\/index.php\/2022\/11\/02\/uusi-puheenjohtaja-keski-pohjanmaalla-minna-roukkio-taipale\/#primaryimage"},"thumbnailUrl":"https:\/\/vaasanvaalipiirinvihreat.fi\/wp-content\/uploads\/2022\/04\/Nimeton-suunn.malli-3.png","articleSection":["Tiedotteet"],"inLanguage":"fi"},{"@type":"WebPage","@id":"https:\/\/vaasanvaalipiirinvihreat.fi\/index.php\/2022\/11\/02\/uusi-puheenjohtaja-keski-pohjanmaalla-minna-roukkio-taipale\/","url":"https:\/\/vaasanvaalipiirinvihreat.fi\/index.php\/2022\/11\/02\/uusi-puheenjohtaja-keski-pohjanmaalla-minna-roukkio-taipale\/","name":"UUSI PUHEENJOHTAJA KESKI-POHJANMAALLA: MINNA ROUKKIO-TAIPALE - vaasanvaalipiirinvihreat.fi","isPartOf":{"@id":"https:\/\/vaasanvaalipiirinvihreat.fi\/#website"},"primaryImageOfPage":{"@id":"https:\/\/vaasanvaalipiirinvihreat.fi\/index.php\/2022\/11\/02\/uusi-puheenjohtaja-keski-pohjanmaalla-minna-roukkio-taipale\/#primaryimage"},"image":{"@id":"https:\/\/vaasanvaalipiirinvihreat.fi\/index.php\/2022\/11\/02\/uusi-puheenjohtaja-keski-pohjanmaalla-minna-roukkio-taipale\/#primaryimage"},"thumbnailUrl":"https:\/\/vaasanvaalipiirinvihreat.fi\/wp-content\/uploads\/2022\/04\/Nimeton-suunn.malli-3.png","datePublished":"2022-11-02T17:22:49+00:00","dateModified":"2025-01-20T15:18:55+00:00","breadcrumb":{"@id":"https:\/\/vaasanvaalipiirinvihreat.fi\/index.php\/2022\/11\/02\/uusi-puheenjohtaja-keski-pohjanmaalla-minna-roukkio-taipale\/#breadcrumb"},"inLanguage":"fi","potentialAction":[{"@type":"ReadAction","target":["https:\/\/vaasanvaalipiirinvihreat.fi\/index.php\/2022\/11\/02\/uusi-puheenjohtaja-keski-pohjanmaalla-minna-roukkio-taipale\/"]}]},{"@type":"ImageObject","inLanguage":"fi","@id":"https:\/\/vaasanvaalipiirinvihreat.fi\/index.php\/2022\/11\/02\/uusi-puheenjohtaja-keski-pohjanmaalla-minna-roukkio-taipale\/#primaryimage","url":"https:\/\/vaasanvaalipiirinvihreat.fi\/wp-content\/uploads\/2022\/04\/Nimeton-suunn.malli-3.png","contentUrl":"https:\/\/vaasanvaalipiirinvihreat.fi\/wp-content\/uploads\/2022\/04\/Nimeton-suunn.malli-3.png","width":1080,"height":1080},{"@type":"BreadcrumbList","@id":"https:\/\/vaasanvaalipiirinvihreat.fi\/index.php\/2022\/11\/02\/uusi-puheenjohtaja-keski-pohjanmaalla-minna-roukkio-taipale\/#breadcrumb","itemListElement":[{"@type":"ListItem","position":1,"name":"Etusivu","item":"https:\/\/vaasanvaalipiirinvihreat.fi\/"},{"@type":"ListItem","position":2,"name":"UUSI PUHEENJOHTAJA KESKI-POHJANMAALLA: MINNA ROUKKIO-TAIPALE"}]},{"@type":"WebSite","@id":"https:\/\/vaasanvaalipiirinvihreat.fi\/#website","url":"https:\/\/vaasanvaalipiirinvihreat.fi\/","name":"vaasanvaalipiirinvihreat.fi","description":"Vaasan vaalipiirin vihre\u00e4t - De Gr\u00f6na i Vasa valkrets","publisher":{"@id":"https:\/\/vaasanvaalipiirinvihreat.fi\/#organization"},"potentialAction":[{"@type":"SearchAction","target":{"@type":"EntryPoint","urlTemplate":"https:\/\/vaasanvaalipiirinvihreat.fi\/?s={search_term_string}"},"query-input":{"@type":"PropertyValueSpecification","valueRequired":true,"valueName":"search_term_string"}}],"inLanguage":"fi"},{"@type":"Organization","@id":"https:\/\/vaasanvaalipiirinvihreat.fi\/#organization","name":"vaasanvaalipiirinvihreat.fi","alternateName":"Vaasan vaalipiirin vihre\u00e4t - De Gr\u00f6na i Vasa valkrets","url":"https:\/\/vaasanvaalipiirinvihreat.fi\/","logo":{"@type":"ImageObject","inLanguage":"fi","@id":"https:\/\/vaasanvaalipiirinvihreat.fi\/#\/schema\/logo\/image\/","url":"https:\/\/vaasanvaalipiirinvihreat.fi\/wp-content\/uploads\/2025\/01\/Vihreat_Logo_HOR_RGB_FIN_SWE.png","contentUrl":"https:\/\/vaasanvaalipiirinvihreat.fi\/wp-content\/uploads\/2025\/01\/Vihreat_Logo_HOR_RGB_FIN_SWE.png","width":1162,"height":409,"caption":"vaasanvaalipiirinvihreat.fi"},"image":{"@id":"https:\/\/vaasanvaalipiirinvihreat.fi\/#\/schema\/logo\/image\/"},"sameAs":["https:\/\/www.facebook.com\/VaasanVaalipiirinVihreat"]},{"@type":"Person","@id":"https:\/\/vaasanvaalipiirinvihreat.fi\/#\/schema\/person\/d9205350c2a3b344c419b954e66c3daf","name":"Yll\u00e4pit\u00e4j\u00e4","url":"https:\/\/vaasanvaalipiirinvihreat.fi\/index.php\/author\/sivustomestari\/"}]}},"_links":{"self":[{"href":"https:\/\/vaasanvaalipiirinvihreat.fi\/index.php\/wp-json\/wp\/v2\/posts\/1675","targetHints":{"allow":["GET"]}}],"collection":[{"href":"https:\/\/vaasanvaalipiirinvihreat.fi\/index.php\/wp-json\/wp\/v2\/posts"}],"about":[{"href":"https:\/\/vaasanvaalipiirinvihreat.fi\/index.php\/wp-json\/wp\/v2\/types\/post"}],"author":[{"embeddable":true,"href":"https:\/\/vaasanvaalipiirinvihreat.fi\/index.php\/wp-json\/wp\/v2\/users\/2"}],"replies":[{"embeddable":true,"href":"https:\/\/vaasanvaalipiirinvihreat.fi\/index.php\/wp-json\/wp\/v2\/comments?post=1675"}],"version-history":[{"count":1,"href":"https:\/\/vaasanvaalipiirinvihreat.fi\/index.php\/wp-json\/wp\/v2\/posts\/1675\/revisions"}],"predecessor-version":[{"id":2155,"href":"https:\/\/vaasanvaalipiirinvihreat.fi\/index.php\/wp-json\/wp\/v2\/posts\/1675\/revisions\/2155"}],"wp:featuredmedia":[{"embeddable":true,"href":"https:\/\/vaasanvaalipiirinvihreat.fi\/index.php\/wp-json\/wp\/v2\/media\/1544"}],"wp:attachment":[{"href":"https:\/\/vaasanvaalipiirinvihreat.fi\/index.php\/wp-json\/wp\/v2\/media?parent=1675"}],"wp:term":[{"taxonomy":"category","embeddable":true,"href":"https:\/\/vaasanvaalipiirinvihreat.fi\/index.php\/wp-json\/wp\/v2\/categories?post=1675"},{"taxonomy":"post_tag","embeddable":true,"href":"https:\/\/vaasanvaalipiirinvihreat.fi\/index.php\/wp-json\/wp\/v2\/tags?post=1675"}],"curies":[{"name":"wp","href":"https:\/\/api.w.org\/{rel}","templated":true}]}}