{"id":1752,"date":"2023-01-30T17:56:52","date_gmt":"2023-01-30T15:56:52","guid":{"rendered":"http:\/\/www.vavavi.fi\/?p=1752"},"modified":"2025-01-20T17:19:08","modified_gmt":"2025-01-20T15:19:08","slug":"aika-lopettaa-turkistarhaus","status":"publish","type":"post","link":"https:\/\/vaasanvaalipiirinvihreat.fi\/index.php\/2023\/01\/30\/aika-lopettaa-turkistarhaus\/","title":{"rendered":"Turkisten aika on ohi"},"content":{"rendered":"\n<p class=\"has-medium-font-size\"><strong>Kuinka pitk\u00e4\u00e4n olemme valmiita oikeuttamaan turhaa k\u00e4rsimyst\u00e4 el\u00e4imille aiheuttavan ja ihmisten tarpeisiin n\u00e4hden t\u00e4ysin toissijaisen toiminnan?<\/strong><\/p>\n\n\n\n<p class=\"has-medium-font-size\">Jos nykyisilt\u00e4 pohjalaiskansanedustajilta kysyt\u00e4\u00e4n, ovat he yksimielisesti turkistarhauksen kannalla, kertoo <a href=\"https:\/\/yle.fi\/a\/74-20014666\" target=\"_blank\" rel=\"noreferrer noopener\" title=\"Yle:n kysely\">Yle:n kysely<\/a>. Perusteluna on talous, vaikka turkistarhaus painii jatkuvien kannattamattomuusongelmien kanssa. Tarkemmin katsoen selvi\u00e4\u00e4, ett\u00e4 kyselyyn on vastannut alueen 16 kansanedustajasta 11 ja muut ovat p\u00e4\u00e4tt\u00e4neet olla hiljaa.<\/p>\n\n\n\n<p class=\"has-medium-font-size\">Minusta on reilua ja alan toimijoiden itsens\u00e4 etu, ett\u00e4 turkistarhauksen tulevaisuuskuva perustuu realismiin. Turkisten aika on ohi. On oikein sanoa t\u00e4m\u00e4 my\u00f6s \u00e4\u00e4neen. Yht\u00e4 lailla t\u00e4rke\u00e4\u00e4 on tukea ja kouluttaa turkisalan yritt\u00e4ji\u00e4 siirtym\u00e4\u00e4n uusiin ammatteihin.<\/p>\n\n\n\n<p class=\"has-medium-font-size\">Turkistarhojen m\u00e4\u00e4r\u00e4 on laskenut Suomessa reippaasti. Kun viel\u00e4 1980-luvulla tarhoja oli Suomessa l\u00e4hemm\u00e4s 6000, nyt niit\u00e4 on en\u00e4\u00e4 noin 900.<\/p>\n\n\n\n<p class=\"has-medium-font-size\">Samalla ty\u00f6llist\u00e4v\u00e4 vaikutus on laskenut merkitt\u00e4v\u00e4sti. Vuonna 2008 alan arvioitiin ty\u00f6llist\u00e4v\u00e4n suoraan keskim\u00e4\u00e4rin 0,7 henkil\u00f6\u00e4 tarhaa kohden, mik\u00e4 tarkoittaisi t\u00e4m\u00e4n p\u00e4iv\u00e4n tarham\u00e4\u00e4r\u00e4ll\u00e4 noin 700:aa ty\u00f6vuotta. Alan itsens\u00e4 teett\u00e4m\u00e4n laskelman mukaan ala ty\u00f6llist\u00e4\u00e4 noin 5 000 henkil\u00f6ty\u00f6vuotta, kun huomioidaan tarhojen ty\u00f6ntekij\u00f6iden lis\u00e4ksi markkinointi- ja huutokauppayhti\u00f6 Saga Fursin ty\u00f6ntekij\u00e4t sek\u00e4 rehuntuotanto ja kuljetukset.<\/p>\n\n\n\n<p class=\"has-medium-font-size\">Koronapandemia ja Ukrainan sota ovat ajaneet alaa entist\u00e4 enemm\u00e4n kriisiin. Myynti Ven\u00e4j\u00e4lle ja Kiinaan on pys\u00e4htynyt. Turkisala sai pandemian aikaan tukia 33 miljoonaa euroa ja tukia ollaan my\u00f6nt\u00e4m\u00e4ss\u00e4 taas lis\u00e4\u00e4.<\/p>\n\n\n\n<p class=\"has-medium-font-size\">Ylen haastattelemista kansanedustajista kukaan ei kyseenalaista tarhattujen el\u00e4inten oloja. Kuluttajien mielipide on kuitenkin selv\u00e4: 80 prosenttia suomalaisista ei hyv\u00e4ksy nykyisen kaltaista turkistarhausta. Tarhaus on my\u00f6s ymp\u00e4rist\u00f6n kannalta ongelmallista. Turkisel\u00e4inten h\u00e4kkien alle kertyv\u00e4 lanta ja virtsa rehev\u00f6itt\u00e4v\u00e4t vesist\u00f6j\u00e4 ja aiheuttavat puustovaurioita.<\/p>\n\n\n\n<p class=\"has-medium-font-size\">Yh\u00e4 useampi EU-maa on kielt\u00e4nyt turkistarhauksen, viimeisimpin\u00e4 Latvia. Eurooppalainen kansalaisaloite Fur Free Europe pyrkii kielt\u00e4m\u00e4\u00e4n turkistarhauksen ja turkisten tuonnin ja myynnin EU:n alueella. Muutos on varmasti tulossa: my\u00f6s 12 EU:n j\u00e4senmaata on kehottanut Euroopan komissiota selvitt\u00e4m\u00e4\u00e4n vaihtoehtoja turkistarhauksen kielt\u00e4miseksi EU:ssa.<\/p>\n\n\n\n<p class=\"has-medium-font-size\">Toimintaymp\u00e4rist\u00f6 on muuttunut. Ep\u00e4eettisyyden lis\u00e4ksi taloudelliset realiteetit on hyv\u00e4ksytt\u00e4v\u00e4. Se ei kuitenkaan suinkaan tarkoita, ett\u00e4 turkistarhaajat j\u00e4tett\u00e4isiin omilleen. P\u00e4invastoin! Eduskunnan tulee p\u00e4\u00e4tt\u00e4\u00e4 erilaisista tukitoimista, joilla yritt\u00e4ji\u00e4 ja alalta elantonsa saavia tuetaan siirtym\u00e4\u00e4n esimerkiksi kasvihuoneviljelyyn tai mukaan alueen tuulivoima- sek\u00e4 bio- ja kiertotaloushankkeisiin. T\u00e4llaisia toimia tulee tehd\u00e4 jo nyt, sill\u00e4 mit\u00e4 aiemmin ja pidemm\u00e4ll\u00e4 siirtym\u00e4ajalla p\u00e4\u00e4t\u00f6ksi\u00e4 tehd\u00e4\u00e4n, sit\u00e4 joustavampi ja reilumpi muutos on yritt\u00e4jille.<\/p>\n\n\n\n<p class=\"has-medium-font-size\">Usein v\u00e4itet\u00e4\u00e4n, ett\u00e4 jos turkistarhaus Suomessa kiellett\u00e4isiin, tuotanto siirtyisi muihin maihin, joissa el\u00e4inten olosuhteet ovat viel\u00e4 huonommat. Koskaan ei voi perustella eettisten periaatteiden sivuuttamista sill\u00e4, ett\u00e4 joku muu tekisi viel\u00e4 huonommin. Sill\u00e4 silloin mik\u00e4\u00e4n hyv\u00e4 ei etenisi.<\/p>\n\n\n\n<p class=\"has-medium-font-size\">EU:n turkiskieltoa koskeva aloite: www.furfreeeurope.fi<\/p>\n\n\n\n<p class=\"has-medium-font-size\"><em>Lotta Alhonnoro<br>Puheenjohtaja, Vaasan vaalipiirin vihre\u00e4t<br>Eduskuntavaaliehdokas<\/em><\/p>\n","protected":false},"excerpt":{"rendered":"<p>Kuinka pitk\u00e4\u00e4n olemme valmiita oikeuttamaan turhaa k\u00e4rsimyst\u00e4 el\u00e4imille aiheuttavan ja ihmisten tarpeisiin n\u00e4hden t\u00e4ysin toissijaisen toiminnan? Jos nykyisilt\u00e4 pohjalaiskansanedustajilta kysyt\u00e4\u00e4n, ovat he yksimielisesti turkistarhauksen kannalla, kertoo Yle:n kysely. Perusteluna on talous, vaikka turkistarhaus painii jatkuvien kannattamattomuusongelmien kanssa. Tarkemmin katsoen selvi\u00e4\u00e4, ett\u00e4 kyselyyn on vastannut alueen 16 kansanedustajasta 11 ja muut ovat p\u00e4\u00e4tt\u00e4neet olla hiljaa. Minusta [&hellip;]<\/p>\n","protected":false},"author":2,"featured_media":1285,"comment_status":"closed","ping_status":"closed","sticky":false,"template":"","format":"standard","meta":{"footnotes":""},"categories":[2],"tags":[],"class_list":["post-1752","post","type-post","status-publish","format-standard","has-post-thumbnail","hentry","category-tiedotteet"],"yoast_head":"<!-- This site is optimized with the Yoast SEO plugin v27.5 - https:\/\/yoast.com\/product\/yoast-seo-wordpress\/ -->\n<title>Turkisten aika on ohi - vaasanvaalipiirinvihreat.fi<\/title>\n<meta name=\"robots\" content=\"index, follow, max-snippet:-1, max-image-preview:large, max-video-preview:-1\" \/>\n<link rel=\"canonical\" href=\"https:\/\/vaasanvaalipiirinvihreat.fi\/index.php\/2023\/01\/30\/aika-lopettaa-turkistarhaus\/\" \/>\n<meta property=\"og:locale\" content=\"fi_FI\" \/>\n<meta property=\"og:type\" content=\"article\" \/>\n<meta property=\"og:title\" content=\"Turkisten aika on ohi - vaasanvaalipiirinvihreat.fi\" \/>\n<meta property=\"og:description\" content=\"Kuinka pitk\u00e4\u00e4n olemme valmiita oikeuttamaan turhaa k\u00e4rsimyst\u00e4 el\u00e4imille aiheuttavan ja ihmisten tarpeisiin n\u00e4hden t\u00e4ysin toissijaisen toiminnan? Jos nykyisilt\u00e4 pohjalaiskansanedustajilta kysyt\u00e4\u00e4n, ovat he yksimielisesti turkistarhauksen kannalla, kertoo Yle:n kysely. Perusteluna on talous, vaikka turkistarhaus painii jatkuvien kannattamattomuusongelmien kanssa. Tarkemmin katsoen selvi\u00e4\u00e4, ett\u00e4 kyselyyn on vastannut alueen 16 kansanedustajasta 11 ja muut ovat p\u00e4\u00e4tt\u00e4neet olla hiljaa. Minusta [&hellip;]\" \/>\n<meta property=\"og:url\" content=\"https:\/\/vaasanvaalipiirinvihreat.fi\/index.php\/2023\/01\/30\/aika-lopettaa-turkistarhaus\/\" \/>\n<meta property=\"og:site_name\" content=\"vaasanvaalipiirinvihreat.fi\" \/>\n<meta property=\"article:publisher\" content=\"https:\/\/www.facebook.com\/VaasanVaalipiirinVihreat\" \/>\n<meta property=\"article:published_time\" content=\"2023-01-30T15:56:52+00:00\" \/>\n<meta property=\"article:modified_time\" content=\"2025-01-20T15:19:08+00:00\" \/>\n<meta property=\"og:image\" content=\"https:\/\/vaasanvaalipiirinvihreat.fi\/wp-content\/uploads\/2021\/02\/lotta.jpg\" \/>\n\t<meta property=\"og:image:width\" content=\"397\" \/>\n\t<meta property=\"og:image:height\" content=\"360\" \/>\n\t<meta property=\"og:image:type\" content=\"image\/jpeg\" \/>\n<meta name=\"author\" content=\"Yll\u00e4pit\u00e4j\u00e4\" \/>\n<meta name=\"twitter:card\" content=\"summary_large_image\" \/>\n<meta name=\"twitter:label1\" content=\"Kirjoittanut\" \/>\n\t<meta name=\"twitter:data1\" content=\"Yll\u00e4pit\u00e4j\u00e4\" \/>\n\t<meta name=\"twitter:label2\" content=\"Arvioitu lukuaika\" \/>\n\t<meta name=\"twitter:data2\" content=\"2 minuuttia\" \/>\n<script type=\"application\/ld+json\" class=\"yoast-schema-graph\">{\"@context\":\"https:\\\/\\\/schema.org\",\"@graph\":[{\"@type\":\"Article\",\"@id\":\"https:\\\/\\\/vaasanvaalipiirinvihreat.fi\\\/index.php\\\/2023\\\/01\\\/30\\\/aika-lopettaa-turkistarhaus\\\/#article\",\"isPartOf\":{\"@id\":\"https:\\\/\\\/vaasanvaalipiirinvihreat.fi\\\/index.php\\\/2023\\\/01\\\/30\\\/aika-lopettaa-turkistarhaus\\\/\"},\"author\":{\"name\":\"Yll\u00e4pit\u00e4j\u00e4\",\"@id\":\"https:\\\/\\\/vaasanvaalipiirinvihreat.fi\\\/#\\\/schema\\\/person\\\/d9205350c2a3b344c419b954e66c3daf\"},\"headline\":\"Turkisten aika on ohi\",\"datePublished\":\"2023-01-30T15:56:52+00:00\",\"dateModified\":\"2025-01-20T15:19:08+00:00\",\"mainEntityOfPage\":{\"@id\":\"https:\\\/\\\/vaasanvaalipiirinvihreat.fi\\\/index.php\\\/2023\\\/01\\\/30\\\/aika-lopettaa-turkistarhaus\\\/\"},\"wordCount\":471,\"publisher\":{\"@id\":\"https:\\\/\\\/vaasanvaalipiirinvihreat.fi\\\/#organization\"},\"image\":{\"@id\":\"https:\\\/\\\/vaasanvaalipiirinvihreat.fi\\\/index.php\\\/2023\\\/01\\\/30\\\/aika-lopettaa-turkistarhaus\\\/#primaryimage\"},\"thumbnailUrl\":\"https:\\\/\\\/vaasanvaalipiirinvihreat.fi\\\/wp-content\\\/uploads\\\/2021\\\/02\\\/lotta.jpg\",\"articleSection\":[\"Tiedotteet\"],\"inLanguage\":\"fi\"},{\"@type\":\"WebPage\",\"@id\":\"https:\\\/\\\/vaasanvaalipiirinvihreat.fi\\\/index.php\\\/2023\\\/01\\\/30\\\/aika-lopettaa-turkistarhaus\\\/\",\"url\":\"https:\\\/\\\/vaasanvaalipiirinvihreat.fi\\\/index.php\\\/2023\\\/01\\\/30\\\/aika-lopettaa-turkistarhaus\\\/\",\"name\":\"Turkisten aika on ohi - vaasanvaalipiirinvihreat.fi\",\"isPartOf\":{\"@id\":\"https:\\\/\\\/vaasanvaalipiirinvihreat.fi\\\/#website\"},\"primaryImageOfPage\":{\"@id\":\"https:\\\/\\\/vaasanvaalipiirinvihreat.fi\\\/index.php\\\/2023\\\/01\\\/30\\\/aika-lopettaa-turkistarhaus\\\/#primaryimage\"},\"image\":{\"@id\":\"https:\\\/\\\/vaasanvaalipiirinvihreat.fi\\\/index.php\\\/2023\\\/01\\\/30\\\/aika-lopettaa-turkistarhaus\\\/#primaryimage\"},\"thumbnailUrl\":\"https:\\\/\\\/vaasanvaalipiirinvihreat.fi\\\/wp-content\\\/uploads\\\/2021\\\/02\\\/lotta.jpg\",\"datePublished\":\"2023-01-30T15:56:52+00:00\",\"dateModified\":\"2025-01-20T15:19:08+00:00\",\"breadcrumb\":{\"@id\":\"https:\\\/\\\/vaasanvaalipiirinvihreat.fi\\\/index.php\\\/2023\\\/01\\\/30\\\/aika-lopettaa-turkistarhaus\\\/#breadcrumb\"},\"inLanguage\":\"fi\",\"potentialAction\":[{\"@type\":\"ReadAction\",\"target\":[\"https:\\\/\\\/vaasanvaalipiirinvihreat.fi\\\/index.php\\\/2023\\\/01\\\/30\\\/aika-lopettaa-turkistarhaus\\\/\"]}]},{\"@type\":\"ImageObject\",\"inLanguage\":\"fi\",\"@id\":\"https:\\\/\\\/vaasanvaalipiirinvihreat.fi\\\/index.php\\\/2023\\\/01\\\/30\\\/aika-lopettaa-turkistarhaus\\\/#primaryimage\",\"url\":\"https:\\\/\\\/vaasanvaalipiirinvihreat.fi\\\/wp-content\\\/uploads\\\/2021\\\/02\\\/lotta.jpg\",\"contentUrl\":\"https:\\\/\\\/vaasanvaalipiirinvihreat.fi\\\/wp-content\\\/uploads\\\/2021\\\/02\\\/lotta.jpg\",\"width\":397,\"height\":360},{\"@type\":\"BreadcrumbList\",\"@id\":\"https:\\\/\\\/vaasanvaalipiirinvihreat.fi\\\/index.php\\\/2023\\\/01\\\/30\\\/aika-lopettaa-turkistarhaus\\\/#breadcrumb\",\"itemListElement\":[{\"@type\":\"ListItem\",\"position\":1,\"name\":\"Etusivu\",\"item\":\"https:\\\/\\\/vaasanvaalipiirinvihreat.fi\\\/\"},{\"@type\":\"ListItem\",\"position\":2,\"name\":\"Turkisten aika on ohi\"}]},{\"@type\":\"WebSite\",\"@id\":\"https:\\\/\\\/vaasanvaalipiirinvihreat.fi\\\/#website\",\"url\":\"https:\\\/\\\/vaasanvaalipiirinvihreat.fi\\\/\",\"name\":\"vaasanvaalipiirinvihreat.fi\",\"description\":\"Vaasan vaalipiirin vihre\u00e4t - De Gr\u00f6na i Vasa valkrets\",\"publisher\":{\"@id\":\"https:\\\/\\\/vaasanvaalipiirinvihreat.fi\\\/#organization\"},\"potentialAction\":[{\"@type\":\"SearchAction\",\"target\":{\"@type\":\"EntryPoint\",\"urlTemplate\":\"https:\\\/\\\/vaasanvaalipiirinvihreat.fi\\\/?s={search_term_string}\"},\"query-input\":{\"@type\":\"PropertyValueSpecification\",\"valueRequired\":true,\"valueName\":\"search_term_string\"}}],\"inLanguage\":\"fi\"},{\"@type\":\"Organization\",\"@id\":\"https:\\\/\\\/vaasanvaalipiirinvihreat.fi\\\/#organization\",\"name\":\"vaasanvaalipiirinvihreat.fi\",\"alternateName\":\"Vaasan vaalipiirin vihre\u00e4t - De Gr\u00f6na i Vasa valkrets\",\"url\":\"https:\\\/\\\/vaasanvaalipiirinvihreat.fi\\\/\",\"logo\":{\"@type\":\"ImageObject\",\"inLanguage\":\"fi\",\"@id\":\"https:\\\/\\\/vaasanvaalipiirinvihreat.fi\\\/#\\\/schema\\\/logo\\\/image\\\/\",\"url\":\"https:\\\/\\\/vaasanvaalipiirinvihreat.fi\\\/wp-content\\\/uploads\\\/2025\\\/01\\\/Vihreat_Logo_HOR_RGB_FIN_SWE.png\",\"contentUrl\":\"https:\\\/\\\/vaasanvaalipiirinvihreat.fi\\\/wp-content\\\/uploads\\\/2025\\\/01\\\/Vihreat_Logo_HOR_RGB_FIN_SWE.png\",\"width\":1162,\"height\":409,\"caption\":\"vaasanvaalipiirinvihreat.fi\"},\"image\":{\"@id\":\"https:\\\/\\\/vaasanvaalipiirinvihreat.fi\\\/#\\\/schema\\\/logo\\\/image\\\/\"},\"sameAs\":[\"https:\\\/\\\/www.facebook.com\\\/VaasanVaalipiirinVihreat\"]},{\"@type\":\"Person\",\"@id\":\"https:\\\/\\\/vaasanvaalipiirinvihreat.fi\\\/#\\\/schema\\\/person\\\/d9205350c2a3b344c419b954e66c3daf\",\"name\":\"Yll\u00e4pit\u00e4j\u00e4\",\"url\":\"https:\\\/\\\/vaasanvaalipiirinvihreat.fi\\\/index.php\\\/author\\\/sivustomestari\\\/\"}]}<\/script>\n<!-- \/ Yoast SEO plugin. -->","yoast_head_json":{"title":"Turkisten aika on ohi - vaasanvaalipiirinvihreat.fi","robots":{"index":"index","follow":"follow","max-snippet":"max-snippet:-1","max-image-preview":"max-image-preview:large","max-video-preview":"max-video-preview:-1"},"canonical":"https:\/\/vaasanvaalipiirinvihreat.fi\/index.php\/2023\/01\/30\/aika-lopettaa-turkistarhaus\/","og_locale":"fi_FI","og_type":"article","og_title":"Turkisten aika on ohi - vaasanvaalipiirinvihreat.fi","og_description":"Kuinka pitk\u00e4\u00e4n olemme valmiita oikeuttamaan turhaa k\u00e4rsimyst\u00e4 el\u00e4imille aiheuttavan ja ihmisten tarpeisiin n\u00e4hden t\u00e4ysin toissijaisen toiminnan? Jos nykyisilt\u00e4 pohjalaiskansanedustajilta kysyt\u00e4\u00e4n, ovat he yksimielisesti turkistarhauksen kannalla, kertoo Yle:n kysely. Perusteluna on talous, vaikka turkistarhaus painii jatkuvien kannattamattomuusongelmien kanssa. Tarkemmin katsoen selvi\u00e4\u00e4, ett\u00e4 kyselyyn on vastannut alueen 16 kansanedustajasta 11 ja muut ovat p\u00e4\u00e4tt\u00e4neet olla hiljaa. Minusta [&hellip;]","og_url":"https:\/\/vaasanvaalipiirinvihreat.fi\/index.php\/2023\/01\/30\/aika-lopettaa-turkistarhaus\/","og_site_name":"vaasanvaalipiirinvihreat.fi","article_publisher":"https:\/\/www.facebook.com\/VaasanVaalipiirinVihreat","article_published_time":"2023-01-30T15:56:52+00:00","article_modified_time":"2025-01-20T15:19:08+00:00","og_image":[{"width":397,"height":360,"url":"https:\/\/vaasanvaalipiirinvihreat.fi\/wp-content\/uploads\/2021\/02\/lotta.jpg","type":"image\/jpeg"}],"author":"Yll\u00e4pit\u00e4j\u00e4","twitter_card":"summary_large_image","twitter_misc":{"Kirjoittanut":"Yll\u00e4pit\u00e4j\u00e4","Arvioitu lukuaika":"2 minuuttia"},"schema":{"@context":"https:\/\/schema.org","@graph":[{"@type":"Article","@id":"https:\/\/vaasanvaalipiirinvihreat.fi\/index.php\/2023\/01\/30\/aika-lopettaa-turkistarhaus\/#article","isPartOf":{"@id":"https:\/\/vaasanvaalipiirinvihreat.fi\/index.php\/2023\/01\/30\/aika-lopettaa-turkistarhaus\/"},"author":{"name":"Yll\u00e4pit\u00e4j\u00e4","@id":"https:\/\/vaasanvaalipiirinvihreat.fi\/#\/schema\/person\/d9205350c2a3b344c419b954e66c3daf"},"headline":"Turkisten aika on ohi","datePublished":"2023-01-30T15:56:52+00:00","dateModified":"2025-01-20T15:19:08+00:00","mainEntityOfPage":{"@id":"https:\/\/vaasanvaalipiirinvihreat.fi\/index.php\/2023\/01\/30\/aika-lopettaa-turkistarhaus\/"},"wordCount":471,"publisher":{"@id":"https:\/\/vaasanvaalipiirinvihreat.fi\/#organization"},"image":{"@id":"https:\/\/vaasanvaalipiirinvihreat.fi\/index.php\/2023\/01\/30\/aika-lopettaa-turkistarhaus\/#primaryimage"},"thumbnailUrl":"https:\/\/vaasanvaalipiirinvihreat.fi\/wp-content\/uploads\/2021\/02\/lotta.jpg","articleSection":["Tiedotteet"],"inLanguage":"fi"},{"@type":"WebPage","@id":"https:\/\/vaasanvaalipiirinvihreat.fi\/index.php\/2023\/01\/30\/aika-lopettaa-turkistarhaus\/","url":"https:\/\/vaasanvaalipiirinvihreat.fi\/index.php\/2023\/01\/30\/aika-lopettaa-turkistarhaus\/","name":"Turkisten aika on ohi - vaasanvaalipiirinvihreat.fi","isPartOf":{"@id":"https:\/\/vaasanvaalipiirinvihreat.fi\/#website"},"primaryImageOfPage":{"@id":"https:\/\/vaasanvaalipiirinvihreat.fi\/index.php\/2023\/01\/30\/aika-lopettaa-turkistarhaus\/#primaryimage"},"image":{"@id":"https:\/\/vaasanvaalipiirinvihreat.fi\/index.php\/2023\/01\/30\/aika-lopettaa-turkistarhaus\/#primaryimage"},"thumbnailUrl":"https:\/\/vaasanvaalipiirinvihreat.fi\/wp-content\/uploads\/2021\/02\/lotta.jpg","datePublished":"2023-01-30T15:56:52+00:00","dateModified":"2025-01-20T15:19:08+00:00","breadcrumb":{"@id":"https:\/\/vaasanvaalipiirinvihreat.fi\/index.php\/2023\/01\/30\/aika-lopettaa-turkistarhaus\/#breadcrumb"},"inLanguage":"fi","potentialAction":[{"@type":"ReadAction","target":["https:\/\/vaasanvaalipiirinvihreat.fi\/index.php\/2023\/01\/30\/aika-lopettaa-turkistarhaus\/"]}]},{"@type":"ImageObject","inLanguage":"fi","@id":"https:\/\/vaasanvaalipiirinvihreat.fi\/index.php\/2023\/01\/30\/aika-lopettaa-turkistarhaus\/#primaryimage","url":"https:\/\/vaasanvaalipiirinvihreat.fi\/wp-content\/uploads\/2021\/02\/lotta.jpg","contentUrl":"https:\/\/vaasanvaalipiirinvihreat.fi\/wp-content\/uploads\/2021\/02\/lotta.jpg","width":397,"height":360},{"@type":"BreadcrumbList","@id":"https:\/\/vaasanvaalipiirinvihreat.fi\/index.php\/2023\/01\/30\/aika-lopettaa-turkistarhaus\/#breadcrumb","itemListElement":[{"@type":"ListItem","position":1,"name":"Etusivu","item":"https:\/\/vaasanvaalipiirinvihreat.fi\/"},{"@type":"ListItem","position":2,"name":"Turkisten aika on ohi"}]},{"@type":"WebSite","@id":"https:\/\/vaasanvaalipiirinvihreat.fi\/#website","url":"https:\/\/vaasanvaalipiirinvihreat.fi\/","name":"vaasanvaalipiirinvihreat.fi","description":"Vaasan vaalipiirin vihre\u00e4t - De Gr\u00f6na i Vasa valkrets","publisher":{"@id":"https:\/\/vaasanvaalipiirinvihreat.fi\/#organization"},"potentialAction":[{"@type":"SearchAction","target":{"@type":"EntryPoint","urlTemplate":"https:\/\/vaasanvaalipiirinvihreat.fi\/?s={search_term_string}"},"query-input":{"@type":"PropertyValueSpecification","valueRequired":true,"valueName":"search_term_string"}}],"inLanguage":"fi"},{"@type":"Organization","@id":"https:\/\/vaasanvaalipiirinvihreat.fi\/#organization","name":"vaasanvaalipiirinvihreat.fi","alternateName":"Vaasan vaalipiirin vihre\u00e4t - De Gr\u00f6na i Vasa valkrets","url":"https:\/\/vaasanvaalipiirinvihreat.fi\/","logo":{"@type":"ImageObject","inLanguage":"fi","@id":"https:\/\/vaasanvaalipiirinvihreat.fi\/#\/schema\/logo\/image\/","url":"https:\/\/vaasanvaalipiirinvihreat.fi\/wp-content\/uploads\/2025\/01\/Vihreat_Logo_HOR_RGB_FIN_SWE.png","contentUrl":"https:\/\/vaasanvaalipiirinvihreat.fi\/wp-content\/uploads\/2025\/01\/Vihreat_Logo_HOR_RGB_FIN_SWE.png","width":1162,"height":409,"caption":"vaasanvaalipiirinvihreat.fi"},"image":{"@id":"https:\/\/vaasanvaalipiirinvihreat.fi\/#\/schema\/logo\/image\/"},"sameAs":["https:\/\/www.facebook.com\/VaasanVaalipiirinVihreat"]},{"@type":"Person","@id":"https:\/\/vaasanvaalipiirinvihreat.fi\/#\/schema\/person\/d9205350c2a3b344c419b954e66c3daf","name":"Yll\u00e4pit\u00e4j\u00e4","url":"https:\/\/vaasanvaalipiirinvihreat.fi\/index.php\/author\/sivustomestari\/"}]}},"_links":{"self":[{"href":"https:\/\/vaasanvaalipiirinvihreat.fi\/index.php\/wp-json\/wp\/v2\/posts\/1752","targetHints":{"allow":["GET"]}}],"collection":[{"href":"https:\/\/vaasanvaalipiirinvihreat.fi\/index.php\/wp-json\/wp\/v2\/posts"}],"about":[{"href":"https:\/\/vaasanvaalipiirinvihreat.fi\/index.php\/wp-json\/wp\/v2\/types\/post"}],"author":[{"embeddable":true,"href":"https:\/\/vaasanvaalipiirinvihreat.fi\/index.php\/wp-json\/wp\/v2\/users\/2"}],"replies":[{"embeddable":true,"href":"https:\/\/vaasanvaalipiirinvihreat.fi\/index.php\/wp-json\/wp\/v2\/comments?post=1752"}],"version-history":[{"count":1,"href":"https:\/\/vaasanvaalipiirinvihreat.fi\/index.php\/wp-json\/wp\/v2\/posts\/1752\/revisions"}],"predecessor-version":[{"id":2184,"href":"https:\/\/vaasanvaalipiirinvihreat.fi\/index.php\/wp-json\/wp\/v2\/posts\/1752\/revisions\/2184"}],"wp:featuredmedia":[{"embeddable":true,"href":"https:\/\/vaasanvaalipiirinvihreat.fi\/index.php\/wp-json\/wp\/v2\/media\/1285"}],"wp:attachment":[{"href":"https:\/\/vaasanvaalipiirinvihreat.fi\/index.php\/wp-json\/wp\/v2\/media?parent=1752"}],"wp:term":[{"taxonomy":"category","embeddable":true,"href":"https:\/\/vaasanvaalipiirinvihreat.fi\/index.php\/wp-json\/wp\/v2\/categories?post=1752"},{"taxonomy":"post_tag","embeddable":true,"href":"https:\/\/vaasanvaalipiirinvihreat.fi\/index.php\/wp-json\/wp\/v2\/tags?post=1752"}],"curies":[{"name":"wp","href":"https:\/\/api.w.org\/{rel}","templated":true}]}}