{"id":1799,"date":"2023-02-09T14:34:35","date_gmt":"2023-02-09T12:34:35","guid":{"rendered":"http:\/\/www.vavavi.fi\/?p=1799"},"modified":"2025-01-20T17:19:09","modified_gmt":"2025-01-20T15:19:09","slug":"skogen-beror-oss-alla","status":"publish","type":"post","link":"https:\/\/vaasanvaalipiirinvihreat.fi\/index.php\/2023\/02\/09\/skogen-beror-oss-alla\/","title":{"rendered":"Skogen ber\u00f6r oss alla"},"content":{"rendered":"\n<p class=\"has-medium-font-size\"><strong>M\u00e5nga \u00e4r de skogs\u00e4gare som oroar sig f\u00f6r att staten ska blanda sig i deras skogsbruk. Man upplever det som or\u00e4ttvist att tvingas anv\u00e4nda sin privata mark f\u00f6r att binda andra m\u00e4nniskors koldioxidutsl\u00e4pp. Det \u00e4r en rimlig reaktion, men det \u00e4r samtidigt en rimlig beg\u00e4ran fr\u00e5n finska folket.<\/strong><\/p>\n\n\n\n<p class=\"has-medium-font-size\">V\u00e5rt viktigaste uppdrag g\u00e4llande klimatkrisen \u00e4r att kraftigt minska v\u00e5r konsumtion av jungfruliga r\u00e5varor och fossil energi. Om vi lyckas med det s\u00e5 minskar ocks\u00e5 trycket p\u00e5 v\u00e5ra kols\u00e4nkor. Det betyder \u00e4nd\u00e5 inte att vi klarar oss utan dem. Vi har redan hunnit fylla atmosf\u00e4ren med s\u00e5 mycket koldioxid att vi beh\u00f6ver all hj\u00e4lp vi kan f\u00e5 f\u00f6r att undvika de v\u00e4rsta scenarierna.<\/p>\n\n\n\n<p class=\"has-medium-font-size\">Ut\u00f6ver det s\u00e5 har vi en p\u00e5g\u00e5ende utarmning av biodiversiteten. H\u00e4r spelar skogen ocks\u00e5 en stor roll. Hur vi brukar skogen och med vilka metoder \u00e4r avg\u00f6rande om vi ska lyckas bromsa trenden.<\/p>\n\n\n\n<p class=\"has-medium-font-size\">Allt detta drabbar inte bara skogs\u00e4garen, utan alla vi som bor i det h\u00e4r landet. Naturen och klimatet \u00e4r st\u00f6rre \u00e4n enskilda skogsskiften. D\u00e4rf\u00f6r \u00e4r det ocks\u00e5 av nationellt intresse att skogsbruket sker p\u00e5 ett h\u00e5llbart s\u00e4tt. Man kan likna det vid andra branschers best\u00e4mmelser och riktlinjer, till exempel gruvdrift eller fiskeri; b\u00e5da har strikta regler om hur n\u00e4ringsverksamheten ska bedrivas. Lagar som har omarbetats och sk\u00e4rpts vartefter vi sett behov av det f\u00f6r att skydda m\u00e4nniska och natur.<\/p>\n\n\n\n<p class=\"has-medium-font-size\">N\u00e4r vi g\u00f6r upp regler som \u00e4r lika f\u00f6r alla s\u00e5 blir det ocks\u00e5 mera r\u00e4ttvist. D\u00e5 beh\u00f6ver ingen enskild skogs\u00e4gare k\u00e4nna att hen m\u00e5ste b\u00e4ra ansvar f\u00f6r andras utsl\u00e4pp. Ist\u00e4llet hj\u00e4lps alla \u00e5t f\u00f6r ett h\u00e5llbart skogsbruk och ett v\u00e4lm\u00e5ende Finland.<br><br>Jonathan Hemming<br>Riksdagsvalkandidat<br>Korsholm<\/p>\n","protected":false},"excerpt":{"rendered":"<p>M\u00e5nga \u00e4r de skogs\u00e4gare som oroar sig f\u00f6r att staten ska blanda sig i deras skogsbruk. Man upplever det som or\u00e4ttvist att tvingas anv\u00e4nda sin privata mark f\u00f6r att binda andra m\u00e4nniskors koldioxidutsl\u00e4pp. Det \u00e4r en rimlig reaktion, men det \u00e4r samtidigt en rimlig beg\u00e4ran fr\u00e5n finska folket. V\u00e5rt viktigaste uppdrag g\u00e4llande klimatkrisen \u00e4r att [&hellip;]<\/p>\n","protected":false},"author":2,"featured_media":2169,"comment_status":"closed","ping_status":"closed","sticky":false,"template":"","format":"standard","meta":{"footnotes":""},"categories":[2],"tags":[],"class_list":["post-1799","post","type-post","status-publish","format-standard","has-post-thumbnail","hentry","category-tiedotteet"],"yoast_head":"<!-- This site is optimized with the Yoast SEO plugin v27.5 - https:\/\/yoast.com\/product\/yoast-seo-wordpress\/ -->\n<title>Skogen ber\u00f6r oss alla - vaasanvaalipiirinvihreat.fi<\/title>\n<meta name=\"robots\" content=\"index, follow, max-snippet:-1, max-image-preview:large, max-video-preview:-1\" \/>\n<link rel=\"canonical\" href=\"https:\/\/vaasanvaalipiirinvihreat.fi\/index.php\/2023\/02\/09\/skogen-beror-oss-alla\/\" \/>\n<meta property=\"og:locale\" content=\"fi_FI\" \/>\n<meta property=\"og:type\" content=\"article\" \/>\n<meta property=\"og:title\" content=\"Skogen ber\u00f6r oss alla - vaasanvaalipiirinvihreat.fi\" \/>\n<meta property=\"og:description\" content=\"M\u00e5nga \u00e4r de skogs\u00e4gare som oroar sig f\u00f6r att staten ska blanda sig i deras skogsbruk. Man upplever det som or\u00e4ttvist att tvingas anv\u00e4nda sin privata mark f\u00f6r att binda andra m\u00e4nniskors koldioxidutsl\u00e4pp. Det \u00e4r en rimlig reaktion, men det \u00e4r samtidigt en rimlig beg\u00e4ran fr\u00e5n finska folket. V\u00e5rt viktigaste uppdrag g\u00e4llande klimatkrisen \u00e4r att [&hellip;]\" \/>\n<meta property=\"og:url\" content=\"https:\/\/vaasanvaalipiirinvihreat.fi\/index.php\/2023\/02\/09\/skogen-beror-oss-alla\/\" \/>\n<meta property=\"og:site_name\" content=\"vaasanvaalipiirinvihreat.fi\" \/>\n<meta property=\"article:publisher\" content=\"https:\/\/www.facebook.com\/VaasanVaalipiirinVihreat\" \/>\n<meta property=\"article:published_time\" content=\"2023-02-09T12:34:35+00:00\" \/>\n<meta property=\"article:modified_time\" content=\"2025-01-20T15:19:09+00:00\" \/>\n<meta property=\"og:image\" content=\"https:\/\/vaasanvaalipiirinvihreat.fi\/wp-content\/uploads\/2025\/01\/IMG_3075.jpg\" \/>\n\t<meta property=\"og:image:width\" content=\"1152\" \/>\n\t<meta property=\"og:image:height\" content=\"768\" \/>\n\t<meta property=\"og:image:type\" content=\"image\/jpeg\" \/>\n<meta name=\"author\" content=\"Yll\u00e4pit\u00e4j\u00e4\" \/>\n<meta name=\"twitter:card\" content=\"summary_large_image\" \/>\n<meta name=\"twitter:label1\" content=\"Kirjoittanut\" \/>\n\t<meta name=\"twitter:data1\" content=\"Yll\u00e4pit\u00e4j\u00e4\" \/>\n\t<meta name=\"twitter:label2\" content=\"Arvioitu lukuaika\" \/>\n\t<meta name=\"twitter:data2\" content=\"2 minuuttia\" \/>\n<script type=\"application\/ld+json\" class=\"yoast-schema-graph\">{\"@context\":\"https:\\\/\\\/schema.org\",\"@graph\":[{\"@type\":\"Article\",\"@id\":\"https:\\\/\\\/vaasanvaalipiirinvihreat.fi\\\/index.php\\\/2023\\\/02\\\/09\\\/skogen-beror-oss-alla\\\/#article\",\"isPartOf\":{\"@id\":\"https:\\\/\\\/vaasanvaalipiirinvihreat.fi\\\/index.php\\\/2023\\\/02\\\/09\\\/skogen-beror-oss-alla\\\/\"},\"author\":{\"name\":\"Yll\u00e4pit\u00e4j\u00e4\",\"@id\":\"https:\\\/\\\/vaasanvaalipiirinvihreat.fi\\\/#\\\/schema\\\/person\\\/d9205350c2a3b344c419b954e66c3daf\"},\"headline\":\"Skogen ber\u00f6r oss alla\",\"datePublished\":\"2023-02-09T12:34:35+00:00\",\"dateModified\":\"2025-01-20T15:19:09+00:00\",\"mainEntityOfPage\":{\"@id\":\"https:\\\/\\\/vaasanvaalipiirinvihreat.fi\\\/index.php\\\/2023\\\/02\\\/09\\\/skogen-beror-oss-alla\\\/\"},\"wordCount\":328,\"publisher\":{\"@id\":\"https:\\\/\\\/vaasanvaalipiirinvihreat.fi\\\/#organization\"},\"image\":{\"@id\":\"https:\\\/\\\/vaasanvaalipiirinvihreat.fi\\\/index.php\\\/2023\\\/02\\\/09\\\/skogen-beror-oss-alla\\\/#primaryimage\"},\"thumbnailUrl\":\"https:\\\/\\\/vaasanvaalipiirinvihreat.fi\\\/wp-content\\\/uploads\\\/2025\\\/01\\\/IMG_3075.jpg\",\"articleSection\":[\"Tiedotteet\"],\"inLanguage\":\"fi\"},{\"@type\":\"WebPage\",\"@id\":\"https:\\\/\\\/vaasanvaalipiirinvihreat.fi\\\/index.php\\\/2023\\\/02\\\/09\\\/skogen-beror-oss-alla\\\/\",\"url\":\"https:\\\/\\\/vaasanvaalipiirinvihreat.fi\\\/index.php\\\/2023\\\/02\\\/09\\\/skogen-beror-oss-alla\\\/\",\"name\":\"Skogen ber\u00f6r oss alla - vaasanvaalipiirinvihreat.fi\",\"isPartOf\":{\"@id\":\"https:\\\/\\\/vaasanvaalipiirinvihreat.fi\\\/#website\"},\"primaryImageOfPage\":{\"@id\":\"https:\\\/\\\/vaasanvaalipiirinvihreat.fi\\\/index.php\\\/2023\\\/02\\\/09\\\/skogen-beror-oss-alla\\\/#primaryimage\"},\"image\":{\"@id\":\"https:\\\/\\\/vaasanvaalipiirinvihreat.fi\\\/index.php\\\/2023\\\/02\\\/09\\\/skogen-beror-oss-alla\\\/#primaryimage\"},\"thumbnailUrl\":\"https:\\\/\\\/vaasanvaalipiirinvihreat.fi\\\/wp-content\\\/uploads\\\/2025\\\/01\\\/IMG_3075.jpg\",\"datePublished\":\"2023-02-09T12:34:35+00:00\",\"dateModified\":\"2025-01-20T15:19:09+00:00\",\"breadcrumb\":{\"@id\":\"https:\\\/\\\/vaasanvaalipiirinvihreat.fi\\\/index.php\\\/2023\\\/02\\\/09\\\/skogen-beror-oss-alla\\\/#breadcrumb\"},\"inLanguage\":\"fi\",\"potentialAction\":[{\"@type\":\"ReadAction\",\"target\":[\"https:\\\/\\\/vaasanvaalipiirinvihreat.fi\\\/index.php\\\/2023\\\/02\\\/09\\\/skogen-beror-oss-alla\\\/\"]}]},{\"@type\":\"ImageObject\",\"inLanguage\":\"fi\",\"@id\":\"https:\\\/\\\/vaasanvaalipiirinvihreat.fi\\\/index.php\\\/2023\\\/02\\\/09\\\/skogen-beror-oss-alla\\\/#primaryimage\",\"url\":\"https:\\\/\\\/vaasanvaalipiirinvihreat.fi\\\/wp-content\\\/uploads\\\/2025\\\/01\\\/IMG_3075.jpg\",\"contentUrl\":\"https:\\\/\\\/vaasanvaalipiirinvihreat.fi\\\/wp-content\\\/uploads\\\/2025\\\/01\\\/IMG_3075.jpg\",\"width\":1152,\"height\":768},{\"@type\":\"BreadcrumbList\",\"@id\":\"https:\\\/\\\/vaasanvaalipiirinvihreat.fi\\\/index.php\\\/2023\\\/02\\\/09\\\/skogen-beror-oss-alla\\\/#breadcrumb\",\"itemListElement\":[{\"@type\":\"ListItem\",\"position\":1,\"name\":\"Etusivu\",\"item\":\"https:\\\/\\\/vaasanvaalipiirinvihreat.fi\\\/\"},{\"@type\":\"ListItem\",\"position\":2,\"name\":\"Skogen ber\u00f6r oss alla\"}]},{\"@type\":\"WebSite\",\"@id\":\"https:\\\/\\\/vaasanvaalipiirinvihreat.fi\\\/#website\",\"url\":\"https:\\\/\\\/vaasanvaalipiirinvihreat.fi\\\/\",\"name\":\"vaasanvaalipiirinvihreat.fi\",\"description\":\"Vaasan vaalipiirin vihre\u00e4t - De Gr\u00f6na i Vasa valkrets\",\"publisher\":{\"@id\":\"https:\\\/\\\/vaasanvaalipiirinvihreat.fi\\\/#organization\"},\"potentialAction\":[{\"@type\":\"SearchAction\",\"target\":{\"@type\":\"EntryPoint\",\"urlTemplate\":\"https:\\\/\\\/vaasanvaalipiirinvihreat.fi\\\/?s={search_term_string}\"},\"query-input\":{\"@type\":\"PropertyValueSpecification\",\"valueRequired\":true,\"valueName\":\"search_term_string\"}}],\"inLanguage\":\"fi\"},{\"@type\":\"Organization\",\"@id\":\"https:\\\/\\\/vaasanvaalipiirinvihreat.fi\\\/#organization\",\"name\":\"vaasanvaalipiirinvihreat.fi\",\"alternateName\":\"Vaasan vaalipiirin vihre\u00e4t - De Gr\u00f6na i Vasa valkrets\",\"url\":\"https:\\\/\\\/vaasanvaalipiirinvihreat.fi\\\/\",\"logo\":{\"@type\":\"ImageObject\",\"inLanguage\":\"fi\",\"@id\":\"https:\\\/\\\/vaasanvaalipiirinvihreat.fi\\\/#\\\/schema\\\/logo\\\/image\\\/\",\"url\":\"https:\\\/\\\/vaasanvaalipiirinvihreat.fi\\\/wp-content\\\/uploads\\\/2025\\\/01\\\/Vihreat_Logo_HOR_RGB_FIN_SWE.png\",\"contentUrl\":\"https:\\\/\\\/vaasanvaalipiirinvihreat.fi\\\/wp-content\\\/uploads\\\/2025\\\/01\\\/Vihreat_Logo_HOR_RGB_FIN_SWE.png\",\"width\":1162,\"height\":409,\"caption\":\"vaasanvaalipiirinvihreat.fi\"},\"image\":{\"@id\":\"https:\\\/\\\/vaasanvaalipiirinvihreat.fi\\\/#\\\/schema\\\/logo\\\/image\\\/\"},\"sameAs\":[\"https:\\\/\\\/www.facebook.com\\\/VaasanVaalipiirinVihreat\"]},{\"@type\":\"Person\",\"@id\":\"https:\\\/\\\/vaasanvaalipiirinvihreat.fi\\\/#\\\/schema\\\/person\\\/d9205350c2a3b344c419b954e66c3daf\",\"name\":\"Yll\u00e4pit\u00e4j\u00e4\",\"url\":\"https:\\\/\\\/vaasanvaalipiirinvihreat.fi\\\/index.php\\\/author\\\/sivustomestari\\\/\"}]}<\/script>\n<!-- \/ Yoast SEO plugin. -->","yoast_head_json":{"title":"Skogen ber\u00f6r oss alla - vaasanvaalipiirinvihreat.fi","robots":{"index":"index","follow":"follow","max-snippet":"max-snippet:-1","max-image-preview":"max-image-preview:large","max-video-preview":"max-video-preview:-1"},"canonical":"https:\/\/vaasanvaalipiirinvihreat.fi\/index.php\/2023\/02\/09\/skogen-beror-oss-alla\/","og_locale":"fi_FI","og_type":"article","og_title":"Skogen ber\u00f6r oss alla - vaasanvaalipiirinvihreat.fi","og_description":"M\u00e5nga \u00e4r de skogs\u00e4gare som oroar sig f\u00f6r att staten ska blanda sig i deras skogsbruk. Man upplever det som or\u00e4ttvist att tvingas anv\u00e4nda sin privata mark f\u00f6r att binda andra m\u00e4nniskors koldioxidutsl\u00e4pp. Det \u00e4r en rimlig reaktion, men det \u00e4r samtidigt en rimlig beg\u00e4ran fr\u00e5n finska folket. V\u00e5rt viktigaste uppdrag g\u00e4llande klimatkrisen \u00e4r att [&hellip;]","og_url":"https:\/\/vaasanvaalipiirinvihreat.fi\/index.php\/2023\/02\/09\/skogen-beror-oss-alla\/","og_site_name":"vaasanvaalipiirinvihreat.fi","article_publisher":"https:\/\/www.facebook.com\/VaasanVaalipiirinVihreat","article_published_time":"2023-02-09T12:34:35+00:00","article_modified_time":"2025-01-20T15:19:09+00:00","og_image":[{"width":1152,"height":768,"url":"https:\/\/vaasanvaalipiirinvihreat.fi\/wp-content\/uploads\/2025\/01\/IMG_3075.jpg","type":"image\/jpeg"}],"author":"Yll\u00e4pit\u00e4j\u00e4","twitter_card":"summary_large_image","twitter_misc":{"Kirjoittanut":"Yll\u00e4pit\u00e4j\u00e4","Arvioitu lukuaika":"2 minuuttia"},"schema":{"@context":"https:\/\/schema.org","@graph":[{"@type":"Article","@id":"https:\/\/vaasanvaalipiirinvihreat.fi\/index.php\/2023\/02\/09\/skogen-beror-oss-alla\/#article","isPartOf":{"@id":"https:\/\/vaasanvaalipiirinvihreat.fi\/index.php\/2023\/02\/09\/skogen-beror-oss-alla\/"},"author":{"name":"Yll\u00e4pit\u00e4j\u00e4","@id":"https:\/\/vaasanvaalipiirinvihreat.fi\/#\/schema\/person\/d9205350c2a3b344c419b954e66c3daf"},"headline":"Skogen ber\u00f6r oss alla","datePublished":"2023-02-09T12:34:35+00:00","dateModified":"2025-01-20T15:19:09+00:00","mainEntityOfPage":{"@id":"https:\/\/vaasanvaalipiirinvihreat.fi\/index.php\/2023\/02\/09\/skogen-beror-oss-alla\/"},"wordCount":328,"publisher":{"@id":"https:\/\/vaasanvaalipiirinvihreat.fi\/#organization"},"image":{"@id":"https:\/\/vaasanvaalipiirinvihreat.fi\/index.php\/2023\/02\/09\/skogen-beror-oss-alla\/#primaryimage"},"thumbnailUrl":"https:\/\/vaasanvaalipiirinvihreat.fi\/wp-content\/uploads\/2025\/01\/IMG_3075.jpg","articleSection":["Tiedotteet"],"inLanguage":"fi"},{"@type":"WebPage","@id":"https:\/\/vaasanvaalipiirinvihreat.fi\/index.php\/2023\/02\/09\/skogen-beror-oss-alla\/","url":"https:\/\/vaasanvaalipiirinvihreat.fi\/index.php\/2023\/02\/09\/skogen-beror-oss-alla\/","name":"Skogen ber\u00f6r oss alla - vaasanvaalipiirinvihreat.fi","isPartOf":{"@id":"https:\/\/vaasanvaalipiirinvihreat.fi\/#website"},"primaryImageOfPage":{"@id":"https:\/\/vaasanvaalipiirinvihreat.fi\/index.php\/2023\/02\/09\/skogen-beror-oss-alla\/#primaryimage"},"image":{"@id":"https:\/\/vaasanvaalipiirinvihreat.fi\/index.php\/2023\/02\/09\/skogen-beror-oss-alla\/#primaryimage"},"thumbnailUrl":"https:\/\/vaasanvaalipiirinvihreat.fi\/wp-content\/uploads\/2025\/01\/IMG_3075.jpg","datePublished":"2023-02-09T12:34:35+00:00","dateModified":"2025-01-20T15:19:09+00:00","breadcrumb":{"@id":"https:\/\/vaasanvaalipiirinvihreat.fi\/index.php\/2023\/02\/09\/skogen-beror-oss-alla\/#breadcrumb"},"inLanguage":"fi","potentialAction":[{"@type":"ReadAction","target":["https:\/\/vaasanvaalipiirinvihreat.fi\/index.php\/2023\/02\/09\/skogen-beror-oss-alla\/"]}]},{"@type":"ImageObject","inLanguage":"fi","@id":"https:\/\/vaasanvaalipiirinvihreat.fi\/index.php\/2023\/02\/09\/skogen-beror-oss-alla\/#primaryimage","url":"https:\/\/vaasanvaalipiirinvihreat.fi\/wp-content\/uploads\/2025\/01\/IMG_3075.jpg","contentUrl":"https:\/\/vaasanvaalipiirinvihreat.fi\/wp-content\/uploads\/2025\/01\/IMG_3075.jpg","width":1152,"height":768},{"@type":"BreadcrumbList","@id":"https:\/\/vaasanvaalipiirinvihreat.fi\/index.php\/2023\/02\/09\/skogen-beror-oss-alla\/#breadcrumb","itemListElement":[{"@type":"ListItem","position":1,"name":"Etusivu","item":"https:\/\/vaasanvaalipiirinvihreat.fi\/"},{"@type":"ListItem","position":2,"name":"Skogen ber\u00f6r oss alla"}]},{"@type":"WebSite","@id":"https:\/\/vaasanvaalipiirinvihreat.fi\/#website","url":"https:\/\/vaasanvaalipiirinvihreat.fi\/","name":"vaasanvaalipiirinvihreat.fi","description":"Vaasan vaalipiirin vihre\u00e4t - De Gr\u00f6na i Vasa valkrets","publisher":{"@id":"https:\/\/vaasanvaalipiirinvihreat.fi\/#organization"},"potentialAction":[{"@type":"SearchAction","target":{"@type":"EntryPoint","urlTemplate":"https:\/\/vaasanvaalipiirinvihreat.fi\/?s={search_term_string}"},"query-input":{"@type":"PropertyValueSpecification","valueRequired":true,"valueName":"search_term_string"}}],"inLanguage":"fi"},{"@type":"Organization","@id":"https:\/\/vaasanvaalipiirinvihreat.fi\/#organization","name":"vaasanvaalipiirinvihreat.fi","alternateName":"Vaasan vaalipiirin vihre\u00e4t - De Gr\u00f6na i Vasa valkrets","url":"https:\/\/vaasanvaalipiirinvihreat.fi\/","logo":{"@type":"ImageObject","inLanguage":"fi","@id":"https:\/\/vaasanvaalipiirinvihreat.fi\/#\/schema\/logo\/image\/","url":"https:\/\/vaasanvaalipiirinvihreat.fi\/wp-content\/uploads\/2025\/01\/Vihreat_Logo_HOR_RGB_FIN_SWE.png","contentUrl":"https:\/\/vaasanvaalipiirinvihreat.fi\/wp-content\/uploads\/2025\/01\/Vihreat_Logo_HOR_RGB_FIN_SWE.png","width":1162,"height":409,"caption":"vaasanvaalipiirinvihreat.fi"},"image":{"@id":"https:\/\/vaasanvaalipiirinvihreat.fi\/#\/schema\/logo\/image\/"},"sameAs":["https:\/\/www.facebook.com\/VaasanVaalipiirinVihreat"]},{"@type":"Person","@id":"https:\/\/vaasanvaalipiirinvihreat.fi\/#\/schema\/person\/d9205350c2a3b344c419b954e66c3daf","name":"Yll\u00e4pit\u00e4j\u00e4","url":"https:\/\/vaasanvaalipiirinvihreat.fi\/index.php\/author\/sivustomestari\/"}]}},"_links":{"self":[{"href":"https:\/\/vaasanvaalipiirinvihreat.fi\/index.php\/wp-json\/wp\/v2\/posts\/1799","targetHints":{"allow":["GET"]}}],"collection":[{"href":"https:\/\/vaasanvaalipiirinvihreat.fi\/index.php\/wp-json\/wp\/v2\/posts"}],"about":[{"href":"https:\/\/vaasanvaalipiirinvihreat.fi\/index.php\/wp-json\/wp\/v2\/types\/post"}],"author":[{"embeddable":true,"href":"https:\/\/vaasanvaalipiirinvihreat.fi\/index.php\/wp-json\/wp\/v2\/users\/2"}],"replies":[{"embeddable":true,"href":"https:\/\/vaasanvaalipiirinvihreat.fi\/index.php\/wp-json\/wp\/v2\/comments?post=1799"}],"version-history":[{"count":1,"href":"https:\/\/vaasanvaalipiirinvihreat.fi\/index.php\/wp-json\/wp\/v2\/posts\/1799\/revisions"}],"predecessor-version":[{"id":2187,"href":"https:\/\/vaasanvaalipiirinvihreat.fi\/index.php\/wp-json\/wp\/v2\/posts\/1799\/revisions\/2187"}],"wp:featuredmedia":[{"embeddable":true,"href":"https:\/\/vaasanvaalipiirinvihreat.fi\/index.php\/wp-json\/wp\/v2\/media\/2169"}],"wp:attachment":[{"href":"https:\/\/vaasanvaalipiirinvihreat.fi\/index.php\/wp-json\/wp\/v2\/media?parent=1799"}],"wp:term":[{"taxonomy":"category","embeddable":true,"href":"https:\/\/vaasanvaalipiirinvihreat.fi\/index.php\/wp-json\/wp\/v2\/categories?post=1799"},{"taxonomy":"post_tag","embeddable":true,"href":"https:\/\/vaasanvaalipiirinvihreat.fi\/index.php\/wp-json\/wp\/v2\/tags?post=1799"}],"curies":[{"name":"wp","href":"https:\/\/api.w.org\/{rel}","templated":true}]}}