{"id":1881,"date":"2023-12-03T12:30:01","date_gmt":"2023-12-03T10:30:01","guid":{"rendered":"http:\/\/www.vavavi.fi\/?p=1881"},"modified":"2025-01-20T17:19:33","modified_gmt":"2025-01-20T15:19:33","slug":"jenni-kuisti-vaasan-vaalipiirin-puheenjohtajaksi","status":"publish","type":"post","link":"https:\/\/vaasanvaalipiirinvihreat.fi\/index.php\/2023\/12\/03\/jenni-kuisti-vaasan-vaalipiirin-puheenjohtajaksi\/","title":{"rendered":"Jenni Kuisti Vaasan vaalipiirin puheenjohtajaksi\/ Jenni Kuisti valdes till ordf\u00f6rande f\u00f6r De Gr\u00f6na i Vasa valkrets"},"content":{"rendered":"\n<p>Vaasan vaalipiirin Vihre\u00e4t ry on valinnut uudeksi puheenjohtajakseen vuodelle 2024 yhteiskuntatieteiden maisterin ja sosiaality\u00f6ntekij\u00e4&nbsp; <strong>Jenni Kuistin<\/strong>. Kuisti toimii Etel\u00e4-Pohjanmaan aluevaltuustossa ja kaupunginvaltuutettuna Alaj\u00e4rvell\u00e4.&nbsp;<\/p>\n\n\n\n<p>-Ensi vuonna keskitymme kolmiin vaaleihin: tuemme Pekka Haaviston presidenttiehdokkuutta, kampanjoimme kes\u00e4kuussa j\u00e4rjestett\u00e4viss\u00e4 eurovaalissa sek\u00e4&nbsp;hankimme ehdokkaita vuoden 2025 kunta- ja aluevaaleihin, jotka j\u00e4rjestet\u00e4\u00e4n ensimm\u00e4ist\u00e4 kertaa samaan aikaan, Kuisti<strong> <\/strong>toteaa.<\/p>\n\n\n\n<p>Piirin puheenjohtajana vuodet 2021-2023&nbsp; toiminut <strong>Lotta Alhonnoro<\/strong> luopuu teht\u00e4v\u00e4st\u00e4. H\u00e4n jatkaa ty\u00f6t\u00e4\u00e4n kaupunginhallituksen j\u00e4senen\u00e4 Vaasassa ja aluevaltuutettuna Pohjanmaan hyvinvointialueella.<\/p>\n\n\n\n<p>&#8211; Olen tutkijana tottunut hakemaan ty\u00f6lleni suurinta mahdollista vaikuttavuutta. Olemme kaudellani uudistaneet toimintaa ja saaneet innostuneita uusia mukaan. Nyt on aika siirty\u00e4 eteenp\u00e4in my\u00f6s henkil\u00f6kohtaisista syist\u00e4 johtuen. Kun yhden oven sulkee, uusia avautuu, kertoo Alhonnoro.<\/p>\n\n\n\n<p>Ensi vuoden hallitukseen valittiin Tiia Lumilaako, Elina Sahlgren, Heidi V\u00e4liaho, Piia \u00c4ij\u00f6, Marko Per\u00e4l\u00e4, Anni Teerikangas, Minna Roukkio-Taipale, Taavi Horila ja Laura Ala-Kokko. Varaj\u00e4senin\u00e4 toimivat Safa Hammad, Topias Lahdensuo, Jami Haavisto, Maria Saita ja Laura Sahlgren.<\/p>\n\n\n\n<p>P\u00e4 svenska:<\/p>\n\n\n\n<p>De Gr\u00f6na i Vasa valkrets har valt Jenni Kuisti, civilingenj\u00f6r och socialsekreterare, till ny ordf\u00f6rande f\u00f6r 2024. Kuisti \u00e4r fullm\u00e4ktigeledamot i S\u00f6dra \u00d6sterbottens v\u00e4lf\u00e4rdsomr\u00e5de samt i Alaj\u00e4rvi stadsfullm\u00e4ktige.<\/p>\n\n\n\n<p>\u2013 N\u00e4sta \u00e5r ska vi fokusera p\u00e5 tre val: vi ska st\u00f6dja Pekka Haavistos presidentkandidatur, vi ska kampanja i EU-valet som h\u00e5lls i juni och vi ska v\u00e4rva kandidater till 2025 \u00e5rs kommunal- och v\u00e4lf\u00e4rdsomr\u00e5desval, vilka h\u00e5lls samtidigt f\u00f6r f\u00f6rsta g\u00e5ngen, s\u00e4ger Kuisti.<\/p>\n\n\n\n<p>Lotta Alhonnoro, som varit distriktets ordf\u00f6rande \u00e5ren 2021-2023, var inte l\u00e4ngre tillg\u00e4nglig f\u00f6r uppdraget. Hon forts\u00e4tter sitt arbete som ledamot i Vasa stadsfullm\u00e4ktige och i \u00d6sterbottens v\u00e4lf\u00e4rdsomr\u00e5des fullm\u00e4ktige.<\/p>\n\n\n\n<p>Till n\u00e4sta \u00e5rs styrelse valdes Tiia Lumilaako, Elina Sahlgren, Heidi V\u00e4liaho, Piia \u00c4ij\u00f6, Marko Per\u00e4l\u00e4, Anni Teerikangas, Minna Roukkio-Taipale, Taavi Horila och Laura Ala-Kokko. Ers\u00e4ttare \u00e4r Safa Hammad, Topias Lahdensuo, Jami Haavisto, Maria Saita och Laura Sahlgren.<\/p>\n","protected":false},"excerpt":{"rendered":"<p>Vaasan vaalipiirin Vihre\u00e4t ry on valinnut uudeksi puheenjohtajakseen vuodelle 2024 yhteiskuntatieteiden maisterin ja sosiaality\u00f6ntekij\u00e4&nbsp; Jenni Kuistin. Kuisti toimii Etel\u00e4-Pohjanmaan aluevaltuustossa ja kaupunginvaltuutettuna Alaj\u00e4rvell\u00e4.&nbsp; -Ensi vuonna keskitymme kolmiin vaaleihin: tuemme Pekka Haaviston presidenttiehdokkuutta, kampanjoimme kes\u00e4kuussa j\u00e4rjestett\u00e4viss\u00e4 eurovaalissa sek\u00e4&nbsp;hankimme ehdokkaita vuoden 2025 kunta- ja aluevaaleihin, jotka j\u00e4rjestet\u00e4\u00e4n ensimm\u00e4ist\u00e4 kertaa samaan aikaan, Kuisti toteaa. Piirin puheenjohtajana vuodet 2021-2023&nbsp; [&hellip;]<\/p>\n","protected":false},"author":2,"featured_media":2215,"comment_status":"closed","ping_status":"closed","sticky":false,"template":"","format":"standard","meta":{"footnotes":""},"categories":[2],"tags":[7,8,9,5,6],"class_list":["post-1881","post","type-post","status-publish","format-standard","has-post-thumbnail","hentry","category-tiedotteet","tag-jenni-kuisti","tag-lotta-alhonnoro","tag-puheenjohtaja","tag-vaasan-vaalipiiri","tag-vihreat"],"yoast_head":"<!-- This site is optimized with the Yoast SEO plugin v27.5 - https:\/\/yoast.com\/product\/yoast-seo-wordpress\/ -->\n<title>Jenni Kuisti Vaasan vaalipiirin puheenjohtajaksi\/ Jenni Kuisti valdes till ordf\u00f6rande f\u00f6r De Gr\u00f6na i Vasa valkrets - vaasanvaalipiirinvihreat.fi<\/title>\n<meta name=\"robots\" content=\"index, follow, max-snippet:-1, max-image-preview:large, max-video-preview:-1\" \/>\n<link rel=\"canonical\" href=\"https:\/\/vaasanvaalipiirinvihreat.fi\/index.php\/2023\/12\/03\/jenni-kuisti-vaasan-vaalipiirin-puheenjohtajaksi\/\" \/>\n<meta property=\"og:locale\" content=\"fi_FI\" \/>\n<meta property=\"og:type\" content=\"article\" \/>\n<meta property=\"og:title\" content=\"Jenni Kuisti Vaasan vaalipiirin puheenjohtajaksi\/ Jenni Kuisti valdes till ordf\u00f6rande f\u00f6r De Gr\u00f6na i Vasa valkrets - vaasanvaalipiirinvihreat.fi\" \/>\n<meta property=\"og:description\" content=\"Vaasan vaalipiirin Vihre\u00e4t ry on valinnut uudeksi puheenjohtajakseen vuodelle 2024 yhteiskuntatieteiden maisterin ja sosiaality\u00f6ntekij\u00e4&nbsp; Jenni Kuistin. Kuisti toimii Etel\u00e4-Pohjanmaan aluevaltuustossa ja kaupunginvaltuutettuna Alaj\u00e4rvell\u00e4.&nbsp; -Ensi vuonna keskitymme kolmiin vaaleihin: tuemme Pekka Haaviston presidenttiehdokkuutta, kampanjoimme kes\u00e4kuussa j\u00e4rjestett\u00e4viss\u00e4 eurovaalissa sek\u00e4&nbsp;hankimme ehdokkaita vuoden 2025 kunta- ja aluevaaleihin, jotka j\u00e4rjestet\u00e4\u00e4n ensimm\u00e4ist\u00e4 kertaa samaan aikaan, Kuisti toteaa. Piirin puheenjohtajana vuodet 2021-2023&nbsp; [&hellip;]\" \/>\n<meta property=\"og:url\" content=\"https:\/\/vaasanvaalipiirinvihreat.fi\/index.php\/2023\/12\/03\/jenni-kuisti-vaasan-vaalipiirin-puheenjohtajaksi\/\" \/>\n<meta property=\"og:site_name\" content=\"vaasanvaalipiirinvihreat.fi\" \/>\n<meta property=\"article:publisher\" content=\"https:\/\/www.facebook.com\/VaasanVaalipiirinVihreat\" \/>\n<meta property=\"article:published_time\" content=\"2023-12-03T10:30:01+00:00\" \/>\n<meta property=\"article:modified_time\" content=\"2025-01-20T15:19:33+00:00\" \/>\n<meta property=\"og:image\" content=\"https:\/\/vaasanvaalipiirinvihreat.fi\/wp-content\/uploads\/2025\/01\/Jenni-Kuisti-267kt.jpeg\" \/>\n\t<meta property=\"og:image:width\" content=\"2048\" \/>\n\t<meta property=\"og:image:height\" content=\"1365\" \/>\n\t<meta property=\"og:image:type\" content=\"image\/jpeg\" \/>\n<meta name=\"author\" content=\"Yll\u00e4pit\u00e4j\u00e4\" \/>\n<meta name=\"twitter:card\" content=\"summary_large_image\" \/>\n<meta name=\"twitter:label1\" content=\"Kirjoittanut\" \/>\n\t<meta name=\"twitter:data1\" content=\"Yll\u00e4pit\u00e4j\u00e4\" \/>\n\t<meta name=\"twitter:label2\" content=\"Arvioitu lukuaika\" \/>\n\t<meta name=\"twitter:data2\" content=\"2 minuuttia\" \/>\n<script type=\"application\/ld+json\" class=\"yoast-schema-graph\">{\"@context\":\"https:\\\/\\\/schema.org\",\"@graph\":[{\"@type\":\"Article\",\"@id\":\"https:\\\/\\\/vaasanvaalipiirinvihreat.fi\\\/index.php\\\/2023\\\/12\\\/03\\\/jenni-kuisti-vaasan-vaalipiirin-puheenjohtajaksi\\\/#article\",\"isPartOf\":{\"@id\":\"https:\\\/\\\/vaasanvaalipiirinvihreat.fi\\\/index.php\\\/2023\\\/12\\\/03\\\/jenni-kuisti-vaasan-vaalipiirin-puheenjohtajaksi\\\/\"},\"author\":{\"name\":\"Yll\u00e4pit\u00e4j\u00e4\",\"@id\":\"https:\\\/\\\/vaasanvaalipiirinvihreat.fi\\\/#\\\/schema\\\/person\\\/d9205350c2a3b344c419b954e66c3daf\"},\"headline\":\"Jenni Kuisti Vaasan vaalipiirin puheenjohtajaksi\\\/ Jenni Kuisti valdes till ordf\u00f6rande f\u00f6r De Gr\u00f6na i Vasa valkrets\",\"datePublished\":\"2023-12-03T10:30:01+00:00\",\"dateModified\":\"2025-01-20T15:19:33+00:00\",\"mainEntityOfPage\":{\"@id\":\"https:\\\/\\\/vaasanvaalipiirinvihreat.fi\\\/index.php\\\/2023\\\/12\\\/03\\\/jenni-kuisti-vaasan-vaalipiirin-puheenjohtajaksi\\\/\"},\"wordCount\":358,\"publisher\":{\"@id\":\"https:\\\/\\\/vaasanvaalipiirinvihreat.fi\\\/#organization\"},\"image\":{\"@id\":\"https:\\\/\\\/vaasanvaalipiirinvihreat.fi\\\/index.php\\\/2023\\\/12\\\/03\\\/jenni-kuisti-vaasan-vaalipiirin-puheenjohtajaksi\\\/#primaryimage\"},\"thumbnailUrl\":\"https:\\\/\\\/vaasanvaalipiirinvihreat.fi\\\/wp-content\\\/uploads\\\/2025\\\/01\\\/Jenni-Kuisti-267kt.jpeg\",\"keywords\":[\"jenni kuisti\",\"lotta alhonnoro\",\"puheenjohtaja\",\"Vaasan vaalipiiri\",\"vihre\u00e4t\"],\"articleSection\":[\"Tiedotteet\"],\"inLanguage\":\"fi\"},{\"@type\":\"WebPage\",\"@id\":\"https:\\\/\\\/vaasanvaalipiirinvihreat.fi\\\/index.php\\\/2023\\\/12\\\/03\\\/jenni-kuisti-vaasan-vaalipiirin-puheenjohtajaksi\\\/\",\"url\":\"https:\\\/\\\/vaasanvaalipiirinvihreat.fi\\\/index.php\\\/2023\\\/12\\\/03\\\/jenni-kuisti-vaasan-vaalipiirin-puheenjohtajaksi\\\/\",\"name\":\"Jenni Kuisti Vaasan vaalipiirin puheenjohtajaksi\\\/ Jenni Kuisti valdes till ordf\u00f6rande f\u00f6r De Gr\u00f6na i Vasa valkrets - vaasanvaalipiirinvihreat.fi\",\"isPartOf\":{\"@id\":\"https:\\\/\\\/vaasanvaalipiirinvihreat.fi\\\/#website\"},\"primaryImageOfPage\":{\"@id\":\"https:\\\/\\\/vaasanvaalipiirinvihreat.fi\\\/index.php\\\/2023\\\/12\\\/03\\\/jenni-kuisti-vaasan-vaalipiirin-puheenjohtajaksi\\\/#primaryimage\"},\"image\":{\"@id\":\"https:\\\/\\\/vaasanvaalipiirinvihreat.fi\\\/index.php\\\/2023\\\/12\\\/03\\\/jenni-kuisti-vaasan-vaalipiirin-puheenjohtajaksi\\\/#primaryimage\"},\"thumbnailUrl\":\"https:\\\/\\\/vaasanvaalipiirinvihreat.fi\\\/wp-content\\\/uploads\\\/2025\\\/01\\\/Jenni-Kuisti-267kt.jpeg\",\"datePublished\":\"2023-12-03T10:30:01+00:00\",\"dateModified\":\"2025-01-20T15:19:33+00:00\",\"breadcrumb\":{\"@id\":\"https:\\\/\\\/vaasanvaalipiirinvihreat.fi\\\/index.php\\\/2023\\\/12\\\/03\\\/jenni-kuisti-vaasan-vaalipiirin-puheenjohtajaksi\\\/#breadcrumb\"},\"inLanguage\":\"fi\",\"potentialAction\":[{\"@type\":\"ReadAction\",\"target\":[\"https:\\\/\\\/vaasanvaalipiirinvihreat.fi\\\/index.php\\\/2023\\\/12\\\/03\\\/jenni-kuisti-vaasan-vaalipiirin-puheenjohtajaksi\\\/\"]}]},{\"@type\":\"ImageObject\",\"inLanguage\":\"fi\",\"@id\":\"https:\\\/\\\/vaasanvaalipiirinvihreat.fi\\\/index.php\\\/2023\\\/12\\\/03\\\/jenni-kuisti-vaasan-vaalipiirin-puheenjohtajaksi\\\/#primaryimage\",\"url\":\"https:\\\/\\\/vaasanvaalipiirinvihreat.fi\\\/wp-content\\\/uploads\\\/2025\\\/01\\\/Jenni-Kuisti-267kt.jpeg\",\"contentUrl\":\"https:\\\/\\\/vaasanvaalipiirinvihreat.fi\\\/wp-content\\\/uploads\\\/2025\\\/01\\\/Jenni-Kuisti-267kt.jpeg\",\"width\":2048,\"height\":1365},{\"@type\":\"BreadcrumbList\",\"@id\":\"https:\\\/\\\/vaasanvaalipiirinvihreat.fi\\\/index.php\\\/2023\\\/12\\\/03\\\/jenni-kuisti-vaasan-vaalipiirin-puheenjohtajaksi\\\/#breadcrumb\",\"itemListElement\":[{\"@type\":\"ListItem\",\"position\":1,\"name\":\"Etusivu\",\"item\":\"https:\\\/\\\/vaasanvaalipiirinvihreat.fi\\\/\"},{\"@type\":\"ListItem\",\"position\":2,\"name\":\"Jenni Kuisti Vaasan vaalipiirin puheenjohtajaksi\\\/ Jenni Kuisti valdes till ordf\u00f6rande f\u00f6r De Gr\u00f6na i Vasa valkrets\"}]},{\"@type\":\"WebSite\",\"@id\":\"https:\\\/\\\/vaasanvaalipiirinvihreat.fi\\\/#website\",\"url\":\"https:\\\/\\\/vaasanvaalipiirinvihreat.fi\\\/\",\"name\":\"vaasanvaalipiirinvihreat.fi\",\"description\":\"Vaasan vaalipiirin vihre\u00e4t - De Gr\u00f6na i Vasa valkrets\",\"publisher\":{\"@id\":\"https:\\\/\\\/vaasanvaalipiirinvihreat.fi\\\/#organization\"},\"potentialAction\":[{\"@type\":\"SearchAction\",\"target\":{\"@type\":\"EntryPoint\",\"urlTemplate\":\"https:\\\/\\\/vaasanvaalipiirinvihreat.fi\\\/?s={search_term_string}\"},\"query-input\":{\"@type\":\"PropertyValueSpecification\",\"valueRequired\":true,\"valueName\":\"search_term_string\"}}],\"inLanguage\":\"fi\"},{\"@type\":\"Organization\",\"@id\":\"https:\\\/\\\/vaasanvaalipiirinvihreat.fi\\\/#organization\",\"name\":\"vaasanvaalipiirinvihreat.fi\",\"alternateName\":\"Vaasan vaalipiirin vihre\u00e4t - De Gr\u00f6na i Vasa valkrets\",\"url\":\"https:\\\/\\\/vaasanvaalipiirinvihreat.fi\\\/\",\"logo\":{\"@type\":\"ImageObject\",\"inLanguage\":\"fi\",\"@id\":\"https:\\\/\\\/vaasanvaalipiirinvihreat.fi\\\/#\\\/schema\\\/logo\\\/image\\\/\",\"url\":\"https:\\\/\\\/vaasanvaalipiirinvihreat.fi\\\/wp-content\\\/uploads\\\/2025\\\/01\\\/Vihreat_Logo_HOR_RGB_FIN_SWE.png\",\"contentUrl\":\"https:\\\/\\\/vaasanvaalipiirinvihreat.fi\\\/wp-content\\\/uploads\\\/2025\\\/01\\\/Vihreat_Logo_HOR_RGB_FIN_SWE.png\",\"width\":1162,\"height\":409,\"caption\":\"vaasanvaalipiirinvihreat.fi\"},\"image\":{\"@id\":\"https:\\\/\\\/vaasanvaalipiirinvihreat.fi\\\/#\\\/schema\\\/logo\\\/image\\\/\"},\"sameAs\":[\"https:\\\/\\\/www.facebook.com\\\/VaasanVaalipiirinVihreat\"]},{\"@type\":\"Person\",\"@id\":\"https:\\\/\\\/vaasanvaalipiirinvihreat.fi\\\/#\\\/schema\\\/person\\\/d9205350c2a3b344c419b954e66c3daf\",\"name\":\"Yll\u00e4pit\u00e4j\u00e4\",\"url\":\"https:\\\/\\\/vaasanvaalipiirinvihreat.fi\\\/index.php\\\/author\\\/sivustomestari\\\/\"}]}<\/script>\n<!-- \/ Yoast SEO plugin. -->","yoast_head_json":{"title":"Jenni Kuisti Vaasan vaalipiirin puheenjohtajaksi\/ Jenni Kuisti valdes till ordf\u00f6rande f\u00f6r De Gr\u00f6na i Vasa valkrets - vaasanvaalipiirinvihreat.fi","robots":{"index":"index","follow":"follow","max-snippet":"max-snippet:-1","max-image-preview":"max-image-preview:large","max-video-preview":"max-video-preview:-1"},"canonical":"https:\/\/vaasanvaalipiirinvihreat.fi\/index.php\/2023\/12\/03\/jenni-kuisti-vaasan-vaalipiirin-puheenjohtajaksi\/","og_locale":"fi_FI","og_type":"article","og_title":"Jenni Kuisti Vaasan vaalipiirin puheenjohtajaksi\/ Jenni Kuisti valdes till ordf\u00f6rande f\u00f6r De Gr\u00f6na i Vasa valkrets - vaasanvaalipiirinvihreat.fi","og_description":"Vaasan vaalipiirin Vihre\u00e4t ry on valinnut uudeksi puheenjohtajakseen vuodelle 2024 yhteiskuntatieteiden maisterin ja sosiaality\u00f6ntekij\u00e4&nbsp; Jenni Kuistin. Kuisti toimii Etel\u00e4-Pohjanmaan aluevaltuustossa ja kaupunginvaltuutettuna Alaj\u00e4rvell\u00e4.&nbsp; -Ensi vuonna keskitymme kolmiin vaaleihin: tuemme Pekka Haaviston presidenttiehdokkuutta, kampanjoimme kes\u00e4kuussa j\u00e4rjestett\u00e4viss\u00e4 eurovaalissa sek\u00e4&nbsp;hankimme ehdokkaita vuoden 2025 kunta- ja aluevaaleihin, jotka j\u00e4rjestet\u00e4\u00e4n ensimm\u00e4ist\u00e4 kertaa samaan aikaan, Kuisti toteaa. Piirin puheenjohtajana vuodet 2021-2023&nbsp; [&hellip;]","og_url":"https:\/\/vaasanvaalipiirinvihreat.fi\/index.php\/2023\/12\/03\/jenni-kuisti-vaasan-vaalipiirin-puheenjohtajaksi\/","og_site_name":"vaasanvaalipiirinvihreat.fi","article_publisher":"https:\/\/www.facebook.com\/VaasanVaalipiirinVihreat","article_published_time":"2023-12-03T10:30:01+00:00","article_modified_time":"2025-01-20T15:19:33+00:00","og_image":[{"width":2048,"height":1365,"url":"https:\/\/vaasanvaalipiirinvihreat.fi\/wp-content\/uploads\/2025\/01\/Jenni-Kuisti-267kt.jpeg","type":"image\/jpeg"}],"author":"Yll\u00e4pit\u00e4j\u00e4","twitter_card":"summary_large_image","twitter_misc":{"Kirjoittanut":"Yll\u00e4pit\u00e4j\u00e4","Arvioitu lukuaika":"2 minuuttia"},"schema":{"@context":"https:\/\/schema.org","@graph":[{"@type":"Article","@id":"https:\/\/vaasanvaalipiirinvihreat.fi\/index.php\/2023\/12\/03\/jenni-kuisti-vaasan-vaalipiirin-puheenjohtajaksi\/#article","isPartOf":{"@id":"https:\/\/vaasanvaalipiirinvihreat.fi\/index.php\/2023\/12\/03\/jenni-kuisti-vaasan-vaalipiirin-puheenjohtajaksi\/"},"author":{"name":"Yll\u00e4pit\u00e4j\u00e4","@id":"https:\/\/vaasanvaalipiirinvihreat.fi\/#\/schema\/person\/d9205350c2a3b344c419b954e66c3daf"},"headline":"Jenni Kuisti Vaasan vaalipiirin puheenjohtajaksi\/ Jenni Kuisti valdes till ordf\u00f6rande f\u00f6r De Gr\u00f6na i Vasa valkrets","datePublished":"2023-12-03T10:30:01+00:00","dateModified":"2025-01-20T15:19:33+00:00","mainEntityOfPage":{"@id":"https:\/\/vaasanvaalipiirinvihreat.fi\/index.php\/2023\/12\/03\/jenni-kuisti-vaasan-vaalipiirin-puheenjohtajaksi\/"},"wordCount":358,"publisher":{"@id":"https:\/\/vaasanvaalipiirinvihreat.fi\/#organization"},"image":{"@id":"https:\/\/vaasanvaalipiirinvihreat.fi\/index.php\/2023\/12\/03\/jenni-kuisti-vaasan-vaalipiirin-puheenjohtajaksi\/#primaryimage"},"thumbnailUrl":"https:\/\/vaasanvaalipiirinvihreat.fi\/wp-content\/uploads\/2025\/01\/Jenni-Kuisti-267kt.jpeg","keywords":["jenni kuisti","lotta alhonnoro","puheenjohtaja","Vaasan vaalipiiri","vihre\u00e4t"],"articleSection":["Tiedotteet"],"inLanguage":"fi"},{"@type":"WebPage","@id":"https:\/\/vaasanvaalipiirinvihreat.fi\/index.php\/2023\/12\/03\/jenni-kuisti-vaasan-vaalipiirin-puheenjohtajaksi\/","url":"https:\/\/vaasanvaalipiirinvihreat.fi\/index.php\/2023\/12\/03\/jenni-kuisti-vaasan-vaalipiirin-puheenjohtajaksi\/","name":"Jenni Kuisti Vaasan vaalipiirin puheenjohtajaksi\/ Jenni Kuisti valdes till ordf\u00f6rande f\u00f6r De Gr\u00f6na i Vasa valkrets - vaasanvaalipiirinvihreat.fi","isPartOf":{"@id":"https:\/\/vaasanvaalipiirinvihreat.fi\/#website"},"primaryImageOfPage":{"@id":"https:\/\/vaasanvaalipiirinvihreat.fi\/index.php\/2023\/12\/03\/jenni-kuisti-vaasan-vaalipiirin-puheenjohtajaksi\/#primaryimage"},"image":{"@id":"https:\/\/vaasanvaalipiirinvihreat.fi\/index.php\/2023\/12\/03\/jenni-kuisti-vaasan-vaalipiirin-puheenjohtajaksi\/#primaryimage"},"thumbnailUrl":"https:\/\/vaasanvaalipiirinvihreat.fi\/wp-content\/uploads\/2025\/01\/Jenni-Kuisti-267kt.jpeg","datePublished":"2023-12-03T10:30:01+00:00","dateModified":"2025-01-20T15:19:33+00:00","breadcrumb":{"@id":"https:\/\/vaasanvaalipiirinvihreat.fi\/index.php\/2023\/12\/03\/jenni-kuisti-vaasan-vaalipiirin-puheenjohtajaksi\/#breadcrumb"},"inLanguage":"fi","potentialAction":[{"@type":"ReadAction","target":["https:\/\/vaasanvaalipiirinvihreat.fi\/index.php\/2023\/12\/03\/jenni-kuisti-vaasan-vaalipiirin-puheenjohtajaksi\/"]}]},{"@type":"ImageObject","inLanguage":"fi","@id":"https:\/\/vaasanvaalipiirinvihreat.fi\/index.php\/2023\/12\/03\/jenni-kuisti-vaasan-vaalipiirin-puheenjohtajaksi\/#primaryimage","url":"https:\/\/vaasanvaalipiirinvihreat.fi\/wp-content\/uploads\/2025\/01\/Jenni-Kuisti-267kt.jpeg","contentUrl":"https:\/\/vaasanvaalipiirinvihreat.fi\/wp-content\/uploads\/2025\/01\/Jenni-Kuisti-267kt.jpeg","width":2048,"height":1365},{"@type":"BreadcrumbList","@id":"https:\/\/vaasanvaalipiirinvihreat.fi\/index.php\/2023\/12\/03\/jenni-kuisti-vaasan-vaalipiirin-puheenjohtajaksi\/#breadcrumb","itemListElement":[{"@type":"ListItem","position":1,"name":"Etusivu","item":"https:\/\/vaasanvaalipiirinvihreat.fi\/"},{"@type":"ListItem","position":2,"name":"Jenni Kuisti Vaasan vaalipiirin puheenjohtajaksi\/ Jenni Kuisti valdes till ordf\u00f6rande f\u00f6r De Gr\u00f6na i Vasa valkrets"}]},{"@type":"WebSite","@id":"https:\/\/vaasanvaalipiirinvihreat.fi\/#website","url":"https:\/\/vaasanvaalipiirinvihreat.fi\/","name":"vaasanvaalipiirinvihreat.fi","description":"Vaasan vaalipiirin vihre\u00e4t - De Gr\u00f6na i Vasa valkrets","publisher":{"@id":"https:\/\/vaasanvaalipiirinvihreat.fi\/#organization"},"potentialAction":[{"@type":"SearchAction","target":{"@type":"EntryPoint","urlTemplate":"https:\/\/vaasanvaalipiirinvihreat.fi\/?s={search_term_string}"},"query-input":{"@type":"PropertyValueSpecification","valueRequired":true,"valueName":"search_term_string"}}],"inLanguage":"fi"},{"@type":"Organization","@id":"https:\/\/vaasanvaalipiirinvihreat.fi\/#organization","name":"vaasanvaalipiirinvihreat.fi","alternateName":"Vaasan vaalipiirin vihre\u00e4t - De Gr\u00f6na i Vasa valkrets","url":"https:\/\/vaasanvaalipiirinvihreat.fi\/","logo":{"@type":"ImageObject","inLanguage":"fi","@id":"https:\/\/vaasanvaalipiirinvihreat.fi\/#\/schema\/logo\/image\/","url":"https:\/\/vaasanvaalipiirinvihreat.fi\/wp-content\/uploads\/2025\/01\/Vihreat_Logo_HOR_RGB_FIN_SWE.png","contentUrl":"https:\/\/vaasanvaalipiirinvihreat.fi\/wp-content\/uploads\/2025\/01\/Vihreat_Logo_HOR_RGB_FIN_SWE.png","width":1162,"height":409,"caption":"vaasanvaalipiirinvihreat.fi"},"image":{"@id":"https:\/\/vaasanvaalipiirinvihreat.fi\/#\/schema\/logo\/image\/"},"sameAs":["https:\/\/www.facebook.com\/VaasanVaalipiirinVihreat"]},{"@type":"Person","@id":"https:\/\/vaasanvaalipiirinvihreat.fi\/#\/schema\/person\/d9205350c2a3b344c419b954e66c3daf","name":"Yll\u00e4pit\u00e4j\u00e4","url":"https:\/\/vaasanvaalipiirinvihreat.fi\/index.php\/author\/sivustomestari\/"}]}},"_links":{"self":[{"href":"https:\/\/vaasanvaalipiirinvihreat.fi\/index.php\/wp-json\/wp\/v2\/posts\/1881","targetHints":{"allow":["GET"]}}],"collection":[{"href":"https:\/\/vaasanvaalipiirinvihreat.fi\/index.php\/wp-json\/wp\/v2\/posts"}],"about":[{"href":"https:\/\/vaasanvaalipiirinvihreat.fi\/index.php\/wp-json\/wp\/v2\/types\/post"}],"author":[{"embeddable":true,"href":"https:\/\/vaasanvaalipiirinvihreat.fi\/index.php\/wp-json\/wp\/v2\/users\/2"}],"replies":[{"embeddable":true,"href":"https:\/\/vaasanvaalipiirinvihreat.fi\/index.php\/wp-json\/wp\/v2\/comments?post=1881"}],"version-history":[{"count":1,"href":"https:\/\/vaasanvaalipiirinvihreat.fi\/index.php\/wp-json\/wp\/v2\/posts\/1881\/revisions"}],"predecessor-version":[{"id":2214,"href":"https:\/\/vaasanvaalipiirinvihreat.fi\/index.php\/wp-json\/wp\/v2\/posts\/1881\/revisions\/2214"}],"wp:featuredmedia":[{"embeddable":true,"href":"https:\/\/vaasanvaalipiirinvihreat.fi\/index.php\/wp-json\/wp\/v2\/media\/2215"}],"wp:attachment":[{"href":"https:\/\/vaasanvaalipiirinvihreat.fi\/index.php\/wp-json\/wp\/v2\/media?parent=1881"}],"wp:term":[{"taxonomy":"category","embeddable":true,"href":"https:\/\/vaasanvaalipiirinvihreat.fi\/index.php\/wp-json\/wp\/v2\/categories?post=1881"},{"taxonomy":"post_tag","embeddable":true,"href":"https:\/\/vaasanvaalipiirinvihreat.fi\/index.php\/wp-json\/wp\/v2\/tags?post=1881"}],"curies":[{"name":"wp","href":"https:\/\/api.w.org\/{rel}","templated":true}]}}