{"id":1894,"date":"2024-03-06T17:37:23","date_gmt":"2024-03-06T15:37:23","guid":{"rendered":"http:\/\/www.vavavi.fi\/?p=1894"},"modified":"2025-01-20T17:19:34","modified_gmt":"2025-01-20T15:19:34","slug":"jenni-kuisti-etelapohjalainen-liha-ideologia","status":"publish","type":"post","link":"https:\/\/vaasanvaalipiirinvihreat.fi\/index.php\/2024\/03\/06\/jenni-kuisti-etelapohjalainen-liha-ideologia\/","title":{"rendered":"Jenni Kuisti: Etel\u00e4pohjalainen liha-ideologia"},"content":{"rendered":"\n<p>T\u00e4h\u00e4n menness\u00e4 on jo tullut selv\u00e4ksi, ett\u00e4 maalaisj\u00e4rki tarkoittaa eri ihmisille hyvin eri asioita, mutta silti haluan nyt k\u00e4ytt\u00e4\u00e4 sit\u00e4 sanaa. Pid\u00e4n itse\u00e4ni vahvasti maalaisj\u00e4rkisen\u00e4. Asun maaseudulla, olen kasvanut maatilan pihapiiriss\u00e4, hoitanut monia erilaisia el\u00e4imi\u00e4 ja harventanut kasvimaata kyll\u00e4stymiseen saakka.&nbsp;<\/p>\n\n\n\n<p>Maatalous on yksi suurimman arvostukseni saavista aloista. Me tulemme aina tarvitsemaan alan osaamista ja maatalous tulee olemaan suuressa roolissa my\u00f6s monien ymp\u00e4rist\u00f6\u00f6mme liittyvien haasteiden ratkaisuissa. N\u00e4en my\u00f6s el\u00e4imet osana t\u00e4t\u00e4 yht\u00e4l\u00f6\u00e4, kuten my\u00f6s vihreiden maatalouspoliittisessa ohjelmassa n\u00e4hd\u00e4\u00e4n.<\/p>\n\n\n\n<p>Samaan aikaan Provinssin linjauksen kasvipohjaisen ruuan lis\u00e4\u00e4miseen pyrkivist\u00e4 toimista ovat j\u00e4rkevi\u00e4 ja oikeansuuntaisia, eiv\u00e4tk\u00e4 n\u00e4m\u00e4 asiat ole kesken\u00e4\u00e4n ristiriidassa. Meill\u00e4 on laajasti tutkimustuloksia eri n\u00e4k\u00f6kulmista siit\u00e4, ett\u00e4 kasvisten osuutta ruokavaliossa on syyt\u00e4 lis\u00e4t\u00e4. Se ei ole ideologiaa, vaan kylm\u00e4\u00e4 faktaa.&nbsp;<\/p>\n\n\n\n<p>Olen jo vuosia pyrkinyt valitsemaan mahdollisimman usein kasvisvaihtoehdon ja arvostan kaikkea p\u00e4\u00e4t\u00f6ksentekoa, joka tekee siit\u00e4 helppoa ja kannustavaa. Provinssissa on ensi kes\u00e4n\u00e4kin tarjolla lihaa, mutta sen vaihtaminen v\u00e4lill\u00e4 vegaaniannokseen saattaisi tehd\u00e4 hyv\u00e4\u00e4 itse kullekin.<\/p>\n\n\n\n<p>MTK:n toiminnanjohtaja Ojaniemi totesi Ilkka-Pohjalaisessa 15.2., ett\u00e4 kotimaisen ruokaketjun kanssa tulisi tehd\u00e4 yhteisty\u00f6t\u00e4, eik\u00e4 rummuttaa yht\u00e4 ideologiaa. En tied\u00e4 miksi MTK ja moni muukin tuntuu jatkuvasti unohtavan, ett\u00e4 kotimaassamme, l\u00e4hell\u00e4kin, tuotetaan my\u00f6s paljon kasviksia ja jatkojalostetaan niit\u00e4 edelleen erilaisiksi tuotteiksi.&nbsp;<\/p>\n\n\n\n<p>Kun mietin sit\u00e4 tapaa, jolla mummuni k\u00e4ytti el\u00e4intuotteita ja miten suuri osuus ruuasta tuli kasvimaalta&nbsp; ja mets\u00e4st\u00e4, on nykyinen el\u00e4intuotteiden k\u00e4ytt\u00f6 aikamoista pr\u00f6yst\u00e4ily\u00e4. Meid\u00e4n kaikkien terveydelle ja yhteiselle ymp\u00e4rist\u00f6llemme on hyv\u00e4 pyrki\u00e4 takaisin l\u00e4hemm\u00e4s mummuni tapoja. Lihansy\u00f6ntih\u00e4n on lis\u00e4\u00e4ntynyt viime vuosikymmenin\u00e4 huimaa tahtia.&nbsp;<\/p>\n\n\n\n<p>Mietinkin vallitseeko meill\u00e4 sittenkin jonkinlainen liha-ideologia, joka syrj\u00e4ytt\u00e4\u00e4 terveen maalaisj\u00e4rjen ja tieteellisen tiedon? Kun lihansy\u00f6nnin v\u00e4hent\u00e4minen tavoitteena mainitaan jossain, iskee ideologian sumentamana pakottava tarve kommentoida somekeskusteluihin ja samaan aikaan sy\u00f6d\u00e4 vain lis\u00e4\u00e4 lihaa. No t\u00e4m\u00e4 oli huumoria, mutta juuri niin absurdilta keskustelu v\u00e4lill\u00e4 vaikuttaa.<\/p>\n\n\n\n<p><strong>Jenni Kuisti<\/strong><\/p>\n\n\n\n<p><em>Kuisti toimii valtuutettuna Etel\u00e4-Pohjanmaan hyvinvointialueella ja Alaj\u00e4rven kaupunginvaltuustossa<\/em><\/p>\n","protected":false},"excerpt":{"rendered":"<p>T\u00e4h\u00e4n menness\u00e4 on jo tullut selv\u00e4ksi, ett\u00e4 maalaisj\u00e4rki tarkoittaa eri ihmisille hyvin eri asioita, mutta silti haluan nyt k\u00e4ytt\u00e4\u00e4 sit\u00e4 sanaa. Pid\u00e4n itse\u00e4ni vahvasti maalaisj\u00e4rkisen\u00e4. Asun maaseudulla, olen kasvanut maatilan pihapiiriss\u00e4, hoitanut monia erilaisia el\u00e4imi\u00e4 ja harventanut kasvimaata kyll\u00e4stymiseen saakka.&nbsp; Maatalous on yksi suurimman arvostukseni saavista aloista. Me tulemme aina tarvitsemaan alan osaamista ja maatalous [&hellip;]<\/p>\n","protected":false},"author":2,"featured_media":2216,"comment_status":"closed","ping_status":"closed","sticky":false,"template":"","format":"standard","meta":{"footnotes":""},"categories":[2],"tags":[10,11,12,13,14,15],"class_list":["post-1894","post","type-post","status-publish","format-standard","has-post-thumbnail","hentry","category-tiedotteet","tag-etela-pohjanmaa","tag-ideologia","tag-kasvisruoka","tag-liha","tag-lihansyonti","tag-maatalous"],"yoast_head":"<!-- This site is optimized with the Yoast SEO plugin v27.5 - https:\/\/yoast.com\/product\/yoast-seo-wordpress\/ -->\n<title>Jenni Kuisti: Etel\u00e4pohjalainen liha-ideologia - vaasanvaalipiirinvihreat.fi<\/title>\n<meta name=\"robots\" content=\"index, follow, max-snippet:-1, max-image-preview:large, max-video-preview:-1\" \/>\n<link rel=\"canonical\" href=\"https:\/\/vaasanvaalipiirinvihreat.fi\/index.php\/2024\/03\/06\/jenni-kuisti-etelapohjalainen-liha-ideologia\/\" \/>\n<meta property=\"og:locale\" content=\"fi_FI\" \/>\n<meta property=\"og:type\" content=\"article\" \/>\n<meta property=\"og:title\" content=\"Jenni Kuisti: Etel\u00e4pohjalainen liha-ideologia - vaasanvaalipiirinvihreat.fi\" \/>\n<meta property=\"og:description\" content=\"T\u00e4h\u00e4n menness\u00e4 on jo tullut selv\u00e4ksi, ett\u00e4 maalaisj\u00e4rki tarkoittaa eri ihmisille hyvin eri asioita, mutta silti haluan nyt k\u00e4ytt\u00e4\u00e4 sit\u00e4 sanaa. Pid\u00e4n itse\u00e4ni vahvasti maalaisj\u00e4rkisen\u00e4. Asun maaseudulla, olen kasvanut maatilan pihapiiriss\u00e4, hoitanut monia erilaisia el\u00e4imi\u00e4 ja harventanut kasvimaata kyll\u00e4stymiseen saakka.&nbsp; Maatalous on yksi suurimman arvostukseni saavista aloista. Me tulemme aina tarvitsemaan alan osaamista ja maatalous [&hellip;]\" \/>\n<meta property=\"og:url\" content=\"https:\/\/vaasanvaalipiirinvihreat.fi\/index.php\/2024\/03\/06\/jenni-kuisti-etelapohjalainen-liha-ideologia\/\" \/>\n<meta property=\"og:site_name\" content=\"vaasanvaalipiirinvihreat.fi\" \/>\n<meta property=\"article:publisher\" content=\"https:\/\/www.facebook.com\/VaasanVaalipiirinVihreat\" \/>\n<meta property=\"article:published_time\" content=\"2024-03-06T15:37:23+00:00\" \/>\n<meta property=\"article:modified_time\" content=\"2025-01-20T15:19:34+00:00\" \/>\n<meta property=\"og:image\" content=\"https:\/\/vaasanvaalipiirinvihreat.fi\/wp-content\/uploads\/2025\/01\/Jenni-Kuisti-842kt.jpeg\" \/>\n\t<meta property=\"og:image:width\" content=\"2048\" \/>\n\t<meta property=\"og:image:height\" content=\"1365\" \/>\n\t<meta property=\"og:image:type\" content=\"image\/jpeg\" \/>\n<meta name=\"author\" content=\"Yll\u00e4pit\u00e4j\u00e4\" \/>\n<meta name=\"twitter:card\" content=\"summary_large_image\" \/>\n<meta name=\"twitter:label1\" content=\"Kirjoittanut\" \/>\n\t<meta name=\"twitter:data1\" content=\"Yll\u00e4pit\u00e4j\u00e4\" \/>\n\t<meta name=\"twitter:label2\" content=\"Arvioitu lukuaika\" \/>\n\t<meta name=\"twitter:data2\" content=\"2 minuuttia\" \/>\n<script type=\"application\/ld+json\" class=\"yoast-schema-graph\">{\"@context\":\"https:\\\/\\\/schema.org\",\"@graph\":[{\"@type\":\"Article\",\"@id\":\"https:\\\/\\\/vaasanvaalipiirinvihreat.fi\\\/index.php\\\/2024\\\/03\\\/06\\\/jenni-kuisti-etelapohjalainen-liha-ideologia\\\/#article\",\"isPartOf\":{\"@id\":\"https:\\\/\\\/vaasanvaalipiirinvihreat.fi\\\/index.php\\\/2024\\\/03\\\/06\\\/jenni-kuisti-etelapohjalainen-liha-ideologia\\\/\"},\"author\":{\"name\":\"Yll\u00e4pit\u00e4j\u00e4\",\"@id\":\"https:\\\/\\\/vaasanvaalipiirinvihreat.fi\\\/#\\\/schema\\\/person\\\/d9205350c2a3b344c419b954e66c3daf\"},\"headline\":\"Jenni Kuisti: Etel\u00e4pohjalainen liha-ideologia\",\"datePublished\":\"2024-03-06T15:37:23+00:00\",\"dateModified\":\"2025-01-20T15:19:34+00:00\",\"mainEntityOfPage\":{\"@id\":\"https:\\\/\\\/vaasanvaalipiirinvihreat.fi\\\/index.php\\\/2024\\\/03\\\/06\\\/jenni-kuisti-etelapohjalainen-liha-ideologia\\\/\"},\"wordCount\":361,\"publisher\":{\"@id\":\"https:\\\/\\\/vaasanvaalipiirinvihreat.fi\\\/#organization\"},\"image\":{\"@id\":\"https:\\\/\\\/vaasanvaalipiirinvihreat.fi\\\/index.php\\\/2024\\\/03\\\/06\\\/jenni-kuisti-etelapohjalainen-liha-ideologia\\\/#primaryimage\"},\"thumbnailUrl\":\"https:\\\/\\\/vaasanvaalipiirinvihreat.fi\\\/wp-content\\\/uploads\\\/2025\\\/01\\\/Jenni-Kuisti-842kt.jpeg\",\"keywords\":[\"etel\u00e4-pohjanmaa\",\"ideologia\",\"kasvisruoka\",\"liha\",\"lihansy\u00f6nti\",\"maatalous\"],\"articleSection\":[\"Tiedotteet\"],\"inLanguage\":\"fi\"},{\"@type\":\"WebPage\",\"@id\":\"https:\\\/\\\/vaasanvaalipiirinvihreat.fi\\\/index.php\\\/2024\\\/03\\\/06\\\/jenni-kuisti-etelapohjalainen-liha-ideologia\\\/\",\"url\":\"https:\\\/\\\/vaasanvaalipiirinvihreat.fi\\\/index.php\\\/2024\\\/03\\\/06\\\/jenni-kuisti-etelapohjalainen-liha-ideologia\\\/\",\"name\":\"Jenni Kuisti: Etel\u00e4pohjalainen liha-ideologia - vaasanvaalipiirinvihreat.fi\",\"isPartOf\":{\"@id\":\"https:\\\/\\\/vaasanvaalipiirinvihreat.fi\\\/#website\"},\"primaryImageOfPage\":{\"@id\":\"https:\\\/\\\/vaasanvaalipiirinvihreat.fi\\\/index.php\\\/2024\\\/03\\\/06\\\/jenni-kuisti-etelapohjalainen-liha-ideologia\\\/#primaryimage\"},\"image\":{\"@id\":\"https:\\\/\\\/vaasanvaalipiirinvihreat.fi\\\/index.php\\\/2024\\\/03\\\/06\\\/jenni-kuisti-etelapohjalainen-liha-ideologia\\\/#primaryimage\"},\"thumbnailUrl\":\"https:\\\/\\\/vaasanvaalipiirinvihreat.fi\\\/wp-content\\\/uploads\\\/2025\\\/01\\\/Jenni-Kuisti-842kt.jpeg\",\"datePublished\":\"2024-03-06T15:37:23+00:00\",\"dateModified\":\"2025-01-20T15:19:34+00:00\",\"breadcrumb\":{\"@id\":\"https:\\\/\\\/vaasanvaalipiirinvihreat.fi\\\/index.php\\\/2024\\\/03\\\/06\\\/jenni-kuisti-etelapohjalainen-liha-ideologia\\\/#breadcrumb\"},\"inLanguage\":\"fi\",\"potentialAction\":[{\"@type\":\"ReadAction\",\"target\":[\"https:\\\/\\\/vaasanvaalipiirinvihreat.fi\\\/index.php\\\/2024\\\/03\\\/06\\\/jenni-kuisti-etelapohjalainen-liha-ideologia\\\/\"]}]},{\"@type\":\"ImageObject\",\"inLanguage\":\"fi\",\"@id\":\"https:\\\/\\\/vaasanvaalipiirinvihreat.fi\\\/index.php\\\/2024\\\/03\\\/06\\\/jenni-kuisti-etelapohjalainen-liha-ideologia\\\/#primaryimage\",\"url\":\"https:\\\/\\\/vaasanvaalipiirinvihreat.fi\\\/wp-content\\\/uploads\\\/2025\\\/01\\\/Jenni-Kuisti-842kt.jpeg\",\"contentUrl\":\"https:\\\/\\\/vaasanvaalipiirinvihreat.fi\\\/wp-content\\\/uploads\\\/2025\\\/01\\\/Jenni-Kuisti-842kt.jpeg\",\"width\":2048,\"height\":1365},{\"@type\":\"BreadcrumbList\",\"@id\":\"https:\\\/\\\/vaasanvaalipiirinvihreat.fi\\\/index.php\\\/2024\\\/03\\\/06\\\/jenni-kuisti-etelapohjalainen-liha-ideologia\\\/#breadcrumb\",\"itemListElement\":[{\"@type\":\"ListItem\",\"position\":1,\"name\":\"Etusivu\",\"item\":\"https:\\\/\\\/vaasanvaalipiirinvihreat.fi\\\/\"},{\"@type\":\"ListItem\",\"position\":2,\"name\":\"Jenni Kuisti: Etel\u00e4pohjalainen liha-ideologia\"}]},{\"@type\":\"WebSite\",\"@id\":\"https:\\\/\\\/vaasanvaalipiirinvihreat.fi\\\/#website\",\"url\":\"https:\\\/\\\/vaasanvaalipiirinvihreat.fi\\\/\",\"name\":\"vaasanvaalipiirinvihreat.fi\",\"description\":\"Vaasan vaalipiirin vihre\u00e4t - De Gr\u00f6na i Vasa valkrets\",\"publisher\":{\"@id\":\"https:\\\/\\\/vaasanvaalipiirinvihreat.fi\\\/#organization\"},\"potentialAction\":[{\"@type\":\"SearchAction\",\"target\":{\"@type\":\"EntryPoint\",\"urlTemplate\":\"https:\\\/\\\/vaasanvaalipiirinvihreat.fi\\\/?s={search_term_string}\"},\"query-input\":{\"@type\":\"PropertyValueSpecification\",\"valueRequired\":true,\"valueName\":\"search_term_string\"}}],\"inLanguage\":\"fi\"},{\"@type\":\"Organization\",\"@id\":\"https:\\\/\\\/vaasanvaalipiirinvihreat.fi\\\/#organization\",\"name\":\"vaasanvaalipiirinvihreat.fi\",\"alternateName\":\"Vaasan vaalipiirin vihre\u00e4t - De Gr\u00f6na i Vasa valkrets\",\"url\":\"https:\\\/\\\/vaasanvaalipiirinvihreat.fi\\\/\",\"logo\":{\"@type\":\"ImageObject\",\"inLanguage\":\"fi\",\"@id\":\"https:\\\/\\\/vaasanvaalipiirinvihreat.fi\\\/#\\\/schema\\\/logo\\\/image\\\/\",\"url\":\"https:\\\/\\\/vaasanvaalipiirinvihreat.fi\\\/wp-content\\\/uploads\\\/2025\\\/01\\\/Vihreat_Logo_HOR_RGB_FIN_SWE.png\",\"contentUrl\":\"https:\\\/\\\/vaasanvaalipiirinvihreat.fi\\\/wp-content\\\/uploads\\\/2025\\\/01\\\/Vihreat_Logo_HOR_RGB_FIN_SWE.png\",\"width\":1162,\"height\":409,\"caption\":\"vaasanvaalipiirinvihreat.fi\"},\"image\":{\"@id\":\"https:\\\/\\\/vaasanvaalipiirinvihreat.fi\\\/#\\\/schema\\\/logo\\\/image\\\/\"},\"sameAs\":[\"https:\\\/\\\/www.facebook.com\\\/VaasanVaalipiirinVihreat\"]},{\"@type\":\"Person\",\"@id\":\"https:\\\/\\\/vaasanvaalipiirinvihreat.fi\\\/#\\\/schema\\\/person\\\/d9205350c2a3b344c419b954e66c3daf\",\"name\":\"Yll\u00e4pit\u00e4j\u00e4\",\"url\":\"https:\\\/\\\/vaasanvaalipiirinvihreat.fi\\\/index.php\\\/author\\\/sivustomestari\\\/\"}]}<\/script>\n<!-- \/ Yoast SEO plugin. -->","yoast_head_json":{"title":"Jenni Kuisti: Etel\u00e4pohjalainen liha-ideologia - vaasanvaalipiirinvihreat.fi","robots":{"index":"index","follow":"follow","max-snippet":"max-snippet:-1","max-image-preview":"max-image-preview:large","max-video-preview":"max-video-preview:-1"},"canonical":"https:\/\/vaasanvaalipiirinvihreat.fi\/index.php\/2024\/03\/06\/jenni-kuisti-etelapohjalainen-liha-ideologia\/","og_locale":"fi_FI","og_type":"article","og_title":"Jenni Kuisti: Etel\u00e4pohjalainen liha-ideologia - vaasanvaalipiirinvihreat.fi","og_description":"T\u00e4h\u00e4n menness\u00e4 on jo tullut selv\u00e4ksi, ett\u00e4 maalaisj\u00e4rki tarkoittaa eri ihmisille hyvin eri asioita, mutta silti haluan nyt k\u00e4ytt\u00e4\u00e4 sit\u00e4 sanaa. Pid\u00e4n itse\u00e4ni vahvasti maalaisj\u00e4rkisen\u00e4. Asun maaseudulla, olen kasvanut maatilan pihapiiriss\u00e4, hoitanut monia erilaisia el\u00e4imi\u00e4 ja harventanut kasvimaata kyll\u00e4stymiseen saakka.&nbsp; Maatalous on yksi suurimman arvostukseni saavista aloista. Me tulemme aina tarvitsemaan alan osaamista ja maatalous [&hellip;]","og_url":"https:\/\/vaasanvaalipiirinvihreat.fi\/index.php\/2024\/03\/06\/jenni-kuisti-etelapohjalainen-liha-ideologia\/","og_site_name":"vaasanvaalipiirinvihreat.fi","article_publisher":"https:\/\/www.facebook.com\/VaasanVaalipiirinVihreat","article_published_time":"2024-03-06T15:37:23+00:00","article_modified_time":"2025-01-20T15:19:34+00:00","og_image":[{"width":2048,"height":1365,"url":"https:\/\/vaasanvaalipiirinvihreat.fi\/wp-content\/uploads\/2025\/01\/Jenni-Kuisti-842kt.jpeg","type":"image\/jpeg"}],"author":"Yll\u00e4pit\u00e4j\u00e4","twitter_card":"summary_large_image","twitter_misc":{"Kirjoittanut":"Yll\u00e4pit\u00e4j\u00e4","Arvioitu lukuaika":"2 minuuttia"},"schema":{"@context":"https:\/\/schema.org","@graph":[{"@type":"Article","@id":"https:\/\/vaasanvaalipiirinvihreat.fi\/index.php\/2024\/03\/06\/jenni-kuisti-etelapohjalainen-liha-ideologia\/#article","isPartOf":{"@id":"https:\/\/vaasanvaalipiirinvihreat.fi\/index.php\/2024\/03\/06\/jenni-kuisti-etelapohjalainen-liha-ideologia\/"},"author":{"name":"Yll\u00e4pit\u00e4j\u00e4","@id":"https:\/\/vaasanvaalipiirinvihreat.fi\/#\/schema\/person\/d9205350c2a3b344c419b954e66c3daf"},"headline":"Jenni Kuisti: Etel\u00e4pohjalainen liha-ideologia","datePublished":"2024-03-06T15:37:23+00:00","dateModified":"2025-01-20T15:19:34+00:00","mainEntityOfPage":{"@id":"https:\/\/vaasanvaalipiirinvihreat.fi\/index.php\/2024\/03\/06\/jenni-kuisti-etelapohjalainen-liha-ideologia\/"},"wordCount":361,"publisher":{"@id":"https:\/\/vaasanvaalipiirinvihreat.fi\/#organization"},"image":{"@id":"https:\/\/vaasanvaalipiirinvihreat.fi\/index.php\/2024\/03\/06\/jenni-kuisti-etelapohjalainen-liha-ideologia\/#primaryimage"},"thumbnailUrl":"https:\/\/vaasanvaalipiirinvihreat.fi\/wp-content\/uploads\/2025\/01\/Jenni-Kuisti-842kt.jpeg","keywords":["etel\u00e4-pohjanmaa","ideologia","kasvisruoka","liha","lihansy\u00f6nti","maatalous"],"articleSection":["Tiedotteet"],"inLanguage":"fi"},{"@type":"WebPage","@id":"https:\/\/vaasanvaalipiirinvihreat.fi\/index.php\/2024\/03\/06\/jenni-kuisti-etelapohjalainen-liha-ideologia\/","url":"https:\/\/vaasanvaalipiirinvihreat.fi\/index.php\/2024\/03\/06\/jenni-kuisti-etelapohjalainen-liha-ideologia\/","name":"Jenni Kuisti: Etel\u00e4pohjalainen liha-ideologia - vaasanvaalipiirinvihreat.fi","isPartOf":{"@id":"https:\/\/vaasanvaalipiirinvihreat.fi\/#website"},"primaryImageOfPage":{"@id":"https:\/\/vaasanvaalipiirinvihreat.fi\/index.php\/2024\/03\/06\/jenni-kuisti-etelapohjalainen-liha-ideologia\/#primaryimage"},"image":{"@id":"https:\/\/vaasanvaalipiirinvihreat.fi\/index.php\/2024\/03\/06\/jenni-kuisti-etelapohjalainen-liha-ideologia\/#primaryimage"},"thumbnailUrl":"https:\/\/vaasanvaalipiirinvihreat.fi\/wp-content\/uploads\/2025\/01\/Jenni-Kuisti-842kt.jpeg","datePublished":"2024-03-06T15:37:23+00:00","dateModified":"2025-01-20T15:19:34+00:00","breadcrumb":{"@id":"https:\/\/vaasanvaalipiirinvihreat.fi\/index.php\/2024\/03\/06\/jenni-kuisti-etelapohjalainen-liha-ideologia\/#breadcrumb"},"inLanguage":"fi","potentialAction":[{"@type":"ReadAction","target":["https:\/\/vaasanvaalipiirinvihreat.fi\/index.php\/2024\/03\/06\/jenni-kuisti-etelapohjalainen-liha-ideologia\/"]}]},{"@type":"ImageObject","inLanguage":"fi","@id":"https:\/\/vaasanvaalipiirinvihreat.fi\/index.php\/2024\/03\/06\/jenni-kuisti-etelapohjalainen-liha-ideologia\/#primaryimage","url":"https:\/\/vaasanvaalipiirinvihreat.fi\/wp-content\/uploads\/2025\/01\/Jenni-Kuisti-842kt.jpeg","contentUrl":"https:\/\/vaasanvaalipiirinvihreat.fi\/wp-content\/uploads\/2025\/01\/Jenni-Kuisti-842kt.jpeg","width":2048,"height":1365},{"@type":"BreadcrumbList","@id":"https:\/\/vaasanvaalipiirinvihreat.fi\/index.php\/2024\/03\/06\/jenni-kuisti-etelapohjalainen-liha-ideologia\/#breadcrumb","itemListElement":[{"@type":"ListItem","position":1,"name":"Etusivu","item":"https:\/\/vaasanvaalipiirinvihreat.fi\/"},{"@type":"ListItem","position":2,"name":"Jenni Kuisti: Etel\u00e4pohjalainen liha-ideologia"}]},{"@type":"WebSite","@id":"https:\/\/vaasanvaalipiirinvihreat.fi\/#website","url":"https:\/\/vaasanvaalipiirinvihreat.fi\/","name":"vaasanvaalipiirinvihreat.fi","description":"Vaasan vaalipiirin vihre\u00e4t - De Gr\u00f6na i Vasa valkrets","publisher":{"@id":"https:\/\/vaasanvaalipiirinvihreat.fi\/#organization"},"potentialAction":[{"@type":"SearchAction","target":{"@type":"EntryPoint","urlTemplate":"https:\/\/vaasanvaalipiirinvihreat.fi\/?s={search_term_string}"},"query-input":{"@type":"PropertyValueSpecification","valueRequired":true,"valueName":"search_term_string"}}],"inLanguage":"fi"},{"@type":"Organization","@id":"https:\/\/vaasanvaalipiirinvihreat.fi\/#organization","name":"vaasanvaalipiirinvihreat.fi","alternateName":"Vaasan vaalipiirin vihre\u00e4t - De Gr\u00f6na i Vasa valkrets","url":"https:\/\/vaasanvaalipiirinvihreat.fi\/","logo":{"@type":"ImageObject","inLanguage":"fi","@id":"https:\/\/vaasanvaalipiirinvihreat.fi\/#\/schema\/logo\/image\/","url":"https:\/\/vaasanvaalipiirinvihreat.fi\/wp-content\/uploads\/2025\/01\/Vihreat_Logo_HOR_RGB_FIN_SWE.png","contentUrl":"https:\/\/vaasanvaalipiirinvihreat.fi\/wp-content\/uploads\/2025\/01\/Vihreat_Logo_HOR_RGB_FIN_SWE.png","width":1162,"height":409,"caption":"vaasanvaalipiirinvihreat.fi"},"image":{"@id":"https:\/\/vaasanvaalipiirinvihreat.fi\/#\/schema\/logo\/image\/"},"sameAs":["https:\/\/www.facebook.com\/VaasanVaalipiirinVihreat"]},{"@type":"Person","@id":"https:\/\/vaasanvaalipiirinvihreat.fi\/#\/schema\/person\/d9205350c2a3b344c419b954e66c3daf","name":"Yll\u00e4pit\u00e4j\u00e4","url":"https:\/\/vaasanvaalipiirinvihreat.fi\/index.php\/author\/sivustomestari\/"}]}},"_links":{"self":[{"href":"https:\/\/vaasanvaalipiirinvihreat.fi\/index.php\/wp-json\/wp\/v2\/posts\/1894","targetHints":{"allow":["GET"]}}],"collection":[{"href":"https:\/\/vaasanvaalipiirinvihreat.fi\/index.php\/wp-json\/wp\/v2\/posts"}],"about":[{"href":"https:\/\/vaasanvaalipiirinvihreat.fi\/index.php\/wp-json\/wp\/v2\/types\/post"}],"author":[{"embeddable":true,"href":"https:\/\/vaasanvaalipiirinvihreat.fi\/index.php\/wp-json\/wp\/v2\/users\/2"}],"replies":[{"embeddable":true,"href":"https:\/\/vaasanvaalipiirinvihreat.fi\/index.php\/wp-json\/wp\/v2\/comments?post=1894"}],"version-history":[{"count":1,"href":"https:\/\/vaasanvaalipiirinvihreat.fi\/index.php\/wp-json\/wp\/v2\/posts\/1894\/revisions"}],"predecessor-version":[{"id":2217,"href":"https:\/\/vaasanvaalipiirinvihreat.fi\/index.php\/wp-json\/wp\/v2\/posts\/1894\/revisions\/2217"}],"wp:featuredmedia":[{"embeddable":true,"href":"https:\/\/vaasanvaalipiirinvihreat.fi\/index.php\/wp-json\/wp\/v2\/media\/2216"}],"wp:attachment":[{"href":"https:\/\/vaasanvaalipiirinvihreat.fi\/index.php\/wp-json\/wp\/v2\/media?parent=1894"}],"wp:term":[{"taxonomy":"category","embeddable":true,"href":"https:\/\/vaasanvaalipiirinvihreat.fi\/index.php\/wp-json\/wp\/v2\/categories?post=1894"},{"taxonomy":"post_tag","embeddable":true,"href":"https:\/\/vaasanvaalipiirinvihreat.fi\/index.php\/wp-json\/wp\/v2\/tags?post=1894"}],"curies":[{"name":"wp","href":"https:\/\/api.w.org\/{rel}","templated":true}]}}