{"id":1907,"date":"2024-04-08T13:59:26","date_gmt":"2024-04-08T11:59:26","guid":{"rendered":"http:\/\/www.vavavi.fi\/?p=1907"},"modified":"2025-01-20T17:19:36","modified_gmt":"2025-01-20T15:19:36","slug":"vihreiden-puheenjohtaja-sofia-virta-vaasassa-hallitus-ei-voi-ummistaa-silmiaan-neljaksi-vuodeksi-tai-nukumme-suurien-investointien-ohi","status":"publish","type":"post","link":"https:\/\/vaasanvaalipiirinvihreat.fi\/index.php\/2024\/04\/08\/vihreiden-puheenjohtaja-sofia-virta-vaasassa-hallitus-ei-voi-ummistaa-silmiaan-neljaksi-vuodeksi-tai-nukumme-suurien-investointien-ohi\/","title":{"rendered":"Vihreiden puheenjohtaja Sofia Virta Vaasassa: \u201cHallitus ei voi ummistaa silmi\u00e4\u00e4n nelj\u00e4ksi vuodeksi tai nukumme suurien investointien ohi\u201d"},"content":{"rendered":"\n<p><em>Vihreiden puheenjohtaja Sofia Virta, europarlamentaarikko Ville Niinist\u00f6 ja kansanedustaja Krista Mikkonen vierailivat viikonloppuna Sein\u00e4joella, Vaasassa ja Kokkolassa. Tapaamisissa Vihreiden viesti paikallisille oli selv\u00e4: puolue vaatii hallitukselta ratkaisuja alueen ty\u00f6voimapulaan ja visiota vakaalle investointiymp\u00e4rist\u00f6lle. <\/em><em><br><\/em><br>Vaasassa tapaamisessa Pohjanmaan kauppakamarin ja Vaasan vaalipiirin Vihreiden kanssa Sofia Virta kertoi per\u00e4\u00e4nkuuluttavansa hallitukselta visiota siit\u00e4, miten Suomi varmistaa, ett\u00e4 j\u00e4tti-investoinnit eiv\u00e4t karkaa muualle. Viime viikolla uutisoitiin, ett\u00e4 ter\u00e4syhti\u00f6 SSAB sijoittaa fossiilivapaan tuotantolaitoksensa Raahen sijaan Ruotsiin.&nbsp;&nbsp;&nbsp;<\/p>\n\n\n\n<p>\u2013 Miten Suomesta tulee puhtaan energian innovaatioiden suurvalta? Hallitus ei voi ummistaa silmi\u00e4\u00e4n nelj\u00e4ksi vuodeksi tai nukumme suurien investointien ohi, Virta painotti.&nbsp;<\/p>\n\n\n\n<p>My\u00f6s Pohjanmaan kauppakamarin toimitusjohtaja Paula Erkkil\u00e4 oli samoilla linjoilla Virran kanssa.&nbsp;&nbsp;<\/p>\n\n\n\n<p>\u2013 Toivon, ett\u00e4 p\u00e4\u00e4tt\u00e4j\u00e4t osaisivat katsoa tulevaisuuteen ja rakentaa pitk\u00e4lle kantavia visioita. Ei ole j\u00e4rke\u00e4 pumpata rahaa sellaisiin liiketoiminta-aloihin, joilla ei ole tulevaisuutta, vaan pit\u00e4isi panostaa siihen, miss\u00e4 on tulevaisuus ja miss\u00e4 investoitu raha tuo paljon hyv\u00e4\u00e4 monella tasolla, totesi Erkkil\u00e4.&nbsp;&nbsp;&nbsp;<\/p>\n\n\n\n<p>Vihreiden kansanedustaja, viime kaudella my\u00f6s ymp\u00e4rist\u00f6- ja ilmastoministerin\u00e4 toiminut Krista Mikkonen sanoi Vaasan seudun olevan mainio esimerkki siit\u00e4, miten alueelle on puhtaan energian ansiosta muodostunut yritysten keskittym\u00e4.&nbsp;<\/p>\n\n\n\n<p>\u2013 Se on tuonut t\u00e4nne paljon ty\u00f6paikkoja, ihmisi\u00e4 ja verotuloja. T\u00e4m\u00e4 on konkreettinen esimerkki siit\u00e4, ett\u00e4 kun tarjolla on puhdasta energiaa, niin my\u00f6s investointeja tulee alueelle. Eiv\u00e4t yritykset en\u00e4\u00e4 asetu paikkoihin, joissa on tarjolla vain fossiilista energiaa, koska sill\u00e4 ei ole tulevaisuutta. Yritykset tarvitsevat pitk\u00e4aikaista ja vakaata n\u00e4k\u00f6alaa investointien kannattavuudelle, Krista Mikkonen sanoi.&nbsp;<\/p>\n\n\n\n<p>Virta kertoo haastaneensa p\u00e4\u00e4ministeripuolue Kokoomusta aiheesta eduskunnassa useaan otteeseen.<\/p>\n\n\n\n<p>\u2013 Me Vihre\u00e4t kaipaamme Kokoomukselta arvojohtajuutta ja vastuunkantoa siit\u00e4, ett\u00e4 t\u00e4llaisia investointeja ei saa nyt menett\u00e4\u00e4, sill\u00e4 ne ovat Suomen taloudelle valtaisa mahdollisuus ja my\u00f6s hyvinvointiyhteiskunnan yll\u00e4pidon kannalta tilaisuus, jota meill\u00e4 ei ole varaa hukata, Virta korosti.&nbsp;<\/p>\n\n\n\n<p>Erkkil\u00e4ll\u00e4 oli my\u00f6s toinen painava viesti Vihreille p\u00e4\u00e4tt\u00e4jille: alueella ty\u00f6voimapula on aito ongelma, joka ei helpotu tai ratkea hallituksen nykyisell\u00e4 maahanmuuttopolitiikalla. Virran mukaan Vihre\u00e4t on haastanut hallitusta my\u00f6s siit\u00e4, miten se aikoo taata riitt\u00e4v\u00e4n ty\u00f6voiman suomalaisyrityksille.&nbsp;<\/p>\n\n\n\n<p>\u2013 Olen kysynyt hallitukselta lukuisia kertoja, miksi he eiv\u00e4t kuuntele yritysten viesti\u00e4 siit\u00e4, ett\u00e4 Suomi tarvitsee ty\u00f6voimaa ulkomailta. Nyt hallitus hidastaa yritysten kasvua tekem\u00e4ll\u00e4 Suomeen t\u00f6ihin tulemisesta vaikeaa, Virta kertoi.&nbsp;<\/p>\n\n\n\n<p>Europarlamentaarikko Ville Niinist\u00f6 painotti, ett\u00e4 Suomen on otettava hy\u00f6ty irti omista veto- ja pitovoimatekij\u00f6ist\u00e4\u00e4n.&nbsp;<br><br>\u2013 Kun puhun ulkomaalaisten yst\u00e4vieni ja kollegoideni kanssa, he korostavat sit\u00e4, miten arjen sujuvuus ja turvallisuus ovat yksil\u00f6lle rahanarvoisia asioita, joita Suomen tulisi hy\u00f6dynt\u00e4\u00e4 nykyist\u00e4 paremmin omassa br\u00e4ndity\u00f6ss\u00e4\u00e4n.&nbsp;<\/p>\n\n\n\n<p>Virta, Mikkonen ja Niinist\u00f6 halusivat my\u00f6s murtaa ennakkoluuloja ja laajentaa k\u00e4sityst\u00e4 Vihreist\u00e4.&nbsp;<\/p>\n\n\n\n<p>\u2013 Emme me ole viem\u00e4ss\u00e4 yrityksilt\u00e4 toimintaedellytyksi\u00e4 tai yksityishenkil\u00f6ilt\u00e4 mahdollisuuksia, p\u00e4in vastoin. Meid\u00e4n p\u00e4\u00e4tt\u00e4jien teht\u00e4v\u00e4 on kyet\u00e4 l\u00f6yt\u00e4m\u00e4\u00e4n ratkaisuja aikamme suurimpiin kysymyksiin, Virta sanoi.&nbsp;<\/p>\n\n\n\n<p>\u2013 Kyll\u00e4 me esimerkiksi ymm\u00e4rr\u00e4mme, ett\u00e4 saavutettavuus ovat meill\u00e4 Suomessa pitkien v\u00e4limatkojen vuoksi yritysten elinehto ja siksi lentoyhteyksi\u00e4kin tarvitaan. Samaan aikaan meid\u00e4n tulee parantaa raideverkostoa, jotta junamatkustaminen olisi entist\u00e4 kilpailukykyisempi vaihtoehto lent\u00e4miselle, my\u00f6sk\u00e4\u00e4n lent\u00e4misen haittojen verottomuus ei ole perusteltua, Mikkonen jatkoi.&nbsp;&nbsp;&nbsp;&nbsp;<\/p>\n","protected":false},"excerpt":{"rendered":"<p>Vihreiden puheenjohtaja Sofia Virta, europarlamentaarikko Ville Niinist\u00f6 ja kansanedustaja Krista Mikkonen vierailivat viikonloppuna Sein\u00e4joella, Vaasassa ja Kokkolassa. Tapaamisissa Vihreiden viesti paikallisille oli selv\u00e4: puolue vaatii hallitukselta ratkaisuja alueen ty\u00f6voimapulaan ja visiota vakaalle investointiymp\u00e4rist\u00f6lle. Vaasassa tapaamisessa Pohjanmaan kauppakamarin ja Vaasan vaalipiirin Vihreiden kanssa Sofia Virta kertoi per\u00e4\u00e4nkuuluttavansa hallitukselta visiota siit\u00e4, miten Suomi varmistaa, ett\u00e4 j\u00e4tti-investoinnit eiv\u00e4t [&hellip;]<\/p>\n","protected":false},"author":2,"featured_media":2222,"comment_status":"closed","ping_status":"closed","sticky":false,"template":"","format":"standard","meta":{"footnotes":""},"categories":[2],"tags":[16,17,18,19,20,21,22,23],"class_list":["post-1907","post","type-post","status-publish","format-standard","has-post-thumbnail","hentry","category-tiedotteet","tag-investoinnit","tag-investointiymparisto","tag-krista-mikkonen","tag-puhdas-energia","tag-sofia-virta","tag-tyovoimapula","tag-vaasa","tag-ville-niinisto"],"yoast_head":"<!-- This site is optimized with the Yoast SEO plugin v27.5 - https:\/\/yoast.com\/product\/yoast-seo-wordpress\/ -->\n<title>Vihreiden puheenjohtaja Sofia Virta Vaasassa: \u201cHallitus ei voi ummistaa silmi\u00e4\u00e4n nelj\u00e4ksi vuodeksi tai nukumme suurien investointien ohi\u201d - vaasanvaalipiirinvihreat.fi<\/title>\n<meta name=\"robots\" content=\"index, follow, max-snippet:-1, max-image-preview:large, max-video-preview:-1\" \/>\n<link rel=\"canonical\" href=\"https:\/\/vaasanvaalipiirinvihreat.fi\/index.php\/2024\/04\/08\/vihreiden-puheenjohtaja-sofia-virta-vaasassa-hallitus-ei-voi-ummistaa-silmiaan-neljaksi-vuodeksi-tai-nukumme-suurien-investointien-ohi\/\" \/>\n<meta property=\"og:locale\" content=\"fi_FI\" \/>\n<meta property=\"og:type\" content=\"article\" \/>\n<meta property=\"og:title\" content=\"Vihreiden puheenjohtaja Sofia Virta Vaasassa: \u201cHallitus ei voi ummistaa silmi\u00e4\u00e4n nelj\u00e4ksi vuodeksi tai nukumme suurien investointien ohi\u201d - vaasanvaalipiirinvihreat.fi\" \/>\n<meta property=\"og:description\" content=\"Vihreiden puheenjohtaja Sofia Virta, europarlamentaarikko Ville Niinist\u00f6 ja kansanedustaja Krista Mikkonen vierailivat viikonloppuna Sein\u00e4joella, Vaasassa ja Kokkolassa. Tapaamisissa Vihreiden viesti paikallisille oli selv\u00e4: puolue vaatii hallitukselta ratkaisuja alueen ty\u00f6voimapulaan ja visiota vakaalle investointiymp\u00e4rist\u00f6lle. Vaasassa tapaamisessa Pohjanmaan kauppakamarin ja Vaasan vaalipiirin Vihreiden kanssa Sofia Virta kertoi per\u00e4\u00e4nkuuluttavansa hallitukselta visiota siit\u00e4, miten Suomi varmistaa, ett\u00e4 j\u00e4tti-investoinnit eiv\u00e4t [&hellip;]\" \/>\n<meta property=\"og:url\" content=\"https:\/\/vaasanvaalipiirinvihreat.fi\/index.php\/2024\/04\/08\/vihreiden-puheenjohtaja-sofia-virta-vaasassa-hallitus-ei-voi-ummistaa-silmiaan-neljaksi-vuodeksi-tai-nukumme-suurien-investointien-ohi\/\" \/>\n<meta property=\"og:site_name\" content=\"vaasanvaalipiirinvihreat.fi\" \/>\n<meta property=\"article:publisher\" content=\"https:\/\/www.facebook.com\/VaasanVaalipiirinVihreat\" \/>\n<meta property=\"article:published_time\" content=\"2024-04-08T11:59:26+00:00\" \/>\n<meta property=\"article:modified_time\" content=\"2025-01-20T15:19:36+00:00\" \/>\n<meta property=\"og:image\" content=\"https:\/\/vaasanvaalipiirinvihreat.fi\/wp-content\/uploads\/2025\/01\/eurovaalikiertuekuva1-scaled-1.jpg\" \/>\n\t<meta property=\"og:image:width\" content=\"2560\" \/>\n\t<meta property=\"og:image:height\" content=\"1707\" \/>\n\t<meta property=\"og:image:type\" content=\"image\/jpeg\" \/>\n<meta name=\"author\" content=\"Yll\u00e4pit\u00e4j\u00e4\" \/>\n<meta name=\"twitter:card\" content=\"summary_large_image\" \/>\n<meta name=\"twitter:label1\" content=\"Kirjoittanut\" \/>\n\t<meta name=\"twitter:data1\" content=\"Yll\u00e4pit\u00e4j\u00e4\" \/>\n\t<meta name=\"twitter:label2\" content=\"Arvioitu lukuaika\" \/>\n\t<meta name=\"twitter:data2\" content=\"3 minuuttia\" \/>\n<script type=\"application\/ld+json\" class=\"yoast-schema-graph\">{\"@context\":\"https:\\\/\\\/schema.org\",\"@graph\":[{\"@type\":\"Article\",\"@id\":\"https:\\\/\\\/vaasanvaalipiirinvihreat.fi\\\/index.php\\\/2024\\\/04\\\/08\\\/vihreiden-puheenjohtaja-sofia-virta-vaasassa-hallitus-ei-voi-ummistaa-silmiaan-neljaksi-vuodeksi-tai-nukumme-suurien-investointien-ohi\\\/#article\",\"isPartOf\":{\"@id\":\"https:\\\/\\\/vaasanvaalipiirinvihreat.fi\\\/index.php\\\/2024\\\/04\\\/08\\\/vihreiden-puheenjohtaja-sofia-virta-vaasassa-hallitus-ei-voi-ummistaa-silmiaan-neljaksi-vuodeksi-tai-nukumme-suurien-investointien-ohi\\\/\"},\"author\":{\"name\":\"Yll\u00e4pit\u00e4j\u00e4\",\"@id\":\"https:\\\/\\\/vaasanvaalipiirinvihreat.fi\\\/#\\\/schema\\\/person\\\/d9205350c2a3b344c419b954e66c3daf\"},\"headline\":\"Vihreiden puheenjohtaja Sofia Virta Vaasassa: \u201cHallitus ei voi ummistaa silmi\u00e4\u00e4n nelj\u00e4ksi vuodeksi tai nukumme suurien investointien ohi\u201d\",\"datePublished\":\"2024-04-08T11:59:26+00:00\",\"dateModified\":\"2025-01-20T15:19:36+00:00\",\"mainEntityOfPage\":{\"@id\":\"https:\\\/\\\/vaasanvaalipiirinvihreat.fi\\\/index.php\\\/2024\\\/04\\\/08\\\/vihreiden-puheenjohtaja-sofia-virta-vaasassa-hallitus-ei-voi-ummistaa-silmiaan-neljaksi-vuodeksi-tai-nukumme-suurien-investointien-ohi\\\/\"},\"wordCount\":564,\"publisher\":{\"@id\":\"https:\\\/\\\/vaasanvaalipiirinvihreat.fi\\\/#organization\"},\"image\":{\"@id\":\"https:\\\/\\\/vaasanvaalipiirinvihreat.fi\\\/index.php\\\/2024\\\/04\\\/08\\\/vihreiden-puheenjohtaja-sofia-virta-vaasassa-hallitus-ei-voi-ummistaa-silmiaan-neljaksi-vuodeksi-tai-nukumme-suurien-investointien-ohi\\\/#primaryimage\"},\"thumbnailUrl\":\"https:\\\/\\\/vaasanvaalipiirinvihreat.fi\\\/wp-content\\\/uploads\\\/2025\\\/01\\\/eurovaalikiertuekuva1-scaled-1.jpg\",\"keywords\":[\"investoinnit\",\"investointiymp\u00e4rist\u00f6\",\"krista mikkonen\",\"puhdas energia\",\"sofia virta\",\"ty\u00f6voimapula\",\"vaasa\",\"ville niinist\u00f6\"],\"articleSection\":[\"Tiedotteet\"],\"inLanguage\":\"fi\"},{\"@type\":\"WebPage\",\"@id\":\"https:\\\/\\\/vaasanvaalipiirinvihreat.fi\\\/index.php\\\/2024\\\/04\\\/08\\\/vihreiden-puheenjohtaja-sofia-virta-vaasassa-hallitus-ei-voi-ummistaa-silmiaan-neljaksi-vuodeksi-tai-nukumme-suurien-investointien-ohi\\\/\",\"url\":\"https:\\\/\\\/vaasanvaalipiirinvihreat.fi\\\/index.php\\\/2024\\\/04\\\/08\\\/vihreiden-puheenjohtaja-sofia-virta-vaasassa-hallitus-ei-voi-ummistaa-silmiaan-neljaksi-vuodeksi-tai-nukumme-suurien-investointien-ohi\\\/\",\"name\":\"Vihreiden puheenjohtaja Sofia Virta Vaasassa: \u201cHallitus ei voi ummistaa silmi\u00e4\u00e4n nelj\u00e4ksi vuodeksi tai nukumme suurien investointien ohi\u201d - vaasanvaalipiirinvihreat.fi\",\"isPartOf\":{\"@id\":\"https:\\\/\\\/vaasanvaalipiirinvihreat.fi\\\/#website\"},\"primaryImageOfPage\":{\"@id\":\"https:\\\/\\\/vaasanvaalipiirinvihreat.fi\\\/index.php\\\/2024\\\/04\\\/08\\\/vihreiden-puheenjohtaja-sofia-virta-vaasassa-hallitus-ei-voi-ummistaa-silmiaan-neljaksi-vuodeksi-tai-nukumme-suurien-investointien-ohi\\\/#primaryimage\"},\"image\":{\"@id\":\"https:\\\/\\\/vaasanvaalipiirinvihreat.fi\\\/index.php\\\/2024\\\/04\\\/08\\\/vihreiden-puheenjohtaja-sofia-virta-vaasassa-hallitus-ei-voi-ummistaa-silmiaan-neljaksi-vuodeksi-tai-nukumme-suurien-investointien-ohi\\\/#primaryimage\"},\"thumbnailUrl\":\"https:\\\/\\\/vaasanvaalipiirinvihreat.fi\\\/wp-content\\\/uploads\\\/2025\\\/01\\\/eurovaalikiertuekuva1-scaled-1.jpg\",\"datePublished\":\"2024-04-08T11:59:26+00:00\",\"dateModified\":\"2025-01-20T15:19:36+00:00\",\"breadcrumb\":{\"@id\":\"https:\\\/\\\/vaasanvaalipiirinvihreat.fi\\\/index.php\\\/2024\\\/04\\\/08\\\/vihreiden-puheenjohtaja-sofia-virta-vaasassa-hallitus-ei-voi-ummistaa-silmiaan-neljaksi-vuodeksi-tai-nukumme-suurien-investointien-ohi\\\/#breadcrumb\"},\"inLanguage\":\"fi\",\"potentialAction\":[{\"@type\":\"ReadAction\",\"target\":[\"https:\\\/\\\/vaasanvaalipiirinvihreat.fi\\\/index.php\\\/2024\\\/04\\\/08\\\/vihreiden-puheenjohtaja-sofia-virta-vaasassa-hallitus-ei-voi-ummistaa-silmiaan-neljaksi-vuodeksi-tai-nukumme-suurien-investointien-ohi\\\/\"]}]},{\"@type\":\"ImageObject\",\"inLanguage\":\"fi\",\"@id\":\"https:\\\/\\\/vaasanvaalipiirinvihreat.fi\\\/index.php\\\/2024\\\/04\\\/08\\\/vihreiden-puheenjohtaja-sofia-virta-vaasassa-hallitus-ei-voi-ummistaa-silmiaan-neljaksi-vuodeksi-tai-nukumme-suurien-investointien-ohi\\\/#primaryimage\",\"url\":\"https:\\\/\\\/vaasanvaalipiirinvihreat.fi\\\/wp-content\\\/uploads\\\/2025\\\/01\\\/eurovaalikiertuekuva1-scaled-1.jpg\",\"contentUrl\":\"https:\\\/\\\/vaasanvaalipiirinvihreat.fi\\\/wp-content\\\/uploads\\\/2025\\\/01\\\/eurovaalikiertuekuva1-scaled-1.jpg\",\"width\":2560,\"height\":1707},{\"@type\":\"BreadcrumbList\",\"@id\":\"https:\\\/\\\/vaasanvaalipiirinvihreat.fi\\\/index.php\\\/2024\\\/04\\\/08\\\/vihreiden-puheenjohtaja-sofia-virta-vaasassa-hallitus-ei-voi-ummistaa-silmiaan-neljaksi-vuodeksi-tai-nukumme-suurien-investointien-ohi\\\/#breadcrumb\",\"itemListElement\":[{\"@type\":\"ListItem\",\"position\":1,\"name\":\"Etusivu\",\"item\":\"https:\\\/\\\/vaasanvaalipiirinvihreat.fi\\\/\"},{\"@type\":\"ListItem\",\"position\":2,\"name\":\"Vihreiden puheenjohtaja Sofia Virta Vaasassa: \u201cHallitus ei voi ummistaa silmi\u00e4\u00e4n nelj\u00e4ksi vuodeksi tai nukumme suurien investointien ohi\u201d\"}]},{\"@type\":\"WebSite\",\"@id\":\"https:\\\/\\\/vaasanvaalipiirinvihreat.fi\\\/#website\",\"url\":\"https:\\\/\\\/vaasanvaalipiirinvihreat.fi\\\/\",\"name\":\"vaasanvaalipiirinvihreat.fi\",\"description\":\"Vaasan vaalipiirin vihre\u00e4t - De Gr\u00f6na i Vasa valkrets\",\"publisher\":{\"@id\":\"https:\\\/\\\/vaasanvaalipiirinvihreat.fi\\\/#organization\"},\"potentialAction\":[{\"@type\":\"SearchAction\",\"target\":{\"@type\":\"EntryPoint\",\"urlTemplate\":\"https:\\\/\\\/vaasanvaalipiirinvihreat.fi\\\/?s={search_term_string}\"},\"query-input\":{\"@type\":\"PropertyValueSpecification\",\"valueRequired\":true,\"valueName\":\"search_term_string\"}}],\"inLanguage\":\"fi\"},{\"@type\":\"Organization\",\"@id\":\"https:\\\/\\\/vaasanvaalipiirinvihreat.fi\\\/#organization\",\"name\":\"vaasanvaalipiirinvihreat.fi\",\"alternateName\":\"Vaasan vaalipiirin vihre\u00e4t - De Gr\u00f6na i Vasa valkrets\",\"url\":\"https:\\\/\\\/vaasanvaalipiirinvihreat.fi\\\/\",\"logo\":{\"@type\":\"ImageObject\",\"inLanguage\":\"fi\",\"@id\":\"https:\\\/\\\/vaasanvaalipiirinvihreat.fi\\\/#\\\/schema\\\/logo\\\/image\\\/\",\"url\":\"https:\\\/\\\/vaasanvaalipiirinvihreat.fi\\\/wp-content\\\/uploads\\\/2025\\\/01\\\/Vihreat_Logo_HOR_RGB_FIN_SWE.png\",\"contentUrl\":\"https:\\\/\\\/vaasanvaalipiirinvihreat.fi\\\/wp-content\\\/uploads\\\/2025\\\/01\\\/Vihreat_Logo_HOR_RGB_FIN_SWE.png\",\"width\":1162,\"height\":409,\"caption\":\"vaasanvaalipiirinvihreat.fi\"},\"image\":{\"@id\":\"https:\\\/\\\/vaasanvaalipiirinvihreat.fi\\\/#\\\/schema\\\/logo\\\/image\\\/\"},\"sameAs\":[\"https:\\\/\\\/www.facebook.com\\\/VaasanVaalipiirinVihreat\"]},{\"@type\":\"Person\",\"@id\":\"https:\\\/\\\/vaasanvaalipiirinvihreat.fi\\\/#\\\/schema\\\/person\\\/d9205350c2a3b344c419b954e66c3daf\",\"name\":\"Yll\u00e4pit\u00e4j\u00e4\",\"url\":\"https:\\\/\\\/vaasanvaalipiirinvihreat.fi\\\/index.php\\\/author\\\/sivustomestari\\\/\"}]}<\/script>\n<!-- \/ Yoast SEO plugin. -->","yoast_head_json":{"title":"Vihreiden puheenjohtaja Sofia Virta Vaasassa: \u201cHallitus ei voi ummistaa silmi\u00e4\u00e4n nelj\u00e4ksi vuodeksi tai nukumme suurien investointien ohi\u201d - vaasanvaalipiirinvihreat.fi","robots":{"index":"index","follow":"follow","max-snippet":"max-snippet:-1","max-image-preview":"max-image-preview:large","max-video-preview":"max-video-preview:-1"},"canonical":"https:\/\/vaasanvaalipiirinvihreat.fi\/index.php\/2024\/04\/08\/vihreiden-puheenjohtaja-sofia-virta-vaasassa-hallitus-ei-voi-ummistaa-silmiaan-neljaksi-vuodeksi-tai-nukumme-suurien-investointien-ohi\/","og_locale":"fi_FI","og_type":"article","og_title":"Vihreiden puheenjohtaja Sofia Virta Vaasassa: \u201cHallitus ei voi ummistaa silmi\u00e4\u00e4n nelj\u00e4ksi vuodeksi tai nukumme suurien investointien ohi\u201d - vaasanvaalipiirinvihreat.fi","og_description":"Vihreiden puheenjohtaja Sofia Virta, europarlamentaarikko Ville Niinist\u00f6 ja kansanedustaja Krista Mikkonen vierailivat viikonloppuna Sein\u00e4joella, Vaasassa ja Kokkolassa. Tapaamisissa Vihreiden viesti paikallisille oli selv\u00e4: puolue vaatii hallitukselta ratkaisuja alueen ty\u00f6voimapulaan ja visiota vakaalle investointiymp\u00e4rist\u00f6lle. Vaasassa tapaamisessa Pohjanmaan kauppakamarin ja Vaasan vaalipiirin Vihreiden kanssa Sofia Virta kertoi per\u00e4\u00e4nkuuluttavansa hallitukselta visiota siit\u00e4, miten Suomi varmistaa, ett\u00e4 j\u00e4tti-investoinnit eiv\u00e4t [&hellip;]","og_url":"https:\/\/vaasanvaalipiirinvihreat.fi\/index.php\/2024\/04\/08\/vihreiden-puheenjohtaja-sofia-virta-vaasassa-hallitus-ei-voi-ummistaa-silmiaan-neljaksi-vuodeksi-tai-nukumme-suurien-investointien-ohi\/","og_site_name":"vaasanvaalipiirinvihreat.fi","article_publisher":"https:\/\/www.facebook.com\/VaasanVaalipiirinVihreat","article_published_time":"2024-04-08T11:59:26+00:00","article_modified_time":"2025-01-20T15:19:36+00:00","og_image":[{"width":2560,"height":1707,"url":"https:\/\/vaasanvaalipiirinvihreat.fi\/wp-content\/uploads\/2025\/01\/eurovaalikiertuekuva1-scaled-1.jpg","type":"image\/jpeg"}],"author":"Yll\u00e4pit\u00e4j\u00e4","twitter_card":"summary_large_image","twitter_misc":{"Kirjoittanut":"Yll\u00e4pit\u00e4j\u00e4","Arvioitu lukuaika":"3 minuuttia"},"schema":{"@context":"https:\/\/schema.org","@graph":[{"@type":"Article","@id":"https:\/\/vaasanvaalipiirinvihreat.fi\/index.php\/2024\/04\/08\/vihreiden-puheenjohtaja-sofia-virta-vaasassa-hallitus-ei-voi-ummistaa-silmiaan-neljaksi-vuodeksi-tai-nukumme-suurien-investointien-ohi\/#article","isPartOf":{"@id":"https:\/\/vaasanvaalipiirinvihreat.fi\/index.php\/2024\/04\/08\/vihreiden-puheenjohtaja-sofia-virta-vaasassa-hallitus-ei-voi-ummistaa-silmiaan-neljaksi-vuodeksi-tai-nukumme-suurien-investointien-ohi\/"},"author":{"name":"Yll\u00e4pit\u00e4j\u00e4","@id":"https:\/\/vaasanvaalipiirinvihreat.fi\/#\/schema\/person\/d9205350c2a3b344c419b954e66c3daf"},"headline":"Vihreiden puheenjohtaja Sofia Virta Vaasassa: \u201cHallitus ei voi ummistaa silmi\u00e4\u00e4n nelj\u00e4ksi vuodeksi tai nukumme suurien investointien ohi\u201d","datePublished":"2024-04-08T11:59:26+00:00","dateModified":"2025-01-20T15:19:36+00:00","mainEntityOfPage":{"@id":"https:\/\/vaasanvaalipiirinvihreat.fi\/index.php\/2024\/04\/08\/vihreiden-puheenjohtaja-sofia-virta-vaasassa-hallitus-ei-voi-ummistaa-silmiaan-neljaksi-vuodeksi-tai-nukumme-suurien-investointien-ohi\/"},"wordCount":564,"publisher":{"@id":"https:\/\/vaasanvaalipiirinvihreat.fi\/#organization"},"image":{"@id":"https:\/\/vaasanvaalipiirinvihreat.fi\/index.php\/2024\/04\/08\/vihreiden-puheenjohtaja-sofia-virta-vaasassa-hallitus-ei-voi-ummistaa-silmiaan-neljaksi-vuodeksi-tai-nukumme-suurien-investointien-ohi\/#primaryimage"},"thumbnailUrl":"https:\/\/vaasanvaalipiirinvihreat.fi\/wp-content\/uploads\/2025\/01\/eurovaalikiertuekuva1-scaled-1.jpg","keywords":["investoinnit","investointiymp\u00e4rist\u00f6","krista mikkonen","puhdas energia","sofia virta","ty\u00f6voimapula","vaasa","ville niinist\u00f6"],"articleSection":["Tiedotteet"],"inLanguage":"fi"},{"@type":"WebPage","@id":"https:\/\/vaasanvaalipiirinvihreat.fi\/index.php\/2024\/04\/08\/vihreiden-puheenjohtaja-sofia-virta-vaasassa-hallitus-ei-voi-ummistaa-silmiaan-neljaksi-vuodeksi-tai-nukumme-suurien-investointien-ohi\/","url":"https:\/\/vaasanvaalipiirinvihreat.fi\/index.php\/2024\/04\/08\/vihreiden-puheenjohtaja-sofia-virta-vaasassa-hallitus-ei-voi-ummistaa-silmiaan-neljaksi-vuodeksi-tai-nukumme-suurien-investointien-ohi\/","name":"Vihreiden puheenjohtaja Sofia Virta Vaasassa: \u201cHallitus ei voi ummistaa silmi\u00e4\u00e4n nelj\u00e4ksi vuodeksi tai nukumme suurien investointien ohi\u201d - vaasanvaalipiirinvihreat.fi","isPartOf":{"@id":"https:\/\/vaasanvaalipiirinvihreat.fi\/#website"},"primaryImageOfPage":{"@id":"https:\/\/vaasanvaalipiirinvihreat.fi\/index.php\/2024\/04\/08\/vihreiden-puheenjohtaja-sofia-virta-vaasassa-hallitus-ei-voi-ummistaa-silmiaan-neljaksi-vuodeksi-tai-nukumme-suurien-investointien-ohi\/#primaryimage"},"image":{"@id":"https:\/\/vaasanvaalipiirinvihreat.fi\/index.php\/2024\/04\/08\/vihreiden-puheenjohtaja-sofia-virta-vaasassa-hallitus-ei-voi-ummistaa-silmiaan-neljaksi-vuodeksi-tai-nukumme-suurien-investointien-ohi\/#primaryimage"},"thumbnailUrl":"https:\/\/vaasanvaalipiirinvihreat.fi\/wp-content\/uploads\/2025\/01\/eurovaalikiertuekuva1-scaled-1.jpg","datePublished":"2024-04-08T11:59:26+00:00","dateModified":"2025-01-20T15:19:36+00:00","breadcrumb":{"@id":"https:\/\/vaasanvaalipiirinvihreat.fi\/index.php\/2024\/04\/08\/vihreiden-puheenjohtaja-sofia-virta-vaasassa-hallitus-ei-voi-ummistaa-silmiaan-neljaksi-vuodeksi-tai-nukumme-suurien-investointien-ohi\/#breadcrumb"},"inLanguage":"fi","potentialAction":[{"@type":"ReadAction","target":["https:\/\/vaasanvaalipiirinvihreat.fi\/index.php\/2024\/04\/08\/vihreiden-puheenjohtaja-sofia-virta-vaasassa-hallitus-ei-voi-ummistaa-silmiaan-neljaksi-vuodeksi-tai-nukumme-suurien-investointien-ohi\/"]}]},{"@type":"ImageObject","inLanguage":"fi","@id":"https:\/\/vaasanvaalipiirinvihreat.fi\/index.php\/2024\/04\/08\/vihreiden-puheenjohtaja-sofia-virta-vaasassa-hallitus-ei-voi-ummistaa-silmiaan-neljaksi-vuodeksi-tai-nukumme-suurien-investointien-ohi\/#primaryimage","url":"https:\/\/vaasanvaalipiirinvihreat.fi\/wp-content\/uploads\/2025\/01\/eurovaalikiertuekuva1-scaled-1.jpg","contentUrl":"https:\/\/vaasanvaalipiirinvihreat.fi\/wp-content\/uploads\/2025\/01\/eurovaalikiertuekuva1-scaled-1.jpg","width":2560,"height":1707},{"@type":"BreadcrumbList","@id":"https:\/\/vaasanvaalipiirinvihreat.fi\/index.php\/2024\/04\/08\/vihreiden-puheenjohtaja-sofia-virta-vaasassa-hallitus-ei-voi-ummistaa-silmiaan-neljaksi-vuodeksi-tai-nukumme-suurien-investointien-ohi\/#breadcrumb","itemListElement":[{"@type":"ListItem","position":1,"name":"Etusivu","item":"https:\/\/vaasanvaalipiirinvihreat.fi\/"},{"@type":"ListItem","position":2,"name":"Vihreiden puheenjohtaja Sofia Virta Vaasassa: \u201cHallitus ei voi ummistaa silmi\u00e4\u00e4n nelj\u00e4ksi vuodeksi tai nukumme suurien investointien ohi\u201d"}]},{"@type":"WebSite","@id":"https:\/\/vaasanvaalipiirinvihreat.fi\/#website","url":"https:\/\/vaasanvaalipiirinvihreat.fi\/","name":"vaasanvaalipiirinvihreat.fi","description":"Vaasan vaalipiirin vihre\u00e4t - De Gr\u00f6na i Vasa valkrets","publisher":{"@id":"https:\/\/vaasanvaalipiirinvihreat.fi\/#organization"},"potentialAction":[{"@type":"SearchAction","target":{"@type":"EntryPoint","urlTemplate":"https:\/\/vaasanvaalipiirinvihreat.fi\/?s={search_term_string}"},"query-input":{"@type":"PropertyValueSpecification","valueRequired":true,"valueName":"search_term_string"}}],"inLanguage":"fi"},{"@type":"Organization","@id":"https:\/\/vaasanvaalipiirinvihreat.fi\/#organization","name":"vaasanvaalipiirinvihreat.fi","alternateName":"Vaasan vaalipiirin vihre\u00e4t - De Gr\u00f6na i Vasa valkrets","url":"https:\/\/vaasanvaalipiirinvihreat.fi\/","logo":{"@type":"ImageObject","inLanguage":"fi","@id":"https:\/\/vaasanvaalipiirinvihreat.fi\/#\/schema\/logo\/image\/","url":"https:\/\/vaasanvaalipiirinvihreat.fi\/wp-content\/uploads\/2025\/01\/Vihreat_Logo_HOR_RGB_FIN_SWE.png","contentUrl":"https:\/\/vaasanvaalipiirinvihreat.fi\/wp-content\/uploads\/2025\/01\/Vihreat_Logo_HOR_RGB_FIN_SWE.png","width":1162,"height":409,"caption":"vaasanvaalipiirinvihreat.fi"},"image":{"@id":"https:\/\/vaasanvaalipiirinvihreat.fi\/#\/schema\/logo\/image\/"},"sameAs":["https:\/\/www.facebook.com\/VaasanVaalipiirinVihreat"]},{"@type":"Person","@id":"https:\/\/vaasanvaalipiirinvihreat.fi\/#\/schema\/person\/d9205350c2a3b344c419b954e66c3daf","name":"Yll\u00e4pit\u00e4j\u00e4","url":"https:\/\/vaasanvaalipiirinvihreat.fi\/index.php\/author\/sivustomestari\/"}]}},"_links":{"self":[{"href":"https:\/\/vaasanvaalipiirinvihreat.fi\/index.php\/wp-json\/wp\/v2\/posts\/1907","targetHints":{"allow":["GET"]}}],"collection":[{"href":"https:\/\/vaasanvaalipiirinvihreat.fi\/index.php\/wp-json\/wp\/v2\/posts"}],"about":[{"href":"https:\/\/vaasanvaalipiirinvihreat.fi\/index.php\/wp-json\/wp\/v2\/types\/post"}],"author":[{"embeddable":true,"href":"https:\/\/vaasanvaalipiirinvihreat.fi\/index.php\/wp-json\/wp\/v2\/users\/2"}],"replies":[{"embeddable":true,"href":"https:\/\/vaasanvaalipiirinvihreat.fi\/index.php\/wp-json\/wp\/v2\/comments?post=1907"}],"version-history":[{"count":1,"href":"https:\/\/vaasanvaalipiirinvihreat.fi\/index.php\/wp-json\/wp\/v2\/posts\/1907\/revisions"}],"predecessor-version":[{"id":2221,"href":"https:\/\/vaasanvaalipiirinvihreat.fi\/index.php\/wp-json\/wp\/v2\/posts\/1907\/revisions\/2221"}],"wp:featuredmedia":[{"embeddable":true,"href":"https:\/\/vaasanvaalipiirinvihreat.fi\/index.php\/wp-json\/wp\/v2\/media\/2222"}],"wp:attachment":[{"href":"https:\/\/vaasanvaalipiirinvihreat.fi\/index.php\/wp-json\/wp\/v2\/media?parent=1907"}],"wp:term":[{"taxonomy":"category","embeddable":true,"href":"https:\/\/vaasanvaalipiirinvihreat.fi\/index.php\/wp-json\/wp\/v2\/categories?post=1907"},{"taxonomy":"post_tag","embeddable":true,"href":"https:\/\/vaasanvaalipiirinvihreat.fi\/index.php\/wp-json\/wp\/v2\/tags?post=1907"}],"curies":[{"name":"wp","href":"https:\/\/api.w.org\/{rel}","templated":true}]}}