{"id":1914,"date":"2024-05-27T11:41:47","date_gmt":"2024-05-27T09:41:47","guid":{"rendered":"http:\/\/www.vavavi.fi\/?p=1914"},"modified":"2025-01-20T17:19:37","modified_gmt":"2025-01-20T15:19:37","slug":"heidi-akerman-yli-jussipaitojen-moninainen-pohjalaisuus-esiin","status":"publish","type":"post","link":"https:\/\/vaasanvaalipiirinvihreat.fi\/index.php\/2024\/05\/27\/heidi-akerman-yli-jussipaitojen-moninainen-pohjalaisuus-esiin\/","title":{"rendered":"Heidi \u00c5kerman: Yli jussipaitojen \u2013 moninainen pohjalaisuus esiin"},"content":{"rendered":"\n<p>Pohjalaisuuden narratiivi voi helposti julkisessa kuvassa j\u00e4\u00e4d\u00e4 turhan yksioikoiseksi. Ollaan komiaa, levi\u00e4\u00e4 ja yritteli\u00e4st\u00e4 porukkaa, hyvin usein my\u00f6s jussipaita p\u00e4\u00e4ll\u00e4 tai puukko takataskussa. Eih\u00e4n siin\u00e4 mit\u00e4\u00e4n, stereotypiatkin juontaa juurensa jostain ja imagoa pit\u00e4\u00e4 rakentaa t\u00e4ss\u00e4 kilpailun maailmassa.<\/p>\n\n\n\n<p>Mutta onneksi t\u00e4\u00e4ll\u00e4 monenlaista muutakin v\u00e4ke\u00e4 \u2013 aivan yht\u00e4 arvokasta ja pohjalaisen tyyppiluokittelun sis\u00e4lle sopivaa. En min\u00e4 halua olla esimerkiksi komia ja sisukas, l\u00e4pi harmaan kiven puskeva yritt\u00e4j\u00e4 &#8211; sill\u00e4 ei jokaisen tarvitse. Kaupungin sloganin mukaan meill\u00e4 on tilaa kaikille. Mutta kerropa se sellaiselle, joka joutuu vihan kohteeksi vain olemalla oma itsens\u00e4 tai sellaiselle, jolle kulttuurimme on t\u00e4ysin uusi. Aikoina, jolloin maakunnissa koetaan haasteita ja hankaluuksia, on syyt\u00e4 etsi\u00e4 ensisijaisesti yhteist\u00e4 maaper\u00e4\u00e4 arvopohjan erilaisuuksista huolimatta. Meill\u00e4 ei ole varaa syyttelyyn, vihapuheeseen tai nokitteluun, jota valitettavan usein joutuu todistamaan l\u00e4hiet\u00e4isyydelt\u00e4.<\/p>\n\n\n\n<p>Mutta en aio kiillotta omaa s\u00e4dekeh\u00e4\u00e4ni t\u00e4ss\u00e4, kuten seuraavaksi todistan. Oletko nimitt\u00e4in kuullut puhuttavan tiedostamattomista ennakkoluuloista? Ne ovat sellaisia ajatuksia, joista j\u00e4\u00e4t itsellesi kiinni ja hiukan h\u00e4pe\u00e4t. Tunnustetaan, n\u00e4it\u00e4 l\u00f6ytyy minultakin. Juttelin nimitt\u00e4in junassa taannoin er\u00e4\u00e4n uusimaalaisen kanssa, joka piti Sein\u00e4jokea hyvin avarakatseisena kaupunkina. Meinasin tosiaan pudota penkilt\u00e4, sill\u00e4 tuo lausahdus juuri kertoi sen, miten oma keskusteluymp\u00e4rist\u00f6mme muokkaa omat ajatuksemme \u2013 my\u00f6s omani. J\u00e4in siis verekselt\u00e4\u00e4n kiinni itselleni omasta ajatuksestani, ett\u00e4 t\u00e4\u00e4ll\u00e4 oltaisiin poikkeuksellisen suvaitsemattomia. Haluaisin kovasti todistaa itseni v\u00e4\u00e4r\u00e4ksi, mutta kokemusmaailmani on kyll\u00e4 edelleen toista mielt\u00e4 junatuttavani kanssa.<\/p>\n\n\n\n<p><strong>Enemm\u00e4n kuin komiaa<\/strong><\/p>\n\n\n\n<p>Pohjalaisuutta ei ole vain yht\u00e4 laatua, ei ole koskaan ollutkaan. Jokaisella on oikeus olla juuri sellainen pohjalainen kuin haluaa, oli sitten kyseess\u00e4 innovatiivinen maanviljelij\u00e4, perinteit\u00e4 vaaliva taiteilija tai omaleimainen teknologiaosaaja. Meid\u00e4n on maailman muuttuessa avattava silmi\u00e4 my\u00f6s toisillemme, kuunneltava erilaisia n\u00e4k\u00f6kulmia ja annettava puheenvuoro kaikille, jotta voimme rakentaa yhdess\u00e4 vahvempaa paikallisyhteis\u00f6\u00e4 ja maakuntaa.<\/p>\n\n\n\n<p>Usein \u201dsulatusuuni\u201d sana yhdistet\u00e4\u00e4n maailman suuriin metropolikaupunkeihin. Minusta Suomen ja maakuntien v\u00e4est\u00f6rakenne kuitenkin alkaa kasvavissa m\u00e4\u00e4rin koostumaan syyst\u00e4 tai toisesta muualta muuttaneista ihmisist\u00e4. Ja kaikkia meit\u00e4 ja heit\u00e4 tarvitaan. Annetaan toisillemme mahdollisuuksia, se ei ole kenelt\u00e4k\u00e4\u00e4n pois. Pohjalaisuus on my\u00f6s arvoja, jotka voivat yhdist\u00e4\u00e4 meit\u00e4 kaikkia. Siksi onkin t\u00e4rke\u00e4\u00e4, ettemme sulkeudu omiin kupliimme ihan t\u00e4ysin, vaan yritt\u00e4isimme n\u00e4hd\u00e4 toisemme yksil\u00f6in\u00e4, joilla on omat tarinansa ja kokemuksensa.<\/p>\n\n\n\n<p>Olemme t\u00e4\u00e4ll\u00e4 niin paljon enemm\u00e4n kuin komiaa \u2013 meiss\u00e4 on syv\u00e4\u00e4 inhimillisyytt\u00e4 ja rikkautta, joka kumpuaa juurikin moninaisuudesta &lt;3<\/p>\n\n\n\n<p><strong>Heidi \u00c5kerman<\/strong><br><em>Sein\u00e4joen Vihre\u00e4t<\/em><\/p>\n","protected":false},"excerpt":{"rendered":"<p>Pohjalaisuuden narratiivi voi helposti julkisessa kuvassa j\u00e4\u00e4d\u00e4 turhan yksioikoiseksi.<\/p>\n","protected":false},"author":2,"featured_media":2226,"comment_status":"open","ping_status":"closed","sticky":false,"template":"","format":"standard","meta":{"footnotes":""},"categories":[29],"tags":[32,33,34,35,36,37],"class_list":["post-1914","post","type-post","status-publish","format-standard","has-post-thumbnail","hentry","category-mielipidekirjoitus","tag-ennakkoluulot","tag-identiteetti","tag-imago","tag-moninaisuus","tag-narratiivi","tag-pohjalaisuus"],"yoast_head":"<!-- This site is optimized with the Yoast SEO plugin v27.5 - https:\/\/yoast.com\/product\/yoast-seo-wordpress\/ -->\n<title>Heidi \u00c5kerman: Yli jussipaitojen \u2013 moninainen pohjalaisuus esiin - vaasanvaalipiirinvihreat.fi<\/title>\n<meta name=\"robots\" content=\"index, follow, max-snippet:-1, max-image-preview:large, max-video-preview:-1\" \/>\n<link rel=\"canonical\" href=\"https:\/\/vaasanvaalipiirinvihreat.fi\/index.php\/2024\/05\/27\/heidi-akerman-yli-jussipaitojen-moninainen-pohjalaisuus-esiin\/\" \/>\n<meta property=\"og:locale\" content=\"fi_FI\" \/>\n<meta property=\"og:type\" content=\"article\" \/>\n<meta property=\"og:title\" content=\"Heidi \u00c5kerman: Yli jussipaitojen \u2013 moninainen pohjalaisuus esiin - vaasanvaalipiirinvihreat.fi\" \/>\n<meta property=\"og:description\" content=\"Pohjalaisuuden narratiivi voi helposti julkisessa kuvassa j\u00e4\u00e4d\u00e4 turhan yksioikoiseksi.\" \/>\n<meta property=\"og:url\" content=\"https:\/\/vaasanvaalipiirinvihreat.fi\/index.php\/2024\/05\/27\/heidi-akerman-yli-jussipaitojen-moninainen-pohjalaisuus-esiin\/\" \/>\n<meta property=\"og:site_name\" content=\"vaasanvaalipiirinvihreat.fi\" \/>\n<meta property=\"article:publisher\" content=\"https:\/\/www.facebook.com\/VaasanVaalipiirinVihreat\" \/>\n<meta property=\"article:published_time\" content=\"2024-05-27T09:41:47+00:00\" \/>\n<meta property=\"article:modified_time\" content=\"2025-01-20T15:19:37+00:00\" \/>\n<meta property=\"og:image\" content=\"https:\/\/vaasanvaalipiirinvihreat.fi\/wp-content\/uploads\/2025\/01\/WhatsApp-Image-2024-05-24-at-15.35.40-2.jpeg\" \/>\n\t<meta property=\"og:image:width\" content=\"2048\" \/>\n\t<meta property=\"og:image:height\" content=\"1152\" \/>\n\t<meta property=\"og:image:type\" content=\"image\/jpeg\" \/>\n<meta name=\"author\" content=\"Yll\u00e4pit\u00e4j\u00e4\" \/>\n<meta name=\"twitter:card\" content=\"summary_large_image\" \/>\n<meta name=\"twitter:label1\" content=\"Kirjoittanut\" \/>\n\t<meta name=\"twitter:data1\" content=\"Yll\u00e4pit\u00e4j\u00e4\" \/>\n\t<meta name=\"twitter:label2\" content=\"Arvioitu lukuaika\" \/>\n\t<meta name=\"twitter:data2\" content=\"2 minuuttia\" \/>\n<script type=\"application\/ld+json\" class=\"yoast-schema-graph\">{\"@context\":\"https:\\\/\\\/schema.org\",\"@graph\":[{\"@type\":\"Article\",\"@id\":\"https:\\\/\\\/vaasanvaalipiirinvihreat.fi\\\/index.php\\\/2024\\\/05\\\/27\\\/heidi-akerman-yli-jussipaitojen-moninainen-pohjalaisuus-esiin\\\/#article\",\"isPartOf\":{\"@id\":\"https:\\\/\\\/vaasanvaalipiirinvihreat.fi\\\/index.php\\\/2024\\\/05\\\/27\\\/heidi-akerman-yli-jussipaitojen-moninainen-pohjalaisuus-esiin\\\/\"},\"author\":{\"name\":\"Yll\u00e4pit\u00e4j\u00e4\",\"@id\":\"https:\\\/\\\/vaasanvaalipiirinvihreat.fi\\\/#\\\/schema\\\/person\\\/d9205350c2a3b344c419b954e66c3daf\"},\"headline\":\"Heidi \u00c5kerman: Yli jussipaitojen \u2013 moninainen pohjalaisuus esiin\",\"datePublished\":\"2024-05-27T09:41:47+00:00\",\"dateModified\":\"2025-01-20T15:19:37+00:00\",\"mainEntityOfPage\":{\"@id\":\"https:\\\/\\\/vaasanvaalipiirinvihreat.fi\\\/index.php\\\/2024\\\/05\\\/27\\\/heidi-akerman-yli-jussipaitojen-moninainen-pohjalaisuus-esiin\\\/\"},\"wordCount\":420,\"commentCount\":0,\"publisher\":{\"@id\":\"https:\\\/\\\/vaasanvaalipiirinvihreat.fi\\\/#organization\"},\"image\":{\"@id\":\"https:\\\/\\\/vaasanvaalipiirinvihreat.fi\\\/index.php\\\/2024\\\/05\\\/27\\\/heidi-akerman-yli-jussipaitojen-moninainen-pohjalaisuus-esiin\\\/#primaryimage\"},\"thumbnailUrl\":\"https:\\\/\\\/vaasanvaalipiirinvihreat.fi\\\/wp-content\\\/uploads\\\/2025\\\/01\\\/WhatsApp-Image-2024-05-24-at-15.35.40-2.jpeg\",\"keywords\":[\"ennakkoluulot\",\"identiteetti\",\"imago\",\"moninaisuus\",\"narratiivi\",\"pohjalaisuus\"],\"articleSection\":[\"mielipidekirjoitus\"],\"inLanguage\":\"fi\",\"potentialAction\":[{\"@type\":\"CommentAction\",\"name\":\"Comment\",\"target\":[\"https:\\\/\\\/vaasanvaalipiirinvihreat.fi\\\/index.php\\\/2024\\\/05\\\/27\\\/heidi-akerman-yli-jussipaitojen-moninainen-pohjalaisuus-esiin\\\/#respond\"]}]},{\"@type\":\"WebPage\",\"@id\":\"https:\\\/\\\/vaasanvaalipiirinvihreat.fi\\\/index.php\\\/2024\\\/05\\\/27\\\/heidi-akerman-yli-jussipaitojen-moninainen-pohjalaisuus-esiin\\\/\",\"url\":\"https:\\\/\\\/vaasanvaalipiirinvihreat.fi\\\/index.php\\\/2024\\\/05\\\/27\\\/heidi-akerman-yli-jussipaitojen-moninainen-pohjalaisuus-esiin\\\/\",\"name\":\"Heidi \u00c5kerman: Yli jussipaitojen \u2013 moninainen pohjalaisuus esiin - vaasanvaalipiirinvihreat.fi\",\"isPartOf\":{\"@id\":\"https:\\\/\\\/vaasanvaalipiirinvihreat.fi\\\/#website\"},\"primaryImageOfPage\":{\"@id\":\"https:\\\/\\\/vaasanvaalipiirinvihreat.fi\\\/index.php\\\/2024\\\/05\\\/27\\\/heidi-akerman-yli-jussipaitojen-moninainen-pohjalaisuus-esiin\\\/#primaryimage\"},\"image\":{\"@id\":\"https:\\\/\\\/vaasanvaalipiirinvihreat.fi\\\/index.php\\\/2024\\\/05\\\/27\\\/heidi-akerman-yli-jussipaitojen-moninainen-pohjalaisuus-esiin\\\/#primaryimage\"},\"thumbnailUrl\":\"https:\\\/\\\/vaasanvaalipiirinvihreat.fi\\\/wp-content\\\/uploads\\\/2025\\\/01\\\/WhatsApp-Image-2024-05-24-at-15.35.40-2.jpeg\",\"datePublished\":\"2024-05-27T09:41:47+00:00\",\"dateModified\":\"2025-01-20T15:19:37+00:00\",\"breadcrumb\":{\"@id\":\"https:\\\/\\\/vaasanvaalipiirinvihreat.fi\\\/index.php\\\/2024\\\/05\\\/27\\\/heidi-akerman-yli-jussipaitojen-moninainen-pohjalaisuus-esiin\\\/#breadcrumb\"},\"inLanguage\":\"fi\",\"potentialAction\":[{\"@type\":\"ReadAction\",\"target\":[\"https:\\\/\\\/vaasanvaalipiirinvihreat.fi\\\/index.php\\\/2024\\\/05\\\/27\\\/heidi-akerman-yli-jussipaitojen-moninainen-pohjalaisuus-esiin\\\/\"]}]},{\"@type\":\"ImageObject\",\"inLanguage\":\"fi\",\"@id\":\"https:\\\/\\\/vaasanvaalipiirinvihreat.fi\\\/index.php\\\/2024\\\/05\\\/27\\\/heidi-akerman-yli-jussipaitojen-moninainen-pohjalaisuus-esiin\\\/#primaryimage\",\"url\":\"https:\\\/\\\/vaasanvaalipiirinvihreat.fi\\\/wp-content\\\/uploads\\\/2025\\\/01\\\/WhatsApp-Image-2024-05-24-at-15.35.40-2.jpeg\",\"contentUrl\":\"https:\\\/\\\/vaasanvaalipiirinvihreat.fi\\\/wp-content\\\/uploads\\\/2025\\\/01\\\/WhatsApp-Image-2024-05-24-at-15.35.40-2.jpeg\",\"width\":2048,\"height\":1152},{\"@type\":\"BreadcrumbList\",\"@id\":\"https:\\\/\\\/vaasanvaalipiirinvihreat.fi\\\/index.php\\\/2024\\\/05\\\/27\\\/heidi-akerman-yli-jussipaitojen-moninainen-pohjalaisuus-esiin\\\/#breadcrumb\",\"itemListElement\":[{\"@type\":\"ListItem\",\"position\":1,\"name\":\"Etusivu\",\"item\":\"https:\\\/\\\/vaasanvaalipiirinvihreat.fi\\\/\"},{\"@type\":\"ListItem\",\"position\":2,\"name\":\"Heidi \u00c5kerman: Yli jussipaitojen \u2013 moninainen pohjalaisuus esiin\"}]},{\"@type\":\"WebSite\",\"@id\":\"https:\\\/\\\/vaasanvaalipiirinvihreat.fi\\\/#website\",\"url\":\"https:\\\/\\\/vaasanvaalipiirinvihreat.fi\\\/\",\"name\":\"vaasanvaalipiirinvihreat.fi\",\"description\":\"Vaasan vaalipiirin vihre\u00e4t - De Gr\u00f6na i Vasa valkrets\",\"publisher\":{\"@id\":\"https:\\\/\\\/vaasanvaalipiirinvihreat.fi\\\/#organization\"},\"potentialAction\":[{\"@type\":\"SearchAction\",\"target\":{\"@type\":\"EntryPoint\",\"urlTemplate\":\"https:\\\/\\\/vaasanvaalipiirinvihreat.fi\\\/?s={search_term_string}\"},\"query-input\":{\"@type\":\"PropertyValueSpecification\",\"valueRequired\":true,\"valueName\":\"search_term_string\"}}],\"inLanguage\":\"fi\"},{\"@type\":\"Organization\",\"@id\":\"https:\\\/\\\/vaasanvaalipiirinvihreat.fi\\\/#organization\",\"name\":\"vaasanvaalipiirinvihreat.fi\",\"alternateName\":\"Vaasan vaalipiirin vihre\u00e4t - De Gr\u00f6na i Vasa valkrets\",\"url\":\"https:\\\/\\\/vaasanvaalipiirinvihreat.fi\\\/\",\"logo\":{\"@type\":\"ImageObject\",\"inLanguage\":\"fi\",\"@id\":\"https:\\\/\\\/vaasanvaalipiirinvihreat.fi\\\/#\\\/schema\\\/logo\\\/image\\\/\",\"url\":\"https:\\\/\\\/vaasanvaalipiirinvihreat.fi\\\/wp-content\\\/uploads\\\/2025\\\/01\\\/Vihreat_Logo_HOR_RGB_FIN_SWE.png\",\"contentUrl\":\"https:\\\/\\\/vaasanvaalipiirinvihreat.fi\\\/wp-content\\\/uploads\\\/2025\\\/01\\\/Vihreat_Logo_HOR_RGB_FIN_SWE.png\",\"width\":1162,\"height\":409,\"caption\":\"vaasanvaalipiirinvihreat.fi\"},\"image\":{\"@id\":\"https:\\\/\\\/vaasanvaalipiirinvihreat.fi\\\/#\\\/schema\\\/logo\\\/image\\\/\"},\"sameAs\":[\"https:\\\/\\\/www.facebook.com\\\/VaasanVaalipiirinVihreat\"]},{\"@type\":\"Person\",\"@id\":\"https:\\\/\\\/vaasanvaalipiirinvihreat.fi\\\/#\\\/schema\\\/person\\\/d9205350c2a3b344c419b954e66c3daf\",\"name\":\"Yll\u00e4pit\u00e4j\u00e4\",\"url\":\"https:\\\/\\\/vaasanvaalipiirinvihreat.fi\\\/index.php\\\/author\\\/sivustomestari\\\/\"}]}<\/script>\n<!-- \/ Yoast SEO plugin. -->","yoast_head_json":{"title":"Heidi \u00c5kerman: Yli jussipaitojen \u2013 moninainen pohjalaisuus esiin - vaasanvaalipiirinvihreat.fi","robots":{"index":"index","follow":"follow","max-snippet":"max-snippet:-1","max-image-preview":"max-image-preview:large","max-video-preview":"max-video-preview:-1"},"canonical":"https:\/\/vaasanvaalipiirinvihreat.fi\/index.php\/2024\/05\/27\/heidi-akerman-yli-jussipaitojen-moninainen-pohjalaisuus-esiin\/","og_locale":"fi_FI","og_type":"article","og_title":"Heidi \u00c5kerman: Yli jussipaitojen \u2013 moninainen pohjalaisuus esiin - vaasanvaalipiirinvihreat.fi","og_description":"Pohjalaisuuden narratiivi voi helposti julkisessa kuvassa j\u00e4\u00e4d\u00e4 turhan yksioikoiseksi.","og_url":"https:\/\/vaasanvaalipiirinvihreat.fi\/index.php\/2024\/05\/27\/heidi-akerman-yli-jussipaitojen-moninainen-pohjalaisuus-esiin\/","og_site_name":"vaasanvaalipiirinvihreat.fi","article_publisher":"https:\/\/www.facebook.com\/VaasanVaalipiirinVihreat","article_published_time":"2024-05-27T09:41:47+00:00","article_modified_time":"2025-01-20T15:19:37+00:00","og_image":[{"width":2048,"height":1152,"url":"https:\/\/vaasanvaalipiirinvihreat.fi\/wp-content\/uploads\/2025\/01\/WhatsApp-Image-2024-05-24-at-15.35.40-2.jpeg","type":"image\/jpeg"}],"author":"Yll\u00e4pit\u00e4j\u00e4","twitter_card":"summary_large_image","twitter_misc":{"Kirjoittanut":"Yll\u00e4pit\u00e4j\u00e4","Arvioitu lukuaika":"2 minuuttia"},"schema":{"@context":"https:\/\/schema.org","@graph":[{"@type":"Article","@id":"https:\/\/vaasanvaalipiirinvihreat.fi\/index.php\/2024\/05\/27\/heidi-akerman-yli-jussipaitojen-moninainen-pohjalaisuus-esiin\/#article","isPartOf":{"@id":"https:\/\/vaasanvaalipiirinvihreat.fi\/index.php\/2024\/05\/27\/heidi-akerman-yli-jussipaitojen-moninainen-pohjalaisuus-esiin\/"},"author":{"name":"Yll\u00e4pit\u00e4j\u00e4","@id":"https:\/\/vaasanvaalipiirinvihreat.fi\/#\/schema\/person\/d9205350c2a3b344c419b954e66c3daf"},"headline":"Heidi \u00c5kerman: Yli jussipaitojen \u2013 moninainen pohjalaisuus esiin","datePublished":"2024-05-27T09:41:47+00:00","dateModified":"2025-01-20T15:19:37+00:00","mainEntityOfPage":{"@id":"https:\/\/vaasanvaalipiirinvihreat.fi\/index.php\/2024\/05\/27\/heidi-akerman-yli-jussipaitojen-moninainen-pohjalaisuus-esiin\/"},"wordCount":420,"commentCount":0,"publisher":{"@id":"https:\/\/vaasanvaalipiirinvihreat.fi\/#organization"},"image":{"@id":"https:\/\/vaasanvaalipiirinvihreat.fi\/index.php\/2024\/05\/27\/heidi-akerman-yli-jussipaitojen-moninainen-pohjalaisuus-esiin\/#primaryimage"},"thumbnailUrl":"https:\/\/vaasanvaalipiirinvihreat.fi\/wp-content\/uploads\/2025\/01\/WhatsApp-Image-2024-05-24-at-15.35.40-2.jpeg","keywords":["ennakkoluulot","identiteetti","imago","moninaisuus","narratiivi","pohjalaisuus"],"articleSection":["mielipidekirjoitus"],"inLanguage":"fi","potentialAction":[{"@type":"CommentAction","name":"Comment","target":["https:\/\/vaasanvaalipiirinvihreat.fi\/index.php\/2024\/05\/27\/heidi-akerman-yli-jussipaitojen-moninainen-pohjalaisuus-esiin\/#respond"]}]},{"@type":"WebPage","@id":"https:\/\/vaasanvaalipiirinvihreat.fi\/index.php\/2024\/05\/27\/heidi-akerman-yli-jussipaitojen-moninainen-pohjalaisuus-esiin\/","url":"https:\/\/vaasanvaalipiirinvihreat.fi\/index.php\/2024\/05\/27\/heidi-akerman-yli-jussipaitojen-moninainen-pohjalaisuus-esiin\/","name":"Heidi \u00c5kerman: Yli jussipaitojen \u2013 moninainen pohjalaisuus esiin - vaasanvaalipiirinvihreat.fi","isPartOf":{"@id":"https:\/\/vaasanvaalipiirinvihreat.fi\/#website"},"primaryImageOfPage":{"@id":"https:\/\/vaasanvaalipiirinvihreat.fi\/index.php\/2024\/05\/27\/heidi-akerman-yli-jussipaitojen-moninainen-pohjalaisuus-esiin\/#primaryimage"},"image":{"@id":"https:\/\/vaasanvaalipiirinvihreat.fi\/index.php\/2024\/05\/27\/heidi-akerman-yli-jussipaitojen-moninainen-pohjalaisuus-esiin\/#primaryimage"},"thumbnailUrl":"https:\/\/vaasanvaalipiirinvihreat.fi\/wp-content\/uploads\/2025\/01\/WhatsApp-Image-2024-05-24-at-15.35.40-2.jpeg","datePublished":"2024-05-27T09:41:47+00:00","dateModified":"2025-01-20T15:19:37+00:00","breadcrumb":{"@id":"https:\/\/vaasanvaalipiirinvihreat.fi\/index.php\/2024\/05\/27\/heidi-akerman-yli-jussipaitojen-moninainen-pohjalaisuus-esiin\/#breadcrumb"},"inLanguage":"fi","potentialAction":[{"@type":"ReadAction","target":["https:\/\/vaasanvaalipiirinvihreat.fi\/index.php\/2024\/05\/27\/heidi-akerman-yli-jussipaitojen-moninainen-pohjalaisuus-esiin\/"]}]},{"@type":"ImageObject","inLanguage":"fi","@id":"https:\/\/vaasanvaalipiirinvihreat.fi\/index.php\/2024\/05\/27\/heidi-akerman-yli-jussipaitojen-moninainen-pohjalaisuus-esiin\/#primaryimage","url":"https:\/\/vaasanvaalipiirinvihreat.fi\/wp-content\/uploads\/2025\/01\/WhatsApp-Image-2024-05-24-at-15.35.40-2.jpeg","contentUrl":"https:\/\/vaasanvaalipiirinvihreat.fi\/wp-content\/uploads\/2025\/01\/WhatsApp-Image-2024-05-24-at-15.35.40-2.jpeg","width":2048,"height":1152},{"@type":"BreadcrumbList","@id":"https:\/\/vaasanvaalipiirinvihreat.fi\/index.php\/2024\/05\/27\/heidi-akerman-yli-jussipaitojen-moninainen-pohjalaisuus-esiin\/#breadcrumb","itemListElement":[{"@type":"ListItem","position":1,"name":"Etusivu","item":"https:\/\/vaasanvaalipiirinvihreat.fi\/"},{"@type":"ListItem","position":2,"name":"Heidi \u00c5kerman: Yli jussipaitojen \u2013 moninainen pohjalaisuus esiin"}]},{"@type":"WebSite","@id":"https:\/\/vaasanvaalipiirinvihreat.fi\/#website","url":"https:\/\/vaasanvaalipiirinvihreat.fi\/","name":"vaasanvaalipiirinvihreat.fi","description":"Vaasan vaalipiirin vihre\u00e4t - De Gr\u00f6na i Vasa valkrets","publisher":{"@id":"https:\/\/vaasanvaalipiirinvihreat.fi\/#organization"},"potentialAction":[{"@type":"SearchAction","target":{"@type":"EntryPoint","urlTemplate":"https:\/\/vaasanvaalipiirinvihreat.fi\/?s={search_term_string}"},"query-input":{"@type":"PropertyValueSpecification","valueRequired":true,"valueName":"search_term_string"}}],"inLanguage":"fi"},{"@type":"Organization","@id":"https:\/\/vaasanvaalipiirinvihreat.fi\/#organization","name":"vaasanvaalipiirinvihreat.fi","alternateName":"Vaasan vaalipiirin vihre\u00e4t - De Gr\u00f6na i Vasa valkrets","url":"https:\/\/vaasanvaalipiirinvihreat.fi\/","logo":{"@type":"ImageObject","inLanguage":"fi","@id":"https:\/\/vaasanvaalipiirinvihreat.fi\/#\/schema\/logo\/image\/","url":"https:\/\/vaasanvaalipiirinvihreat.fi\/wp-content\/uploads\/2025\/01\/Vihreat_Logo_HOR_RGB_FIN_SWE.png","contentUrl":"https:\/\/vaasanvaalipiirinvihreat.fi\/wp-content\/uploads\/2025\/01\/Vihreat_Logo_HOR_RGB_FIN_SWE.png","width":1162,"height":409,"caption":"vaasanvaalipiirinvihreat.fi"},"image":{"@id":"https:\/\/vaasanvaalipiirinvihreat.fi\/#\/schema\/logo\/image\/"},"sameAs":["https:\/\/www.facebook.com\/VaasanVaalipiirinVihreat"]},{"@type":"Person","@id":"https:\/\/vaasanvaalipiirinvihreat.fi\/#\/schema\/person\/d9205350c2a3b344c419b954e66c3daf","name":"Yll\u00e4pit\u00e4j\u00e4","url":"https:\/\/vaasanvaalipiirinvihreat.fi\/index.php\/author\/sivustomestari\/"}]}},"_links":{"self":[{"href":"https:\/\/vaasanvaalipiirinvihreat.fi\/index.php\/wp-json\/wp\/v2\/posts\/1914","targetHints":{"allow":["GET"]}}],"collection":[{"href":"https:\/\/vaasanvaalipiirinvihreat.fi\/index.php\/wp-json\/wp\/v2\/posts"}],"about":[{"href":"https:\/\/vaasanvaalipiirinvihreat.fi\/index.php\/wp-json\/wp\/v2\/types\/post"}],"author":[{"embeddable":true,"href":"https:\/\/vaasanvaalipiirinvihreat.fi\/index.php\/wp-json\/wp\/v2\/users\/2"}],"replies":[{"embeddable":true,"href":"https:\/\/vaasanvaalipiirinvihreat.fi\/index.php\/wp-json\/wp\/v2\/comments?post=1914"}],"version-history":[{"count":1,"href":"https:\/\/vaasanvaalipiirinvihreat.fi\/index.php\/wp-json\/wp\/v2\/posts\/1914\/revisions"}],"predecessor-version":[{"id":2225,"href":"https:\/\/vaasanvaalipiirinvihreat.fi\/index.php\/wp-json\/wp\/v2\/posts\/1914\/revisions\/2225"}],"wp:featuredmedia":[{"embeddable":true,"href":"https:\/\/vaasanvaalipiirinvihreat.fi\/index.php\/wp-json\/wp\/v2\/media\/2226"}],"wp:attachment":[{"href":"https:\/\/vaasanvaalipiirinvihreat.fi\/index.php\/wp-json\/wp\/v2\/media?parent=1914"}],"wp:term":[{"taxonomy":"category","embeddable":true,"href":"https:\/\/vaasanvaalipiirinvihreat.fi\/index.php\/wp-json\/wp\/v2\/categories?post=1914"},{"taxonomy":"post_tag","embeddable":true,"href":"https:\/\/vaasanvaalipiirinvihreat.fi\/index.php\/wp-json\/wp\/v2\/tags?post=1914"}],"curies":[{"name":"wp","href":"https:\/\/api.w.org\/{rel}","templated":true}]}}