{"id":1918,"date":"2024-06-11T14:32:36","date_gmt":"2024-06-11T12:32:36","guid":{"rendered":"http:\/\/www.vavavi.fi\/?p=1918"},"modified":"2025-01-20T17:19:37","modified_gmt":"2025-01-20T15:19:37","slug":"faisa-egge-pelastaako-palveluista-leikkaaminen-ja-investointien-lykkaaminen-kokkolan-vai-onko-se-vain-poliittista-teatteria","status":"publish","type":"post","link":"https:\/\/vaasanvaalipiirinvihreat.fi\/index.php\/2024\/06\/11\/faisa-egge-pelastaako-palveluista-leikkaaminen-ja-investointien-lykkaaminen-kokkolan-vai-onko-se-vain-poliittista-teatteria\/","title":{"rendered":"Faisa Egge: Pelastaako palveluista leikkaaminen ja investointien lykk\u00e4\u00e4minen Kokkolan, vai onko se vain poliittista teatteria?"},"content":{"rendered":"\n<p>Kokkolan kaupunginhallitus p\u00e4\u00e4tti 20.5. talousarvioraamista vuodelle 2025 ja taloussuunnitelmasta vuosille 2026-2027. <\/p>\n\n\n\n<p>Talousjohtajan ja muiden virkamiesten valmistelema suunnitelma meni muilta osin l\u00e4pi, mutta veronkorotuksia ei hyv\u00e4ksytty. Asiasta \u00e4\u00e4nestettiin, ja lopulta kahdeksalla \u00e4\u00e4nell\u00e4 veronkorotukseton esitys voitti. Jos veroja ei koroteta, tarkoittaa se s\u00e4\u00e4st\u00f6j\u00e4 ja leikkauksia palveluista sek\u00e4 investointien lykk\u00e4\u00e4mist\u00e4 tai peruuttamista. T\u00e4m\u00e4 siksi, ett\u00e4 ilman veronkorotuksia tai s\u00e4\u00e4st\u00f6j\u00e4 tulemme olemaan vuosien 2024-2026 aikana yhteens\u00e4 melkein 30 miljoonaa miinuksella. Kaupunginhallituksen p\u00e4\u00e4t\u00f6ksess\u00e4 todetaan, ett\u00e4 tavoitteena on v\u00e4hint\u00e4\u00e4n nollatulos. Se merkitsee huomattavia leikkauksia palveluista. Kaupunginhallituksen enemmist\u00f6n mielest\u00e4 Kokkolalla on niin hyv\u00e4t palvelut, ett\u00e4 niit\u00e4 on varaa heikent\u00e4\u00e4.<\/p>\n\n\n\n<p><br>Tietenk\u00e4\u00e4n veronkorotukset eiv\u00e4t tunnu houkuttelevalta, mutta mist\u00e4 palveluista olette valmiita tinkim\u00e4\u00e4n? Monet kaupungit ovat p\u00e4\u00e4tt\u00e4neet korottaa veroja, sill\u00e4 haluavat kaupunkinsa kukoistavan. Kokkolan kaupungilla on meneill\u00e4\u00e4n monia isoja investointeja, joista on p\u00e4\u00e4tetty jo aikaisemmin ja jotka ovat jo k\u00e4ynniss\u00e4 eik\u00e4 niit\u00e4 voi en\u00e4\u00e4 pys\u00e4ytt\u00e4\u00e4. Kaupungin palveluihin kohdistuvia leikkauksia on siis pakko tehd\u00e4, jos veroja ei koroteta. <\/p>\n\n\n\n<p>Kaupungin suurin menoer\u00e4 on henkil\u00f6st\u00f6kulut ja niist\u00e4 erityisesti sivistystoimen kulut. Ollaanko nyt siis menossa siihen, ett\u00e4 leikkaukset kohdistuvat kouluihin? Ehk\u00e4 opettajia lomautetaan tai opettajien m\u00e4\u00e4r\u00e4\u00e4 v\u00e4hennet\u00e4\u00e4n, mik\u00e4 johtaa ryhm\u00e4kokojen kasvattamiseen siell\u00e4, miss\u00e4 se viel\u00e4 on mahdollista. Tuntikehyst\u00e4 kun on jo pienennetty Kokkolassa, ja ryhm\u00e4koot ovat jo paikoin suurempia kuin ennen. My\u00f6s koulunk\u00e4ynninohjaajien m\u00e4\u00e4r\u00e4\u00e4 on jo v\u00e4hennetty<\/p>\n\n\n\n<p><br>Tulisi tiedostaa, ett\u00e4 suuret ryhm\u00e4koot aiheuttavat my\u00f6s suuremman tukiopetuksen tarpeen. My\u00f6s kiusaamisen ja syrj\u00e4ytymisen lis\u00e4\u00e4ntyminen ovat vakavia uhkia isommissa ryhmiss\u00e4. T\u00e4m\u00e4 yhdess\u00e4 koulunk\u00e4ynninohjaajien m\u00e4\u00e4r\u00e4n v\u00e4henemisen kanssa on pelottava ajatus.<br>Tuntuu, ett\u00e4 veronkorotuksia kiihke\u00e4sti vastustavat eiv\u00e4t n\u00e4ist\u00e4 asioista v\u00e4lit\u00e4. Ehk\u00e4 heill\u00e4 ei ole kouluik\u00e4isi\u00e4 lapsia. Onko todella niin, ett\u00e4 v\u00e4litet\u00e4\u00e4n vain asioista, jotka koskettavat omaa napaa? Se olisi hyvin surullista.<\/p>\n\n\n\n<p><br>Investointeihin kohdistuvan s\u00e4\u00e4st\u00f6paineen vuoksi my\u00f6s Halkokarin koulun kohtalo huolestuttaa. Tullaanko sen rakentamista lykk\u00e4\u00e4m\u00e4\u00e4n ja kuinka kauaksi. V\u00e4ltt\u00e4m\u00e4tt\u00f6mien investointien lykk\u00e4\u00e4minen tai leikkaaminen ei my\u00f6sk\u00e4\u00e4n auta pitk\u00e4ll\u00e4 aikav\u00e4lill\u00e4, sill\u00e4 jossain vaiheessa ne tulevat v\u00e4kisinkin vastaan. Halkokarin koulua on suunniteltu ja odotettu jo liian pitk\u00e4\u00e4n. Suunnitteluun on jo k\u00e4ytetty paljon resursseja ja verorahoja. Tarvitaan turvalliset ja terveelliset tilat lapsille.<\/p>\n\n\n\n<p><br>Halkokarin lis\u00e4ksi Kokkolassa on tietenkin my\u00f6s muitakin kouluja ja p\u00e4iv\u00e4koteja, jotka tarvitsevat kipe\u00e4sti perusparannusta tai kokonaan uudet tilat. Mitk\u00e4 n\u00e4ist\u00e4 investoinneista j\u00e4tet\u00e4\u00e4n toteuttamatta?<br>Kokkolan tulee olla asuinpakkana lapsiperheille houkutteleva, ja laadukkaat palvelut houkuttelevat uusia asukkaita ja yrityksi\u00e4 kaupunkiin lis\u00e4ten sen elinvoimaisuutta. Toivon, ett\u00e4 syksyll\u00e4 kaupunginvaltuustolla on viisautta tehd\u00e4 p\u00e4\u00e4t\u00f6ksi\u00e4 laajemmalla horisontilla varmistaen kaikkien kaupunkilaisten hyvinvointi.<\/p>\n\n\n\n<p><br><strong>Faisa Egge<\/strong><br><em>Kokkolan kaupunginvaltuuston ja kaupunginhallituksen j\u00e4sen<\/em><\/p>\n\n\n\n<p><\/p>\n\n\n\n<p><\/p>\n","protected":false},"excerpt":{"rendered":"<p>Tietenk\u00e4\u00e4n veronkorotukset eiv\u00e4t tunnu houkuttelevalta, mutta mist\u00e4 palveluista olette valmiita tinkim\u00e4\u00e4n? Monet kaupungit ovat p\u00e4\u00e4tt\u00e4neet korottaa veroja, sill\u00e4 haluavat kaupunkinsa kukoistavan. Kokkolan kaupungilla on meneill\u00e4\u00e4n monia isoja investointeja, joista on p\u00e4\u00e4tetty jo aikaisemmin ja jotka ovat jo k\u00e4ynniss\u00e4 eik\u00e4 niit\u00e4 voi en\u00e4\u00e4 pys\u00e4ytt\u00e4\u00e4. Kaupungin palveluihin kohdistuvia leikkauksia on siis pakko tehd\u00e4, jos veroja ei koroteta. <\/p>\n","protected":false},"author":2,"featured_media":2224,"comment_status":"closed","ping_status":"closed","sticky":false,"template":"","format":"standard","meta":{"footnotes":""},"categories":[29],"tags":[38,39,40,41,42],"class_list":["post-1918","post","type-post","status-publish","format-standard","has-post-thumbnail","hentry","category-mielipidekirjoitus","tag-halkokari","tag-kokkola","tag-koulut","tag-palvelut","tag-veronkorotukset"],"yoast_head":"<!-- This site is optimized with the Yoast SEO plugin v27.5 - https:\/\/yoast.com\/product\/yoast-seo-wordpress\/ -->\n<title>Faisa Egge: Pelastaako palveluista leikkaaminen ja investointien lykk\u00e4\u00e4minen Kokkolan, vai onko se vain poliittista teatteria? - vaasanvaalipiirinvihreat.fi<\/title>\n<meta name=\"robots\" content=\"index, follow, max-snippet:-1, max-image-preview:large, max-video-preview:-1\" \/>\n<link rel=\"canonical\" href=\"https:\/\/vaasanvaalipiirinvihreat.fi\/index.php\/2024\/06\/11\/faisa-egge-pelastaako-palveluista-leikkaaminen-ja-investointien-lykkaaminen-kokkolan-vai-onko-se-vain-poliittista-teatteria\/\" \/>\n<meta property=\"og:locale\" content=\"fi_FI\" \/>\n<meta property=\"og:type\" content=\"article\" \/>\n<meta property=\"og:title\" content=\"Faisa Egge: Pelastaako palveluista leikkaaminen ja investointien lykk\u00e4\u00e4minen Kokkolan, vai onko se vain poliittista teatteria? - vaasanvaalipiirinvihreat.fi\" \/>\n<meta property=\"og:description\" content=\"Tietenk\u00e4\u00e4n veronkorotukset eiv\u00e4t tunnu houkuttelevalta, mutta mist\u00e4 palveluista olette valmiita tinkim\u00e4\u00e4n? Monet kaupungit ovat p\u00e4\u00e4tt\u00e4neet korottaa veroja, sill\u00e4 haluavat kaupunkinsa kukoistavan. Kokkolan kaupungilla on meneill\u00e4\u00e4n monia isoja investointeja, joista on p\u00e4\u00e4tetty jo aikaisemmin ja jotka ovat jo k\u00e4ynniss\u00e4 eik\u00e4 niit\u00e4 voi en\u00e4\u00e4 pys\u00e4ytt\u00e4\u00e4. Kaupungin palveluihin kohdistuvia leikkauksia on siis pakko tehd\u00e4, jos veroja ei koroteta.\" \/>\n<meta property=\"og:url\" content=\"https:\/\/vaasanvaalipiirinvihreat.fi\/index.php\/2024\/06\/11\/faisa-egge-pelastaako-palveluista-leikkaaminen-ja-investointien-lykkaaminen-kokkolan-vai-onko-se-vain-poliittista-teatteria\/\" \/>\n<meta property=\"og:site_name\" content=\"vaasanvaalipiirinvihreat.fi\" \/>\n<meta property=\"article:publisher\" content=\"https:\/\/www.facebook.com\/VaasanVaalipiirinVihreat\" \/>\n<meta property=\"article:published_time\" content=\"2024-06-11T12:32:36+00:00\" \/>\n<meta property=\"article:modified_time\" content=\"2025-01-20T15:19:37+00:00\" \/>\n<meta property=\"og:image\" content=\"https:\/\/vaasanvaalipiirinvihreat.fi\/wp-content\/uploads\/2025\/01\/faisa-vaaka.jpg\" \/>\n\t<meta property=\"og:image:width\" content=\"700\" \/>\n\t<meta property=\"og:image:height\" content=\"448\" \/>\n\t<meta property=\"og:image:type\" content=\"image\/jpeg\" \/>\n<meta name=\"author\" content=\"Yll\u00e4pit\u00e4j\u00e4\" \/>\n<meta name=\"twitter:card\" content=\"summary_large_image\" \/>\n<meta name=\"twitter:label1\" content=\"Kirjoittanut\" \/>\n\t<meta name=\"twitter:data1\" content=\"Yll\u00e4pit\u00e4j\u00e4\" \/>\n\t<meta name=\"twitter:label2\" content=\"Arvioitu lukuaika\" \/>\n\t<meta name=\"twitter:data2\" content=\"2 minuuttia\" \/>\n<script type=\"application\/ld+json\" class=\"yoast-schema-graph\">{\"@context\":\"https:\\\/\\\/schema.org\",\"@graph\":[{\"@type\":\"Article\",\"@id\":\"https:\\\/\\\/vaasanvaalipiirinvihreat.fi\\\/index.php\\\/2024\\\/06\\\/11\\\/faisa-egge-pelastaako-palveluista-leikkaaminen-ja-investointien-lykkaaminen-kokkolan-vai-onko-se-vain-poliittista-teatteria\\\/#article\",\"isPartOf\":{\"@id\":\"https:\\\/\\\/vaasanvaalipiirinvihreat.fi\\\/index.php\\\/2024\\\/06\\\/11\\\/faisa-egge-pelastaako-palveluista-leikkaaminen-ja-investointien-lykkaaminen-kokkolan-vai-onko-se-vain-poliittista-teatteria\\\/\"},\"author\":{\"name\":\"Yll\u00e4pit\u00e4j\u00e4\",\"@id\":\"https:\\\/\\\/vaasanvaalipiirinvihreat.fi\\\/#\\\/schema\\\/person\\\/d9205350c2a3b344c419b954e66c3daf\"},\"headline\":\"Faisa Egge: Pelastaako palveluista leikkaaminen ja investointien lykk\u00e4\u00e4minen Kokkolan, vai onko se vain poliittista teatteria?\",\"datePublished\":\"2024-06-11T12:32:36+00:00\",\"dateModified\":\"2025-01-20T15:19:37+00:00\",\"mainEntityOfPage\":{\"@id\":\"https:\\\/\\\/vaasanvaalipiirinvihreat.fi\\\/index.php\\\/2024\\\/06\\\/11\\\/faisa-egge-pelastaako-palveluista-leikkaaminen-ja-investointien-lykkaaminen-kokkolan-vai-onko-se-vain-poliittista-teatteria\\\/\"},\"wordCount\":474,\"publisher\":{\"@id\":\"https:\\\/\\\/vaasanvaalipiirinvihreat.fi\\\/#organization\"},\"image\":{\"@id\":\"https:\\\/\\\/vaasanvaalipiirinvihreat.fi\\\/index.php\\\/2024\\\/06\\\/11\\\/faisa-egge-pelastaako-palveluista-leikkaaminen-ja-investointien-lykkaaminen-kokkolan-vai-onko-se-vain-poliittista-teatteria\\\/#primaryimage\"},\"thumbnailUrl\":\"https:\\\/\\\/vaasanvaalipiirinvihreat.fi\\\/wp-content\\\/uploads\\\/2025\\\/01\\\/faisa-vaaka.jpg\",\"keywords\":[\"halkokari\",\"kokkola\",\"koulut\",\"palvelut\",\"veronkorotukset\"],\"articleSection\":[\"mielipidekirjoitus\"],\"inLanguage\":\"fi\"},{\"@type\":\"WebPage\",\"@id\":\"https:\\\/\\\/vaasanvaalipiirinvihreat.fi\\\/index.php\\\/2024\\\/06\\\/11\\\/faisa-egge-pelastaako-palveluista-leikkaaminen-ja-investointien-lykkaaminen-kokkolan-vai-onko-se-vain-poliittista-teatteria\\\/\",\"url\":\"https:\\\/\\\/vaasanvaalipiirinvihreat.fi\\\/index.php\\\/2024\\\/06\\\/11\\\/faisa-egge-pelastaako-palveluista-leikkaaminen-ja-investointien-lykkaaminen-kokkolan-vai-onko-se-vain-poliittista-teatteria\\\/\",\"name\":\"Faisa Egge: Pelastaako palveluista leikkaaminen ja investointien lykk\u00e4\u00e4minen Kokkolan, vai onko se vain poliittista teatteria? - vaasanvaalipiirinvihreat.fi\",\"isPartOf\":{\"@id\":\"https:\\\/\\\/vaasanvaalipiirinvihreat.fi\\\/#website\"},\"primaryImageOfPage\":{\"@id\":\"https:\\\/\\\/vaasanvaalipiirinvihreat.fi\\\/index.php\\\/2024\\\/06\\\/11\\\/faisa-egge-pelastaako-palveluista-leikkaaminen-ja-investointien-lykkaaminen-kokkolan-vai-onko-se-vain-poliittista-teatteria\\\/#primaryimage\"},\"image\":{\"@id\":\"https:\\\/\\\/vaasanvaalipiirinvihreat.fi\\\/index.php\\\/2024\\\/06\\\/11\\\/faisa-egge-pelastaako-palveluista-leikkaaminen-ja-investointien-lykkaaminen-kokkolan-vai-onko-se-vain-poliittista-teatteria\\\/#primaryimage\"},\"thumbnailUrl\":\"https:\\\/\\\/vaasanvaalipiirinvihreat.fi\\\/wp-content\\\/uploads\\\/2025\\\/01\\\/faisa-vaaka.jpg\",\"datePublished\":\"2024-06-11T12:32:36+00:00\",\"dateModified\":\"2025-01-20T15:19:37+00:00\",\"breadcrumb\":{\"@id\":\"https:\\\/\\\/vaasanvaalipiirinvihreat.fi\\\/index.php\\\/2024\\\/06\\\/11\\\/faisa-egge-pelastaako-palveluista-leikkaaminen-ja-investointien-lykkaaminen-kokkolan-vai-onko-se-vain-poliittista-teatteria\\\/#breadcrumb\"},\"inLanguage\":\"fi\",\"potentialAction\":[{\"@type\":\"ReadAction\",\"target\":[\"https:\\\/\\\/vaasanvaalipiirinvihreat.fi\\\/index.php\\\/2024\\\/06\\\/11\\\/faisa-egge-pelastaako-palveluista-leikkaaminen-ja-investointien-lykkaaminen-kokkolan-vai-onko-se-vain-poliittista-teatteria\\\/\"]}]},{\"@type\":\"ImageObject\",\"inLanguage\":\"fi\",\"@id\":\"https:\\\/\\\/vaasanvaalipiirinvihreat.fi\\\/index.php\\\/2024\\\/06\\\/11\\\/faisa-egge-pelastaako-palveluista-leikkaaminen-ja-investointien-lykkaaminen-kokkolan-vai-onko-se-vain-poliittista-teatteria\\\/#primaryimage\",\"url\":\"https:\\\/\\\/vaasanvaalipiirinvihreat.fi\\\/wp-content\\\/uploads\\\/2025\\\/01\\\/faisa-vaaka.jpg\",\"contentUrl\":\"https:\\\/\\\/vaasanvaalipiirinvihreat.fi\\\/wp-content\\\/uploads\\\/2025\\\/01\\\/faisa-vaaka.jpg\",\"width\":700,\"height\":448},{\"@type\":\"BreadcrumbList\",\"@id\":\"https:\\\/\\\/vaasanvaalipiirinvihreat.fi\\\/index.php\\\/2024\\\/06\\\/11\\\/faisa-egge-pelastaako-palveluista-leikkaaminen-ja-investointien-lykkaaminen-kokkolan-vai-onko-se-vain-poliittista-teatteria\\\/#breadcrumb\",\"itemListElement\":[{\"@type\":\"ListItem\",\"position\":1,\"name\":\"Etusivu\",\"item\":\"https:\\\/\\\/vaasanvaalipiirinvihreat.fi\\\/\"},{\"@type\":\"ListItem\",\"position\":2,\"name\":\"Faisa Egge: Pelastaako palveluista leikkaaminen ja investointien lykk\u00e4\u00e4minen Kokkolan, vai onko se vain poliittista teatteria?\"}]},{\"@type\":\"WebSite\",\"@id\":\"https:\\\/\\\/vaasanvaalipiirinvihreat.fi\\\/#website\",\"url\":\"https:\\\/\\\/vaasanvaalipiirinvihreat.fi\\\/\",\"name\":\"vaasanvaalipiirinvihreat.fi\",\"description\":\"Vaasan vaalipiirin vihre\u00e4t - De Gr\u00f6na i Vasa valkrets\",\"publisher\":{\"@id\":\"https:\\\/\\\/vaasanvaalipiirinvihreat.fi\\\/#organization\"},\"potentialAction\":[{\"@type\":\"SearchAction\",\"target\":{\"@type\":\"EntryPoint\",\"urlTemplate\":\"https:\\\/\\\/vaasanvaalipiirinvihreat.fi\\\/?s={search_term_string}\"},\"query-input\":{\"@type\":\"PropertyValueSpecification\",\"valueRequired\":true,\"valueName\":\"search_term_string\"}}],\"inLanguage\":\"fi\"},{\"@type\":\"Organization\",\"@id\":\"https:\\\/\\\/vaasanvaalipiirinvihreat.fi\\\/#organization\",\"name\":\"vaasanvaalipiirinvihreat.fi\",\"alternateName\":\"Vaasan vaalipiirin vihre\u00e4t - De Gr\u00f6na i Vasa valkrets\",\"url\":\"https:\\\/\\\/vaasanvaalipiirinvihreat.fi\\\/\",\"logo\":{\"@type\":\"ImageObject\",\"inLanguage\":\"fi\",\"@id\":\"https:\\\/\\\/vaasanvaalipiirinvihreat.fi\\\/#\\\/schema\\\/logo\\\/image\\\/\",\"url\":\"https:\\\/\\\/vaasanvaalipiirinvihreat.fi\\\/wp-content\\\/uploads\\\/2025\\\/01\\\/Vihreat_Logo_HOR_RGB_FIN_SWE.png\",\"contentUrl\":\"https:\\\/\\\/vaasanvaalipiirinvihreat.fi\\\/wp-content\\\/uploads\\\/2025\\\/01\\\/Vihreat_Logo_HOR_RGB_FIN_SWE.png\",\"width\":1162,\"height\":409,\"caption\":\"vaasanvaalipiirinvihreat.fi\"},\"image\":{\"@id\":\"https:\\\/\\\/vaasanvaalipiirinvihreat.fi\\\/#\\\/schema\\\/logo\\\/image\\\/\"},\"sameAs\":[\"https:\\\/\\\/www.facebook.com\\\/VaasanVaalipiirinVihreat\"]},{\"@type\":\"Person\",\"@id\":\"https:\\\/\\\/vaasanvaalipiirinvihreat.fi\\\/#\\\/schema\\\/person\\\/d9205350c2a3b344c419b954e66c3daf\",\"name\":\"Yll\u00e4pit\u00e4j\u00e4\",\"url\":\"https:\\\/\\\/vaasanvaalipiirinvihreat.fi\\\/index.php\\\/author\\\/sivustomestari\\\/\"}]}<\/script>\n<!-- \/ Yoast SEO plugin. -->","yoast_head_json":{"title":"Faisa Egge: Pelastaako palveluista leikkaaminen ja investointien lykk\u00e4\u00e4minen Kokkolan, vai onko se vain poliittista teatteria? - vaasanvaalipiirinvihreat.fi","robots":{"index":"index","follow":"follow","max-snippet":"max-snippet:-1","max-image-preview":"max-image-preview:large","max-video-preview":"max-video-preview:-1"},"canonical":"https:\/\/vaasanvaalipiirinvihreat.fi\/index.php\/2024\/06\/11\/faisa-egge-pelastaako-palveluista-leikkaaminen-ja-investointien-lykkaaminen-kokkolan-vai-onko-se-vain-poliittista-teatteria\/","og_locale":"fi_FI","og_type":"article","og_title":"Faisa Egge: Pelastaako palveluista leikkaaminen ja investointien lykk\u00e4\u00e4minen Kokkolan, vai onko se vain poliittista teatteria? - vaasanvaalipiirinvihreat.fi","og_description":"Tietenk\u00e4\u00e4n veronkorotukset eiv\u00e4t tunnu houkuttelevalta, mutta mist\u00e4 palveluista olette valmiita tinkim\u00e4\u00e4n? Monet kaupungit ovat p\u00e4\u00e4tt\u00e4neet korottaa veroja, sill\u00e4 haluavat kaupunkinsa kukoistavan. Kokkolan kaupungilla on meneill\u00e4\u00e4n monia isoja investointeja, joista on p\u00e4\u00e4tetty jo aikaisemmin ja jotka ovat jo k\u00e4ynniss\u00e4 eik\u00e4 niit\u00e4 voi en\u00e4\u00e4 pys\u00e4ytt\u00e4\u00e4. Kaupungin palveluihin kohdistuvia leikkauksia on siis pakko tehd\u00e4, jos veroja ei koroteta.","og_url":"https:\/\/vaasanvaalipiirinvihreat.fi\/index.php\/2024\/06\/11\/faisa-egge-pelastaako-palveluista-leikkaaminen-ja-investointien-lykkaaminen-kokkolan-vai-onko-se-vain-poliittista-teatteria\/","og_site_name":"vaasanvaalipiirinvihreat.fi","article_publisher":"https:\/\/www.facebook.com\/VaasanVaalipiirinVihreat","article_published_time":"2024-06-11T12:32:36+00:00","article_modified_time":"2025-01-20T15:19:37+00:00","og_image":[{"width":700,"height":448,"url":"https:\/\/vaasanvaalipiirinvihreat.fi\/wp-content\/uploads\/2025\/01\/faisa-vaaka.jpg","type":"image\/jpeg"}],"author":"Yll\u00e4pit\u00e4j\u00e4","twitter_card":"summary_large_image","twitter_misc":{"Kirjoittanut":"Yll\u00e4pit\u00e4j\u00e4","Arvioitu lukuaika":"2 minuuttia"},"schema":{"@context":"https:\/\/schema.org","@graph":[{"@type":"Article","@id":"https:\/\/vaasanvaalipiirinvihreat.fi\/index.php\/2024\/06\/11\/faisa-egge-pelastaako-palveluista-leikkaaminen-ja-investointien-lykkaaminen-kokkolan-vai-onko-se-vain-poliittista-teatteria\/#article","isPartOf":{"@id":"https:\/\/vaasanvaalipiirinvihreat.fi\/index.php\/2024\/06\/11\/faisa-egge-pelastaako-palveluista-leikkaaminen-ja-investointien-lykkaaminen-kokkolan-vai-onko-se-vain-poliittista-teatteria\/"},"author":{"name":"Yll\u00e4pit\u00e4j\u00e4","@id":"https:\/\/vaasanvaalipiirinvihreat.fi\/#\/schema\/person\/d9205350c2a3b344c419b954e66c3daf"},"headline":"Faisa Egge: Pelastaako palveluista leikkaaminen ja investointien lykk\u00e4\u00e4minen Kokkolan, vai onko se vain poliittista teatteria?","datePublished":"2024-06-11T12:32:36+00:00","dateModified":"2025-01-20T15:19:37+00:00","mainEntityOfPage":{"@id":"https:\/\/vaasanvaalipiirinvihreat.fi\/index.php\/2024\/06\/11\/faisa-egge-pelastaako-palveluista-leikkaaminen-ja-investointien-lykkaaminen-kokkolan-vai-onko-se-vain-poliittista-teatteria\/"},"wordCount":474,"publisher":{"@id":"https:\/\/vaasanvaalipiirinvihreat.fi\/#organization"},"image":{"@id":"https:\/\/vaasanvaalipiirinvihreat.fi\/index.php\/2024\/06\/11\/faisa-egge-pelastaako-palveluista-leikkaaminen-ja-investointien-lykkaaminen-kokkolan-vai-onko-se-vain-poliittista-teatteria\/#primaryimage"},"thumbnailUrl":"https:\/\/vaasanvaalipiirinvihreat.fi\/wp-content\/uploads\/2025\/01\/faisa-vaaka.jpg","keywords":["halkokari","kokkola","koulut","palvelut","veronkorotukset"],"articleSection":["mielipidekirjoitus"],"inLanguage":"fi"},{"@type":"WebPage","@id":"https:\/\/vaasanvaalipiirinvihreat.fi\/index.php\/2024\/06\/11\/faisa-egge-pelastaako-palveluista-leikkaaminen-ja-investointien-lykkaaminen-kokkolan-vai-onko-se-vain-poliittista-teatteria\/","url":"https:\/\/vaasanvaalipiirinvihreat.fi\/index.php\/2024\/06\/11\/faisa-egge-pelastaako-palveluista-leikkaaminen-ja-investointien-lykkaaminen-kokkolan-vai-onko-se-vain-poliittista-teatteria\/","name":"Faisa Egge: Pelastaako palveluista leikkaaminen ja investointien lykk\u00e4\u00e4minen Kokkolan, vai onko se vain poliittista teatteria? - vaasanvaalipiirinvihreat.fi","isPartOf":{"@id":"https:\/\/vaasanvaalipiirinvihreat.fi\/#website"},"primaryImageOfPage":{"@id":"https:\/\/vaasanvaalipiirinvihreat.fi\/index.php\/2024\/06\/11\/faisa-egge-pelastaako-palveluista-leikkaaminen-ja-investointien-lykkaaminen-kokkolan-vai-onko-se-vain-poliittista-teatteria\/#primaryimage"},"image":{"@id":"https:\/\/vaasanvaalipiirinvihreat.fi\/index.php\/2024\/06\/11\/faisa-egge-pelastaako-palveluista-leikkaaminen-ja-investointien-lykkaaminen-kokkolan-vai-onko-se-vain-poliittista-teatteria\/#primaryimage"},"thumbnailUrl":"https:\/\/vaasanvaalipiirinvihreat.fi\/wp-content\/uploads\/2025\/01\/faisa-vaaka.jpg","datePublished":"2024-06-11T12:32:36+00:00","dateModified":"2025-01-20T15:19:37+00:00","breadcrumb":{"@id":"https:\/\/vaasanvaalipiirinvihreat.fi\/index.php\/2024\/06\/11\/faisa-egge-pelastaako-palveluista-leikkaaminen-ja-investointien-lykkaaminen-kokkolan-vai-onko-se-vain-poliittista-teatteria\/#breadcrumb"},"inLanguage":"fi","potentialAction":[{"@type":"ReadAction","target":["https:\/\/vaasanvaalipiirinvihreat.fi\/index.php\/2024\/06\/11\/faisa-egge-pelastaako-palveluista-leikkaaminen-ja-investointien-lykkaaminen-kokkolan-vai-onko-se-vain-poliittista-teatteria\/"]}]},{"@type":"ImageObject","inLanguage":"fi","@id":"https:\/\/vaasanvaalipiirinvihreat.fi\/index.php\/2024\/06\/11\/faisa-egge-pelastaako-palveluista-leikkaaminen-ja-investointien-lykkaaminen-kokkolan-vai-onko-se-vain-poliittista-teatteria\/#primaryimage","url":"https:\/\/vaasanvaalipiirinvihreat.fi\/wp-content\/uploads\/2025\/01\/faisa-vaaka.jpg","contentUrl":"https:\/\/vaasanvaalipiirinvihreat.fi\/wp-content\/uploads\/2025\/01\/faisa-vaaka.jpg","width":700,"height":448},{"@type":"BreadcrumbList","@id":"https:\/\/vaasanvaalipiirinvihreat.fi\/index.php\/2024\/06\/11\/faisa-egge-pelastaako-palveluista-leikkaaminen-ja-investointien-lykkaaminen-kokkolan-vai-onko-se-vain-poliittista-teatteria\/#breadcrumb","itemListElement":[{"@type":"ListItem","position":1,"name":"Etusivu","item":"https:\/\/vaasanvaalipiirinvihreat.fi\/"},{"@type":"ListItem","position":2,"name":"Faisa Egge: Pelastaako palveluista leikkaaminen ja investointien lykk\u00e4\u00e4minen Kokkolan, vai onko se vain poliittista teatteria?"}]},{"@type":"WebSite","@id":"https:\/\/vaasanvaalipiirinvihreat.fi\/#website","url":"https:\/\/vaasanvaalipiirinvihreat.fi\/","name":"vaasanvaalipiirinvihreat.fi","description":"Vaasan vaalipiirin vihre\u00e4t - De Gr\u00f6na i Vasa valkrets","publisher":{"@id":"https:\/\/vaasanvaalipiirinvihreat.fi\/#organization"},"potentialAction":[{"@type":"SearchAction","target":{"@type":"EntryPoint","urlTemplate":"https:\/\/vaasanvaalipiirinvihreat.fi\/?s={search_term_string}"},"query-input":{"@type":"PropertyValueSpecification","valueRequired":true,"valueName":"search_term_string"}}],"inLanguage":"fi"},{"@type":"Organization","@id":"https:\/\/vaasanvaalipiirinvihreat.fi\/#organization","name":"vaasanvaalipiirinvihreat.fi","alternateName":"Vaasan vaalipiirin vihre\u00e4t - De Gr\u00f6na i Vasa valkrets","url":"https:\/\/vaasanvaalipiirinvihreat.fi\/","logo":{"@type":"ImageObject","inLanguage":"fi","@id":"https:\/\/vaasanvaalipiirinvihreat.fi\/#\/schema\/logo\/image\/","url":"https:\/\/vaasanvaalipiirinvihreat.fi\/wp-content\/uploads\/2025\/01\/Vihreat_Logo_HOR_RGB_FIN_SWE.png","contentUrl":"https:\/\/vaasanvaalipiirinvihreat.fi\/wp-content\/uploads\/2025\/01\/Vihreat_Logo_HOR_RGB_FIN_SWE.png","width":1162,"height":409,"caption":"vaasanvaalipiirinvihreat.fi"},"image":{"@id":"https:\/\/vaasanvaalipiirinvihreat.fi\/#\/schema\/logo\/image\/"},"sameAs":["https:\/\/www.facebook.com\/VaasanVaalipiirinVihreat"]},{"@type":"Person","@id":"https:\/\/vaasanvaalipiirinvihreat.fi\/#\/schema\/person\/d9205350c2a3b344c419b954e66c3daf","name":"Yll\u00e4pit\u00e4j\u00e4","url":"https:\/\/vaasanvaalipiirinvihreat.fi\/index.php\/author\/sivustomestari\/"}]}},"_links":{"self":[{"href":"https:\/\/vaasanvaalipiirinvihreat.fi\/index.php\/wp-json\/wp\/v2\/posts\/1918","targetHints":{"allow":["GET"]}}],"collection":[{"href":"https:\/\/vaasanvaalipiirinvihreat.fi\/index.php\/wp-json\/wp\/v2\/posts"}],"about":[{"href":"https:\/\/vaasanvaalipiirinvihreat.fi\/index.php\/wp-json\/wp\/v2\/types\/post"}],"author":[{"embeddable":true,"href":"https:\/\/vaasanvaalipiirinvihreat.fi\/index.php\/wp-json\/wp\/v2\/users\/2"}],"replies":[{"embeddable":true,"href":"https:\/\/vaasanvaalipiirinvihreat.fi\/index.php\/wp-json\/wp\/v2\/comments?post=1918"}],"version-history":[{"count":1,"href":"https:\/\/vaasanvaalipiirinvihreat.fi\/index.php\/wp-json\/wp\/v2\/posts\/1918\/revisions"}],"predecessor-version":[{"id":2227,"href":"https:\/\/vaasanvaalipiirinvihreat.fi\/index.php\/wp-json\/wp\/v2\/posts\/1918\/revisions\/2227"}],"wp:featuredmedia":[{"embeddable":true,"href":"https:\/\/vaasanvaalipiirinvihreat.fi\/index.php\/wp-json\/wp\/v2\/media\/2224"}],"wp:attachment":[{"href":"https:\/\/vaasanvaalipiirinvihreat.fi\/index.php\/wp-json\/wp\/v2\/media?parent=1918"}],"wp:term":[{"taxonomy":"category","embeddable":true,"href":"https:\/\/vaasanvaalipiirinvihreat.fi\/index.php\/wp-json\/wp\/v2\/categories?post=1918"},{"taxonomy":"post_tag","embeddable":true,"href":"https:\/\/vaasanvaalipiirinvihreat.fi\/index.php\/wp-json\/wp\/v2\/tags?post=1918"}],"curies":[{"name":"wp","href":"https:\/\/api.w.org\/{rel}","templated":true}]}}