{"id":1921,"date":"2024-12-05T11:51:55","date_gmt":"2024-12-05T09:51:55","guid":{"rendered":"https:\/\/www.vavavi.fi\/?p=1921"},"modified":"2025-01-20T17:19:37","modified_gmt":"2025-01-20T15:19:37","slug":"poliitikot-ovat-kayttaneet-aikaa-ja-energiaa-siihen-kuka-on-aluehallituksessa-ja-kuka-ei-henkilokunta-ja-palvelut-on-unohdettu","status":"publish","type":"post","link":"https:\/\/vaasanvaalipiirinvihreat.fi\/index.php\/2024\/12\/05\/poliitikot-ovat-kayttaneet-aikaa-ja-energiaa-siihen-kuka-on-aluehallituksessa-ja-kuka-ei-henkilokunta-ja-palvelut-on-unohdettu\/","title":{"rendered":"Poliitikot ovat k\u00e4ytt\u00e4neet aikaa ja energiaa siihen, kuka on aluehallituksessa ja kuka ei \u2013 henkil\u00f6kunta ja palvelut on unohdettu"},"content":{"rendered":"\n<p>Soiten henkil\u00f6st\u00f6st\u00e4 ei edelleenk\u00e4\u00e4n v\u00e4litet\u00e4. Organisaatiomuutoksen vaikutusta henkil\u00f6st\u00f6\u00f6n ei ole tutkittu tai raportoitu. Luulisi, ett\u00e4 haluttaisiin selvitt\u00e4\u00e4, millaisia vaikutuksia sill\u00e4 on ollut. Nyt sit\u00e4 toteutetaan kiireell\u00e4 ilman huolellista arviointia, ja katse on jo siirretty seuraaviin s\u00e4\u00e4st\u00f6kohteisiin.<\/p>\n\n\n\n<p>Onko tarkkaan arvioitu, millaisia todellisia s\u00e4\u00e4st\u00f6j\u00e4 organisaatiomuutoksella on oikeasti saavutettu? Menet\u00e4mme jatkuvasti osaavaa henkil\u00f6st\u00f6\u00e4 irtisanoutumisten vuoksi. Voitaisiinko jo pys\u00e4hty\u00e4 tarkkailemaan t\u00e4m\u00e4nhetkist\u00e4 tilannetta ja seurauksia, sill\u00e4 varmasti on kuultu, ett\u00e4 henkil\u00f6st\u00f6 ei ole tyytyv\u00e4inen muutoksiin?<\/p>\n\n\n\n<p>Olemme huomanneet jo, kuinka Soiten palvelut ovat menneet alasp\u00e4in. Monet vanhukset l\u00e4hetet\u00e4\u00e4n sairaalasta nopeasti kotiin, kun vuodepaikkaa ei ollut tarjolla. Ambulanssit yh\u00e4 herkemmin tuntuvat kielt\u00e4ytyv\u00e4n viem\u00e4st\u00e4 potilaita sairaalaan, ja asiakas joutuu maksamaan ambulanssimaksun lis\u00e4ksi taksimaksun.<\/p>\n\n\n\n<p><br>Vanhukset maksavat pienest\u00e4 el\u00e4kkeest\u00e4\u00e4n kotihoidon, kauppakassipalvelun, ruokapalvelun, kotisairaanhoidon, l\u00e4\u00e4kkeet, ambulanssimaksut ja sairaalamaksut, kunnes heill\u00e4 ei en\u00e4\u00e4 ole mit\u00e4\u00e4n, mill\u00e4 maksaa, ja yhteiskunta joutuu maksamaan heid\u00e4n puolestaan.<\/p>\n\n\n\n<p>Olen kritisoinut paljon mm. Soiten organisaatiomuutosta ja s\u00e4\u00e4st\u00f6toimenpiteit\u00e4, ja sen vuoksi my\u00f6s joutunut paljon miettim\u00e4\u00e4n rooliani valtuutettuna. Mielest\u00e4ni roolini on edustaa \u00e4\u00e4nest\u00e4ji\u00e4ni ja valvoa heid\u00e4n etujaan.<\/p>\n\n\n\n<p>Teht\u00e4v\u00e4ni on katsoa, ett\u00e4 p\u00e4\u00e4t\u00f6ksiss\u00e4 on l\u00e4pin\u00e4kyvyytt\u00e4, ja kyseenalaistaa ja selvent\u00e4\u00e4 saamaani informaatiota sek\u00e4 korjata, jos huomaan v\u00e4\u00e4r\u00e4\u00e4 informaatiota. P\u00e4\u00e4t\u00f6sten tulee perustua tosiasioihin, eik\u00e4 muiden mielipiteisiin.<\/p>\n\n\n\n<p>Kokemukseni mukaan viranhaltija on joskus yritt\u00e4nyt vaientaa mielipiteeni ja kyseenalaistanut oikeuteni esitt\u00e4\u00e4 korjauksia h\u00e4nen puheenvuoroonsa jopa mainiten kanteennoston mahdollisuuden. On t\u00e4rke\u00e4\u00e4, ett\u00e4 valtuutetuilla on oikeus puhua ja kysy\u00e4 vaikeista asioista ilman pelkoa seurauksista, kunhan lakia noudatetaan.<\/p>\n\n\n\n<p>Jos min\u00e4 valtuutettuna en joidenkin mielest\u00e4 saisi sanoa mielipiteit\u00e4ni tai korjata jonkun puheita oikeaksi, voi vain kuvitella millaista on, jos joku henkil\u00f6kunnasta yritt\u00e4\u00e4 samaa.<\/p>\n\n\n\n<p>Soiten henkil\u00f6kuntaa neuvoisin nyt vain pysym\u00e4\u00e4n mukana ja yritt\u00e4m\u00e4\u00e4n selviyty\u00e4 seuraaviin aluevaaleihin asti sek\u00e4 valitsemaan tarkkaan, ket\u00e4 vaaleissa \u00e4\u00e4nest\u00e4\u00e4. Seuraavissa vaaleissa \u00e4\u00e4nest\u00e4jien kannattaisi laittaa poliittinen ideologia hetkeksi sivuun ja \u00e4\u00e4nest\u00e4\u00e4 ehdokkaita, jotka ymm\u00e4rt\u00e4v\u00e4t hyvinvointialaa ja aidosti v\u00e4litt\u00e4v\u00e4t eiv\u00e4tk\u00e4 aja vain omaa etuaan.<\/p>\n\n\n\n<p>Lis\u00e4ksi kannustan l\u00e4htem\u00e4\u00e4n ehdokkaaksi, jos et ole tyytyv\u00e4inen nykyiseen tilanteeseen. Nyt on k\u00e4ytetty niin paljon aikaa ja energiaa siihen, kuka on aluehallituksessa ja kuka ei, mutta henkil\u00f6kunta ja heid\u00e4n kohtalonsa on unohdettu. He ovat vain numeroita ja prosentteja seuraavan vuoden s\u00e4\u00e4st\u00f6suunnitelmissa.<\/p>\n\n\n\n<p>Nyt on valittu uusi johtaja Soitelle, ja toivon todella, ett\u00e4 h\u00e4n voi aloittaa uudelta pohjalta, tavoittaa henkil\u00f6st\u00f6n, saa aikaan avoimen ja rehellisen suhteen henkil\u00f6st\u00f6\u00f6n ja ottaa henkil\u00f6kunnan mukaan p\u00e4\u00e4t\u00f6ksentekoon. Toivon, ett\u00e4 h\u00e4n muistaa, ett\u00e4 henkil\u00f6st\u00f6 on Soiten syd\u00e4n, eik\u00e4 ilman heit\u00e4 ole mit\u00e4\u00e4n.<\/p>\n\n\n\n<p>Ihmiset eiv\u00e4t lakkaa sairastumasta tai vanhenemasta. Minne sairaat ja vanhukset laitetaan jatkossa? Mit\u00e4 tapahtuu, kun joku tarvitsee leikkauksen? Potilaspaikkojen ja henkil\u00f6kunnan v\u00e4hent\u00e4minen on kyseenalainen s\u00e4\u00e4st\u00f6toimenpide, sill\u00e4 lopulta ihmiset t\u00e4ytyy kuitenkin hoitaa.<\/p>\n\n\n\n<p>Kun hyvinvointi murenee, tulemme kaipaamaan entisi\u00e4 aikoja. Mutta haluan muistuttaa, ett\u00e4 tulevaisuus on meid\u00e4n k\u00e4siss\u00e4mme. On aika ottaa vastuuta teoista ja tehd\u00e4 kest\u00e4vi\u00e4 valintoja. Pienikin teko voi muuttaa asioita.<\/p>\n\n\n\n<p>Kansakunnan todellinen mitta l\u00f6ytyy siit\u00e4, kuinka se kohtelee heikompiaan, Mahatma Gandhi.<\/p>\n\n\n\n<p><strong>Faisa Egge<\/strong><\/p>\n\n\n\n<p><em>Kirjoittaja on aluevaltuutettu, kaupunginvaltuutettu ja kaupunginhallituksen j\u00e4sen (vihr.).<\/em><\/p>\n\n\n\n<p><\/p>\n","protected":false},"excerpt":{"rendered":"<p>Soiten henkil\u00f6st\u00f6st\u00e4 ei edelleenk\u00e4\u00e4n v\u00e4litet\u00e4. Organisaatiomuutoksen vaikutusta henkil\u00f6st\u00f6\u00f6n ei ole tutkittu tai raportoitu. Luulisi, ett\u00e4 haluttaisiin selvitt\u00e4\u00e4, millaisia vaikutuksia sill\u00e4 on ollut. Nyt sit\u00e4 toteutetaan kiireell\u00e4 ilman huolellista arviointia, ja katse on jo siirretty seuraaviin s\u00e4\u00e4st\u00f6kohteisiin. Onko tarkkaan arvioitu, millaisia todellisia s\u00e4\u00e4st\u00f6j\u00e4 organisaatiomuutoksella on oikeasti saavutettu? Menet\u00e4mme jatkuvasti osaavaa henkil\u00f6st\u00f6\u00e4 irtisanoutumisten vuoksi. Voitaisiinko jo pys\u00e4hty\u00e4 [&hellip;]<\/p>\n","protected":false},"author":2,"featured_media":2224,"comment_status":"closed","ping_status":"closed","sticky":false,"template":"","format":"standard","meta":{"footnotes":""},"categories":[2],"tags":[],"class_list":["post-1921","post","type-post","status-publish","format-standard","has-post-thumbnail","hentry","category-tiedotteet"],"yoast_head":"<!-- This site is optimized with the Yoast SEO plugin v27.5 - https:\/\/yoast.com\/product\/yoast-seo-wordpress\/ -->\n<title>Poliitikot ovat k\u00e4ytt\u00e4neet aikaa ja energiaa siihen, kuka on aluehallituksessa ja kuka ei \u2013 henkil\u00f6kunta ja palvelut on unohdettu - vaasanvaalipiirinvihreat.fi<\/title>\n<meta name=\"robots\" content=\"index, follow, max-snippet:-1, max-image-preview:large, max-video-preview:-1\" \/>\n<link rel=\"canonical\" href=\"https:\/\/vaasanvaalipiirinvihreat.fi\/index.php\/2024\/12\/05\/poliitikot-ovat-kayttaneet-aikaa-ja-energiaa-siihen-kuka-on-aluehallituksessa-ja-kuka-ei-henkilokunta-ja-palvelut-on-unohdettu\/\" \/>\n<meta property=\"og:locale\" content=\"fi_FI\" \/>\n<meta property=\"og:type\" content=\"article\" \/>\n<meta property=\"og:title\" content=\"Poliitikot ovat k\u00e4ytt\u00e4neet aikaa ja energiaa siihen, kuka on aluehallituksessa ja kuka ei \u2013 henkil\u00f6kunta ja palvelut on unohdettu - vaasanvaalipiirinvihreat.fi\" \/>\n<meta property=\"og:description\" content=\"Soiten henkil\u00f6st\u00f6st\u00e4 ei edelleenk\u00e4\u00e4n v\u00e4litet\u00e4. Organisaatiomuutoksen vaikutusta henkil\u00f6st\u00f6\u00f6n ei ole tutkittu tai raportoitu. Luulisi, ett\u00e4 haluttaisiin selvitt\u00e4\u00e4, millaisia vaikutuksia sill\u00e4 on ollut. Nyt sit\u00e4 toteutetaan kiireell\u00e4 ilman huolellista arviointia, ja katse on jo siirretty seuraaviin s\u00e4\u00e4st\u00f6kohteisiin. Onko tarkkaan arvioitu, millaisia todellisia s\u00e4\u00e4st\u00f6j\u00e4 organisaatiomuutoksella on oikeasti saavutettu? Menet\u00e4mme jatkuvasti osaavaa henkil\u00f6st\u00f6\u00e4 irtisanoutumisten vuoksi. Voitaisiinko jo pys\u00e4hty\u00e4 [&hellip;]\" \/>\n<meta property=\"og:url\" content=\"https:\/\/vaasanvaalipiirinvihreat.fi\/index.php\/2024\/12\/05\/poliitikot-ovat-kayttaneet-aikaa-ja-energiaa-siihen-kuka-on-aluehallituksessa-ja-kuka-ei-henkilokunta-ja-palvelut-on-unohdettu\/\" \/>\n<meta property=\"og:site_name\" content=\"vaasanvaalipiirinvihreat.fi\" \/>\n<meta property=\"article:publisher\" content=\"https:\/\/www.facebook.com\/VaasanVaalipiirinVihreat\" \/>\n<meta property=\"article:published_time\" content=\"2024-12-05T09:51:55+00:00\" \/>\n<meta property=\"article:modified_time\" content=\"2025-01-20T15:19:37+00:00\" \/>\n<meta property=\"og:image\" content=\"https:\/\/vaasanvaalipiirinvihreat.fi\/wp-content\/uploads\/2025\/01\/faisa-vaaka.jpg\" \/>\n\t<meta property=\"og:image:width\" content=\"700\" \/>\n\t<meta property=\"og:image:height\" content=\"448\" \/>\n\t<meta property=\"og:image:type\" content=\"image\/jpeg\" \/>\n<meta name=\"author\" content=\"Yll\u00e4pit\u00e4j\u00e4\" \/>\n<meta name=\"twitter:card\" content=\"summary_large_image\" \/>\n<meta name=\"twitter:label1\" content=\"Kirjoittanut\" \/>\n\t<meta name=\"twitter:data1\" content=\"Yll\u00e4pit\u00e4j\u00e4\" \/>\n\t<meta name=\"twitter:label2\" content=\"Arvioitu lukuaika\" \/>\n\t<meta name=\"twitter:data2\" content=\"3 minuuttia\" \/>\n<script type=\"application\/ld+json\" class=\"yoast-schema-graph\">{\"@context\":\"https:\\\/\\\/schema.org\",\"@graph\":[{\"@type\":\"Article\",\"@id\":\"https:\\\/\\\/vaasanvaalipiirinvihreat.fi\\\/index.php\\\/2024\\\/12\\\/05\\\/poliitikot-ovat-kayttaneet-aikaa-ja-energiaa-siihen-kuka-on-aluehallituksessa-ja-kuka-ei-henkilokunta-ja-palvelut-on-unohdettu\\\/#article\",\"isPartOf\":{\"@id\":\"https:\\\/\\\/vaasanvaalipiirinvihreat.fi\\\/index.php\\\/2024\\\/12\\\/05\\\/poliitikot-ovat-kayttaneet-aikaa-ja-energiaa-siihen-kuka-on-aluehallituksessa-ja-kuka-ei-henkilokunta-ja-palvelut-on-unohdettu\\\/\"},\"author\":{\"name\":\"Yll\u00e4pit\u00e4j\u00e4\",\"@id\":\"https:\\\/\\\/vaasanvaalipiirinvihreat.fi\\\/#\\\/schema\\\/person\\\/d9205350c2a3b344c419b954e66c3daf\"},\"headline\":\"Poliitikot ovat k\u00e4ytt\u00e4neet aikaa ja energiaa siihen, kuka on aluehallituksessa ja kuka ei \u2013 henkil\u00f6kunta ja palvelut on unohdettu\",\"datePublished\":\"2024-12-05T09:51:55+00:00\",\"dateModified\":\"2025-01-20T15:19:37+00:00\",\"mainEntityOfPage\":{\"@id\":\"https:\\\/\\\/vaasanvaalipiirinvihreat.fi\\\/index.php\\\/2024\\\/12\\\/05\\\/poliitikot-ovat-kayttaneet-aikaa-ja-energiaa-siihen-kuka-on-aluehallituksessa-ja-kuka-ei-henkilokunta-ja-palvelut-on-unohdettu\\\/\"},\"wordCount\":568,\"publisher\":{\"@id\":\"https:\\\/\\\/vaasanvaalipiirinvihreat.fi\\\/#organization\"},\"image\":{\"@id\":\"https:\\\/\\\/vaasanvaalipiirinvihreat.fi\\\/index.php\\\/2024\\\/12\\\/05\\\/poliitikot-ovat-kayttaneet-aikaa-ja-energiaa-siihen-kuka-on-aluehallituksessa-ja-kuka-ei-henkilokunta-ja-palvelut-on-unohdettu\\\/#primaryimage\"},\"thumbnailUrl\":\"https:\\\/\\\/vaasanvaalipiirinvihreat.fi\\\/wp-content\\\/uploads\\\/2025\\\/01\\\/faisa-vaaka.jpg\",\"articleSection\":[\"Tiedotteet\"],\"inLanguage\":\"fi\"},{\"@type\":\"WebPage\",\"@id\":\"https:\\\/\\\/vaasanvaalipiirinvihreat.fi\\\/index.php\\\/2024\\\/12\\\/05\\\/poliitikot-ovat-kayttaneet-aikaa-ja-energiaa-siihen-kuka-on-aluehallituksessa-ja-kuka-ei-henkilokunta-ja-palvelut-on-unohdettu\\\/\",\"url\":\"https:\\\/\\\/vaasanvaalipiirinvihreat.fi\\\/index.php\\\/2024\\\/12\\\/05\\\/poliitikot-ovat-kayttaneet-aikaa-ja-energiaa-siihen-kuka-on-aluehallituksessa-ja-kuka-ei-henkilokunta-ja-palvelut-on-unohdettu\\\/\",\"name\":\"Poliitikot ovat k\u00e4ytt\u00e4neet aikaa ja energiaa siihen, kuka on aluehallituksessa ja kuka ei \u2013 henkil\u00f6kunta ja palvelut on unohdettu - vaasanvaalipiirinvihreat.fi\",\"isPartOf\":{\"@id\":\"https:\\\/\\\/vaasanvaalipiirinvihreat.fi\\\/#website\"},\"primaryImageOfPage\":{\"@id\":\"https:\\\/\\\/vaasanvaalipiirinvihreat.fi\\\/index.php\\\/2024\\\/12\\\/05\\\/poliitikot-ovat-kayttaneet-aikaa-ja-energiaa-siihen-kuka-on-aluehallituksessa-ja-kuka-ei-henkilokunta-ja-palvelut-on-unohdettu\\\/#primaryimage\"},\"image\":{\"@id\":\"https:\\\/\\\/vaasanvaalipiirinvihreat.fi\\\/index.php\\\/2024\\\/12\\\/05\\\/poliitikot-ovat-kayttaneet-aikaa-ja-energiaa-siihen-kuka-on-aluehallituksessa-ja-kuka-ei-henkilokunta-ja-palvelut-on-unohdettu\\\/#primaryimage\"},\"thumbnailUrl\":\"https:\\\/\\\/vaasanvaalipiirinvihreat.fi\\\/wp-content\\\/uploads\\\/2025\\\/01\\\/faisa-vaaka.jpg\",\"datePublished\":\"2024-12-05T09:51:55+00:00\",\"dateModified\":\"2025-01-20T15:19:37+00:00\",\"breadcrumb\":{\"@id\":\"https:\\\/\\\/vaasanvaalipiirinvihreat.fi\\\/index.php\\\/2024\\\/12\\\/05\\\/poliitikot-ovat-kayttaneet-aikaa-ja-energiaa-siihen-kuka-on-aluehallituksessa-ja-kuka-ei-henkilokunta-ja-palvelut-on-unohdettu\\\/#breadcrumb\"},\"inLanguage\":\"fi\",\"potentialAction\":[{\"@type\":\"ReadAction\",\"target\":[\"https:\\\/\\\/vaasanvaalipiirinvihreat.fi\\\/index.php\\\/2024\\\/12\\\/05\\\/poliitikot-ovat-kayttaneet-aikaa-ja-energiaa-siihen-kuka-on-aluehallituksessa-ja-kuka-ei-henkilokunta-ja-palvelut-on-unohdettu\\\/\"]}]},{\"@type\":\"ImageObject\",\"inLanguage\":\"fi\",\"@id\":\"https:\\\/\\\/vaasanvaalipiirinvihreat.fi\\\/index.php\\\/2024\\\/12\\\/05\\\/poliitikot-ovat-kayttaneet-aikaa-ja-energiaa-siihen-kuka-on-aluehallituksessa-ja-kuka-ei-henkilokunta-ja-palvelut-on-unohdettu\\\/#primaryimage\",\"url\":\"https:\\\/\\\/vaasanvaalipiirinvihreat.fi\\\/wp-content\\\/uploads\\\/2025\\\/01\\\/faisa-vaaka.jpg\",\"contentUrl\":\"https:\\\/\\\/vaasanvaalipiirinvihreat.fi\\\/wp-content\\\/uploads\\\/2025\\\/01\\\/faisa-vaaka.jpg\",\"width\":700,\"height\":448},{\"@type\":\"BreadcrumbList\",\"@id\":\"https:\\\/\\\/vaasanvaalipiirinvihreat.fi\\\/index.php\\\/2024\\\/12\\\/05\\\/poliitikot-ovat-kayttaneet-aikaa-ja-energiaa-siihen-kuka-on-aluehallituksessa-ja-kuka-ei-henkilokunta-ja-palvelut-on-unohdettu\\\/#breadcrumb\",\"itemListElement\":[{\"@type\":\"ListItem\",\"position\":1,\"name\":\"Etusivu\",\"item\":\"https:\\\/\\\/vaasanvaalipiirinvihreat.fi\\\/\"},{\"@type\":\"ListItem\",\"position\":2,\"name\":\"Poliitikot ovat k\u00e4ytt\u00e4neet aikaa ja energiaa siihen, kuka on aluehallituksessa ja kuka ei \u2013 henkil\u00f6kunta ja palvelut on unohdettu\"}]},{\"@type\":\"WebSite\",\"@id\":\"https:\\\/\\\/vaasanvaalipiirinvihreat.fi\\\/#website\",\"url\":\"https:\\\/\\\/vaasanvaalipiirinvihreat.fi\\\/\",\"name\":\"vaasanvaalipiirinvihreat.fi\",\"description\":\"Vaasan vaalipiirin vihre\u00e4t - De Gr\u00f6na i Vasa valkrets\",\"publisher\":{\"@id\":\"https:\\\/\\\/vaasanvaalipiirinvihreat.fi\\\/#organization\"},\"potentialAction\":[{\"@type\":\"SearchAction\",\"target\":{\"@type\":\"EntryPoint\",\"urlTemplate\":\"https:\\\/\\\/vaasanvaalipiirinvihreat.fi\\\/?s={search_term_string}\"},\"query-input\":{\"@type\":\"PropertyValueSpecification\",\"valueRequired\":true,\"valueName\":\"search_term_string\"}}],\"inLanguage\":\"fi\"},{\"@type\":\"Organization\",\"@id\":\"https:\\\/\\\/vaasanvaalipiirinvihreat.fi\\\/#organization\",\"name\":\"vaasanvaalipiirinvihreat.fi\",\"alternateName\":\"Vaasan vaalipiirin vihre\u00e4t - De Gr\u00f6na i Vasa valkrets\",\"url\":\"https:\\\/\\\/vaasanvaalipiirinvihreat.fi\\\/\",\"logo\":{\"@type\":\"ImageObject\",\"inLanguage\":\"fi\",\"@id\":\"https:\\\/\\\/vaasanvaalipiirinvihreat.fi\\\/#\\\/schema\\\/logo\\\/image\\\/\",\"url\":\"https:\\\/\\\/vaasanvaalipiirinvihreat.fi\\\/wp-content\\\/uploads\\\/2025\\\/01\\\/Vihreat_Logo_HOR_RGB_FIN_SWE.png\",\"contentUrl\":\"https:\\\/\\\/vaasanvaalipiirinvihreat.fi\\\/wp-content\\\/uploads\\\/2025\\\/01\\\/Vihreat_Logo_HOR_RGB_FIN_SWE.png\",\"width\":1162,\"height\":409,\"caption\":\"vaasanvaalipiirinvihreat.fi\"},\"image\":{\"@id\":\"https:\\\/\\\/vaasanvaalipiirinvihreat.fi\\\/#\\\/schema\\\/logo\\\/image\\\/\"},\"sameAs\":[\"https:\\\/\\\/www.facebook.com\\\/VaasanVaalipiirinVihreat\"]},{\"@type\":\"Person\",\"@id\":\"https:\\\/\\\/vaasanvaalipiirinvihreat.fi\\\/#\\\/schema\\\/person\\\/d9205350c2a3b344c419b954e66c3daf\",\"name\":\"Yll\u00e4pit\u00e4j\u00e4\",\"url\":\"https:\\\/\\\/vaasanvaalipiirinvihreat.fi\\\/index.php\\\/author\\\/sivustomestari\\\/\"}]}<\/script>\n<!-- \/ Yoast SEO plugin. -->","yoast_head_json":{"title":"Poliitikot ovat k\u00e4ytt\u00e4neet aikaa ja energiaa siihen, kuka on aluehallituksessa ja kuka ei \u2013 henkil\u00f6kunta ja palvelut on unohdettu - vaasanvaalipiirinvihreat.fi","robots":{"index":"index","follow":"follow","max-snippet":"max-snippet:-1","max-image-preview":"max-image-preview:large","max-video-preview":"max-video-preview:-1"},"canonical":"https:\/\/vaasanvaalipiirinvihreat.fi\/index.php\/2024\/12\/05\/poliitikot-ovat-kayttaneet-aikaa-ja-energiaa-siihen-kuka-on-aluehallituksessa-ja-kuka-ei-henkilokunta-ja-palvelut-on-unohdettu\/","og_locale":"fi_FI","og_type":"article","og_title":"Poliitikot ovat k\u00e4ytt\u00e4neet aikaa ja energiaa siihen, kuka on aluehallituksessa ja kuka ei \u2013 henkil\u00f6kunta ja palvelut on unohdettu - vaasanvaalipiirinvihreat.fi","og_description":"Soiten henkil\u00f6st\u00f6st\u00e4 ei edelleenk\u00e4\u00e4n v\u00e4litet\u00e4. Organisaatiomuutoksen vaikutusta henkil\u00f6st\u00f6\u00f6n ei ole tutkittu tai raportoitu. Luulisi, ett\u00e4 haluttaisiin selvitt\u00e4\u00e4, millaisia vaikutuksia sill\u00e4 on ollut. Nyt sit\u00e4 toteutetaan kiireell\u00e4 ilman huolellista arviointia, ja katse on jo siirretty seuraaviin s\u00e4\u00e4st\u00f6kohteisiin. Onko tarkkaan arvioitu, millaisia todellisia s\u00e4\u00e4st\u00f6j\u00e4 organisaatiomuutoksella on oikeasti saavutettu? Menet\u00e4mme jatkuvasti osaavaa henkil\u00f6st\u00f6\u00e4 irtisanoutumisten vuoksi. Voitaisiinko jo pys\u00e4hty\u00e4 [&hellip;]","og_url":"https:\/\/vaasanvaalipiirinvihreat.fi\/index.php\/2024\/12\/05\/poliitikot-ovat-kayttaneet-aikaa-ja-energiaa-siihen-kuka-on-aluehallituksessa-ja-kuka-ei-henkilokunta-ja-palvelut-on-unohdettu\/","og_site_name":"vaasanvaalipiirinvihreat.fi","article_publisher":"https:\/\/www.facebook.com\/VaasanVaalipiirinVihreat","article_published_time":"2024-12-05T09:51:55+00:00","article_modified_time":"2025-01-20T15:19:37+00:00","og_image":[{"width":700,"height":448,"url":"https:\/\/vaasanvaalipiirinvihreat.fi\/wp-content\/uploads\/2025\/01\/faisa-vaaka.jpg","type":"image\/jpeg"}],"author":"Yll\u00e4pit\u00e4j\u00e4","twitter_card":"summary_large_image","twitter_misc":{"Kirjoittanut":"Yll\u00e4pit\u00e4j\u00e4","Arvioitu lukuaika":"3 minuuttia"},"schema":{"@context":"https:\/\/schema.org","@graph":[{"@type":"Article","@id":"https:\/\/vaasanvaalipiirinvihreat.fi\/index.php\/2024\/12\/05\/poliitikot-ovat-kayttaneet-aikaa-ja-energiaa-siihen-kuka-on-aluehallituksessa-ja-kuka-ei-henkilokunta-ja-palvelut-on-unohdettu\/#article","isPartOf":{"@id":"https:\/\/vaasanvaalipiirinvihreat.fi\/index.php\/2024\/12\/05\/poliitikot-ovat-kayttaneet-aikaa-ja-energiaa-siihen-kuka-on-aluehallituksessa-ja-kuka-ei-henkilokunta-ja-palvelut-on-unohdettu\/"},"author":{"name":"Yll\u00e4pit\u00e4j\u00e4","@id":"https:\/\/vaasanvaalipiirinvihreat.fi\/#\/schema\/person\/d9205350c2a3b344c419b954e66c3daf"},"headline":"Poliitikot ovat k\u00e4ytt\u00e4neet aikaa ja energiaa siihen, kuka on aluehallituksessa ja kuka ei \u2013 henkil\u00f6kunta ja palvelut on unohdettu","datePublished":"2024-12-05T09:51:55+00:00","dateModified":"2025-01-20T15:19:37+00:00","mainEntityOfPage":{"@id":"https:\/\/vaasanvaalipiirinvihreat.fi\/index.php\/2024\/12\/05\/poliitikot-ovat-kayttaneet-aikaa-ja-energiaa-siihen-kuka-on-aluehallituksessa-ja-kuka-ei-henkilokunta-ja-palvelut-on-unohdettu\/"},"wordCount":568,"publisher":{"@id":"https:\/\/vaasanvaalipiirinvihreat.fi\/#organization"},"image":{"@id":"https:\/\/vaasanvaalipiirinvihreat.fi\/index.php\/2024\/12\/05\/poliitikot-ovat-kayttaneet-aikaa-ja-energiaa-siihen-kuka-on-aluehallituksessa-ja-kuka-ei-henkilokunta-ja-palvelut-on-unohdettu\/#primaryimage"},"thumbnailUrl":"https:\/\/vaasanvaalipiirinvihreat.fi\/wp-content\/uploads\/2025\/01\/faisa-vaaka.jpg","articleSection":["Tiedotteet"],"inLanguage":"fi"},{"@type":"WebPage","@id":"https:\/\/vaasanvaalipiirinvihreat.fi\/index.php\/2024\/12\/05\/poliitikot-ovat-kayttaneet-aikaa-ja-energiaa-siihen-kuka-on-aluehallituksessa-ja-kuka-ei-henkilokunta-ja-palvelut-on-unohdettu\/","url":"https:\/\/vaasanvaalipiirinvihreat.fi\/index.php\/2024\/12\/05\/poliitikot-ovat-kayttaneet-aikaa-ja-energiaa-siihen-kuka-on-aluehallituksessa-ja-kuka-ei-henkilokunta-ja-palvelut-on-unohdettu\/","name":"Poliitikot ovat k\u00e4ytt\u00e4neet aikaa ja energiaa siihen, kuka on aluehallituksessa ja kuka ei \u2013 henkil\u00f6kunta ja palvelut on unohdettu - vaasanvaalipiirinvihreat.fi","isPartOf":{"@id":"https:\/\/vaasanvaalipiirinvihreat.fi\/#website"},"primaryImageOfPage":{"@id":"https:\/\/vaasanvaalipiirinvihreat.fi\/index.php\/2024\/12\/05\/poliitikot-ovat-kayttaneet-aikaa-ja-energiaa-siihen-kuka-on-aluehallituksessa-ja-kuka-ei-henkilokunta-ja-palvelut-on-unohdettu\/#primaryimage"},"image":{"@id":"https:\/\/vaasanvaalipiirinvihreat.fi\/index.php\/2024\/12\/05\/poliitikot-ovat-kayttaneet-aikaa-ja-energiaa-siihen-kuka-on-aluehallituksessa-ja-kuka-ei-henkilokunta-ja-palvelut-on-unohdettu\/#primaryimage"},"thumbnailUrl":"https:\/\/vaasanvaalipiirinvihreat.fi\/wp-content\/uploads\/2025\/01\/faisa-vaaka.jpg","datePublished":"2024-12-05T09:51:55+00:00","dateModified":"2025-01-20T15:19:37+00:00","breadcrumb":{"@id":"https:\/\/vaasanvaalipiirinvihreat.fi\/index.php\/2024\/12\/05\/poliitikot-ovat-kayttaneet-aikaa-ja-energiaa-siihen-kuka-on-aluehallituksessa-ja-kuka-ei-henkilokunta-ja-palvelut-on-unohdettu\/#breadcrumb"},"inLanguage":"fi","potentialAction":[{"@type":"ReadAction","target":["https:\/\/vaasanvaalipiirinvihreat.fi\/index.php\/2024\/12\/05\/poliitikot-ovat-kayttaneet-aikaa-ja-energiaa-siihen-kuka-on-aluehallituksessa-ja-kuka-ei-henkilokunta-ja-palvelut-on-unohdettu\/"]}]},{"@type":"ImageObject","inLanguage":"fi","@id":"https:\/\/vaasanvaalipiirinvihreat.fi\/index.php\/2024\/12\/05\/poliitikot-ovat-kayttaneet-aikaa-ja-energiaa-siihen-kuka-on-aluehallituksessa-ja-kuka-ei-henkilokunta-ja-palvelut-on-unohdettu\/#primaryimage","url":"https:\/\/vaasanvaalipiirinvihreat.fi\/wp-content\/uploads\/2025\/01\/faisa-vaaka.jpg","contentUrl":"https:\/\/vaasanvaalipiirinvihreat.fi\/wp-content\/uploads\/2025\/01\/faisa-vaaka.jpg","width":700,"height":448},{"@type":"BreadcrumbList","@id":"https:\/\/vaasanvaalipiirinvihreat.fi\/index.php\/2024\/12\/05\/poliitikot-ovat-kayttaneet-aikaa-ja-energiaa-siihen-kuka-on-aluehallituksessa-ja-kuka-ei-henkilokunta-ja-palvelut-on-unohdettu\/#breadcrumb","itemListElement":[{"@type":"ListItem","position":1,"name":"Etusivu","item":"https:\/\/vaasanvaalipiirinvihreat.fi\/"},{"@type":"ListItem","position":2,"name":"Poliitikot ovat k\u00e4ytt\u00e4neet aikaa ja energiaa siihen, kuka on aluehallituksessa ja kuka ei \u2013 henkil\u00f6kunta ja palvelut on unohdettu"}]},{"@type":"WebSite","@id":"https:\/\/vaasanvaalipiirinvihreat.fi\/#website","url":"https:\/\/vaasanvaalipiirinvihreat.fi\/","name":"vaasanvaalipiirinvihreat.fi","description":"Vaasan vaalipiirin vihre\u00e4t - De Gr\u00f6na i Vasa valkrets","publisher":{"@id":"https:\/\/vaasanvaalipiirinvihreat.fi\/#organization"},"potentialAction":[{"@type":"SearchAction","target":{"@type":"EntryPoint","urlTemplate":"https:\/\/vaasanvaalipiirinvihreat.fi\/?s={search_term_string}"},"query-input":{"@type":"PropertyValueSpecification","valueRequired":true,"valueName":"search_term_string"}}],"inLanguage":"fi"},{"@type":"Organization","@id":"https:\/\/vaasanvaalipiirinvihreat.fi\/#organization","name":"vaasanvaalipiirinvihreat.fi","alternateName":"Vaasan vaalipiirin vihre\u00e4t - De Gr\u00f6na i Vasa valkrets","url":"https:\/\/vaasanvaalipiirinvihreat.fi\/","logo":{"@type":"ImageObject","inLanguage":"fi","@id":"https:\/\/vaasanvaalipiirinvihreat.fi\/#\/schema\/logo\/image\/","url":"https:\/\/vaasanvaalipiirinvihreat.fi\/wp-content\/uploads\/2025\/01\/Vihreat_Logo_HOR_RGB_FIN_SWE.png","contentUrl":"https:\/\/vaasanvaalipiirinvihreat.fi\/wp-content\/uploads\/2025\/01\/Vihreat_Logo_HOR_RGB_FIN_SWE.png","width":1162,"height":409,"caption":"vaasanvaalipiirinvihreat.fi"},"image":{"@id":"https:\/\/vaasanvaalipiirinvihreat.fi\/#\/schema\/logo\/image\/"},"sameAs":["https:\/\/www.facebook.com\/VaasanVaalipiirinVihreat"]},{"@type":"Person","@id":"https:\/\/vaasanvaalipiirinvihreat.fi\/#\/schema\/person\/d9205350c2a3b344c419b954e66c3daf","name":"Yll\u00e4pit\u00e4j\u00e4","url":"https:\/\/vaasanvaalipiirinvihreat.fi\/index.php\/author\/sivustomestari\/"}]}},"_links":{"self":[{"href":"https:\/\/vaasanvaalipiirinvihreat.fi\/index.php\/wp-json\/wp\/v2\/posts\/1921","targetHints":{"allow":["GET"]}}],"collection":[{"href":"https:\/\/vaasanvaalipiirinvihreat.fi\/index.php\/wp-json\/wp\/v2\/posts"}],"about":[{"href":"https:\/\/vaasanvaalipiirinvihreat.fi\/index.php\/wp-json\/wp\/v2\/types\/post"}],"author":[{"embeddable":true,"href":"https:\/\/vaasanvaalipiirinvihreat.fi\/index.php\/wp-json\/wp\/v2\/users\/2"}],"replies":[{"embeddable":true,"href":"https:\/\/vaasanvaalipiirinvihreat.fi\/index.php\/wp-json\/wp\/v2\/comments?post=1921"}],"version-history":[{"count":1,"href":"https:\/\/vaasanvaalipiirinvihreat.fi\/index.php\/wp-json\/wp\/v2\/posts\/1921\/revisions"}],"predecessor-version":[{"id":2228,"href":"https:\/\/vaasanvaalipiirinvihreat.fi\/index.php\/wp-json\/wp\/v2\/posts\/1921\/revisions\/2228"}],"wp:featuredmedia":[{"embeddable":true,"href":"https:\/\/vaasanvaalipiirinvihreat.fi\/index.php\/wp-json\/wp\/v2\/media\/2224"}],"wp:attachment":[{"href":"https:\/\/vaasanvaalipiirinvihreat.fi\/index.php\/wp-json\/wp\/v2\/media?parent=1921"}],"wp:term":[{"taxonomy":"category","embeddable":true,"href":"https:\/\/vaasanvaalipiirinvihreat.fi\/index.php\/wp-json\/wp\/v2\/categories?post=1921"},{"taxonomy":"post_tag","embeddable":true,"href":"https:\/\/vaasanvaalipiirinvihreat.fi\/index.php\/wp-json\/wp\/v2\/tags?post=1921"}],"curies":[{"name":"wp","href":"https:\/\/api.w.org\/{rel}","templated":true}]}}