{"id":1924,"date":"2024-12-08T13:06:33","date_gmt":"2024-12-08T11:06:33","guid":{"rendered":"https:\/\/www.vavavi.fi\/?p=1924"},"modified":"2025-01-20T17:19:37","modified_gmt":"2025-01-20T15:19:37","slug":"jenni-kuisti-jatkaa-vaasan-vaalipiirin-vihreiden-puheenjohtajana","status":"publish","type":"post","link":"https:\/\/vaasanvaalipiirinvihreat.fi\/index.php\/2024\/12\/08\/jenni-kuisti-jatkaa-vaasan-vaalipiirin-vihreiden-puheenjohtajana\/","title":{"rendered":"Jenni Kuisti jatkaa Vaasan vaalipiirin Vihreiden puheenjohtajana"},"content":{"rendered":"\n<p>Vaasan vaalipiirin Vihre\u00e4t ry on valinnut alaj\u00e4rvel\u00e4isen Jenni Kuistin jatkamaan puheenjohtajana vuonna 2025. Kuisti toimii valtuutettuna Etel\u00e4-Pohjanmaan hyvinvointialueella ja Alaj\u00e4rven kaupunginvaltuustossa.<\/p>\n\n\n\n<p>-Olemme huolissamme osasta piirin alueelle kaavailluista tuulivoimapuistoista, jotka on kaavoitettu virkistysreittien ja arvokkaiden luontoalueiden ja el\u00e4inten elinymp\u00e4rist\u00f6n, kuten merikotkan lentoreittien p\u00e4\u00e4lle. Uusiutuva energia on t\u00e4rke\u00e4\u00e4 ilmastomuutoksen torjunnassa, mutta samalla on huomioitava t\u00e4rke\u00e4t elinymp\u00e4rist\u00f6t ja se, ettemme aiheuta kohtuutonta luontokatoa, Kuisti<strong> <\/strong>toteaa.<\/p>\n\n\n\n<p>Kuisti on erikoistuva sosiaality\u00f6ntekij\u00e4 ja on ty\u00f6skennellyt vuosia sosiaali- ja kriisip\u00e4ivystyksess\u00e4 Etel\u00e4-Pohjanmaalla.<\/p>\n\n\n\n<p>\u00a0&#8211;\u00a0Olen huolissani sosiaalipalveluiden kokonaisuudesta hyvinvointialueilla. Sosiaalipalvelut ovat perinteisesti j\u00e4\u00e4neet terveyspalveluiden varjoon ja vaikuttaa silt\u00e4, ett\u00e4 tilanne on vain heikentynyt hyvinvointialueiden my\u00f6t\u00e4. Sosiaalipalveluilla on kokonaisuudessa ja erityisesti kustannusten hillinn\u00e4ss\u00e4 merkitt\u00e4v\u00e4 rooli. Esimerkiksi viimeaikaiset sosiaaliturvaleikkaukset lis\u00e4\u00e4v\u00e4t palvelutarvetta sosiaalipalveluissa. Nyt jo valtakunnallisesti raportoidaan haasteista vastata lis\u00e4\u00e4ntyviin palvelutarpeisiin. Nyt onkin toimittava sosiaalisen n\u00e4k\u00f6kulman ja sosiaalipalveluiden \u00e4\u00e4nitorvena ja puolestapuhujana, se on aina my\u00f6s heikoimmassa asemassa olevien puolustamista, kommentoi Kuisti.<\/p>\n\n\n\n<p>Lis\u00e4ksi Vaasan vaalipiirin Vihreiden vuoden vapaaehtoiseksi valittiin Sein\u00e4joen Vihreiden puheenjohtajana toimiva Taavi Horila. H\u00e4nt\u00e4&nbsp; kuvailtiin vihre\u00e4ksi voimapes\u00e4ksi, joka ahkeroi ja edist\u00e4\u00e4 vihreit\u00e4 arvoja oma-aloitteisesti aina siell\u00e4 miss\u00e4 tarvitaan. Sen h\u00e4n tekee iloisella ja kaikki mukaan ottavalla asenteella luoden ymp\u00e4rilleen hyv\u00e4\u00e4 fiilist\u00e4.<\/p>\n\n\n\n<p>Hallituksessa ensi vuonna toimivat Minna Roukkio-Taipale, Tanja Kirsil\u00e4, Pia Kokko, Tiia Lumilaakso, Elina Sahlgren, Heidi V\u00e4liaho, Piia \u00c4ij\u00f6, Marko Per\u00e4l\u00e4 ja Anni Teerikangas. Varaj\u00e4senin\u00e4 ovat Taavi Horila, Laura Ala-Kokko, Hannele Salmela, Safa Hammad ja Topias Lahdensuo.<\/p>\n","protected":false},"excerpt":{"rendered":"<p>Vaasan vaalipiirin Vihre\u00e4t ry on valinnut alaj\u00e4rvel\u00e4isen Jenni Kuistin jatkamaan puheenjohtajana vuonna 2025. Kuisti toimii valtuutettuna Etel\u00e4-Pohjanmaan hyvinvointialueella ja Alaj\u00e4rven kaupunginvaltuustossa. -Olemme huolissamme osasta piirin alueelle kaavailluista tuulivoimapuistoista, jotka on kaavoitettu virkistysreittien ja arvokkaiden luontoalueiden ja el\u00e4inten elinymp\u00e4rist\u00f6n, kuten merikotkan lentoreittien p\u00e4\u00e4lle. Uusiutuva energia on t\u00e4rke\u00e4\u00e4 ilmastomuutoksen torjunnassa, mutta samalla on huomioitava t\u00e4rke\u00e4t elinymp\u00e4rist\u00f6t ja [&hellip;]<\/p>\n","protected":false},"author":2,"featured_media":2215,"comment_status":"closed","ping_status":"closed","sticky":false,"template":"","format":"standard","meta":{"footnotes":""},"categories":[2],"tags":[],"class_list":["post-1924","post","type-post","status-publish","format-standard","has-post-thumbnail","hentry","category-tiedotteet"],"yoast_head":"<!-- This site is optimized with the Yoast SEO plugin v27.5 - https:\/\/yoast.com\/product\/yoast-seo-wordpress\/ -->\n<title>Jenni Kuisti jatkaa Vaasan vaalipiirin Vihreiden puheenjohtajana - vaasanvaalipiirinvihreat.fi<\/title>\n<meta name=\"robots\" content=\"index, follow, max-snippet:-1, max-image-preview:large, max-video-preview:-1\" \/>\n<link rel=\"canonical\" href=\"https:\/\/vaasanvaalipiirinvihreat.fi\/index.php\/2024\/12\/08\/jenni-kuisti-jatkaa-vaasan-vaalipiirin-vihreiden-puheenjohtajana\/\" \/>\n<meta property=\"og:locale\" content=\"fi_FI\" \/>\n<meta property=\"og:type\" content=\"article\" \/>\n<meta property=\"og:title\" content=\"Jenni Kuisti jatkaa Vaasan vaalipiirin Vihreiden puheenjohtajana - vaasanvaalipiirinvihreat.fi\" \/>\n<meta property=\"og:description\" content=\"Vaasan vaalipiirin Vihre\u00e4t ry on valinnut alaj\u00e4rvel\u00e4isen Jenni Kuistin jatkamaan puheenjohtajana vuonna 2025. Kuisti toimii valtuutettuna Etel\u00e4-Pohjanmaan hyvinvointialueella ja Alaj\u00e4rven kaupunginvaltuustossa. -Olemme huolissamme osasta piirin alueelle kaavailluista tuulivoimapuistoista, jotka on kaavoitettu virkistysreittien ja arvokkaiden luontoalueiden ja el\u00e4inten elinymp\u00e4rist\u00f6n, kuten merikotkan lentoreittien p\u00e4\u00e4lle. Uusiutuva energia on t\u00e4rke\u00e4\u00e4 ilmastomuutoksen torjunnassa, mutta samalla on huomioitava t\u00e4rke\u00e4t elinymp\u00e4rist\u00f6t ja [&hellip;]\" \/>\n<meta property=\"og:url\" content=\"https:\/\/vaasanvaalipiirinvihreat.fi\/index.php\/2024\/12\/08\/jenni-kuisti-jatkaa-vaasan-vaalipiirin-vihreiden-puheenjohtajana\/\" \/>\n<meta property=\"og:site_name\" content=\"vaasanvaalipiirinvihreat.fi\" \/>\n<meta property=\"article:publisher\" content=\"https:\/\/www.facebook.com\/VaasanVaalipiirinVihreat\" \/>\n<meta property=\"article:published_time\" content=\"2024-12-08T11:06:33+00:00\" \/>\n<meta property=\"article:modified_time\" content=\"2025-01-20T15:19:37+00:00\" \/>\n<meta property=\"og:image\" content=\"https:\/\/vaasanvaalipiirinvihreat.fi\/wp-content\/uploads\/2025\/01\/Jenni-Kuisti-267kt.jpeg\" \/>\n\t<meta property=\"og:image:width\" content=\"2048\" \/>\n\t<meta property=\"og:image:height\" content=\"1365\" \/>\n\t<meta property=\"og:image:type\" content=\"image\/jpeg\" \/>\n<meta name=\"author\" content=\"Yll\u00e4pit\u00e4j\u00e4\" \/>\n<meta name=\"twitter:card\" content=\"summary_large_image\" \/>\n<meta name=\"twitter:label1\" content=\"Kirjoittanut\" \/>\n\t<meta name=\"twitter:data1\" content=\"Yll\u00e4pit\u00e4j\u00e4\" \/>\n\t<meta name=\"twitter:label2\" content=\"Arvioitu lukuaika\" \/>\n\t<meta name=\"twitter:data2\" content=\"1 minuutti\" \/>\n<script type=\"application\/ld+json\" class=\"yoast-schema-graph\">{\"@context\":\"https:\\\/\\\/schema.org\",\"@graph\":[{\"@type\":\"Article\",\"@id\":\"https:\\\/\\\/vaasanvaalipiirinvihreat.fi\\\/index.php\\\/2024\\\/12\\\/08\\\/jenni-kuisti-jatkaa-vaasan-vaalipiirin-vihreiden-puheenjohtajana\\\/#article\",\"isPartOf\":{\"@id\":\"https:\\\/\\\/vaasanvaalipiirinvihreat.fi\\\/index.php\\\/2024\\\/12\\\/08\\\/jenni-kuisti-jatkaa-vaasan-vaalipiirin-vihreiden-puheenjohtajana\\\/\"},\"author\":{\"name\":\"Yll\u00e4pit\u00e4j\u00e4\",\"@id\":\"https:\\\/\\\/vaasanvaalipiirinvihreat.fi\\\/#\\\/schema\\\/person\\\/d9205350c2a3b344c419b954e66c3daf\"},\"headline\":\"Jenni Kuisti jatkaa Vaasan vaalipiirin Vihreiden puheenjohtajana\",\"datePublished\":\"2024-12-08T11:06:33+00:00\",\"dateModified\":\"2025-01-20T15:19:37+00:00\",\"mainEntityOfPage\":{\"@id\":\"https:\\\/\\\/vaasanvaalipiirinvihreat.fi\\\/index.php\\\/2024\\\/12\\\/08\\\/jenni-kuisti-jatkaa-vaasan-vaalipiirin-vihreiden-puheenjohtajana\\\/\"},\"wordCount\":261,\"publisher\":{\"@id\":\"https:\\\/\\\/vaasanvaalipiirinvihreat.fi\\\/#organization\"},\"image\":{\"@id\":\"https:\\\/\\\/vaasanvaalipiirinvihreat.fi\\\/index.php\\\/2024\\\/12\\\/08\\\/jenni-kuisti-jatkaa-vaasan-vaalipiirin-vihreiden-puheenjohtajana\\\/#primaryimage\"},\"thumbnailUrl\":\"https:\\\/\\\/vaasanvaalipiirinvihreat.fi\\\/wp-content\\\/uploads\\\/2025\\\/01\\\/Jenni-Kuisti-267kt.jpeg\",\"articleSection\":[\"Tiedotteet\"],\"inLanguage\":\"fi\"},{\"@type\":\"WebPage\",\"@id\":\"https:\\\/\\\/vaasanvaalipiirinvihreat.fi\\\/index.php\\\/2024\\\/12\\\/08\\\/jenni-kuisti-jatkaa-vaasan-vaalipiirin-vihreiden-puheenjohtajana\\\/\",\"url\":\"https:\\\/\\\/vaasanvaalipiirinvihreat.fi\\\/index.php\\\/2024\\\/12\\\/08\\\/jenni-kuisti-jatkaa-vaasan-vaalipiirin-vihreiden-puheenjohtajana\\\/\",\"name\":\"Jenni Kuisti jatkaa Vaasan vaalipiirin Vihreiden puheenjohtajana - vaasanvaalipiirinvihreat.fi\",\"isPartOf\":{\"@id\":\"https:\\\/\\\/vaasanvaalipiirinvihreat.fi\\\/#website\"},\"primaryImageOfPage\":{\"@id\":\"https:\\\/\\\/vaasanvaalipiirinvihreat.fi\\\/index.php\\\/2024\\\/12\\\/08\\\/jenni-kuisti-jatkaa-vaasan-vaalipiirin-vihreiden-puheenjohtajana\\\/#primaryimage\"},\"image\":{\"@id\":\"https:\\\/\\\/vaasanvaalipiirinvihreat.fi\\\/index.php\\\/2024\\\/12\\\/08\\\/jenni-kuisti-jatkaa-vaasan-vaalipiirin-vihreiden-puheenjohtajana\\\/#primaryimage\"},\"thumbnailUrl\":\"https:\\\/\\\/vaasanvaalipiirinvihreat.fi\\\/wp-content\\\/uploads\\\/2025\\\/01\\\/Jenni-Kuisti-267kt.jpeg\",\"datePublished\":\"2024-12-08T11:06:33+00:00\",\"dateModified\":\"2025-01-20T15:19:37+00:00\",\"breadcrumb\":{\"@id\":\"https:\\\/\\\/vaasanvaalipiirinvihreat.fi\\\/index.php\\\/2024\\\/12\\\/08\\\/jenni-kuisti-jatkaa-vaasan-vaalipiirin-vihreiden-puheenjohtajana\\\/#breadcrumb\"},\"inLanguage\":\"fi\",\"potentialAction\":[{\"@type\":\"ReadAction\",\"target\":[\"https:\\\/\\\/vaasanvaalipiirinvihreat.fi\\\/index.php\\\/2024\\\/12\\\/08\\\/jenni-kuisti-jatkaa-vaasan-vaalipiirin-vihreiden-puheenjohtajana\\\/\"]}]},{\"@type\":\"ImageObject\",\"inLanguage\":\"fi\",\"@id\":\"https:\\\/\\\/vaasanvaalipiirinvihreat.fi\\\/index.php\\\/2024\\\/12\\\/08\\\/jenni-kuisti-jatkaa-vaasan-vaalipiirin-vihreiden-puheenjohtajana\\\/#primaryimage\",\"url\":\"https:\\\/\\\/vaasanvaalipiirinvihreat.fi\\\/wp-content\\\/uploads\\\/2025\\\/01\\\/Jenni-Kuisti-267kt.jpeg\",\"contentUrl\":\"https:\\\/\\\/vaasanvaalipiirinvihreat.fi\\\/wp-content\\\/uploads\\\/2025\\\/01\\\/Jenni-Kuisti-267kt.jpeg\",\"width\":2048,\"height\":1365},{\"@type\":\"BreadcrumbList\",\"@id\":\"https:\\\/\\\/vaasanvaalipiirinvihreat.fi\\\/index.php\\\/2024\\\/12\\\/08\\\/jenni-kuisti-jatkaa-vaasan-vaalipiirin-vihreiden-puheenjohtajana\\\/#breadcrumb\",\"itemListElement\":[{\"@type\":\"ListItem\",\"position\":1,\"name\":\"Etusivu\",\"item\":\"https:\\\/\\\/vaasanvaalipiirinvihreat.fi\\\/\"},{\"@type\":\"ListItem\",\"position\":2,\"name\":\"Jenni Kuisti jatkaa Vaasan vaalipiirin Vihreiden puheenjohtajana\"}]},{\"@type\":\"WebSite\",\"@id\":\"https:\\\/\\\/vaasanvaalipiirinvihreat.fi\\\/#website\",\"url\":\"https:\\\/\\\/vaasanvaalipiirinvihreat.fi\\\/\",\"name\":\"vaasanvaalipiirinvihreat.fi\",\"description\":\"Vaasan vaalipiirin vihre\u00e4t - De Gr\u00f6na i Vasa valkrets\",\"publisher\":{\"@id\":\"https:\\\/\\\/vaasanvaalipiirinvihreat.fi\\\/#organization\"},\"potentialAction\":[{\"@type\":\"SearchAction\",\"target\":{\"@type\":\"EntryPoint\",\"urlTemplate\":\"https:\\\/\\\/vaasanvaalipiirinvihreat.fi\\\/?s={search_term_string}\"},\"query-input\":{\"@type\":\"PropertyValueSpecification\",\"valueRequired\":true,\"valueName\":\"search_term_string\"}}],\"inLanguage\":\"fi\"},{\"@type\":\"Organization\",\"@id\":\"https:\\\/\\\/vaasanvaalipiirinvihreat.fi\\\/#organization\",\"name\":\"vaasanvaalipiirinvihreat.fi\",\"alternateName\":\"Vaasan vaalipiirin vihre\u00e4t - De Gr\u00f6na i Vasa valkrets\",\"url\":\"https:\\\/\\\/vaasanvaalipiirinvihreat.fi\\\/\",\"logo\":{\"@type\":\"ImageObject\",\"inLanguage\":\"fi\",\"@id\":\"https:\\\/\\\/vaasanvaalipiirinvihreat.fi\\\/#\\\/schema\\\/logo\\\/image\\\/\",\"url\":\"https:\\\/\\\/vaasanvaalipiirinvihreat.fi\\\/wp-content\\\/uploads\\\/2025\\\/01\\\/Vihreat_Logo_HOR_RGB_FIN_SWE.png\",\"contentUrl\":\"https:\\\/\\\/vaasanvaalipiirinvihreat.fi\\\/wp-content\\\/uploads\\\/2025\\\/01\\\/Vihreat_Logo_HOR_RGB_FIN_SWE.png\",\"width\":1162,\"height\":409,\"caption\":\"vaasanvaalipiirinvihreat.fi\"},\"image\":{\"@id\":\"https:\\\/\\\/vaasanvaalipiirinvihreat.fi\\\/#\\\/schema\\\/logo\\\/image\\\/\"},\"sameAs\":[\"https:\\\/\\\/www.facebook.com\\\/VaasanVaalipiirinVihreat\"]},{\"@type\":\"Person\",\"@id\":\"https:\\\/\\\/vaasanvaalipiirinvihreat.fi\\\/#\\\/schema\\\/person\\\/d9205350c2a3b344c419b954e66c3daf\",\"name\":\"Yll\u00e4pit\u00e4j\u00e4\",\"url\":\"https:\\\/\\\/vaasanvaalipiirinvihreat.fi\\\/index.php\\\/author\\\/sivustomestari\\\/\"}]}<\/script>\n<!-- \/ Yoast SEO plugin. -->","yoast_head_json":{"title":"Jenni Kuisti jatkaa Vaasan vaalipiirin Vihreiden puheenjohtajana - vaasanvaalipiirinvihreat.fi","robots":{"index":"index","follow":"follow","max-snippet":"max-snippet:-1","max-image-preview":"max-image-preview:large","max-video-preview":"max-video-preview:-1"},"canonical":"https:\/\/vaasanvaalipiirinvihreat.fi\/index.php\/2024\/12\/08\/jenni-kuisti-jatkaa-vaasan-vaalipiirin-vihreiden-puheenjohtajana\/","og_locale":"fi_FI","og_type":"article","og_title":"Jenni Kuisti jatkaa Vaasan vaalipiirin Vihreiden puheenjohtajana - vaasanvaalipiirinvihreat.fi","og_description":"Vaasan vaalipiirin Vihre\u00e4t ry on valinnut alaj\u00e4rvel\u00e4isen Jenni Kuistin jatkamaan puheenjohtajana vuonna 2025. Kuisti toimii valtuutettuna Etel\u00e4-Pohjanmaan hyvinvointialueella ja Alaj\u00e4rven kaupunginvaltuustossa. -Olemme huolissamme osasta piirin alueelle kaavailluista tuulivoimapuistoista, jotka on kaavoitettu virkistysreittien ja arvokkaiden luontoalueiden ja el\u00e4inten elinymp\u00e4rist\u00f6n, kuten merikotkan lentoreittien p\u00e4\u00e4lle. Uusiutuva energia on t\u00e4rke\u00e4\u00e4 ilmastomuutoksen torjunnassa, mutta samalla on huomioitava t\u00e4rke\u00e4t elinymp\u00e4rist\u00f6t ja [&hellip;]","og_url":"https:\/\/vaasanvaalipiirinvihreat.fi\/index.php\/2024\/12\/08\/jenni-kuisti-jatkaa-vaasan-vaalipiirin-vihreiden-puheenjohtajana\/","og_site_name":"vaasanvaalipiirinvihreat.fi","article_publisher":"https:\/\/www.facebook.com\/VaasanVaalipiirinVihreat","article_published_time":"2024-12-08T11:06:33+00:00","article_modified_time":"2025-01-20T15:19:37+00:00","og_image":[{"width":2048,"height":1365,"url":"https:\/\/vaasanvaalipiirinvihreat.fi\/wp-content\/uploads\/2025\/01\/Jenni-Kuisti-267kt.jpeg","type":"image\/jpeg"}],"author":"Yll\u00e4pit\u00e4j\u00e4","twitter_card":"summary_large_image","twitter_misc":{"Kirjoittanut":"Yll\u00e4pit\u00e4j\u00e4","Arvioitu lukuaika":"1 minuutti"},"schema":{"@context":"https:\/\/schema.org","@graph":[{"@type":"Article","@id":"https:\/\/vaasanvaalipiirinvihreat.fi\/index.php\/2024\/12\/08\/jenni-kuisti-jatkaa-vaasan-vaalipiirin-vihreiden-puheenjohtajana\/#article","isPartOf":{"@id":"https:\/\/vaasanvaalipiirinvihreat.fi\/index.php\/2024\/12\/08\/jenni-kuisti-jatkaa-vaasan-vaalipiirin-vihreiden-puheenjohtajana\/"},"author":{"name":"Yll\u00e4pit\u00e4j\u00e4","@id":"https:\/\/vaasanvaalipiirinvihreat.fi\/#\/schema\/person\/d9205350c2a3b344c419b954e66c3daf"},"headline":"Jenni Kuisti jatkaa Vaasan vaalipiirin Vihreiden puheenjohtajana","datePublished":"2024-12-08T11:06:33+00:00","dateModified":"2025-01-20T15:19:37+00:00","mainEntityOfPage":{"@id":"https:\/\/vaasanvaalipiirinvihreat.fi\/index.php\/2024\/12\/08\/jenni-kuisti-jatkaa-vaasan-vaalipiirin-vihreiden-puheenjohtajana\/"},"wordCount":261,"publisher":{"@id":"https:\/\/vaasanvaalipiirinvihreat.fi\/#organization"},"image":{"@id":"https:\/\/vaasanvaalipiirinvihreat.fi\/index.php\/2024\/12\/08\/jenni-kuisti-jatkaa-vaasan-vaalipiirin-vihreiden-puheenjohtajana\/#primaryimage"},"thumbnailUrl":"https:\/\/vaasanvaalipiirinvihreat.fi\/wp-content\/uploads\/2025\/01\/Jenni-Kuisti-267kt.jpeg","articleSection":["Tiedotteet"],"inLanguage":"fi"},{"@type":"WebPage","@id":"https:\/\/vaasanvaalipiirinvihreat.fi\/index.php\/2024\/12\/08\/jenni-kuisti-jatkaa-vaasan-vaalipiirin-vihreiden-puheenjohtajana\/","url":"https:\/\/vaasanvaalipiirinvihreat.fi\/index.php\/2024\/12\/08\/jenni-kuisti-jatkaa-vaasan-vaalipiirin-vihreiden-puheenjohtajana\/","name":"Jenni Kuisti jatkaa Vaasan vaalipiirin Vihreiden puheenjohtajana - vaasanvaalipiirinvihreat.fi","isPartOf":{"@id":"https:\/\/vaasanvaalipiirinvihreat.fi\/#website"},"primaryImageOfPage":{"@id":"https:\/\/vaasanvaalipiirinvihreat.fi\/index.php\/2024\/12\/08\/jenni-kuisti-jatkaa-vaasan-vaalipiirin-vihreiden-puheenjohtajana\/#primaryimage"},"image":{"@id":"https:\/\/vaasanvaalipiirinvihreat.fi\/index.php\/2024\/12\/08\/jenni-kuisti-jatkaa-vaasan-vaalipiirin-vihreiden-puheenjohtajana\/#primaryimage"},"thumbnailUrl":"https:\/\/vaasanvaalipiirinvihreat.fi\/wp-content\/uploads\/2025\/01\/Jenni-Kuisti-267kt.jpeg","datePublished":"2024-12-08T11:06:33+00:00","dateModified":"2025-01-20T15:19:37+00:00","breadcrumb":{"@id":"https:\/\/vaasanvaalipiirinvihreat.fi\/index.php\/2024\/12\/08\/jenni-kuisti-jatkaa-vaasan-vaalipiirin-vihreiden-puheenjohtajana\/#breadcrumb"},"inLanguage":"fi","potentialAction":[{"@type":"ReadAction","target":["https:\/\/vaasanvaalipiirinvihreat.fi\/index.php\/2024\/12\/08\/jenni-kuisti-jatkaa-vaasan-vaalipiirin-vihreiden-puheenjohtajana\/"]}]},{"@type":"ImageObject","inLanguage":"fi","@id":"https:\/\/vaasanvaalipiirinvihreat.fi\/index.php\/2024\/12\/08\/jenni-kuisti-jatkaa-vaasan-vaalipiirin-vihreiden-puheenjohtajana\/#primaryimage","url":"https:\/\/vaasanvaalipiirinvihreat.fi\/wp-content\/uploads\/2025\/01\/Jenni-Kuisti-267kt.jpeg","contentUrl":"https:\/\/vaasanvaalipiirinvihreat.fi\/wp-content\/uploads\/2025\/01\/Jenni-Kuisti-267kt.jpeg","width":2048,"height":1365},{"@type":"BreadcrumbList","@id":"https:\/\/vaasanvaalipiirinvihreat.fi\/index.php\/2024\/12\/08\/jenni-kuisti-jatkaa-vaasan-vaalipiirin-vihreiden-puheenjohtajana\/#breadcrumb","itemListElement":[{"@type":"ListItem","position":1,"name":"Etusivu","item":"https:\/\/vaasanvaalipiirinvihreat.fi\/"},{"@type":"ListItem","position":2,"name":"Jenni Kuisti jatkaa Vaasan vaalipiirin Vihreiden puheenjohtajana"}]},{"@type":"WebSite","@id":"https:\/\/vaasanvaalipiirinvihreat.fi\/#website","url":"https:\/\/vaasanvaalipiirinvihreat.fi\/","name":"vaasanvaalipiirinvihreat.fi","description":"Vaasan vaalipiirin vihre\u00e4t - De Gr\u00f6na i Vasa valkrets","publisher":{"@id":"https:\/\/vaasanvaalipiirinvihreat.fi\/#organization"},"potentialAction":[{"@type":"SearchAction","target":{"@type":"EntryPoint","urlTemplate":"https:\/\/vaasanvaalipiirinvihreat.fi\/?s={search_term_string}"},"query-input":{"@type":"PropertyValueSpecification","valueRequired":true,"valueName":"search_term_string"}}],"inLanguage":"fi"},{"@type":"Organization","@id":"https:\/\/vaasanvaalipiirinvihreat.fi\/#organization","name":"vaasanvaalipiirinvihreat.fi","alternateName":"Vaasan vaalipiirin vihre\u00e4t - De Gr\u00f6na i Vasa valkrets","url":"https:\/\/vaasanvaalipiirinvihreat.fi\/","logo":{"@type":"ImageObject","inLanguage":"fi","@id":"https:\/\/vaasanvaalipiirinvihreat.fi\/#\/schema\/logo\/image\/","url":"https:\/\/vaasanvaalipiirinvihreat.fi\/wp-content\/uploads\/2025\/01\/Vihreat_Logo_HOR_RGB_FIN_SWE.png","contentUrl":"https:\/\/vaasanvaalipiirinvihreat.fi\/wp-content\/uploads\/2025\/01\/Vihreat_Logo_HOR_RGB_FIN_SWE.png","width":1162,"height":409,"caption":"vaasanvaalipiirinvihreat.fi"},"image":{"@id":"https:\/\/vaasanvaalipiirinvihreat.fi\/#\/schema\/logo\/image\/"},"sameAs":["https:\/\/www.facebook.com\/VaasanVaalipiirinVihreat"]},{"@type":"Person","@id":"https:\/\/vaasanvaalipiirinvihreat.fi\/#\/schema\/person\/d9205350c2a3b344c419b954e66c3daf","name":"Yll\u00e4pit\u00e4j\u00e4","url":"https:\/\/vaasanvaalipiirinvihreat.fi\/index.php\/author\/sivustomestari\/"}]}},"_links":{"self":[{"href":"https:\/\/vaasanvaalipiirinvihreat.fi\/index.php\/wp-json\/wp\/v2\/posts\/1924","targetHints":{"allow":["GET"]}}],"collection":[{"href":"https:\/\/vaasanvaalipiirinvihreat.fi\/index.php\/wp-json\/wp\/v2\/posts"}],"about":[{"href":"https:\/\/vaasanvaalipiirinvihreat.fi\/index.php\/wp-json\/wp\/v2\/types\/post"}],"author":[{"embeddable":true,"href":"https:\/\/vaasanvaalipiirinvihreat.fi\/index.php\/wp-json\/wp\/v2\/users\/2"}],"replies":[{"embeddable":true,"href":"https:\/\/vaasanvaalipiirinvihreat.fi\/index.php\/wp-json\/wp\/v2\/comments?post=1924"}],"version-history":[{"count":1,"href":"https:\/\/vaasanvaalipiirinvihreat.fi\/index.php\/wp-json\/wp\/v2\/posts\/1924\/revisions"}],"predecessor-version":[{"id":2229,"href":"https:\/\/vaasanvaalipiirinvihreat.fi\/index.php\/wp-json\/wp\/v2\/posts\/1924\/revisions\/2229"}],"wp:featuredmedia":[{"embeddable":true,"href":"https:\/\/vaasanvaalipiirinvihreat.fi\/index.php\/wp-json\/wp\/v2\/media\/2215"}],"wp:attachment":[{"href":"https:\/\/vaasanvaalipiirinvihreat.fi\/index.php\/wp-json\/wp\/v2\/media?parent=1924"}],"wp:term":[{"taxonomy":"category","embeddable":true,"href":"https:\/\/vaasanvaalipiirinvihreat.fi\/index.php\/wp-json\/wp\/v2\/categories?post=1924"},{"taxonomy":"post_tag","embeddable":true,"href":"https:\/\/vaasanvaalipiirinvihreat.fi\/index.php\/wp-json\/wp\/v2\/tags?post=1924"}],"curies":[{"name":"wp","href":"https:\/\/api.w.org\/{rel}","templated":true}]}}