{"id":2274,"date":"2025-03-30T12:37:21","date_gmt":"2025-03-30T09:37:21","guid":{"rendered":"https:\/\/vaasanvaalipiirinvihreat.fi\/?p=2274"},"modified":"2025-03-30T12:37:52","modified_gmt":"2025-03-30T09:37:52","slug":"piia-aijo-hyvinvointialueilla-pitaisi-huomioida-tyontekijat-nykyista-paremmin","status":"publish","type":"post","link":"https:\/\/vaasanvaalipiirinvihreat.fi\/index.php\/2025\/03\/30\/piia-aijo-hyvinvointialueilla-pitaisi-huomioida-tyontekijat-nykyista-paremmin\/","title":{"rendered":"Piia \u00c4ij\u00f6: Hyvinvointialueilla pit\u00e4isi huomioida ty\u00f6ntekij\u00e4t nykyist\u00e4 paremmin"},"content":{"rendered":"<p>Terveyden ja hyvinvoinnin laitos (THL) julkaisi juuri Tilannekuvia hyvinvointialueilta -tutkimusraportin, josta l\u00f6ytyy kattavasti tietoa hyvinvointialueiden tilanteesta. Raportissa suositellaan jatkossa huomioimaan paremmin ammattilaisten n\u00e4k\u00f6kulman ja tarpeet. T\u00e4h\u00e4n suositukseen vastaaminen on varmasti keskeinen tulevan aluevaltuuston teht\u00e4v\u00e4, jotta pystymme pit\u00e4m\u00e4\u00e4n sotepe-alojen osaajat nykyisiss\u00e4 teht\u00e4viss\u00e4\u00e4n. Ilman osaavia ty\u00f6ntekij\u00f6it\u00e4 ei ole palveluita.<\/p>\n<p>T\u00e4ll\u00e4 hetkell\u00e4 alanvaihto on erityisesti hoitoty\u00f6n ammattilaisille aihe, josta haaveillaan yhdess\u00e4 ty\u00f6kavereiden kanssa tauoilla, jos tauolle yhdess\u00e4 ehdit\u00e4\u00e4n. Itsekin olen k\u00e4til\u00f6n ammatin varjopuoliin turhauduttuani jatkanut opiskelua ja paennut siten alan ty\u00f6oloja. Vuoroty\u00f6n haittojen lis\u00e4ksi arvostuksen puute oli keskeinen syy alanvaihtooni. Ty\u00f6nantajan pit\u00e4isi pysty\u00e4 osoittamaan, ett\u00e4 jokainen ty\u00f6ntekij\u00e4 on ensiarvoisen t\u00e4rke\u00e4, kuulla ty\u00f6ntekij\u00f6idens\u00e4 mielipiteit\u00e4 ja huomioida n\u00e4m\u00e4 mielipiteet p\u00e4\u00e4t\u00f6ksenteossa.<\/p>\n<p>Pit\u00e4m\u00e4ll\u00e4 huolta ammattilaisistamme pystymme vastaamaan moneen hyvinvointialueen ongelmaan: pitovoiman parantuessa resursseja kuluu v\u00e4hemm\u00e4n rekrytointiin ja perehdytt\u00e4miseen, mik\u00e4 s\u00e4\u00e4st\u00e4\u00e4 kustannuksia. Hyvinvoivat ty\u00f6ntekij\u00e4t jaksavat ty\u00f6ss\u00e4\u00e4n paremmin, jolloin sairauspoissaolojen ja ty\u00f6kykyhaasteiden m\u00e4\u00e4r\u00e4 v\u00e4henee, ja n\u00e4inkin syntyy s\u00e4\u00e4st\u00f6\u00e4.<\/p>\n<p>Jo hyvinvointialueen valmistelun aikana on tunnistettu haasteeksi ty\u00f6voiman puute erityisesti maakuntamme reuna-alueilla. Toivon, ett\u00e4 t\u00e4m\u00e4 n\u00e4k\u00f6kulma tuotaisiin nykyist\u00e4 enemm\u00e4n esiin mediassa ja erityisesti p\u00e4\u00e4t\u00f6ksenteossa. T\u00e4ll\u00e4 hetkell\u00e4 hyvinvointialueista puhuttaessa aiheena on aina raha, ja se ett\u00e4 jokin palvelu jostain on vaarassa kadota. Pit\u00e4isi keskustella siit\u00e4, kuka n\u00e4m\u00e4 palvelut k\u00e4yt\u00e4nn\u00f6ss\u00e4 tuottaa, ja miten n\u00e4m\u00e4 ihmiset saadaan tekem\u00e4\u00e4n ty\u00f6t\u00e4\u00e4n jatkossakin.<\/p>\n<p>Jatkuvien YT-menettelyiden ja pelon keskell\u00e4 el\u00e4misen my\u00f6t\u00e4 sotepe-ty\u00f6ntekij\u00f6iden jaksamisesta pit\u00e4isi pit\u00e4\u00e4 erityisen hyv\u00e4\u00e4 huolta. Meill\u00e4 ei ole varaa menett\u00e4\u00e4 yht\u00e4\u00e4n ammattilaista.<\/p>\n<p><strong>Piia \u00c4ij\u00f6<\/strong><\/p>\n<p><em>k\u00e4til\u00f6-terveydenhoitaja, YTM<\/em><\/p>\n<p><em>kunta- ja aluevaaliehdokas (Kauhajoki)<\/em><\/p>\n","protected":false},"excerpt":{"rendered":"<p>Terveyden ja hyvinvoinnin laitos (THL) julkaisi juuri Tilannekuvia hyvinvointialueilta -tutkimusraportin, josta l\u00f6ytyy kattavasti tietoa hyvinvointialueiden tilanteesta. Raportissa suositellaan jatkossa huomioimaan paremmin ammattilaisten n\u00e4k\u00f6kulman ja tarpeet. T\u00e4h\u00e4n suositukseen vastaaminen on varmasti keskeinen tulevan aluevaltuuston teht\u00e4v\u00e4, jotta pystymme pit\u00e4m\u00e4\u00e4n sotepe-alojen osaajat nykyisiss\u00e4 teht\u00e4viss\u00e4\u00e4n. Ilman osaavia ty\u00f6ntekij\u00f6it\u00e4 ei ole palveluita. T\u00e4ll\u00e4 hetkell\u00e4 alanvaihto on erityisesti hoitoty\u00f6n ammattilaisille aihe, [&hellip;]<\/p>\n","protected":false},"author":3,"featured_media":2275,"comment_status":"closed","ping_status":"closed","sticky":false,"template":"","format":"standard","meta":{"footnotes":""},"categories":[29],"tags":[57,24,59,58,60,21],"class_list":["post-2274","post","type-post","status-publish","format-standard","has-post-thumbnail","hentry","category-mielipidekirjoitus","tag-henkilosto","tag-hyvinvointialue","tag-raportti","tag-thl","tag-tyohyvinvointi","tag-tyovoimapula"],"yoast_head":"<!-- This site is optimized with the Yoast SEO plugin v27.5 - https:\/\/yoast.com\/product\/yoast-seo-wordpress\/ -->\n<title>Piia \u00c4ij\u00f6: Hyvinvointialueilla pit\u00e4isi huomioida ty\u00f6ntekij\u00e4t nykyist\u00e4 paremmin - vaasanvaalipiirinvihreat.fi<\/title>\n<meta name=\"description\" content=\"T\u00e4ll\u00e4 hetkell\u00e4 alanvaihto on erityisesti hoitoty\u00f6n ammattilaisille aihe, josta haaveillaan yhdess\u00e4 ty\u00f6kavereiden kanssa tauoilla, jos tauolle yhdess\u00e4 ehdit\u00e4\u00e4n. Itsekin olen k\u00e4til\u00f6n ammatin varjopuoliin turhauduttuani jatkanut opiskelua ja paennut siten alan ty\u00f6oloja.\" \/>\n<meta name=\"robots\" content=\"index, follow, max-snippet:-1, max-image-preview:large, max-video-preview:-1\" \/>\n<link rel=\"canonical\" href=\"https:\/\/vaasanvaalipiirinvihreat.fi\/index.php\/2025\/03\/30\/piia-aijo-hyvinvointialueilla-pitaisi-huomioida-tyontekijat-nykyista-paremmin\/\" \/>\n<meta property=\"og:locale\" content=\"fi_FI\" \/>\n<meta property=\"og:type\" content=\"article\" \/>\n<meta property=\"og:title\" content=\"Piia \u00c4ij\u00f6: Hyvinvointialueilla pit\u00e4isi huomioida ty\u00f6ntekij\u00e4t nykyist\u00e4 paremmin - vaasanvaalipiirinvihreat.fi\" \/>\n<meta property=\"og:description\" content=\"T\u00e4ll\u00e4 hetkell\u00e4 alanvaihto on erityisesti hoitoty\u00f6n ammattilaisille aihe, josta haaveillaan yhdess\u00e4 ty\u00f6kavereiden kanssa tauoilla, jos tauolle yhdess\u00e4 ehdit\u00e4\u00e4n. Itsekin olen k\u00e4til\u00f6n ammatin varjopuoliin turhauduttuani jatkanut opiskelua ja paennut siten alan ty\u00f6oloja.\" \/>\n<meta property=\"og:url\" content=\"https:\/\/vaasanvaalipiirinvihreat.fi\/index.php\/2025\/03\/30\/piia-aijo-hyvinvointialueilla-pitaisi-huomioida-tyontekijat-nykyista-paremmin\/\" \/>\n<meta property=\"og:site_name\" content=\"vaasanvaalipiirinvihreat.fi\" \/>\n<meta property=\"article:publisher\" content=\"https:\/\/www.facebook.com\/VaasanVaalipiirinVihreat\" \/>\n<meta property=\"article:published_time\" content=\"2025-03-30T09:37:21+00:00\" \/>\n<meta property=\"article:modified_time\" content=\"2025-03-30T09:37:52+00:00\" \/>\n<meta property=\"og:image\" content=\"https:\/\/vaasanvaalipiirinvihreat.fi\/wp-content\/uploads\/2025\/03\/Nimeton-malli-7.png\" \/>\n\t<meta property=\"og:image:width\" content=\"1920\" \/>\n\t<meta property=\"og:image:height\" content=\"1080\" \/>\n\t<meta property=\"og:image:type\" content=\"image\/png\" \/>\n<meta name=\"author\" content=\"Juuli Ojansuu\" \/>\n<meta name=\"twitter:card\" content=\"summary_large_image\" \/>\n<meta name=\"twitter:label1\" content=\"Kirjoittanut\" \/>\n\t<meta name=\"twitter:data1\" content=\"Juuli Ojansuu\" \/>\n\t<meta name=\"twitter:label2\" content=\"Arvioitu lukuaika\" \/>\n\t<meta name=\"twitter:data2\" content=\"2 minuuttia\" \/>\n<script type=\"application\/ld+json\" class=\"yoast-schema-graph\">{\"@context\":\"https:\\\/\\\/schema.org\",\"@graph\":[{\"@type\":\"Article\",\"@id\":\"https:\\\/\\\/vaasanvaalipiirinvihreat.fi\\\/index.php\\\/2025\\\/03\\\/30\\\/piia-aijo-hyvinvointialueilla-pitaisi-huomioida-tyontekijat-nykyista-paremmin\\\/#article\",\"isPartOf\":{\"@id\":\"https:\\\/\\\/vaasanvaalipiirinvihreat.fi\\\/index.php\\\/2025\\\/03\\\/30\\\/piia-aijo-hyvinvointialueilla-pitaisi-huomioida-tyontekijat-nykyista-paremmin\\\/\"},\"author\":{\"name\":\"Juuli Ojansuu\",\"@id\":\"https:\\\/\\\/vaasanvaalipiirinvihreat.fi\\\/#\\\/schema\\\/person\\\/30bbcb2e3a2fafdb75c3674989d123e2\"},\"headline\":\"Piia \u00c4ij\u00f6: Hyvinvointialueilla pit\u00e4isi huomioida ty\u00f6ntekij\u00e4t nykyist\u00e4 paremmin\",\"datePublished\":\"2025-03-30T09:37:21+00:00\",\"dateModified\":\"2025-03-30T09:37:52+00:00\",\"mainEntityOfPage\":{\"@id\":\"https:\\\/\\\/vaasanvaalipiirinvihreat.fi\\\/index.php\\\/2025\\\/03\\\/30\\\/piia-aijo-hyvinvointialueilla-pitaisi-huomioida-tyontekijat-nykyista-paremmin\\\/\"},\"wordCount\":306,\"publisher\":{\"@id\":\"https:\\\/\\\/vaasanvaalipiirinvihreat.fi\\\/#organization\"},\"image\":{\"@id\":\"https:\\\/\\\/vaasanvaalipiirinvihreat.fi\\\/index.php\\\/2025\\\/03\\\/30\\\/piia-aijo-hyvinvointialueilla-pitaisi-huomioida-tyontekijat-nykyista-paremmin\\\/#primaryimage\"},\"thumbnailUrl\":\"https:\\\/\\\/vaasanvaalipiirinvihreat.fi\\\/wp-content\\\/uploads\\\/2025\\\/03\\\/Nimeton-malli-7.png\",\"keywords\":[\"henkil\u00f6st\u00f6\",\"hyvinvointialue\",\"raportti\",\"thl\",\"ty\u00f6hyvinvointi\",\"ty\u00f6voimapula\"],\"articleSection\":[\"mielipidekirjoitus\"],\"inLanguage\":\"fi\"},{\"@type\":\"WebPage\",\"@id\":\"https:\\\/\\\/vaasanvaalipiirinvihreat.fi\\\/index.php\\\/2025\\\/03\\\/30\\\/piia-aijo-hyvinvointialueilla-pitaisi-huomioida-tyontekijat-nykyista-paremmin\\\/\",\"url\":\"https:\\\/\\\/vaasanvaalipiirinvihreat.fi\\\/index.php\\\/2025\\\/03\\\/30\\\/piia-aijo-hyvinvointialueilla-pitaisi-huomioida-tyontekijat-nykyista-paremmin\\\/\",\"name\":\"Piia \u00c4ij\u00f6: Hyvinvointialueilla pit\u00e4isi huomioida ty\u00f6ntekij\u00e4t nykyist\u00e4 paremmin - vaasanvaalipiirinvihreat.fi\",\"isPartOf\":{\"@id\":\"https:\\\/\\\/vaasanvaalipiirinvihreat.fi\\\/#website\"},\"primaryImageOfPage\":{\"@id\":\"https:\\\/\\\/vaasanvaalipiirinvihreat.fi\\\/index.php\\\/2025\\\/03\\\/30\\\/piia-aijo-hyvinvointialueilla-pitaisi-huomioida-tyontekijat-nykyista-paremmin\\\/#primaryimage\"},\"image\":{\"@id\":\"https:\\\/\\\/vaasanvaalipiirinvihreat.fi\\\/index.php\\\/2025\\\/03\\\/30\\\/piia-aijo-hyvinvointialueilla-pitaisi-huomioida-tyontekijat-nykyista-paremmin\\\/#primaryimage\"},\"thumbnailUrl\":\"https:\\\/\\\/vaasanvaalipiirinvihreat.fi\\\/wp-content\\\/uploads\\\/2025\\\/03\\\/Nimeton-malli-7.png\",\"datePublished\":\"2025-03-30T09:37:21+00:00\",\"dateModified\":\"2025-03-30T09:37:52+00:00\",\"description\":\"T\u00e4ll\u00e4 hetkell\u00e4 alanvaihto on erityisesti hoitoty\u00f6n ammattilaisille aihe, josta haaveillaan yhdess\u00e4 ty\u00f6kavereiden kanssa tauoilla, jos tauolle yhdess\u00e4 ehdit\u00e4\u00e4n. Itsekin olen k\u00e4til\u00f6n ammatin varjopuoliin turhauduttuani jatkanut opiskelua ja paennut siten alan ty\u00f6oloja.\",\"breadcrumb\":{\"@id\":\"https:\\\/\\\/vaasanvaalipiirinvihreat.fi\\\/index.php\\\/2025\\\/03\\\/30\\\/piia-aijo-hyvinvointialueilla-pitaisi-huomioida-tyontekijat-nykyista-paremmin\\\/#breadcrumb\"},\"inLanguage\":\"fi\",\"potentialAction\":[{\"@type\":\"ReadAction\",\"target\":[\"https:\\\/\\\/vaasanvaalipiirinvihreat.fi\\\/index.php\\\/2025\\\/03\\\/30\\\/piia-aijo-hyvinvointialueilla-pitaisi-huomioida-tyontekijat-nykyista-paremmin\\\/\"]}]},{\"@type\":\"ImageObject\",\"inLanguage\":\"fi\",\"@id\":\"https:\\\/\\\/vaasanvaalipiirinvihreat.fi\\\/index.php\\\/2025\\\/03\\\/30\\\/piia-aijo-hyvinvointialueilla-pitaisi-huomioida-tyontekijat-nykyista-paremmin\\\/#primaryimage\",\"url\":\"https:\\\/\\\/vaasanvaalipiirinvihreat.fi\\\/wp-content\\\/uploads\\\/2025\\\/03\\\/Nimeton-malli-7.png\",\"contentUrl\":\"https:\\\/\\\/vaasanvaalipiirinvihreat.fi\\\/wp-content\\\/uploads\\\/2025\\\/03\\\/Nimeton-malli-7.png\",\"width\":1920,\"height\":1080},{\"@type\":\"BreadcrumbList\",\"@id\":\"https:\\\/\\\/vaasanvaalipiirinvihreat.fi\\\/index.php\\\/2025\\\/03\\\/30\\\/piia-aijo-hyvinvointialueilla-pitaisi-huomioida-tyontekijat-nykyista-paremmin\\\/#breadcrumb\",\"itemListElement\":[{\"@type\":\"ListItem\",\"position\":1,\"name\":\"Etusivu\",\"item\":\"https:\\\/\\\/vaasanvaalipiirinvihreat.fi\\\/\"},{\"@type\":\"ListItem\",\"position\":2,\"name\":\"Piia \u00c4ij\u00f6: Hyvinvointialueilla pit\u00e4isi huomioida ty\u00f6ntekij\u00e4t nykyist\u00e4 paremmin\"}]},{\"@type\":\"WebSite\",\"@id\":\"https:\\\/\\\/vaasanvaalipiirinvihreat.fi\\\/#website\",\"url\":\"https:\\\/\\\/vaasanvaalipiirinvihreat.fi\\\/\",\"name\":\"vaasanvaalipiirinvihreat.fi\",\"description\":\"Vaasan vaalipiirin vihre\u00e4t - De Gr\u00f6na i Vasa valkrets\",\"publisher\":{\"@id\":\"https:\\\/\\\/vaasanvaalipiirinvihreat.fi\\\/#organization\"},\"potentialAction\":[{\"@type\":\"SearchAction\",\"target\":{\"@type\":\"EntryPoint\",\"urlTemplate\":\"https:\\\/\\\/vaasanvaalipiirinvihreat.fi\\\/?s={search_term_string}\"},\"query-input\":{\"@type\":\"PropertyValueSpecification\",\"valueRequired\":true,\"valueName\":\"search_term_string\"}}],\"inLanguage\":\"fi\"},{\"@type\":\"Organization\",\"@id\":\"https:\\\/\\\/vaasanvaalipiirinvihreat.fi\\\/#organization\",\"name\":\"vaasanvaalipiirinvihreat.fi\",\"alternateName\":\"Vaasan vaalipiirin vihre\u00e4t - De Gr\u00f6na i Vasa valkrets\",\"url\":\"https:\\\/\\\/vaasanvaalipiirinvihreat.fi\\\/\",\"logo\":{\"@type\":\"ImageObject\",\"inLanguage\":\"fi\",\"@id\":\"https:\\\/\\\/vaasanvaalipiirinvihreat.fi\\\/#\\\/schema\\\/logo\\\/image\\\/\",\"url\":\"https:\\\/\\\/vaasanvaalipiirinvihreat.fi\\\/wp-content\\\/uploads\\\/2025\\\/01\\\/Vihreat_Logo_HOR_RGB_FIN_SWE.png\",\"contentUrl\":\"https:\\\/\\\/vaasanvaalipiirinvihreat.fi\\\/wp-content\\\/uploads\\\/2025\\\/01\\\/Vihreat_Logo_HOR_RGB_FIN_SWE.png\",\"width\":1162,\"height\":409,\"caption\":\"vaasanvaalipiirinvihreat.fi\"},\"image\":{\"@id\":\"https:\\\/\\\/vaasanvaalipiirinvihreat.fi\\\/#\\\/schema\\\/logo\\\/image\\\/\"},\"sameAs\":[\"https:\\\/\\\/www.facebook.com\\\/VaasanVaalipiirinVihreat\"]},{\"@type\":\"Person\",\"@id\":\"https:\\\/\\\/vaasanvaalipiirinvihreat.fi\\\/#\\\/schema\\\/person\\\/30bbcb2e3a2fafdb75c3674989d123e2\",\"name\":\"Juuli Ojansuu\",\"url\":\"https:\\\/\\\/vaasanvaalipiirinvihreat.fi\\\/index.php\\\/author\\\/juuli\\\/\"}]}<\/script>\n<!-- \/ Yoast SEO plugin. -->","yoast_head_json":{"title":"Piia \u00c4ij\u00f6: Hyvinvointialueilla pit\u00e4isi huomioida ty\u00f6ntekij\u00e4t nykyist\u00e4 paremmin - vaasanvaalipiirinvihreat.fi","description":"T\u00e4ll\u00e4 hetkell\u00e4 alanvaihto on erityisesti hoitoty\u00f6n ammattilaisille aihe, josta haaveillaan yhdess\u00e4 ty\u00f6kavereiden kanssa tauoilla, jos tauolle yhdess\u00e4 ehdit\u00e4\u00e4n. Itsekin olen k\u00e4til\u00f6n ammatin varjopuoliin turhauduttuani jatkanut opiskelua ja paennut siten alan ty\u00f6oloja.","robots":{"index":"index","follow":"follow","max-snippet":"max-snippet:-1","max-image-preview":"max-image-preview:large","max-video-preview":"max-video-preview:-1"},"canonical":"https:\/\/vaasanvaalipiirinvihreat.fi\/index.php\/2025\/03\/30\/piia-aijo-hyvinvointialueilla-pitaisi-huomioida-tyontekijat-nykyista-paremmin\/","og_locale":"fi_FI","og_type":"article","og_title":"Piia \u00c4ij\u00f6: Hyvinvointialueilla pit\u00e4isi huomioida ty\u00f6ntekij\u00e4t nykyist\u00e4 paremmin - vaasanvaalipiirinvihreat.fi","og_description":"T\u00e4ll\u00e4 hetkell\u00e4 alanvaihto on erityisesti hoitoty\u00f6n ammattilaisille aihe, josta haaveillaan yhdess\u00e4 ty\u00f6kavereiden kanssa tauoilla, jos tauolle yhdess\u00e4 ehdit\u00e4\u00e4n. Itsekin olen k\u00e4til\u00f6n ammatin varjopuoliin turhauduttuani jatkanut opiskelua ja paennut siten alan ty\u00f6oloja.","og_url":"https:\/\/vaasanvaalipiirinvihreat.fi\/index.php\/2025\/03\/30\/piia-aijo-hyvinvointialueilla-pitaisi-huomioida-tyontekijat-nykyista-paremmin\/","og_site_name":"vaasanvaalipiirinvihreat.fi","article_publisher":"https:\/\/www.facebook.com\/VaasanVaalipiirinVihreat","article_published_time":"2025-03-30T09:37:21+00:00","article_modified_time":"2025-03-30T09:37:52+00:00","og_image":[{"width":1920,"height":1080,"url":"https:\/\/vaasanvaalipiirinvihreat.fi\/wp-content\/uploads\/2025\/03\/Nimeton-malli-7.png","type":"image\/png"}],"author":"Juuli Ojansuu","twitter_card":"summary_large_image","twitter_misc":{"Kirjoittanut":"Juuli Ojansuu","Arvioitu lukuaika":"2 minuuttia"},"schema":{"@context":"https:\/\/schema.org","@graph":[{"@type":"Article","@id":"https:\/\/vaasanvaalipiirinvihreat.fi\/index.php\/2025\/03\/30\/piia-aijo-hyvinvointialueilla-pitaisi-huomioida-tyontekijat-nykyista-paremmin\/#article","isPartOf":{"@id":"https:\/\/vaasanvaalipiirinvihreat.fi\/index.php\/2025\/03\/30\/piia-aijo-hyvinvointialueilla-pitaisi-huomioida-tyontekijat-nykyista-paremmin\/"},"author":{"name":"Juuli Ojansuu","@id":"https:\/\/vaasanvaalipiirinvihreat.fi\/#\/schema\/person\/30bbcb2e3a2fafdb75c3674989d123e2"},"headline":"Piia \u00c4ij\u00f6: Hyvinvointialueilla pit\u00e4isi huomioida ty\u00f6ntekij\u00e4t nykyist\u00e4 paremmin","datePublished":"2025-03-30T09:37:21+00:00","dateModified":"2025-03-30T09:37:52+00:00","mainEntityOfPage":{"@id":"https:\/\/vaasanvaalipiirinvihreat.fi\/index.php\/2025\/03\/30\/piia-aijo-hyvinvointialueilla-pitaisi-huomioida-tyontekijat-nykyista-paremmin\/"},"wordCount":306,"publisher":{"@id":"https:\/\/vaasanvaalipiirinvihreat.fi\/#organization"},"image":{"@id":"https:\/\/vaasanvaalipiirinvihreat.fi\/index.php\/2025\/03\/30\/piia-aijo-hyvinvointialueilla-pitaisi-huomioida-tyontekijat-nykyista-paremmin\/#primaryimage"},"thumbnailUrl":"https:\/\/vaasanvaalipiirinvihreat.fi\/wp-content\/uploads\/2025\/03\/Nimeton-malli-7.png","keywords":["henkil\u00f6st\u00f6","hyvinvointialue","raportti","thl","ty\u00f6hyvinvointi","ty\u00f6voimapula"],"articleSection":["mielipidekirjoitus"],"inLanguage":"fi"},{"@type":"WebPage","@id":"https:\/\/vaasanvaalipiirinvihreat.fi\/index.php\/2025\/03\/30\/piia-aijo-hyvinvointialueilla-pitaisi-huomioida-tyontekijat-nykyista-paremmin\/","url":"https:\/\/vaasanvaalipiirinvihreat.fi\/index.php\/2025\/03\/30\/piia-aijo-hyvinvointialueilla-pitaisi-huomioida-tyontekijat-nykyista-paremmin\/","name":"Piia \u00c4ij\u00f6: Hyvinvointialueilla pit\u00e4isi huomioida ty\u00f6ntekij\u00e4t nykyist\u00e4 paremmin - vaasanvaalipiirinvihreat.fi","isPartOf":{"@id":"https:\/\/vaasanvaalipiirinvihreat.fi\/#website"},"primaryImageOfPage":{"@id":"https:\/\/vaasanvaalipiirinvihreat.fi\/index.php\/2025\/03\/30\/piia-aijo-hyvinvointialueilla-pitaisi-huomioida-tyontekijat-nykyista-paremmin\/#primaryimage"},"image":{"@id":"https:\/\/vaasanvaalipiirinvihreat.fi\/index.php\/2025\/03\/30\/piia-aijo-hyvinvointialueilla-pitaisi-huomioida-tyontekijat-nykyista-paremmin\/#primaryimage"},"thumbnailUrl":"https:\/\/vaasanvaalipiirinvihreat.fi\/wp-content\/uploads\/2025\/03\/Nimeton-malli-7.png","datePublished":"2025-03-30T09:37:21+00:00","dateModified":"2025-03-30T09:37:52+00:00","description":"T\u00e4ll\u00e4 hetkell\u00e4 alanvaihto on erityisesti hoitoty\u00f6n ammattilaisille aihe, josta haaveillaan yhdess\u00e4 ty\u00f6kavereiden kanssa tauoilla, jos tauolle yhdess\u00e4 ehdit\u00e4\u00e4n. Itsekin olen k\u00e4til\u00f6n ammatin varjopuoliin turhauduttuani jatkanut opiskelua ja paennut siten alan ty\u00f6oloja.","breadcrumb":{"@id":"https:\/\/vaasanvaalipiirinvihreat.fi\/index.php\/2025\/03\/30\/piia-aijo-hyvinvointialueilla-pitaisi-huomioida-tyontekijat-nykyista-paremmin\/#breadcrumb"},"inLanguage":"fi","potentialAction":[{"@type":"ReadAction","target":["https:\/\/vaasanvaalipiirinvihreat.fi\/index.php\/2025\/03\/30\/piia-aijo-hyvinvointialueilla-pitaisi-huomioida-tyontekijat-nykyista-paremmin\/"]}]},{"@type":"ImageObject","inLanguage":"fi","@id":"https:\/\/vaasanvaalipiirinvihreat.fi\/index.php\/2025\/03\/30\/piia-aijo-hyvinvointialueilla-pitaisi-huomioida-tyontekijat-nykyista-paremmin\/#primaryimage","url":"https:\/\/vaasanvaalipiirinvihreat.fi\/wp-content\/uploads\/2025\/03\/Nimeton-malli-7.png","contentUrl":"https:\/\/vaasanvaalipiirinvihreat.fi\/wp-content\/uploads\/2025\/03\/Nimeton-malli-7.png","width":1920,"height":1080},{"@type":"BreadcrumbList","@id":"https:\/\/vaasanvaalipiirinvihreat.fi\/index.php\/2025\/03\/30\/piia-aijo-hyvinvointialueilla-pitaisi-huomioida-tyontekijat-nykyista-paremmin\/#breadcrumb","itemListElement":[{"@type":"ListItem","position":1,"name":"Etusivu","item":"https:\/\/vaasanvaalipiirinvihreat.fi\/"},{"@type":"ListItem","position":2,"name":"Piia \u00c4ij\u00f6: Hyvinvointialueilla pit\u00e4isi huomioida ty\u00f6ntekij\u00e4t nykyist\u00e4 paremmin"}]},{"@type":"WebSite","@id":"https:\/\/vaasanvaalipiirinvihreat.fi\/#website","url":"https:\/\/vaasanvaalipiirinvihreat.fi\/","name":"vaasanvaalipiirinvihreat.fi","description":"Vaasan vaalipiirin vihre\u00e4t - De Gr\u00f6na i Vasa valkrets","publisher":{"@id":"https:\/\/vaasanvaalipiirinvihreat.fi\/#organization"},"potentialAction":[{"@type":"SearchAction","target":{"@type":"EntryPoint","urlTemplate":"https:\/\/vaasanvaalipiirinvihreat.fi\/?s={search_term_string}"},"query-input":{"@type":"PropertyValueSpecification","valueRequired":true,"valueName":"search_term_string"}}],"inLanguage":"fi"},{"@type":"Organization","@id":"https:\/\/vaasanvaalipiirinvihreat.fi\/#organization","name":"vaasanvaalipiirinvihreat.fi","alternateName":"Vaasan vaalipiirin vihre\u00e4t - De Gr\u00f6na i Vasa valkrets","url":"https:\/\/vaasanvaalipiirinvihreat.fi\/","logo":{"@type":"ImageObject","inLanguage":"fi","@id":"https:\/\/vaasanvaalipiirinvihreat.fi\/#\/schema\/logo\/image\/","url":"https:\/\/vaasanvaalipiirinvihreat.fi\/wp-content\/uploads\/2025\/01\/Vihreat_Logo_HOR_RGB_FIN_SWE.png","contentUrl":"https:\/\/vaasanvaalipiirinvihreat.fi\/wp-content\/uploads\/2025\/01\/Vihreat_Logo_HOR_RGB_FIN_SWE.png","width":1162,"height":409,"caption":"vaasanvaalipiirinvihreat.fi"},"image":{"@id":"https:\/\/vaasanvaalipiirinvihreat.fi\/#\/schema\/logo\/image\/"},"sameAs":["https:\/\/www.facebook.com\/VaasanVaalipiirinVihreat"]},{"@type":"Person","@id":"https:\/\/vaasanvaalipiirinvihreat.fi\/#\/schema\/person\/30bbcb2e3a2fafdb75c3674989d123e2","name":"Juuli Ojansuu","url":"https:\/\/vaasanvaalipiirinvihreat.fi\/index.php\/author\/juuli\/"}]}},"_links":{"self":[{"href":"https:\/\/vaasanvaalipiirinvihreat.fi\/index.php\/wp-json\/wp\/v2\/posts\/2274","targetHints":{"allow":["GET"]}}],"collection":[{"href":"https:\/\/vaasanvaalipiirinvihreat.fi\/index.php\/wp-json\/wp\/v2\/posts"}],"about":[{"href":"https:\/\/vaasanvaalipiirinvihreat.fi\/index.php\/wp-json\/wp\/v2\/types\/post"}],"author":[{"embeddable":true,"href":"https:\/\/vaasanvaalipiirinvihreat.fi\/index.php\/wp-json\/wp\/v2\/users\/3"}],"replies":[{"embeddable":true,"href":"https:\/\/vaasanvaalipiirinvihreat.fi\/index.php\/wp-json\/wp\/v2\/comments?post=2274"}],"version-history":[{"count":1,"href":"https:\/\/vaasanvaalipiirinvihreat.fi\/index.php\/wp-json\/wp\/v2\/posts\/2274\/revisions"}],"predecessor-version":[{"id":2276,"href":"https:\/\/vaasanvaalipiirinvihreat.fi\/index.php\/wp-json\/wp\/v2\/posts\/2274\/revisions\/2276"}],"wp:featuredmedia":[{"embeddable":true,"href":"https:\/\/vaasanvaalipiirinvihreat.fi\/index.php\/wp-json\/wp\/v2\/media\/2275"}],"wp:attachment":[{"href":"https:\/\/vaasanvaalipiirinvihreat.fi\/index.php\/wp-json\/wp\/v2\/media?parent=2274"}],"wp:term":[{"taxonomy":"category","embeddable":true,"href":"https:\/\/vaasanvaalipiirinvihreat.fi\/index.php\/wp-json\/wp\/v2\/categories?post=2274"},{"taxonomy":"post_tag","embeddable":true,"href":"https:\/\/vaasanvaalipiirinvihreat.fi\/index.php\/wp-json\/wp\/v2\/tags?post=2274"}],"curies":[{"name":"wp","href":"https:\/\/api.w.org\/{rel}","templated":true}]}}