{"id":2278,"date":"2025-05-05T12:57:10","date_gmt":"2025-05-05T09:57:10","guid":{"rendered":"https:\/\/vaasanvaalipiirinvihreat.fi\/?p=2278"},"modified":"2025-05-05T13:00:33","modified_gmt":"2025-05-05T10:00:33","slug":"kannanotto-ymparistoarvojen-puolesta-pihtinevan-tuulivoimarakentamisessa","status":"publish","type":"post","link":"https:\/\/vaasanvaalipiirinvihreat.fi\/index.php\/2025\/05\/05\/kannanotto-ymparistoarvojen-puolesta-pihtinevan-tuulivoimarakentamisessa\/","title":{"rendered":"Kannanotto ymp\u00e4rist\u00f6arvojen puolesta Pihtinevan tuulivoimarakentamisessa"},"content":{"rendered":"<p>Olemme saaneet kysely\u00e4 kannastamme alueelle suunniteltuun Pihtinevan tuulivoimapuistoon. Avoin kantamme on, ett\u00e4 emme t\u00e4ll\u00e4 hetkell\u00e4 voi olla suunnitelman kannalla.<\/p>\n<div dir=\"auto\">Tehty YVA (ymp\u00e4rist\u00f6vaikutustenarviointi) ja sen tiedotustilaisuus eiv\u00e4t h\u00e4lvent\u00e4neet huoltamme puiston vaikutuksista luontoon. P\u00e4invastoin, katsomme ett\u00e4 ymp\u00e4rist\u00f6vaikutuksia ei ole arvioitu riitt\u00e4v\u00e4sti: Lis\u00e4tietoa odottavat suunniteltujen rakenteiden vaikutukset esimerkiksi susien, mets\u00e4peurojen ja haukkojen elinymp\u00e4rist\u00f6ihin sek\u00e4 jo olemassa olevien reviirien kartoitukset. Liito-oravien ja riekkojen nykyiset reviirit, mets\u00e4n kasvuston lajit, jotka ovat osa ravintoketjua, sek\u00e4 tarvittavien suojavy\u00f6hykkeiden m\u00e4\u00e4r\u00e4 myllyjen ymp\u00e4rist\u00f6ss\u00e4 her\u00e4tt\u00e4v\u00e4t yh\u00e4 kysymyksi\u00e4. Myllyjen korkeus ja m\u00e4\u00e4r\u00e4 ei ollut viel\u00e4 tarkentunut, t\u00e4ll\u00f6in ei voi tiet\u00e4\u00e4 kuinka kauas myllyt heitt\u00e4v\u00e4t j\u00e4\u00e4t\u00e4, v\u00e4lkett\u00e4 ja \u00e4\u00e4niaaltoja.<\/div>\n<div dir=\"auto\"><\/div>\n<div dir=\"auto\">T\u00e4ll\u00e4 hetkell\u00e4 vaikuttaa mahdottomalta kannattaa tuulivoimapuistoa, sill\u00e4 ymp\u00e4rist\u00f6vaikutusten arviointi on monelta osin viel\u00e4 vaiheessa. Energia, sen tarve ja saatavuus ovat asioita, jotka koskettavat kaikkia yksitt\u00e4isist\u00e4 ihmisist\u00e4 suurteollisuuteen. Koska energiantarpeemme jatkuvasti kasvaa, ei ole merkitykset\u00f6nt\u00e4, kuinka sit\u00e4 tuotetaan.<\/div>\n<div dir=\"auto\"><\/div>\n<div dir=\"auto\">Ilmastomuutoksen vaikutusten hillitsemiseksi on t\u00e4rke\u00e4\u00e4 lis\u00e4t\u00e4 uusiutuvan, kotimaisen ja p\u00e4\u00e4st\u00f6tt\u00f6m\u00e4n energian tuotantoa. Er\u00e4s n\u00e4ist\u00e4 keinoista on tuulivoiman lis\u00e4\u00e4minen. T\u00e4t\u00e4 siirtym\u00e4\u00e4 Vihre\u00e4t kannattavat yksimielisesti.<\/div>\n<div dir=\"auto\"><\/div>\n<div dir=\"auto\">Kuitenkaan kaikki tuulivoimalla tuotettu s\u00e4hk\u00f6 ei automaattisesti ole vihre\u00e4\u00e4, sill\u00e4 tavoitteena on mahdollisimman suureen hy\u00f6ty\u2013kustannus-suhteeseen: mahdollisimman paljon energiaa mahdollisimman pienill\u00e4 ymp\u00e4rist\u00f6vaikutuksilla. T\u00e4ysin haitatonta energiantuotantoa ei ole olemassakaan, mutta ymp\u00e4rist\u00f6vaikutusten tarkka analysointi on siis ensiarvoisen t\u00e4rke\u00e4\u00e4 jo tuulivoimapuistojen suunnittelussa. Kustannukset ymp\u00e4rist\u00f6lle eiv\u00e4t saa nousta liian suuriksi.<\/div>\n<div dir=\"auto\"><\/div>\n<div dir=\"auto\"><em>Keski-Pohjanmaan Vihreiden puolesta<\/em><\/div>\n<div dir=\"auto\"><strong>Minna Roukkio-Taipale<\/strong>, puheenjohtaja<\/div>\n","protected":false},"excerpt":{"rendered":"<p>Olemme saaneet kysely\u00e4 kannastamme alueelle suunniteltuun Pihtinevan tuulivoimapuistoon. Avoin kantamme on, ett\u00e4 emme t\u00e4ll\u00e4 hetkell\u00e4 voi olla suunnitelman kannalla. Tehty YVA (ymp\u00e4rist\u00f6vaikutustenarviointi) ja sen tiedotustilaisuus eiv\u00e4t h\u00e4lvent\u00e4neet huoltamme puiston vaikutuksista luontoon. P\u00e4invastoin, katsomme ett\u00e4 ymp\u00e4rist\u00f6vaikutuksia ei ole arvioitu riitt\u00e4v\u00e4sti: Lis\u00e4tietoa odottavat suunniteltujen rakenteiden vaikutukset esimerkiksi susien, mets\u00e4peurojen ja haukkojen elinymp\u00e4rist\u00f6ihin sek\u00e4 jo olemassa olevien reviirien [&hellip;]<\/p>\n","protected":false},"author":3,"featured_media":2279,"comment_status":"closed","ping_status":"closed","sticky":false,"template":"","format":"standard","meta":{"footnotes":""},"categories":[64],"tags":[61,62,63],"class_list":["post-2278","post","type-post","status-publish","format-standard","has-post-thumbnail","hentry","category-kannanotto","tag-pihtineva","tag-tuulivoimapuisto","tag-ymparistovaikutukset"],"yoast_head":"<!-- This site is optimized with the Yoast SEO plugin v27.5 - https:\/\/yoast.com\/product\/yoast-seo-wordpress\/ -->\n<title>Kannanotto ymp\u00e4rist\u00f6arvojen puolesta Pihtinevan tuulivoimarakentamisessa - vaasanvaalipiirinvihreat.fi<\/title>\n<meta name=\"description\" content=\"Olemme saaneet kysely\u00e4 kannastamme alueelle suunniteltuun Pihtinevan tuulivoimapuistoon. Avoin kantamme on, ett\u00e4 emme t\u00e4ll\u00e4 hetkell\u00e4 voi olla suunnitelman kannalla.\" \/>\n<meta name=\"robots\" content=\"index, follow, max-snippet:-1, max-image-preview:large, max-video-preview:-1\" \/>\n<link rel=\"canonical\" href=\"https:\/\/vaasanvaalipiirinvihreat.fi\/index.php\/2025\/05\/05\/kannanotto-ymparistoarvojen-puolesta-pihtinevan-tuulivoimarakentamisessa\/\" \/>\n<meta property=\"og:locale\" content=\"fi_FI\" \/>\n<meta property=\"og:type\" content=\"article\" \/>\n<meta property=\"og:title\" content=\"Kannanotto ymp\u00e4rist\u00f6arvojen puolesta Pihtinevan tuulivoimarakentamisessa - vaasanvaalipiirinvihreat.fi\" \/>\n<meta property=\"og:description\" content=\"Olemme saaneet kysely\u00e4 kannastamme alueelle suunniteltuun Pihtinevan tuulivoimapuistoon. Avoin kantamme on, ett\u00e4 emme t\u00e4ll\u00e4 hetkell\u00e4 voi olla suunnitelman kannalla.\" \/>\n<meta property=\"og:url\" content=\"https:\/\/vaasanvaalipiirinvihreat.fi\/index.php\/2025\/05\/05\/kannanotto-ymparistoarvojen-puolesta-pihtinevan-tuulivoimarakentamisessa\/\" \/>\n<meta property=\"og:site_name\" content=\"vaasanvaalipiirinvihreat.fi\" \/>\n<meta property=\"article:publisher\" content=\"https:\/\/www.facebook.com\/VaasanVaalipiirinVihreat\" \/>\n<meta property=\"article:published_time\" content=\"2025-05-05T09:57:10+00:00\" \/>\n<meta property=\"article:modified_time\" content=\"2025-05-05T10:00:33+00:00\" \/>\n<meta property=\"og:image\" content=\"https:\/\/vaasanvaalipiirinvihreat.fi\/wp-content\/uploads\/2025\/05\/world-2081907_640.jpg\" \/>\n\t<meta property=\"og:image:width\" content=\"640\" \/>\n\t<meta property=\"og:image:height\" content=\"485\" \/>\n\t<meta property=\"og:image:type\" content=\"image\/jpeg\" \/>\n<meta name=\"author\" content=\"Juuli Ojansuu\" \/>\n<meta name=\"twitter:card\" content=\"summary_large_image\" \/>\n<meta name=\"twitter:label1\" content=\"Kirjoittanut\" \/>\n\t<meta name=\"twitter:data1\" content=\"Juuli Ojansuu\" \/>\n\t<meta name=\"twitter:label2\" content=\"Arvioitu lukuaika\" \/>\n\t<meta name=\"twitter:data2\" content=\"2 minuuttia\" \/>\n<script type=\"application\/ld+json\" class=\"yoast-schema-graph\">{\"@context\":\"https:\\\/\\\/schema.org\",\"@graph\":[{\"@type\":\"Article\",\"@id\":\"https:\\\/\\\/vaasanvaalipiirinvihreat.fi\\\/index.php\\\/2025\\\/05\\\/05\\\/kannanotto-ymparistoarvojen-puolesta-pihtinevan-tuulivoimarakentamisessa\\\/#article\",\"isPartOf\":{\"@id\":\"https:\\\/\\\/vaasanvaalipiirinvihreat.fi\\\/index.php\\\/2025\\\/05\\\/05\\\/kannanotto-ymparistoarvojen-puolesta-pihtinevan-tuulivoimarakentamisessa\\\/\"},\"author\":{\"name\":\"Juuli Ojansuu\",\"@id\":\"https:\\\/\\\/vaasanvaalipiirinvihreat.fi\\\/#\\\/schema\\\/person\\\/30bbcb2e3a2fafdb75c3674989d123e2\"},\"headline\":\"Kannanotto ymp\u00e4rist\u00f6arvojen puolesta Pihtinevan tuulivoimarakentamisessa\",\"datePublished\":\"2025-05-05T09:57:10+00:00\",\"dateModified\":\"2025-05-05T10:00:33+00:00\",\"mainEntityOfPage\":{\"@id\":\"https:\\\/\\\/vaasanvaalipiirinvihreat.fi\\\/index.php\\\/2025\\\/05\\\/05\\\/kannanotto-ymparistoarvojen-puolesta-pihtinevan-tuulivoimarakentamisessa\\\/\"},\"wordCount\":273,\"publisher\":{\"@id\":\"https:\\\/\\\/vaasanvaalipiirinvihreat.fi\\\/#organization\"},\"image\":{\"@id\":\"https:\\\/\\\/vaasanvaalipiirinvihreat.fi\\\/index.php\\\/2025\\\/05\\\/05\\\/kannanotto-ymparistoarvojen-puolesta-pihtinevan-tuulivoimarakentamisessa\\\/#primaryimage\"},\"thumbnailUrl\":\"https:\\\/\\\/vaasanvaalipiirinvihreat.fi\\\/wp-content\\\/uploads\\\/2025\\\/05\\\/world-2081907_640.jpg\",\"keywords\":[\"Pihtineva\",\"tuulivoimapuisto\",\"ymp\u00e4rist\u00f6vaikutukset\"],\"articleSection\":[\"Kannanotto\"],\"inLanguage\":\"fi\"},{\"@type\":\"WebPage\",\"@id\":\"https:\\\/\\\/vaasanvaalipiirinvihreat.fi\\\/index.php\\\/2025\\\/05\\\/05\\\/kannanotto-ymparistoarvojen-puolesta-pihtinevan-tuulivoimarakentamisessa\\\/\",\"url\":\"https:\\\/\\\/vaasanvaalipiirinvihreat.fi\\\/index.php\\\/2025\\\/05\\\/05\\\/kannanotto-ymparistoarvojen-puolesta-pihtinevan-tuulivoimarakentamisessa\\\/\",\"name\":\"Kannanotto ymp\u00e4rist\u00f6arvojen puolesta Pihtinevan tuulivoimarakentamisessa - vaasanvaalipiirinvihreat.fi\",\"isPartOf\":{\"@id\":\"https:\\\/\\\/vaasanvaalipiirinvihreat.fi\\\/#website\"},\"primaryImageOfPage\":{\"@id\":\"https:\\\/\\\/vaasanvaalipiirinvihreat.fi\\\/index.php\\\/2025\\\/05\\\/05\\\/kannanotto-ymparistoarvojen-puolesta-pihtinevan-tuulivoimarakentamisessa\\\/#primaryimage\"},\"image\":{\"@id\":\"https:\\\/\\\/vaasanvaalipiirinvihreat.fi\\\/index.php\\\/2025\\\/05\\\/05\\\/kannanotto-ymparistoarvojen-puolesta-pihtinevan-tuulivoimarakentamisessa\\\/#primaryimage\"},\"thumbnailUrl\":\"https:\\\/\\\/vaasanvaalipiirinvihreat.fi\\\/wp-content\\\/uploads\\\/2025\\\/05\\\/world-2081907_640.jpg\",\"datePublished\":\"2025-05-05T09:57:10+00:00\",\"dateModified\":\"2025-05-05T10:00:33+00:00\",\"description\":\"Olemme saaneet kysely\u00e4 kannastamme alueelle suunniteltuun Pihtinevan tuulivoimapuistoon. Avoin kantamme on, ett\u00e4 emme t\u00e4ll\u00e4 hetkell\u00e4 voi olla suunnitelman kannalla.\",\"breadcrumb\":{\"@id\":\"https:\\\/\\\/vaasanvaalipiirinvihreat.fi\\\/index.php\\\/2025\\\/05\\\/05\\\/kannanotto-ymparistoarvojen-puolesta-pihtinevan-tuulivoimarakentamisessa\\\/#breadcrumb\"},\"inLanguage\":\"fi\",\"potentialAction\":[{\"@type\":\"ReadAction\",\"target\":[\"https:\\\/\\\/vaasanvaalipiirinvihreat.fi\\\/index.php\\\/2025\\\/05\\\/05\\\/kannanotto-ymparistoarvojen-puolesta-pihtinevan-tuulivoimarakentamisessa\\\/\"]}]},{\"@type\":\"ImageObject\",\"inLanguage\":\"fi\",\"@id\":\"https:\\\/\\\/vaasanvaalipiirinvihreat.fi\\\/index.php\\\/2025\\\/05\\\/05\\\/kannanotto-ymparistoarvojen-puolesta-pihtinevan-tuulivoimarakentamisessa\\\/#primaryimage\",\"url\":\"https:\\\/\\\/vaasanvaalipiirinvihreat.fi\\\/wp-content\\\/uploads\\\/2025\\\/05\\\/world-2081907_640.jpg\",\"contentUrl\":\"https:\\\/\\\/vaasanvaalipiirinvihreat.fi\\\/wp-content\\\/uploads\\\/2025\\\/05\\\/world-2081907_640.jpg\",\"width\":640,\"height\":485},{\"@type\":\"BreadcrumbList\",\"@id\":\"https:\\\/\\\/vaasanvaalipiirinvihreat.fi\\\/index.php\\\/2025\\\/05\\\/05\\\/kannanotto-ymparistoarvojen-puolesta-pihtinevan-tuulivoimarakentamisessa\\\/#breadcrumb\",\"itemListElement\":[{\"@type\":\"ListItem\",\"position\":1,\"name\":\"Etusivu\",\"item\":\"https:\\\/\\\/vaasanvaalipiirinvihreat.fi\\\/\"},{\"@type\":\"ListItem\",\"position\":2,\"name\":\"Kannanotto ymp\u00e4rist\u00f6arvojen puolesta Pihtinevan tuulivoimarakentamisessa\"}]},{\"@type\":\"WebSite\",\"@id\":\"https:\\\/\\\/vaasanvaalipiirinvihreat.fi\\\/#website\",\"url\":\"https:\\\/\\\/vaasanvaalipiirinvihreat.fi\\\/\",\"name\":\"vaasanvaalipiirinvihreat.fi\",\"description\":\"Vaasan vaalipiirin vihre\u00e4t - De Gr\u00f6na i Vasa valkrets\",\"publisher\":{\"@id\":\"https:\\\/\\\/vaasanvaalipiirinvihreat.fi\\\/#organization\"},\"potentialAction\":[{\"@type\":\"SearchAction\",\"target\":{\"@type\":\"EntryPoint\",\"urlTemplate\":\"https:\\\/\\\/vaasanvaalipiirinvihreat.fi\\\/?s={search_term_string}\"},\"query-input\":{\"@type\":\"PropertyValueSpecification\",\"valueRequired\":true,\"valueName\":\"search_term_string\"}}],\"inLanguage\":\"fi\"},{\"@type\":\"Organization\",\"@id\":\"https:\\\/\\\/vaasanvaalipiirinvihreat.fi\\\/#organization\",\"name\":\"vaasanvaalipiirinvihreat.fi\",\"alternateName\":\"Vaasan vaalipiirin vihre\u00e4t - De Gr\u00f6na i Vasa valkrets\",\"url\":\"https:\\\/\\\/vaasanvaalipiirinvihreat.fi\\\/\",\"logo\":{\"@type\":\"ImageObject\",\"inLanguage\":\"fi\",\"@id\":\"https:\\\/\\\/vaasanvaalipiirinvihreat.fi\\\/#\\\/schema\\\/logo\\\/image\\\/\",\"url\":\"https:\\\/\\\/vaasanvaalipiirinvihreat.fi\\\/wp-content\\\/uploads\\\/2025\\\/01\\\/Vihreat_Logo_HOR_RGB_FIN_SWE.png\",\"contentUrl\":\"https:\\\/\\\/vaasanvaalipiirinvihreat.fi\\\/wp-content\\\/uploads\\\/2025\\\/01\\\/Vihreat_Logo_HOR_RGB_FIN_SWE.png\",\"width\":1162,\"height\":409,\"caption\":\"vaasanvaalipiirinvihreat.fi\"},\"image\":{\"@id\":\"https:\\\/\\\/vaasanvaalipiirinvihreat.fi\\\/#\\\/schema\\\/logo\\\/image\\\/\"},\"sameAs\":[\"https:\\\/\\\/www.facebook.com\\\/VaasanVaalipiirinVihreat\"]},{\"@type\":\"Person\",\"@id\":\"https:\\\/\\\/vaasanvaalipiirinvihreat.fi\\\/#\\\/schema\\\/person\\\/30bbcb2e3a2fafdb75c3674989d123e2\",\"name\":\"Juuli Ojansuu\",\"url\":\"https:\\\/\\\/vaasanvaalipiirinvihreat.fi\\\/index.php\\\/author\\\/juuli\\\/\"}]}<\/script>\n<!-- \/ Yoast SEO plugin. -->","yoast_head_json":{"title":"Kannanotto ymp\u00e4rist\u00f6arvojen puolesta Pihtinevan tuulivoimarakentamisessa - vaasanvaalipiirinvihreat.fi","description":"Olemme saaneet kysely\u00e4 kannastamme alueelle suunniteltuun Pihtinevan tuulivoimapuistoon. Avoin kantamme on, ett\u00e4 emme t\u00e4ll\u00e4 hetkell\u00e4 voi olla suunnitelman kannalla.","robots":{"index":"index","follow":"follow","max-snippet":"max-snippet:-1","max-image-preview":"max-image-preview:large","max-video-preview":"max-video-preview:-1"},"canonical":"https:\/\/vaasanvaalipiirinvihreat.fi\/index.php\/2025\/05\/05\/kannanotto-ymparistoarvojen-puolesta-pihtinevan-tuulivoimarakentamisessa\/","og_locale":"fi_FI","og_type":"article","og_title":"Kannanotto ymp\u00e4rist\u00f6arvojen puolesta Pihtinevan tuulivoimarakentamisessa - vaasanvaalipiirinvihreat.fi","og_description":"Olemme saaneet kysely\u00e4 kannastamme alueelle suunniteltuun Pihtinevan tuulivoimapuistoon. Avoin kantamme on, ett\u00e4 emme t\u00e4ll\u00e4 hetkell\u00e4 voi olla suunnitelman kannalla.","og_url":"https:\/\/vaasanvaalipiirinvihreat.fi\/index.php\/2025\/05\/05\/kannanotto-ymparistoarvojen-puolesta-pihtinevan-tuulivoimarakentamisessa\/","og_site_name":"vaasanvaalipiirinvihreat.fi","article_publisher":"https:\/\/www.facebook.com\/VaasanVaalipiirinVihreat","article_published_time":"2025-05-05T09:57:10+00:00","article_modified_time":"2025-05-05T10:00:33+00:00","og_image":[{"width":640,"height":485,"url":"https:\/\/vaasanvaalipiirinvihreat.fi\/wp-content\/uploads\/2025\/05\/world-2081907_640.jpg","type":"image\/jpeg"}],"author":"Juuli Ojansuu","twitter_card":"summary_large_image","twitter_misc":{"Kirjoittanut":"Juuli Ojansuu","Arvioitu lukuaika":"2 minuuttia"},"schema":{"@context":"https:\/\/schema.org","@graph":[{"@type":"Article","@id":"https:\/\/vaasanvaalipiirinvihreat.fi\/index.php\/2025\/05\/05\/kannanotto-ymparistoarvojen-puolesta-pihtinevan-tuulivoimarakentamisessa\/#article","isPartOf":{"@id":"https:\/\/vaasanvaalipiirinvihreat.fi\/index.php\/2025\/05\/05\/kannanotto-ymparistoarvojen-puolesta-pihtinevan-tuulivoimarakentamisessa\/"},"author":{"name":"Juuli Ojansuu","@id":"https:\/\/vaasanvaalipiirinvihreat.fi\/#\/schema\/person\/30bbcb2e3a2fafdb75c3674989d123e2"},"headline":"Kannanotto ymp\u00e4rist\u00f6arvojen puolesta Pihtinevan tuulivoimarakentamisessa","datePublished":"2025-05-05T09:57:10+00:00","dateModified":"2025-05-05T10:00:33+00:00","mainEntityOfPage":{"@id":"https:\/\/vaasanvaalipiirinvihreat.fi\/index.php\/2025\/05\/05\/kannanotto-ymparistoarvojen-puolesta-pihtinevan-tuulivoimarakentamisessa\/"},"wordCount":273,"publisher":{"@id":"https:\/\/vaasanvaalipiirinvihreat.fi\/#organization"},"image":{"@id":"https:\/\/vaasanvaalipiirinvihreat.fi\/index.php\/2025\/05\/05\/kannanotto-ymparistoarvojen-puolesta-pihtinevan-tuulivoimarakentamisessa\/#primaryimage"},"thumbnailUrl":"https:\/\/vaasanvaalipiirinvihreat.fi\/wp-content\/uploads\/2025\/05\/world-2081907_640.jpg","keywords":["Pihtineva","tuulivoimapuisto","ymp\u00e4rist\u00f6vaikutukset"],"articleSection":["Kannanotto"],"inLanguage":"fi"},{"@type":"WebPage","@id":"https:\/\/vaasanvaalipiirinvihreat.fi\/index.php\/2025\/05\/05\/kannanotto-ymparistoarvojen-puolesta-pihtinevan-tuulivoimarakentamisessa\/","url":"https:\/\/vaasanvaalipiirinvihreat.fi\/index.php\/2025\/05\/05\/kannanotto-ymparistoarvojen-puolesta-pihtinevan-tuulivoimarakentamisessa\/","name":"Kannanotto ymp\u00e4rist\u00f6arvojen puolesta Pihtinevan tuulivoimarakentamisessa - vaasanvaalipiirinvihreat.fi","isPartOf":{"@id":"https:\/\/vaasanvaalipiirinvihreat.fi\/#website"},"primaryImageOfPage":{"@id":"https:\/\/vaasanvaalipiirinvihreat.fi\/index.php\/2025\/05\/05\/kannanotto-ymparistoarvojen-puolesta-pihtinevan-tuulivoimarakentamisessa\/#primaryimage"},"image":{"@id":"https:\/\/vaasanvaalipiirinvihreat.fi\/index.php\/2025\/05\/05\/kannanotto-ymparistoarvojen-puolesta-pihtinevan-tuulivoimarakentamisessa\/#primaryimage"},"thumbnailUrl":"https:\/\/vaasanvaalipiirinvihreat.fi\/wp-content\/uploads\/2025\/05\/world-2081907_640.jpg","datePublished":"2025-05-05T09:57:10+00:00","dateModified":"2025-05-05T10:00:33+00:00","description":"Olemme saaneet kysely\u00e4 kannastamme alueelle suunniteltuun Pihtinevan tuulivoimapuistoon. Avoin kantamme on, ett\u00e4 emme t\u00e4ll\u00e4 hetkell\u00e4 voi olla suunnitelman kannalla.","breadcrumb":{"@id":"https:\/\/vaasanvaalipiirinvihreat.fi\/index.php\/2025\/05\/05\/kannanotto-ymparistoarvojen-puolesta-pihtinevan-tuulivoimarakentamisessa\/#breadcrumb"},"inLanguage":"fi","potentialAction":[{"@type":"ReadAction","target":["https:\/\/vaasanvaalipiirinvihreat.fi\/index.php\/2025\/05\/05\/kannanotto-ymparistoarvojen-puolesta-pihtinevan-tuulivoimarakentamisessa\/"]}]},{"@type":"ImageObject","inLanguage":"fi","@id":"https:\/\/vaasanvaalipiirinvihreat.fi\/index.php\/2025\/05\/05\/kannanotto-ymparistoarvojen-puolesta-pihtinevan-tuulivoimarakentamisessa\/#primaryimage","url":"https:\/\/vaasanvaalipiirinvihreat.fi\/wp-content\/uploads\/2025\/05\/world-2081907_640.jpg","contentUrl":"https:\/\/vaasanvaalipiirinvihreat.fi\/wp-content\/uploads\/2025\/05\/world-2081907_640.jpg","width":640,"height":485},{"@type":"BreadcrumbList","@id":"https:\/\/vaasanvaalipiirinvihreat.fi\/index.php\/2025\/05\/05\/kannanotto-ymparistoarvojen-puolesta-pihtinevan-tuulivoimarakentamisessa\/#breadcrumb","itemListElement":[{"@type":"ListItem","position":1,"name":"Etusivu","item":"https:\/\/vaasanvaalipiirinvihreat.fi\/"},{"@type":"ListItem","position":2,"name":"Kannanotto ymp\u00e4rist\u00f6arvojen puolesta Pihtinevan tuulivoimarakentamisessa"}]},{"@type":"WebSite","@id":"https:\/\/vaasanvaalipiirinvihreat.fi\/#website","url":"https:\/\/vaasanvaalipiirinvihreat.fi\/","name":"vaasanvaalipiirinvihreat.fi","description":"Vaasan vaalipiirin vihre\u00e4t - De Gr\u00f6na i Vasa valkrets","publisher":{"@id":"https:\/\/vaasanvaalipiirinvihreat.fi\/#organization"},"potentialAction":[{"@type":"SearchAction","target":{"@type":"EntryPoint","urlTemplate":"https:\/\/vaasanvaalipiirinvihreat.fi\/?s={search_term_string}"},"query-input":{"@type":"PropertyValueSpecification","valueRequired":true,"valueName":"search_term_string"}}],"inLanguage":"fi"},{"@type":"Organization","@id":"https:\/\/vaasanvaalipiirinvihreat.fi\/#organization","name":"vaasanvaalipiirinvihreat.fi","alternateName":"Vaasan vaalipiirin vihre\u00e4t - De Gr\u00f6na i Vasa valkrets","url":"https:\/\/vaasanvaalipiirinvihreat.fi\/","logo":{"@type":"ImageObject","inLanguage":"fi","@id":"https:\/\/vaasanvaalipiirinvihreat.fi\/#\/schema\/logo\/image\/","url":"https:\/\/vaasanvaalipiirinvihreat.fi\/wp-content\/uploads\/2025\/01\/Vihreat_Logo_HOR_RGB_FIN_SWE.png","contentUrl":"https:\/\/vaasanvaalipiirinvihreat.fi\/wp-content\/uploads\/2025\/01\/Vihreat_Logo_HOR_RGB_FIN_SWE.png","width":1162,"height":409,"caption":"vaasanvaalipiirinvihreat.fi"},"image":{"@id":"https:\/\/vaasanvaalipiirinvihreat.fi\/#\/schema\/logo\/image\/"},"sameAs":["https:\/\/www.facebook.com\/VaasanVaalipiirinVihreat"]},{"@type":"Person","@id":"https:\/\/vaasanvaalipiirinvihreat.fi\/#\/schema\/person\/30bbcb2e3a2fafdb75c3674989d123e2","name":"Juuli Ojansuu","url":"https:\/\/vaasanvaalipiirinvihreat.fi\/index.php\/author\/juuli\/"}]}},"_links":{"self":[{"href":"https:\/\/vaasanvaalipiirinvihreat.fi\/index.php\/wp-json\/wp\/v2\/posts\/2278","targetHints":{"allow":["GET"]}}],"collection":[{"href":"https:\/\/vaasanvaalipiirinvihreat.fi\/index.php\/wp-json\/wp\/v2\/posts"}],"about":[{"href":"https:\/\/vaasanvaalipiirinvihreat.fi\/index.php\/wp-json\/wp\/v2\/types\/post"}],"author":[{"embeddable":true,"href":"https:\/\/vaasanvaalipiirinvihreat.fi\/index.php\/wp-json\/wp\/v2\/users\/3"}],"replies":[{"embeddable":true,"href":"https:\/\/vaasanvaalipiirinvihreat.fi\/index.php\/wp-json\/wp\/v2\/comments?post=2278"}],"version-history":[{"count":5,"href":"https:\/\/vaasanvaalipiirinvihreat.fi\/index.php\/wp-json\/wp\/v2\/posts\/2278\/revisions"}],"predecessor-version":[{"id":2284,"href":"https:\/\/vaasanvaalipiirinvihreat.fi\/index.php\/wp-json\/wp\/v2\/posts\/2278\/revisions\/2284"}],"wp:featuredmedia":[{"embeddable":true,"href":"https:\/\/vaasanvaalipiirinvihreat.fi\/index.php\/wp-json\/wp\/v2\/media\/2279"}],"wp:attachment":[{"href":"https:\/\/vaasanvaalipiirinvihreat.fi\/index.php\/wp-json\/wp\/v2\/media?parent=2278"}],"wp:term":[{"taxonomy":"category","embeddable":true,"href":"https:\/\/vaasanvaalipiirinvihreat.fi\/index.php\/wp-json\/wp\/v2\/categories?post=2278"},{"taxonomy":"post_tag","embeddable":true,"href":"https:\/\/vaasanvaalipiirinvihreat.fi\/index.php\/wp-json\/wp\/v2\/tags?post=2278"}],"curies":[{"name":"wp","href":"https:\/\/api.w.org\/{rel}","templated":true}]}}