{"id":685,"date":"2016-08-10T10:43:18","date_gmt":"2016-08-10T08:43:18","guid":{"rendered":"http:\/\/www.vavavi.fi\/?p=685"},"modified":"2025-01-20T17:18:36","modified_gmt":"2025-01-20T15:18:36","slug":"685","status":"publish","type":"post","link":"https:\/\/vaasanvaalipiirinvihreat.fi\/index.php\/2016\/08\/10\/685\/","title":{"rendered":"Hallitus hakkaa p\u00e4\u00e4t\u00e4\u00e4n 90-luvun laman tahtiin"},"content":{"rendered":"<p><a href=\"http:\/\/vaasanvaalipiirinvihreat.fi\/tuonti\/wp-content\/uploads\/2016\/02\/944965_10153773853367978_5303778087086241946_n.jpg\"><img fetchpriority=\"high\" decoding=\"async\" class=\"aligncenter size-medium wp-image-658\" src=\"http:\/\/vaasanvaalipiirinvihreat.fi\/tuonti\/wp-content\/uploads\/2016\/02\/944965_10153773853367978_5303778087086241946_n-300x300.jpg\" alt=\"944965_10153773853367978_5303778087086241946_n\" width=\"300\" height=\"300\" srcset=\"https:\/\/vaasanvaalipiirinvihreat.fi\/wp-content\/uploads\/2016\/02\/944965_10153773853367978_5303778087086241946_n-300x300.jpg 300w, https:\/\/vaasanvaalipiirinvihreat.fi\/wp-content\/uploads\/2016\/02\/944965_10153773853367978_5303778087086241946_n-150x150.jpg 150w, https:\/\/vaasanvaalipiirinvihreat.fi\/wp-content\/uploads\/2016\/02\/944965_10153773853367978_5303778087086241946_n-768x768.jpg 768w, https:\/\/vaasanvaalipiirinvihreat.fi\/wp-content\/uploads\/2016\/02\/944965_10153773853367978_5303778087086241946_n.jpg 960w\" sizes=\"(max-width: 300px) 100vw, 300px\" \/><\/a><\/p>\n<p>Hallitus tuntuu jatkavan p\u00e4\u00e4n sein\u00e4\u00e4n hakkaamista yrityksiss\u00e4\u00e4n parantaa ty\u00f6llisyytt\u00e4. Vaihtoehtoja on, mutta hallitus kiert\u00e4\u00e4 samoja vanhoja ympyr\u00f6it\u00e4 l\u00f6yt\u00e4m\u00e4tt\u00e4 mink\u00e4\u00e4nn\u00e4k\u00f6ist\u00e4 uutta konstia. Hallitus el\u00e4\u00e4 liiaksi vanhaa teollista aikaa, eik\u00e4 edelleenk\u00e4\u00e4n ymm\u00e4rr\u00e4 ty\u00f6n luonteen suurta muutosta. T\u00e4m\u00e4n hallituksen tarkoitus oli my\u00f6s leikkauksilla tehostaa julkista sektoria ja sen menoja, mutta ainut mit\u00e4 hallitus on saanut aikaan on valtion verotulojen huima lasku, jolloin se p\u00e4\u00e4see leikkaamaan lis\u00e4\u00e4.<\/p>\n<p>Miss\u00e4 hallituksen ty\u00f6llisyyden parantaminen sitten menee vikaan?<\/p>\n<ol>\n<li>Keskusta haluaa jatkaa yritysverotuksen kevent\u00e4mist\u00e4 nyt investointivarauksena. Edellisetk\u00e4\u00e4n yritysten verohelpotukset eiv\u00e4t ole tepsineet vaan s\u00e4\u00e4st\u00f6t ovat valuneet sijoittajille. Investointivarauksesta on huonot kokemukset jo 90-luvulta. My\u00f6s yhteis\u00f6veron alentamisesta on j\u00e4lleen keskusteltu. Onneksi jopa kokoomuksen puheenjohtaja valtiovarainministeri Orpo on sit\u00e4 mielt\u00e4, ett\u00e4 kasvun ja ty\u00f6llisyyden kannalta t\u00e4m\u00e4 ei ole se ongelma. Suomen yhteis\u00f6veroprosentti on jo EU:n keskitason alapuolella ja pienempi kuin muilla Pohjoismailla.<\/li>\n<\/ol>\n<ol start=\"2\">\n<li>Yhten\u00e4 ty\u00f6llisyyden parantamisen keinona on esitetty varainsiirtoveron poistoa. Hallituksen mielest\u00e4 muuttaminen ty\u00f6n per\u00e4ss\u00e4 on kiinni siit\u00e4, ett\u00e4 asunnon myynnist\u00e4 joutuu maksamaan veroa. Esimerkiksi 300 000\u20ac asunto-osakkeesta vero on 6000\u20ac. Vero ei siis taida olla se todellinen syys ihmisille muuttaa ty\u00f6n per\u00e4ss\u00e4 vaan syy on useimmilla esimerkiksi perhe- yst\u00e4vyys ja muissa sosiaalisissa suhteissa kotipaikkakunnalla. Juuri tehdyn tutkimuksen mukaan muuttaminen vaikuttaa vahvasti etenkin lapsiin ja nuoriin. Varainsiirtoveron poistosta koituisi laskelmien mukaan j\u00e4lleen useiden satojen miljoonien verovaje valtion budjettiin. T\u00e4t\u00e4 vajetta paikattaisiin todenn\u00e4k\u00f6isesti j\u00e4lleen uusilla lis\u00e4leikkauksilla.<\/li>\n<\/ol>\n<ol start=\"3\">\n<li>Etuudet ovat olleet hallituksen hampaissa alusta alkaen kun on puhuttu ty\u00f6llisyyden parantamisesta. Hallituksen mukaan liian hyv\u00e4t sosiaalietuudet passivoivat. Hallitus onkin nyt esitt\u00e4nyt tuntuvia kiristyksi\u00e4 ty\u00f6tt\u00f6myysetuuksiin ja ansiosidonnaiseen. Kiristysten on arvioitu lis\u00e4\u00e4v\u00e4n ty\u00f6llisyytt\u00e4 noin 9000 henkil\u00f6ty\u00f6vuodella. S\u00e4\u00e4liksi tosin k\u00e4y niit\u00e4 loppuja satojatuhansia ty\u00f6tt\u00f6mi\u00e4, jotka joutuvat k\u00e4rsim\u00e4\u00e4n taloudellisesti leikkauksista, joille ei voi itse mit\u00e4\u00e4n t\u00f6iden puuttuessa. Isoin ongelma ty\u00f6tt\u00f6mist\u00e4 puhuttaessa on se, ett\u00e4 ty\u00f6tt\u00f6m\u00e4t niputetaan kaikki samanlaisiksi. Jokainen ty\u00f6t\u00f6n on kuitenkin erilainen ja jokaisella ty\u00f6tt\u00f6m\u00e4ll\u00e4 on erilaiset tarpeet erilaisine el\u00e4m\u00e4ntilanteineen. Hallitus tykk\u00e4\u00e4 puhua kannustinloukkujen purkamisesta, jolloin ty\u00f6n vastaanottaminen olisi aina kannattavampaa kuin jouten olo. Valitettavasti hallituksen keinoissa t\u00e4m\u00e4 tarkoittaa todenn\u00e4k\u00f6isesti sit\u00e4, ett\u00e4 kun etuuksia kiristet\u00e4\u00e4n tarpeeksi on mik\u00e4 tahansa pienipalkkainen ty\u00f6 kannattavampaa kuin ty\u00f6tt\u00f6m\u00e4n\u00e4 oleminen. Suurimmalle osalle ty\u00f6tt\u00f6mist\u00e4 t\u00e4m\u00e4 tarkoittaa suuria taloudellisia vaikeuksia, joilta hallitus haluaa sulkea silm\u00e4ns\u00e4.<\/li>\n<\/ol>\n<p>Mit\u00e4 sitten hallituksen pit\u00e4isi tehd\u00e4?<\/p>\n<ol>\n<li>Kannustinloukkuja tulisi purkaa lis\u00e4\u00e4 siten, ett\u00e4 ty\u00f6t\u00f6n pystyisi helpommin tekem\u00e4\u00e4n 300-500\u20ac t\u00f6it\u00e4 ilman monimutkaista paperinpy\u00f6rityst\u00e4. T\u00e4m\u00e4 tulisi koskettaa niin palkkaty\u00f6t\u00e4 kuin itse laskutettuakin ty\u00f6t\u00e4. Nyt pienien t\u00f6iden tekeminen onnistuu vain l\u00e4hinn\u00e4 palkkaty\u00f6n\u00e4, joka hidastuttaa etuuksien saamista. Ty\u00f6n laskuttaminen esimerkiksi osuuskunnan kautta ly\u00f6 liian helposti yritt\u00e4j\u00e4statuksen ty\u00f6tt\u00f6m\u00e4n kouraan. Sama koskee my\u00f6s freelancer toimintaa<\/li>\n<\/ol>\n<ol start=\"2\">\n<li>Hallituksen tulisi keskitty\u00e4 viel\u00e4 enemm\u00e4n PK-sektorille ja mahdollistaa n\u00e4iden yritysten ty\u00f6llisyyden helpottamista, mutta ennen kaikkea hallituksen tulee parantaa itsens\u00e4ty\u00f6llist\u00e4jien mahdollisuuksia yritystaipaleen alussa ja parantaa yritt\u00e4jien sosiaaliturvaa. Yksinyritt\u00e4j\u00e4n toimeentulo tulisi varmistaa alkuvaiheessa paremmin starttirahaa suurentamalla ja suuntaamalla esimerkiksi nyt menestyville yrityksille my\u00f6nnett\u00e4v\u00e4t yritystuet yksinyritt\u00e4jien rahoitukseen.<\/li>\n<\/ol>\n<ol start=\"3\">\n<li>Yritysten, sijoittajien kuin julkisen puolen johdonkin on osallistuttava huomattavasti paremmin s\u00e4\u00e4st\u00f6ihin. Julkisen puolen leikkaukset eiv\u00e4t voi koskettaa vain alempia tekij\u00e4portaita vaan leikkauksia t\u00e4ytyy kohdentaa my\u00f6s johdon palkkoihin ja palkkioihin. Yksityisell\u00e4 puolella yritysten yhteiskuntavastuuta pit\u00e4\u00e4 lis\u00e4t\u00e4. Yrityksen tulosta ei voi viime k\u00e4dess\u00e4 parantaa ty\u00f6ntekij\u00f6it\u00e4 v\u00e4hent\u00e4m\u00e4ll\u00e4 vaan vastuuta pit\u00e4\u00e4 olla my\u00f6s sijoittajilla. Leikkaukset pit\u00e4\u00e4 kohdentaa my\u00f6s yritysjohdon ja yritysten \u00a0hallitusten palkkioihin.<\/li>\n<\/ol>\n<ol start=\"4\">\n<li>Hallituksen tulee selvitt\u00e4\u00e4 huomattavasti paremmin p\u00e4\u00e4t\u00f6stens\u00e4 kokonaisvaikutukset paljon pidemm\u00e4ll\u00e4 aika v\u00e4lill\u00e4. 90-luvun laman aikaisten leikkaus- ja s\u00e4\u00e4st\u00f6p\u00e4\u00e4t\u00f6sten takia syntyneit\u00e4 hyvinvointiongelmia maksetaan yh\u00e4. N\u00e4m\u00e4 edellisen laman ongelmat syntyiv\u00e4t keskusta-, kokoomusjohtoisen hallituksen ansiosta. Yli 20 vuotta my\u00f6hemmin samojen puolueiden metodit eiv\u00e4t ole muuttuneet mihink\u00e4\u00e4n vaan edelleen tehd\u00e4\u00e4n samat virheet. Luulisi, ett\u00e4 puolueissa olisi opittu jotain n\u00e4in pitk\u00e4ll\u00e4 aikav\u00e4lill\u00e4, mutta mink\u00e4\u00e4nlaista muutosta n\u00e4m\u00e4 kaksi puoluetta eiv\u00e4t tarjoa talouden ongelmien parantamiseksi.<\/li>\n<\/ol>\n<p>Tuomas Ojaj\u00e4rvi<br \/>\nPuheenjohtaja, Etel\u00e4-Pohjanmaan Vihre\u00e4t<br \/>\nVihreiden puoluevaltuuskunnan j\u00e4sen<\/p>\n<p>Linkkej\u00e4:<\/p>\n<p>Valtiovarainministeri Orpo HS:lle: Yhteis\u00f6vero ei ole kasvun este: <a href=\"http:\/\/www.hs.fi\/kotimaa\/a1470628977621\">http:\/\/www.hs.fi\/kotimaa\/a1470628977621<\/a><\/p>\n<p>Tutkimus: Jatkuva muuttaminen lapsena ja nuorena lis\u00e4\u00e4 juurettomuutta ja erilaisia hankaluuksia: <a href=\"http:\/\/yle.fi\/uutiset\/tutkimus_jatkuva_muuttaminen_lapsena_ja_nuorena_lisaa_juurettomuutta_ja_erilaisia_hankaluuksia\/9080460\">http:\/\/yle.fi\/uutiset\/tutkimus_jatkuva_muuttaminen_lapsena_ja_nuorena_lisaa_juurettomuutta_ja_erilaisia_hankaluuksia\/9080460<\/a><\/p>\n<p>Etuudet hupenevat &#8211; n\u00e4in hallitus leikkaa ty\u00f6tt\u00f6myysturvaa: <a href=\"http:\/\/www.iltalehti.fi\/uutiset\/2016062921815508_uu.shtml\">http:\/\/www.iltalehti.fi\/uutiset\/2016062921815508_uu.shtml<\/a><\/p>\n<p>Nyt selvisi 1990-luvun leikkausten hinta: <a href=\"http:\/\/www.kansanuutiset.fi\/artikkeli\/2933472-nyt-selvisi-1990-luvun-leikkausten-hinta\">http:\/\/www.kansanuutiset.fi\/artikkeli\/2933472-nyt-selvisi-1990-luvun-leikkausten-hinta<\/a><\/p>\n<p>&nbsp;<\/p>\n<p>&nbsp;<\/p>\n","protected":false},"excerpt":{"rendered":"<p>Hallitus tuntuu jatkavan p\u00e4\u00e4n sein\u00e4\u00e4n hakkaamista yrityksiss\u00e4\u00e4n parantaa ty\u00f6llisyytt\u00e4. Vaihtoehtoja on, mutta hallitus kiert\u00e4\u00e4 samoja vanhoja ympyr\u00f6it\u00e4 l\u00f6yt\u00e4m\u00e4tt\u00e4 mink\u00e4\u00e4nn\u00e4k\u00f6ist\u00e4 uutta konstia. Hallitus el\u00e4\u00e4 liiaksi vanhaa teollista aikaa, eik\u00e4 edelleenk\u00e4\u00e4n ymm\u00e4rr\u00e4 ty\u00f6n luonteen suurta muutosta. T\u00e4m\u00e4n hallituksen tarkoitus oli my\u00f6s leikkauksilla tehostaa julkista sektoria ja sen menoja, mutta ainut mit\u00e4 hallitus on saanut aikaan on valtion [&hellip;]<\/p>\n","protected":false},"author":2,"featured_media":0,"comment_status":"closed","ping_status":"closed","sticky":false,"template":"","format":"standard","meta":{"footnotes":""},"categories":[2],"tags":[],"class_list":["post-685","post","type-post","status-publish","format-standard","hentry","category-tiedotteet"],"yoast_head":"<!-- This site is optimized with the Yoast SEO plugin v27.5 - https:\/\/yoast.com\/product\/yoast-seo-wordpress\/ -->\n<title>Hallitus hakkaa p\u00e4\u00e4t\u00e4\u00e4n 90-luvun laman tahtiin - vaasanvaalipiirinvihreat.fi<\/title>\n<meta name=\"robots\" content=\"index, follow, max-snippet:-1, max-image-preview:large, max-video-preview:-1\" \/>\n<link rel=\"canonical\" href=\"https:\/\/vaasanvaalipiirinvihreat.fi\/index.php\/2016\/08\/10\/685\/\" \/>\n<meta property=\"og:locale\" content=\"fi_FI\" \/>\n<meta property=\"og:type\" content=\"article\" \/>\n<meta property=\"og:title\" content=\"Hallitus hakkaa p\u00e4\u00e4t\u00e4\u00e4n 90-luvun laman tahtiin - vaasanvaalipiirinvihreat.fi\" \/>\n<meta property=\"og:description\" content=\"Hallitus tuntuu jatkavan p\u00e4\u00e4n sein\u00e4\u00e4n hakkaamista yrityksiss\u00e4\u00e4n parantaa ty\u00f6llisyytt\u00e4. Vaihtoehtoja on, mutta hallitus kiert\u00e4\u00e4 samoja vanhoja ympyr\u00f6it\u00e4 l\u00f6yt\u00e4m\u00e4tt\u00e4 mink\u00e4\u00e4nn\u00e4k\u00f6ist\u00e4 uutta konstia. Hallitus el\u00e4\u00e4 liiaksi vanhaa teollista aikaa, eik\u00e4 edelleenk\u00e4\u00e4n ymm\u00e4rr\u00e4 ty\u00f6n luonteen suurta muutosta. T\u00e4m\u00e4n hallituksen tarkoitus oli my\u00f6s leikkauksilla tehostaa julkista sektoria ja sen menoja, mutta ainut mit\u00e4 hallitus on saanut aikaan on valtion [&hellip;]\" \/>\n<meta property=\"og:url\" content=\"https:\/\/vaasanvaalipiirinvihreat.fi\/index.php\/2016\/08\/10\/685\/\" \/>\n<meta property=\"og:site_name\" content=\"vaasanvaalipiirinvihreat.fi\" \/>\n<meta property=\"article:publisher\" content=\"https:\/\/www.facebook.com\/VaasanVaalipiirinVihreat\" \/>\n<meta property=\"article:published_time\" content=\"2016-08-10T08:43:18+00:00\" \/>\n<meta property=\"article:modified_time\" content=\"2025-01-20T15:18:36+00:00\" \/>\n<meta property=\"og:image\" content=\"http:\/\/vaasanvaalipiirinvihreat.fi\/tuonti\/wp-content\/uploads\/2016\/02\/944965_10153773853367978_5303778087086241946_n-300x300.jpg\" \/>\n<meta name=\"author\" content=\"Yll\u00e4pit\u00e4j\u00e4\" \/>\n<meta name=\"twitter:card\" content=\"summary_large_image\" \/>\n<meta name=\"twitter:label1\" content=\"Kirjoittanut\" \/>\n\t<meta name=\"twitter:data1\" content=\"Yll\u00e4pit\u00e4j\u00e4\" \/>\n\t<meta name=\"twitter:label2\" content=\"Arvioitu lukuaika\" \/>\n\t<meta name=\"twitter:data2\" content=\"4 minuuttia\" \/>\n<script type=\"application\/ld+json\" class=\"yoast-schema-graph\">{\"@context\":\"https:\\\/\\\/schema.org\",\"@graph\":[{\"@type\":\"Article\",\"@id\":\"https:\\\/\\\/vaasanvaalipiirinvihreat.fi\\\/index.php\\\/2016\\\/08\\\/10\\\/685\\\/#article\",\"isPartOf\":{\"@id\":\"https:\\\/\\\/vaasanvaalipiirinvihreat.fi\\\/index.php\\\/2016\\\/08\\\/10\\\/685\\\/\"},\"author\":{\"name\":\"Yll\u00e4pit\u00e4j\u00e4\",\"@id\":\"https:\\\/\\\/vaasanvaalipiirinvihreat.fi\\\/#\\\/schema\\\/person\\\/d9205350c2a3b344c419b954e66c3daf\"},\"headline\":\"Hallitus hakkaa p\u00e4\u00e4t\u00e4\u00e4n 90-luvun laman tahtiin\",\"datePublished\":\"2016-08-10T08:43:18+00:00\",\"dateModified\":\"2025-01-20T15:18:36+00:00\",\"mainEntityOfPage\":{\"@id\":\"https:\\\/\\\/vaasanvaalipiirinvihreat.fi\\\/index.php\\\/2016\\\/08\\\/10\\\/685\\\/\"},\"wordCount\":808,\"publisher\":{\"@id\":\"https:\\\/\\\/vaasanvaalipiirinvihreat.fi\\\/#organization\"},\"image\":{\"@id\":\"https:\\\/\\\/vaasanvaalipiirinvihreat.fi\\\/index.php\\\/2016\\\/08\\\/10\\\/685\\\/#primaryimage\"},\"thumbnailUrl\":\"http:\\\/\\\/vaasanvaalipiirinvihreat.fi\\\/tuonti\\\/wp-content\\\/uploads\\\/2016\\\/02\\\/944965_10153773853367978_5303778087086241946_n-300x300.jpg\",\"articleSection\":[\"Tiedotteet\"],\"inLanguage\":\"fi\"},{\"@type\":\"WebPage\",\"@id\":\"https:\\\/\\\/vaasanvaalipiirinvihreat.fi\\\/index.php\\\/2016\\\/08\\\/10\\\/685\\\/\",\"url\":\"https:\\\/\\\/vaasanvaalipiirinvihreat.fi\\\/index.php\\\/2016\\\/08\\\/10\\\/685\\\/\",\"name\":\"Hallitus hakkaa p\u00e4\u00e4t\u00e4\u00e4n 90-luvun laman tahtiin - vaasanvaalipiirinvihreat.fi\",\"isPartOf\":{\"@id\":\"https:\\\/\\\/vaasanvaalipiirinvihreat.fi\\\/#website\"},\"primaryImageOfPage\":{\"@id\":\"https:\\\/\\\/vaasanvaalipiirinvihreat.fi\\\/index.php\\\/2016\\\/08\\\/10\\\/685\\\/#primaryimage\"},\"image\":{\"@id\":\"https:\\\/\\\/vaasanvaalipiirinvihreat.fi\\\/index.php\\\/2016\\\/08\\\/10\\\/685\\\/#primaryimage\"},\"thumbnailUrl\":\"http:\\\/\\\/vaasanvaalipiirinvihreat.fi\\\/tuonti\\\/wp-content\\\/uploads\\\/2016\\\/02\\\/944965_10153773853367978_5303778087086241946_n-300x300.jpg\",\"datePublished\":\"2016-08-10T08:43:18+00:00\",\"dateModified\":\"2025-01-20T15:18:36+00:00\",\"breadcrumb\":{\"@id\":\"https:\\\/\\\/vaasanvaalipiirinvihreat.fi\\\/index.php\\\/2016\\\/08\\\/10\\\/685\\\/#breadcrumb\"},\"inLanguage\":\"fi\",\"potentialAction\":[{\"@type\":\"ReadAction\",\"target\":[\"https:\\\/\\\/vaasanvaalipiirinvihreat.fi\\\/index.php\\\/2016\\\/08\\\/10\\\/685\\\/\"]}]},{\"@type\":\"ImageObject\",\"inLanguage\":\"fi\",\"@id\":\"https:\\\/\\\/vaasanvaalipiirinvihreat.fi\\\/index.php\\\/2016\\\/08\\\/10\\\/685\\\/#primaryimage\",\"url\":\"https:\\\/\\\/vaasanvaalipiirinvihreat.fi\\\/wp-content\\\/uploads\\\/2016\\\/02\\\/944965_10153773853367978_5303778087086241946_n.jpg\",\"contentUrl\":\"https:\\\/\\\/vaasanvaalipiirinvihreat.fi\\\/wp-content\\\/uploads\\\/2016\\\/02\\\/944965_10153773853367978_5303778087086241946_n.jpg\",\"width\":960,\"height\":960},{\"@type\":\"BreadcrumbList\",\"@id\":\"https:\\\/\\\/vaasanvaalipiirinvihreat.fi\\\/index.php\\\/2016\\\/08\\\/10\\\/685\\\/#breadcrumb\",\"itemListElement\":[{\"@type\":\"ListItem\",\"position\":1,\"name\":\"Etusivu\",\"item\":\"https:\\\/\\\/vaasanvaalipiirinvihreat.fi\\\/\"},{\"@type\":\"ListItem\",\"position\":2,\"name\":\"Hallitus hakkaa p\u00e4\u00e4t\u00e4\u00e4n 90-luvun laman tahtiin\"}]},{\"@type\":\"WebSite\",\"@id\":\"https:\\\/\\\/vaasanvaalipiirinvihreat.fi\\\/#website\",\"url\":\"https:\\\/\\\/vaasanvaalipiirinvihreat.fi\\\/\",\"name\":\"vaasanvaalipiirinvihreat.fi\",\"description\":\"Vaasan vaalipiirin vihre\u00e4t - De Gr\u00f6na i Vasa valkrets\",\"publisher\":{\"@id\":\"https:\\\/\\\/vaasanvaalipiirinvihreat.fi\\\/#organization\"},\"potentialAction\":[{\"@type\":\"SearchAction\",\"target\":{\"@type\":\"EntryPoint\",\"urlTemplate\":\"https:\\\/\\\/vaasanvaalipiirinvihreat.fi\\\/?s={search_term_string}\"},\"query-input\":{\"@type\":\"PropertyValueSpecification\",\"valueRequired\":true,\"valueName\":\"search_term_string\"}}],\"inLanguage\":\"fi\"},{\"@type\":\"Organization\",\"@id\":\"https:\\\/\\\/vaasanvaalipiirinvihreat.fi\\\/#organization\",\"name\":\"vaasanvaalipiirinvihreat.fi\",\"alternateName\":\"Vaasan vaalipiirin vihre\u00e4t - De Gr\u00f6na i Vasa valkrets\",\"url\":\"https:\\\/\\\/vaasanvaalipiirinvihreat.fi\\\/\",\"logo\":{\"@type\":\"ImageObject\",\"inLanguage\":\"fi\",\"@id\":\"https:\\\/\\\/vaasanvaalipiirinvihreat.fi\\\/#\\\/schema\\\/logo\\\/image\\\/\",\"url\":\"https:\\\/\\\/vaasanvaalipiirinvihreat.fi\\\/wp-content\\\/uploads\\\/2025\\\/01\\\/Vihreat_Logo_HOR_RGB_FIN_SWE.png\",\"contentUrl\":\"https:\\\/\\\/vaasanvaalipiirinvihreat.fi\\\/wp-content\\\/uploads\\\/2025\\\/01\\\/Vihreat_Logo_HOR_RGB_FIN_SWE.png\",\"width\":1162,\"height\":409,\"caption\":\"vaasanvaalipiirinvihreat.fi\"},\"image\":{\"@id\":\"https:\\\/\\\/vaasanvaalipiirinvihreat.fi\\\/#\\\/schema\\\/logo\\\/image\\\/\"},\"sameAs\":[\"https:\\\/\\\/www.facebook.com\\\/VaasanVaalipiirinVihreat\"]},{\"@type\":\"Person\",\"@id\":\"https:\\\/\\\/vaasanvaalipiirinvihreat.fi\\\/#\\\/schema\\\/person\\\/d9205350c2a3b344c419b954e66c3daf\",\"name\":\"Yll\u00e4pit\u00e4j\u00e4\",\"url\":\"https:\\\/\\\/vaasanvaalipiirinvihreat.fi\\\/index.php\\\/author\\\/sivustomestari\\\/\"}]}<\/script>\n<!-- \/ Yoast SEO plugin. -->","yoast_head_json":{"title":"Hallitus hakkaa p\u00e4\u00e4t\u00e4\u00e4n 90-luvun laman tahtiin - vaasanvaalipiirinvihreat.fi","robots":{"index":"index","follow":"follow","max-snippet":"max-snippet:-1","max-image-preview":"max-image-preview:large","max-video-preview":"max-video-preview:-1"},"canonical":"https:\/\/vaasanvaalipiirinvihreat.fi\/index.php\/2016\/08\/10\/685\/","og_locale":"fi_FI","og_type":"article","og_title":"Hallitus hakkaa p\u00e4\u00e4t\u00e4\u00e4n 90-luvun laman tahtiin - vaasanvaalipiirinvihreat.fi","og_description":"Hallitus tuntuu jatkavan p\u00e4\u00e4n sein\u00e4\u00e4n hakkaamista yrityksiss\u00e4\u00e4n parantaa ty\u00f6llisyytt\u00e4. Vaihtoehtoja on, mutta hallitus kiert\u00e4\u00e4 samoja vanhoja ympyr\u00f6it\u00e4 l\u00f6yt\u00e4m\u00e4tt\u00e4 mink\u00e4\u00e4nn\u00e4k\u00f6ist\u00e4 uutta konstia. Hallitus el\u00e4\u00e4 liiaksi vanhaa teollista aikaa, eik\u00e4 edelleenk\u00e4\u00e4n ymm\u00e4rr\u00e4 ty\u00f6n luonteen suurta muutosta. T\u00e4m\u00e4n hallituksen tarkoitus oli my\u00f6s leikkauksilla tehostaa julkista sektoria ja sen menoja, mutta ainut mit\u00e4 hallitus on saanut aikaan on valtion [&hellip;]","og_url":"https:\/\/vaasanvaalipiirinvihreat.fi\/index.php\/2016\/08\/10\/685\/","og_site_name":"vaasanvaalipiirinvihreat.fi","article_publisher":"https:\/\/www.facebook.com\/VaasanVaalipiirinVihreat","article_published_time":"2016-08-10T08:43:18+00:00","article_modified_time":"2025-01-20T15:18:36+00:00","og_image":[{"url":"http:\/\/vaasanvaalipiirinvihreat.fi\/tuonti\/wp-content\/uploads\/2016\/02\/944965_10153773853367978_5303778087086241946_n-300x300.jpg","type":"","width":"","height":""}],"author":"Yll\u00e4pit\u00e4j\u00e4","twitter_card":"summary_large_image","twitter_misc":{"Kirjoittanut":"Yll\u00e4pit\u00e4j\u00e4","Arvioitu lukuaika":"4 minuuttia"},"schema":{"@context":"https:\/\/schema.org","@graph":[{"@type":"Article","@id":"https:\/\/vaasanvaalipiirinvihreat.fi\/index.php\/2016\/08\/10\/685\/#article","isPartOf":{"@id":"https:\/\/vaasanvaalipiirinvihreat.fi\/index.php\/2016\/08\/10\/685\/"},"author":{"name":"Yll\u00e4pit\u00e4j\u00e4","@id":"https:\/\/vaasanvaalipiirinvihreat.fi\/#\/schema\/person\/d9205350c2a3b344c419b954e66c3daf"},"headline":"Hallitus hakkaa p\u00e4\u00e4t\u00e4\u00e4n 90-luvun laman tahtiin","datePublished":"2016-08-10T08:43:18+00:00","dateModified":"2025-01-20T15:18:36+00:00","mainEntityOfPage":{"@id":"https:\/\/vaasanvaalipiirinvihreat.fi\/index.php\/2016\/08\/10\/685\/"},"wordCount":808,"publisher":{"@id":"https:\/\/vaasanvaalipiirinvihreat.fi\/#organization"},"image":{"@id":"https:\/\/vaasanvaalipiirinvihreat.fi\/index.php\/2016\/08\/10\/685\/#primaryimage"},"thumbnailUrl":"http:\/\/vaasanvaalipiirinvihreat.fi\/tuonti\/wp-content\/uploads\/2016\/02\/944965_10153773853367978_5303778087086241946_n-300x300.jpg","articleSection":["Tiedotteet"],"inLanguage":"fi"},{"@type":"WebPage","@id":"https:\/\/vaasanvaalipiirinvihreat.fi\/index.php\/2016\/08\/10\/685\/","url":"https:\/\/vaasanvaalipiirinvihreat.fi\/index.php\/2016\/08\/10\/685\/","name":"Hallitus hakkaa p\u00e4\u00e4t\u00e4\u00e4n 90-luvun laman tahtiin - vaasanvaalipiirinvihreat.fi","isPartOf":{"@id":"https:\/\/vaasanvaalipiirinvihreat.fi\/#website"},"primaryImageOfPage":{"@id":"https:\/\/vaasanvaalipiirinvihreat.fi\/index.php\/2016\/08\/10\/685\/#primaryimage"},"image":{"@id":"https:\/\/vaasanvaalipiirinvihreat.fi\/index.php\/2016\/08\/10\/685\/#primaryimage"},"thumbnailUrl":"http:\/\/vaasanvaalipiirinvihreat.fi\/tuonti\/wp-content\/uploads\/2016\/02\/944965_10153773853367978_5303778087086241946_n-300x300.jpg","datePublished":"2016-08-10T08:43:18+00:00","dateModified":"2025-01-20T15:18:36+00:00","breadcrumb":{"@id":"https:\/\/vaasanvaalipiirinvihreat.fi\/index.php\/2016\/08\/10\/685\/#breadcrumb"},"inLanguage":"fi","potentialAction":[{"@type":"ReadAction","target":["https:\/\/vaasanvaalipiirinvihreat.fi\/index.php\/2016\/08\/10\/685\/"]}]},{"@type":"ImageObject","inLanguage":"fi","@id":"https:\/\/vaasanvaalipiirinvihreat.fi\/index.php\/2016\/08\/10\/685\/#primaryimage","url":"https:\/\/vaasanvaalipiirinvihreat.fi\/wp-content\/uploads\/2016\/02\/944965_10153773853367978_5303778087086241946_n.jpg","contentUrl":"https:\/\/vaasanvaalipiirinvihreat.fi\/wp-content\/uploads\/2016\/02\/944965_10153773853367978_5303778087086241946_n.jpg","width":960,"height":960},{"@type":"BreadcrumbList","@id":"https:\/\/vaasanvaalipiirinvihreat.fi\/index.php\/2016\/08\/10\/685\/#breadcrumb","itemListElement":[{"@type":"ListItem","position":1,"name":"Etusivu","item":"https:\/\/vaasanvaalipiirinvihreat.fi\/"},{"@type":"ListItem","position":2,"name":"Hallitus hakkaa p\u00e4\u00e4t\u00e4\u00e4n 90-luvun laman tahtiin"}]},{"@type":"WebSite","@id":"https:\/\/vaasanvaalipiirinvihreat.fi\/#website","url":"https:\/\/vaasanvaalipiirinvihreat.fi\/","name":"vaasanvaalipiirinvihreat.fi","description":"Vaasan vaalipiirin vihre\u00e4t - De Gr\u00f6na i Vasa valkrets","publisher":{"@id":"https:\/\/vaasanvaalipiirinvihreat.fi\/#organization"},"potentialAction":[{"@type":"SearchAction","target":{"@type":"EntryPoint","urlTemplate":"https:\/\/vaasanvaalipiirinvihreat.fi\/?s={search_term_string}"},"query-input":{"@type":"PropertyValueSpecification","valueRequired":true,"valueName":"search_term_string"}}],"inLanguage":"fi"},{"@type":"Organization","@id":"https:\/\/vaasanvaalipiirinvihreat.fi\/#organization","name":"vaasanvaalipiirinvihreat.fi","alternateName":"Vaasan vaalipiirin vihre\u00e4t - De Gr\u00f6na i Vasa valkrets","url":"https:\/\/vaasanvaalipiirinvihreat.fi\/","logo":{"@type":"ImageObject","inLanguage":"fi","@id":"https:\/\/vaasanvaalipiirinvihreat.fi\/#\/schema\/logo\/image\/","url":"https:\/\/vaasanvaalipiirinvihreat.fi\/wp-content\/uploads\/2025\/01\/Vihreat_Logo_HOR_RGB_FIN_SWE.png","contentUrl":"https:\/\/vaasanvaalipiirinvihreat.fi\/wp-content\/uploads\/2025\/01\/Vihreat_Logo_HOR_RGB_FIN_SWE.png","width":1162,"height":409,"caption":"vaasanvaalipiirinvihreat.fi"},"image":{"@id":"https:\/\/vaasanvaalipiirinvihreat.fi\/#\/schema\/logo\/image\/"},"sameAs":["https:\/\/www.facebook.com\/VaasanVaalipiirinVihreat"]},{"@type":"Person","@id":"https:\/\/vaasanvaalipiirinvihreat.fi\/#\/schema\/person\/d9205350c2a3b344c419b954e66c3daf","name":"Yll\u00e4pit\u00e4j\u00e4","url":"https:\/\/vaasanvaalipiirinvihreat.fi\/index.php\/author\/sivustomestari\/"}]}},"_links":{"self":[{"href":"https:\/\/vaasanvaalipiirinvihreat.fi\/index.php\/wp-json\/wp\/v2\/posts\/685","targetHints":{"allow":["GET"]}}],"collection":[{"href":"https:\/\/vaasanvaalipiirinvihreat.fi\/index.php\/wp-json\/wp\/v2\/posts"}],"about":[{"href":"https:\/\/vaasanvaalipiirinvihreat.fi\/index.php\/wp-json\/wp\/v2\/types\/post"}],"author":[{"embeddable":true,"href":"https:\/\/vaasanvaalipiirinvihreat.fi\/index.php\/wp-json\/wp\/v2\/users\/2"}],"replies":[{"embeddable":true,"href":"https:\/\/vaasanvaalipiirinvihreat.fi\/index.php\/wp-json\/wp\/v2\/comments?post=685"}],"version-history":[{"count":1,"href":"https:\/\/vaasanvaalipiirinvihreat.fi\/index.php\/wp-json\/wp\/v2\/posts\/685\/revisions"}],"predecessor-version":[{"id":2019,"href":"https:\/\/vaasanvaalipiirinvihreat.fi\/index.php\/wp-json\/wp\/v2\/posts\/685\/revisions\/2019"}],"wp:attachment":[{"href":"https:\/\/vaasanvaalipiirinvihreat.fi\/index.php\/wp-json\/wp\/v2\/media?parent=685"}],"wp:term":[{"taxonomy":"category","embeddable":true,"href":"https:\/\/vaasanvaalipiirinvihreat.fi\/index.php\/wp-json\/wp\/v2\/categories?post=685"},{"taxonomy":"post_tag","embeddable":true,"href":"https:\/\/vaasanvaalipiirinvihreat.fi\/index.php\/wp-json\/wp\/v2\/tags?post=685"}],"curies":[{"name":"wp","href":"https:\/\/api.w.org\/{rel}","templated":true}]}}