{"id":875,"date":"2019-10-27T15:58:36","date_gmt":"2019-10-27T13:58:36","guid":{"rendered":"http:\/\/www.vavavi.fi\/?p=875"},"modified":"2025-01-20T17:18:40","modified_gmt":"2025-01-20T15:18:40","slug":"autoiluun-kannustava-suomi-maksaa-miljardeja-terveysmenoina","status":"publish","type":"post","link":"https:\/\/vaasanvaalipiirinvihreat.fi\/index.php\/2019\/10\/27\/autoiluun-kannustava-suomi-maksaa-miljardeja-terveysmenoina\/","title":{"rendered":"Autoiluun kannustava Suomi maksaa miljardeja terveysmenoina"},"content":{"rendered":"\n<div class=\"wp-block-image\"><figure class=\"aligncenter is-resized\"><img fetchpriority=\"high\" decoding=\"async\" src=\"http:\/\/vaasanvaalipiirinvihreat.fi\/tuonti\/wp-content\/uploads\/2019\/10\/50614920_2249376711992853_2220369071214428160_o-ConvertImage-644x644.jpg\" alt=\"\" class=\"wp-image-876\" width=\"340\" height=\"340\"\/><figcaption>Tuomas Ojaj\u00e4rvi on Vaasan Vaalipiirin Vihreiden puheenjohtaja, Vihre\u00e4 kaupunginvaltuutettu Sein\u00e4joella sek\u00e4 kolmen lapsen is\u00e4.<\/figcaption><\/figure><\/div>\n\n\n\n<p>Jokin aika sitten tuli vanha tuttava vastaan vihaisesti kaupassa. Kertoi olevansa tuohtunut hallituksen aikeista nostaa polttoaineverotusta. Keskustelun lomassa ilmeni, ett\u00e4 tuttava asui edelleen samassa paikassa noin 500 metrin p\u00e4\u00e4ss\u00e4 kaupasta ja t\u00f6ihink\u00e4\u00e4n ei ollut matkaa kuin alle kilometri. N\u00e4m\u00e4 matkat tuttava my\u00f6nsi kulkevansa l\u00e4hinn\u00e4 autolla ja my\u00f6nsi, ettei osannut perustella j\u00e4rkevin syin t\u00e4t\u00e4 auton k\u00e4ytt\u00f6\u00e4. Valittelipa my\u00f6s, ett\u00e4 onhan t\u00e4ss\u00e4 v\u00e4h\u00e4n viime vuosina kunto heikentynyt.&nbsp;<br><\/p>\n\n\n\n<p>My\u00f6nn\u00e4n itsekin syyllistyv\u00e4ni siihen, ett\u00e4 aivan liian lyhyit\u00e4 matkoja tulee ajettua autolla. On muka kiire, huono s\u00e4\u00e4, liian paljon kauppatavaroita kannettavana jne. jne. Aina l\u00f6ytyy sopiva selitys valehdella itselleen laiskuutta ja mukavuuden halukkuutta, ett\u00e4 voi l\u00e4hte\u00e4 autolla py\u00f6r\u00e4n tai k\u00e4velyn sijaan.<br><\/p>\n\n\n\n<p>T\u00e4t\u00e4 mukavuudenhalua on varmasti melko iso osa Suomen yksityisautoilusta. Liikenneviraston selvitys kertoi vuonna 2016, ett\u00e4 automatkoista yli nelj\u00e4nnes on alle kolme kilometri\u00e4 ja l\u00e4hes puolet j\u00e4\u00e4 alle viiteen kilometriin. Uusia tilastoja en l\u00f6yt\u00e4nyt, mutta en jaksa uskoa, ett\u00e4 hirve\u00e4n paljon muutosta ainakaan parempaan olisi kolmessa vuodessa tullut.<br><\/p>\n\n\n\n<p>T\u00e4m\u00e4 mukavuudenhalu aiheuttaa sen, ett\u00e4 yh\u00e4 useampi suomalainen on jo nuoresta pit\u00e4en huonokuntoinen. Liikkumattomuus aiheuttaa huonon kunnon lis\u00e4ksi monenlaisia muita terveysongelmia ja edist\u00e4\u00e4 ty\u00f6kyvyn heikkenemist\u00e4. Erilaisten laskelmien mukaan liikkumattomuuden kokonaiskustannukset Suomessa ovatkin jopa 4 miljardia euroa vuodessa.<br><\/p>\n\n\n\n<p>Samaan aikaan, kun olemme huolissamme nuorten liikkumisen v\u00e4henemisest\u00e4 ja aikuisten sairaslomap\u00e4ivien lis\u00e4\u00e4ntymisest\u00e4, k\u00e4y muutama puolue kiihke\u00e4\u00e4 kamppailua jokaista polttoaineen hinnankorotusta vastaan ja vaalikampanjoita \u201dautot kuuluvat teille\u201d &#8211; sloganeilla. Monissa maakuntakeskuksissa alkaa iso huuto, jos keskustassa jokaisen kaupan eteen ei p\u00e4\u00e4sek\u00e4\u00e4n autolla ja mielell\u00e4\u00e4n ilmaisella pys\u00e4k\u00f6innill\u00e4. Suurin osa suomalaisista pystyisi s\u00e4\u00e4st\u00e4m\u00e4\u00e4n omassa kukkarossa n\u00e4kyv\u00e4t mahdolliset polttoaineen hinnankorotukset j\u00e4tt\u00e4m\u00e4ll\u00e4 edes ne muutamat lyhyet matkat ajamatta. Samalla parantaisi omaa terveytt\u00e4\u00e4n ja hyvinvointia.<br><\/p>\n\n\n\n<p>Polttoaineen hinnankorotuksia on helppo kritisoida ja poliitikkojen tehd\u00e4 siit\u00e4 populistisia avauksia. Asiaa pit\u00e4\u00e4 kuitenkin pysty\u00e4 tarkastelemaan tarpeeksi monelta kannalta. Autoiluun kannustava Suomi maksaakin meille veronmaksajille huomaamatta valtavasti enemm\u00e4n, kuin mit\u00e4 mahdolliset polttoaineen hinnankorotukset lyhyell\u00e4 t\u00e4ht\u00e4imell\u00e4. Asennemuutos liikkumiseen pit\u00e4\u00e4 saada kuitenkin k\u00e4yntiin nyt.<br><\/p>\n\n\n\n<p>Tuttava ei muuten keskustelun j\u00e4lkeen en\u00e4\u00e4 valitellut polttoaineeseen kaavailtua hinnankorotusta vaan j\u00e4i pohtimaan, ett\u00e4 ehk\u00e4p\u00e4 se viimein auttaisi j\u00e4tt\u00e4m\u00e4\u00e4n sen auton v\u00e4lill\u00e4 kotipihaan.<br><\/p>\n\n\n\n<p><strong>Tuomas Ojaj\u00e4rvi<br>Puheenjohtaja<br>Vaasan vaalipiirin Vihre\u00e4t<br><\/strong><\/p>\n\n\n\n<p><br><\/p>\n","protected":false},"excerpt":{"rendered":"<p>Jokin aika sitten tuli vanha tuttava vastaan vihaisesti kaupassa. Kertoi olevansa tuohtunut hallituksen aikeista nostaa polttoaineverotusta. Keskustelun lomassa ilmeni, ett\u00e4 tuttava asui edelleen samassa paikassa noin 500 metrin p\u00e4\u00e4ss\u00e4 kaupasta ja t\u00f6ihink\u00e4\u00e4n ei ollut matkaa kuin alle kilometri. N\u00e4m\u00e4 matkat tuttava my\u00f6nsi kulkevansa l\u00e4hinn\u00e4 autolla ja my\u00f6nsi, ettei osannut perustella j\u00e4rkevin syin t\u00e4t\u00e4 auton k\u00e4ytt\u00f6\u00e4. [&hellip;]<\/p>\n","protected":false},"author":2,"featured_media":876,"comment_status":"closed","ping_status":"closed","sticky":false,"template":"","format":"standard","meta":{"footnotes":""},"categories":[2],"tags":[],"class_list":["post-875","post","type-post","status-publish","format-standard","has-post-thumbnail","hentry","category-tiedotteet"],"yoast_head":"<!-- This site is optimized with the Yoast SEO plugin v27.5 - https:\/\/yoast.com\/product\/yoast-seo-wordpress\/ -->\n<title>Autoiluun kannustava Suomi maksaa miljardeja terveysmenoina - vaasanvaalipiirinvihreat.fi<\/title>\n<meta name=\"robots\" content=\"index, follow, max-snippet:-1, max-image-preview:large, max-video-preview:-1\" \/>\n<link rel=\"canonical\" href=\"https:\/\/vaasanvaalipiirinvihreat.fi\/index.php\/2019\/10\/27\/autoiluun-kannustava-suomi-maksaa-miljardeja-terveysmenoina\/\" \/>\n<meta property=\"og:locale\" content=\"fi_FI\" \/>\n<meta property=\"og:type\" content=\"article\" \/>\n<meta property=\"og:title\" content=\"Autoiluun kannustava Suomi maksaa miljardeja terveysmenoina - vaasanvaalipiirinvihreat.fi\" \/>\n<meta property=\"og:description\" content=\"Jokin aika sitten tuli vanha tuttava vastaan vihaisesti kaupassa. Kertoi olevansa tuohtunut hallituksen aikeista nostaa polttoaineverotusta. Keskustelun lomassa ilmeni, ett\u00e4 tuttava asui edelleen samassa paikassa noin 500 metrin p\u00e4\u00e4ss\u00e4 kaupasta ja t\u00f6ihink\u00e4\u00e4n ei ollut matkaa kuin alle kilometri. N\u00e4m\u00e4 matkat tuttava my\u00f6nsi kulkevansa l\u00e4hinn\u00e4 autolla ja my\u00f6nsi, ettei osannut perustella j\u00e4rkevin syin t\u00e4t\u00e4 auton k\u00e4ytt\u00f6\u00e4. [&hellip;]\" \/>\n<meta property=\"og:url\" content=\"https:\/\/vaasanvaalipiirinvihreat.fi\/index.php\/2019\/10\/27\/autoiluun-kannustava-suomi-maksaa-miljardeja-terveysmenoina\/\" \/>\n<meta property=\"og:site_name\" content=\"vaasanvaalipiirinvihreat.fi\" \/>\n<meta property=\"article:publisher\" content=\"https:\/\/www.facebook.com\/VaasanVaalipiirinVihreat\" \/>\n<meta property=\"article:published_time\" content=\"2019-10-27T13:58:36+00:00\" \/>\n<meta property=\"article:modified_time\" content=\"2025-01-20T15:18:40+00:00\" \/>\n<meta property=\"og:image\" content=\"https:\/\/vaasanvaalipiirinvihreat.fi\/wp-content\/uploads\/2019\/10\/50614920_2249376711992853_2220369071214428160_o-ConvertImage.jpg\" \/>\n\t<meta property=\"og:image:width\" content=\"1042\" \/>\n\t<meta property=\"og:image:height\" content=\"1042\" \/>\n\t<meta property=\"og:image:type\" content=\"image\/jpeg\" \/>\n<meta name=\"author\" content=\"Yll\u00e4pit\u00e4j\u00e4\" \/>\n<meta name=\"twitter:card\" content=\"summary_large_image\" \/>\n<meta name=\"twitter:label1\" content=\"Kirjoittanut\" \/>\n\t<meta name=\"twitter:data1\" content=\"Yll\u00e4pit\u00e4j\u00e4\" \/>\n\t<meta name=\"twitter:label2\" content=\"Arvioitu lukuaika\" \/>\n\t<meta name=\"twitter:data2\" content=\"2 minuuttia\" \/>\n<script type=\"application\/ld+json\" class=\"yoast-schema-graph\">{\"@context\":\"https:\\\/\\\/schema.org\",\"@graph\":[{\"@type\":\"Article\",\"@id\":\"https:\\\/\\\/vaasanvaalipiirinvihreat.fi\\\/index.php\\\/2019\\\/10\\\/27\\\/autoiluun-kannustava-suomi-maksaa-miljardeja-terveysmenoina\\\/#article\",\"isPartOf\":{\"@id\":\"https:\\\/\\\/vaasanvaalipiirinvihreat.fi\\\/index.php\\\/2019\\\/10\\\/27\\\/autoiluun-kannustava-suomi-maksaa-miljardeja-terveysmenoina\\\/\"},\"author\":{\"name\":\"Yll\u00e4pit\u00e4j\u00e4\",\"@id\":\"https:\\\/\\\/vaasanvaalipiirinvihreat.fi\\\/#\\\/schema\\\/person\\\/d9205350c2a3b344c419b954e66c3daf\"},\"headline\":\"Autoiluun kannustava Suomi maksaa miljardeja terveysmenoina\",\"datePublished\":\"2019-10-27T13:58:36+00:00\",\"dateModified\":\"2025-01-20T15:18:40+00:00\",\"mainEntityOfPage\":{\"@id\":\"https:\\\/\\\/vaasanvaalipiirinvihreat.fi\\\/index.php\\\/2019\\\/10\\\/27\\\/autoiluun-kannustava-suomi-maksaa-miljardeja-terveysmenoina\\\/\"},\"wordCount\":411,\"publisher\":{\"@id\":\"https:\\\/\\\/vaasanvaalipiirinvihreat.fi\\\/#organization\"},\"image\":{\"@id\":\"https:\\\/\\\/vaasanvaalipiirinvihreat.fi\\\/index.php\\\/2019\\\/10\\\/27\\\/autoiluun-kannustava-suomi-maksaa-miljardeja-terveysmenoina\\\/#primaryimage\"},\"thumbnailUrl\":\"https:\\\/\\\/vaasanvaalipiirinvihreat.fi\\\/wp-content\\\/uploads\\\/2019\\\/10\\\/50614920_2249376711992853_2220369071214428160_o-ConvertImage.jpg\",\"articleSection\":[\"Tiedotteet\"],\"inLanguage\":\"fi\"},{\"@type\":\"WebPage\",\"@id\":\"https:\\\/\\\/vaasanvaalipiirinvihreat.fi\\\/index.php\\\/2019\\\/10\\\/27\\\/autoiluun-kannustava-suomi-maksaa-miljardeja-terveysmenoina\\\/\",\"url\":\"https:\\\/\\\/vaasanvaalipiirinvihreat.fi\\\/index.php\\\/2019\\\/10\\\/27\\\/autoiluun-kannustava-suomi-maksaa-miljardeja-terveysmenoina\\\/\",\"name\":\"Autoiluun kannustava Suomi maksaa miljardeja terveysmenoina - vaasanvaalipiirinvihreat.fi\",\"isPartOf\":{\"@id\":\"https:\\\/\\\/vaasanvaalipiirinvihreat.fi\\\/#website\"},\"primaryImageOfPage\":{\"@id\":\"https:\\\/\\\/vaasanvaalipiirinvihreat.fi\\\/index.php\\\/2019\\\/10\\\/27\\\/autoiluun-kannustava-suomi-maksaa-miljardeja-terveysmenoina\\\/#primaryimage\"},\"image\":{\"@id\":\"https:\\\/\\\/vaasanvaalipiirinvihreat.fi\\\/index.php\\\/2019\\\/10\\\/27\\\/autoiluun-kannustava-suomi-maksaa-miljardeja-terveysmenoina\\\/#primaryimage\"},\"thumbnailUrl\":\"https:\\\/\\\/vaasanvaalipiirinvihreat.fi\\\/wp-content\\\/uploads\\\/2019\\\/10\\\/50614920_2249376711992853_2220369071214428160_o-ConvertImage.jpg\",\"datePublished\":\"2019-10-27T13:58:36+00:00\",\"dateModified\":\"2025-01-20T15:18:40+00:00\",\"breadcrumb\":{\"@id\":\"https:\\\/\\\/vaasanvaalipiirinvihreat.fi\\\/index.php\\\/2019\\\/10\\\/27\\\/autoiluun-kannustava-suomi-maksaa-miljardeja-terveysmenoina\\\/#breadcrumb\"},\"inLanguage\":\"fi\",\"potentialAction\":[{\"@type\":\"ReadAction\",\"target\":[\"https:\\\/\\\/vaasanvaalipiirinvihreat.fi\\\/index.php\\\/2019\\\/10\\\/27\\\/autoiluun-kannustava-suomi-maksaa-miljardeja-terveysmenoina\\\/\"]}]},{\"@type\":\"ImageObject\",\"inLanguage\":\"fi\",\"@id\":\"https:\\\/\\\/vaasanvaalipiirinvihreat.fi\\\/index.php\\\/2019\\\/10\\\/27\\\/autoiluun-kannustava-suomi-maksaa-miljardeja-terveysmenoina\\\/#primaryimage\",\"url\":\"https:\\\/\\\/vaasanvaalipiirinvihreat.fi\\\/wp-content\\\/uploads\\\/2019\\\/10\\\/50614920_2249376711992853_2220369071214428160_o-ConvertImage.jpg\",\"contentUrl\":\"https:\\\/\\\/vaasanvaalipiirinvihreat.fi\\\/wp-content\\\/uploads\\\/2019\\\/10\\\/50614920_2249376711992853_2220369071214428160_o-ConvertImage.jpg\",\"width\":1042,\"height\":1042,\"caption\":\"Tuomas Ojaj\u00e4rvi on Vaasan Vaalipiirin Vihreiden puheenjohtaja, Vihre\u00e4 kaupunginvaltuutettu Sein\u00e4joella sek\u00e4 kahden lapsen is\u00e4.\"},{\"@type\":\"BreadcrumbList\",\"@id\":\"https:\\\/\\\/vaasanvaalipiirinvihreat.fi\\\/index.php\\\/2019\\\/10\\\/27\\\/autoiluun-kannustava-suomi-maksaa-miljardeja-terveysmenoina\\\/#breadcrumb\",\"itemListElement\":[{\"@type\":\"ListItem\",\"position\":1,\"name\":\"Etusivu\",\"item\":\"https:\\\/\\\/vaasanvaalipiirinvihreat.fi\\\/\"},{\"@type\":\"ListItem\",\"position\":2,\"name\":\"Autoiluun kannustava Suomi maksaa miljardeja terveysmenoina\"}]},{\"@type\":\"WebSite\",\"@id\":\"https:\\\/\\\/vaasanvaalipiirinvihreat.fi\\\/#website\",\"url\":\"https:\\\/\\\/vaasanvaalipiirinvihreat.fi\\\/\",\"name\":\"vaasanvaalipiirinvihreat.fi\",\"description\":\"Vaasan vaalipiirin vihre\u00e4t - De Gr\u00f6na i Vasa valkrets\",\"publisher\":{\"@id\":\"https:\\\/\\\/vaasanvaalipiirinvihreat.fi\\\/#organization\"},\"potentialAction\":[{\"@type\":\"SearchAction\",\"target\":{\"@type\":\"EntryPoint\",\"urlTemplate\":\"https:\\\/\\\/vaasanvaalipiirinvihreat.fi\\\/?s={search_term_string}\"},\"query-input\":{\"@type\":\"PropertyValueSpecification\",\"valueRequired\":true,\"valueName\":\"search_term_string\"}}],\"inLanguage\":\"fi\"},{\"@type\":\"Organization\",\"@id\":\"https:\\\/\\\/vaasanvaalipiirinvihreat.fi\\\/#organization\",\"name\":\"vaasanvaalipiirinvihreat.fi\",\"alternateName\":\"Vaasan vaalipiirin vihre\u00e4t - De Gr\u00f6na i Vasa valkrets\",\"url\":\"https:\\\/\\\/vaasanvaalipiirinvihreat.fi\\\/\",\"logo\":{\"@type\":\"ImageObject\",\"inLanguage\":\"fi\",\"@id\":\"https:\\\/\\\/vaasanvaalipiirinvihreat.fi\\\/#\\\/schema\\\/logo\\\/image\\\/\",\"url\":\"https:\\\/\\\/vaasanvaalipiirinvihreat.fi\\\/wp-content\\\/uploads\\\/2025\\\/01\\\/Vihreat_Logo_HOR_RGB_FIN_SWE.png\",\"contentUrl\":\"https:\\\/\\\/vaasanvaalipiirinvihreat.fi\\\/wp-content\\\/uploads\\\/2025\\\/01\\\/Vihreat_Logo_HOR_RGB_FIN_SWE.png\",\"width\":1162,\"height\":409,\"caption\":\"vaasanvaalipiirinvihreat.fi\"},\"image\":{\"@id\":\"https:\\\/\\\/vaasanvaalipiirinvihreat.fi\\\/#\\\/schema\\\/logo\\\/image\\\/\"},\"sameAs\":[\"https:\\\/\\\/www.facebook.com\\\/VaasanVaalipiirinVihreat\"]},{\"@type\":\"Person\",\"@id\":\"https:\\\/\\\/vaasanvaalipiirinvihreat.fi\\\/#\\\/schema\\\/person\\\/d9205350c2a3b344c419b954e66c3daf\",\"name\":\"Yll\u00e4pit\u00e4j\u00e4\",\"url\":\"https:\\\/\\\/vaasanvaalipiirinvihreat.fi\\\/index.php\\\/author\\\/sivustomestari\\\/\"}]}<\/script>\n<!-- \/ Yoast SEO plugin. -->","yoast_head_json":{"title":"Autoiluun kannustava Suomi maksaa miljardeja terveysmenoina - vaasanvaalipiirinvihreat.fi","robots":{"index":"index","follow":"follow","max-snippet":"max-snippet:-1","max-image-preview":"max-image-preview:large","max-video-preview":"max-video-preview:-1"},"canonical":"https:\/\/vaasanvaalipiirinvihreat.fi\/index.php\/2019\/10\/27\/autoiluun-kannustava-suomi-maksaa-miljardeja-terveysmenoina\/","og_locale":"fi_FI","og_type":"article","og_title":"Autoiluun kannustava Suomi maksaa miljardeja terveysmenoina - vaasanvaalipiirinvihreat.fi","og_description":"Jokin aika sitten tuli vanha tuttava vastaan vihaisesti kaupassa. Kertoi olevansa tuohtunut hallituksen aikeista nostaa polttoaineverotusta. Keskustelun lomassa ilmeni, ett\u00e4 tuttava asui edelleen samassa paikassa noin 500 metrin p\u00e4\u00e4ss\u00e4 kaupasta ja t\u00f6ihink\u00e4\u00e4n ei ollut matkaa kuin alle kilometri. N\u00e4m\u00e4 matkat tuttava my\u00f6nsi kulkevansa l\u00e4hinn\u00e4 autolla ja my\u00f6nsi, ettei osannut perustella j\u00e4rkevin syin t\u00e4t\u00e4 auton k\u00e4ytt\u00f6\u00e4. [&hellip;]","og_url":"https:\/\/vaasanvaalipiirinvihreat.fi\/index.php\/2019\/10\/27\/autoiluun-kannustava-suomi-maksaa-miljardeja-terveysmenoina\/","og_site_name":"vaasanvaalipiirinvihreat.fi","article_publisher":"https:\/\/www.facebook.com\/VaasanVaalipiirinVihreat","article_published_time":"2019-10-27T13:58:36+00:00","article_modified_time":"2025-01-20T15:18:40+00:00","og_image":[{"width":1042,"height":1042,"url":"https:\/\/vaasanvaalipiirinvihreat.fi\/wp-content\/uploads\/2019\/10\/50614920_2249376711992853_2220369071214428160_o-ConvertImage.jpg","type":"image\/jpeg"}],"author":"Yll\u00e4pit\u00e4j\u00e4","twitter_card":"summary_large_image","twitter_misc":{"Kirjoittanut":"Yll\u00e4pit\u00e4j\u00e4","Arvioitu lukuaika":"2 minuuttia"},"schema":{"@context":"https:\/\/schema.org","@graph":[{"@type":"Article","@id":"https:\/\/vaasanvaalipiirinvihreat.fi\/index.php\/2019\/10\/27\/autoiluun-kannustava-suomi-maksaa-miljardeja-terveysmenoina\/#article","isPartOf":{"@id":"https:\/\/vaasanvaalipiirinvihreat.fi\/index.php\/2019\/10\/27\/autoiluun-kannustava-suomi-maksaa-miljardeja-terveysmenoina\/"},"author":{"name":"Yll\u00e4pit\u00e4j\u00e4","@id":"https:\/\/vaasanvaalipiirinvihreat.fi\/#\/schema\/person\/d9205350c2a3b344c419b954e66c3daf"},"headline":"Autoiluun kannustava Suomi maksaa miljardeja terveysmenoina","datePublished":"2019-10-27T13:58:36+00:00","dateModified":"2025-01-20T15:18:40+00:00","mainEntityOfPage":{"@id":"https:\/\/vaasanvaalipiirinvihreat.fi\/index.php\/2019\/10\/27\/autoiluun-kannustava-suomi-maksaa-miljardeja-terveysmenoina\/"},"wordCount":411,"publisher":{"@id":"https:\/\/vaasanvaalipiirinvihreat.fi\/#organization"},"image":{"@id":"https:\/\/vaasanvaalipiirinvihreat.fi\/index.php\/2019\/10\/27\/autoiluun-kannustava-suomi-maksaa-miljardeja-terveysmenoina\/#primaryimage"},"thumbnailUrl":"https:\/\/vaasanvaalipiirinvihreat.fi\/wp-content\/uploads\/2019\/10\/50614920_2249376711992853_2220369071214428160_o-ConvertImage.jpg","articleSection":["Tiedotteet"],"inLanguage":"fi"},{"@type":"WebPage","@id":"https:\/\/vaasanvaalipiirinvihreat.fi\/index.php\/2019\/10\/27\/autoiluun-kannustava-suomi-maksaa-miljardeja-terveysmenoina\/","url":"https:\/\/vaasanvaalipiirinvihreat.fi\/index.php\/2019\/10\/27\/autoiluun-kannustava-suomi-maksaa-miljardeja-terveysmenoina\/","name":"Autoiluun kannustava Suomi maksaa miljardeja terveysmenoina - vaasanvaalipiirinvihreat.fi","isPartOf":{"@id":"https:\/\/vaasanvaalipiirinvihreat.fi\/#website"},"primaryImageOfPage":{"@id":"https:\/\/vaasanvaalipiirinvihreat.fi\/index.php\/2019\/10\/27\/autoiluun-kannustava-suomi-maksaa-miljardeja-terveysmenoina\/#primaryimage"},"image":{"@id":"https:\/\/vaasanvaalipiirinvihreat.fi\/index.php\/2019\/10\/27\/autoiluun-kannustava-suomi-maksaa-miljardeja-terveysmenoina\/#primaryimage"},"thumbnailUrl":"https:\/\/vaasanvaalipiirinvihreat.fi\/wp-content\/uploads\/2019\/10\/50614920_2249376711992853_2220369071214428160_o-ConvertImage.jpg","datePublished":"2019-10-27T13:58:36+00:00","dateModified":"2025-01-20T15:18:40+00:00","breadcrumb":{"@id":"https:\/\/vaasanvaalipiirinvihreat.fi\/index.php\/2019\/10\/27\/autoiluun-kannustava-suomi-maksaa-miljardeja-terveysmenoina\/#breadcrumb"},"inLanguage":"fi","potentialAction":[{"@type":"ReadAction","target":["https:\/\/vaasanvaalipiirinvihreat.fi\/index.php\/2019\/10\/27\/autoiluun-kannustava-suomi-maksaa-miljardeja-terveysmenoina\/"]}]},{"@type":"ImageObject","inLanguage":"fi","@id":"https:\/\/vaasanvaalipiirinvihreat.fi\/index.php\/2019\/10\/27\/autoiluun-kannustava-suomi-maksaa-miljardeja-terveysmenoina\/#primaryimage","url":"https:\/\/vaasanvaalipiirinvihreat.fi\/wp-content\/uploads\/2019\/10\/50614920_2249376711992853_2220369071214428160_o-ConvertImage.jpg","contentUrl":"https:\/\/vaasanvaalipiirinvihreat.fi\/wp-content\/uploads\/2019\/10\/50614920_2249376711992853_2220369071214428160_o-ConvertImage.jpg","width":1042,"height":1042,"caption":"Tuomas Ojaj\u00e4rvi on Vaasan Vaalipiirin Vihreiden puheenjohtaja, Vihre\u00e4 kaupunginvaltuutettu Sein\u00e4joella sek\u00e4 kahden lapsen is\u00e4."},{"@type":"BreadcrumbList","@id":"https:\/\/vaasanvaalipiirinvihreat.fi\/index.php\/2019\/10\/27\/autoiluun-kannustava-suomi-maksaa-miljardeja-terveysmenoina\/#breadcrumb","itemListElement":[{"@type":"ListItem","position":1,"name":"Etusivu","item":"https:\/\/vaasanvaalipiirinvihreat.fi\/"},{"@type":"ListItem","position":2,"name":"Autoiluun kannustava Suomi maksaa miljardeja terveysmenoina"}]},{"@type":"WebSite","@id":"https:\/\/vaasanvaalipiirinvihreat.fi\/#website","url":"https:\/\/vaasanvaalipiirinvihreat.fi\/","name":"vaasanvaalipiirinvihreat.fi","description":"Vaasan vaalipiirin vihre\u00e4t - De Gr\u00f6na i Vasa valkrets","publisher":{"@id":"https:\/\/vaasanvaalipiirinvihreat.fi\/#organization"},"potentialAction":[{"@type":"SearchAction","target":{"@type":"EntryPoint","urlTemplate":"https:\/\/vaasanvaalipiirinvihreat.fi\/?s={search_term_string}"},"query-input":{"@type":"PropertyValueSpecification","valueRequired":true,"valueName":"search_term_string"}}],"inLanguage":"fi"},{"@type":"Organization","@id":"https:\/\/vaasanvaalipiirinvihreat.fi\/#organization","name":"vaasanvaalipiirinvihreat.fi","alternateName":"Vaasan vaalipiirin vihre\u00e4t - De Gr\u00f6na i Vasa valkrets","url":"https:\/\/vaasanvaalipiirinvihreat.fi\/","logo":{"@type":"ImageObject","inLanguage":"fi","@id":"https:\/\/vaasanvaalipiirinvihreat.fi\/#\/schema\/logo\/image\/","url":"https:\/\/vaasanvaalipiirinvihreat.fi\/wp-content\/uploads\/2025\/01\/Vihreat_Logo_HOR_RGB_FIN_SWE.png","contentUrl":"https:\/\/vaasanvaalipiirinvihreat.fi\/wp-content\/uploads\/2025\/01\/Vihreat_Logo_HOR_RGB_FIN_SWE.png","width":1162,"height":409,"caption":"vaasanvaalipiirinvihreat.fi"},"image":{"@id":"https:\/\/vaasanvaalipiirinvihreat.fi\/#\/schema\/logo\/image\/"},"sameAs":["https:\/\/www.facebook.com\/VaasanVaalipiirinVihreat"]},{"@type":"Person","@id":"https:\/\/vaasanvaalipiirinvihreat.fi\/#\/schema\/person\/d9205350c2a3b344c419b954e66c3daf","name":"Yll\u00e4pit\u00e4j\u00e4","url":"https:\/\/vaasanvaalipiirinvihreat.fi\/index.php\/author\/sivustomestari\/"}]}},"_links":{"self":[{"href":"https:\/\/vaasanvaalipiirinvihreat.fi\/index.php\/wp-json\/wp\/v2\/posts\/875","targetHints":{"allow":["GET"]}}],"collection":[{"href":"https:\/\/vaasanvaalipiirinvihreat.fi\/index.php\/wp-json\/wp\/v2\/posts"}],"about":[{"href":"https:\/\/vaasanvaalipiirinvihreat.fi\/index.php\/wp-json\/wp\/v2\/types\/post"}],"author":[{"embeddable":true,"href":"https:\/\/vaasanvaalipiirinvihreat.fi\/index.php\/wp-json\/wp\/v2\/users\/2"}],"replies":[{"embeddable":true,"href":"https:\/\/vaasanvaalipiirinvihreat.fi\/index.php\/wp-json\/wp\/v2\/comments?post=875"}],"version-history":[{"count":1,"href":"https:\/\/vaasanvaalipiirinvihreat.fi\/index.php\/wp-json\/wp\/v2\/posts\/875\/revisions"}],"predecessor-version":[{"id":2030,"href":"https:\/\/vaasanvaalipiirinvihreat.fi\/index.php\/wp-json\/wp\/v2\/posts\/875\/revisions\/2030"}],"wp:featuredmedia":[{"embeddable":true,"href":"https:\/\/vaasanvaalipiirinvihreat.fi\/index.php\/wp-json\/wp\/v2\/media\/876"}],"wp:attachment":[{"href":"https:\/\/vaasanvaalipiirinvihreat.fi\/index.php\/wp-json\/wp\/v2\/media?parent=875"}],"wp:term":[{"taxonomy":"category","embeddable":true,"href":"https:\/\/vaasanvaalipiirinvihreat.fi\/index.php\/wp-json\/wp\/v2\/categories?post=875"},{"taxonomy":"post_tag","embeddable":true,"href":"https:\/\/vaasanvaalipiirinvihreat.fi\/index.php\/wp-json\/wp\/v2\/tags?post=875"}],"curies":[{"name":"wp","href":"https:\/\/api.w.org\/{rel}","templated":true}]}}