{"id":912,"date":"2019-12-07T18:15:53","date_gmt":"2019-12-07T16:15:53","guid":{"rendered":"http:\/\/www.vavavi.fi\/?p=912"},"modified":"2025-01-20T17:18:41","modified_gmt":"2025-01-20T15:18:41","slug":"kuka-vahtii-vahtikoiria","status":"publish","type":"post","link":"https:\/\/vaasanvaalipiirinvihreat.fi\/index.php\/2019\/12\/07\/kuka-vahtii-vahtikoiria\/","title":{"rendered":"Kuka vahtii vahtikoiria?"},"content":{"rendered":"\n<div class=\"wp-block-image\"><figure class=\"aligncenter is-resized\"><img fetchpriority=\"high\" decoding=\"async\" src=\"http:\/\/vaasanvaalipiirinvihreat.fi\/tuonti\/wp-content\/uploads\/2019\/12\/57852617_421204795124082_8842186563984031744_n-ConvertImage.jpg\" alt=\"\" class=\"wp-image-913\" width=\"327\" height=\"327\" srcset=\"https:\/\/vaasanvaalipiirinvihreat.fi\/wp-content\/uploads\/2019\/12\/57852617_421204795124082_8842186563984031744_n-ConvertImage.jpg 487w, https:\/\/vaasanvaalipiirinvihreat.fi\/wp-content\/uploads\/2019\/12\/57852617_421204795124082_8842186563984031744_n-ConvertImage-300x300.jpg 300w, https:\/\/vaasanvaalipiirinvihreat.fi\/wp-content\/uploads\/2019\/12\/57852617_421204795124082_8842186563984031744_n-ConvertImage-150x150.jpg 150w\" sizes=\"(max-width: 327px) 100vw, 327px\" \/><figcaption>Kirjoittaja Anni Teerikangas on Pietarsaaren Vihreiden varapuheenjohtaja sek\u00e4 hiljaittain perustetun El\u00e4invihre\u00e4t ry:n puheenjohtaja.<\/figcaption><\/figure><\/div>\n\n\n\n<p><em>&#8221;<\/em><strong><em>Median vallan sanotaan kasvaneen viime aikoina. Olen valmis tekem\u00e4\u00e4n saman arvion. Media k\u00e4ytt\u00e4\u00e4 t\u00e4n\u00e4 p\u00e4iv\u00e4n\u00e4 eritt\u00e4in suurta mielipidevaltaa. Olen my\u00f6s samalla sit\u00e4 mielt\u00e4, ett\u00e4 median vastuu ei ole kasvanut samassa suhteessa. Avoimuuden, tasa-arvoisuuden ja tiedostamisen lis\u00e4\u00e4ntyess\u00e4 my\u00f6s median virheet saavat entist\u00e4 julmempia seurauksia.\u201d <\/em><\/strong><em> <br><\/em><br><strong>N\u00e4in kirjoitti Jyrki Katainen jo vuonna 2008 kirjoituksessaan Politiikka, media, valta ja vastuu (Kanava 2\/2008). <\/strong><br><br>Sama kehitys on vain k\u00e4rjistynyt, ja n\u00e4m\u00e4 sanat t\u00e4m\u00e4 p\u00e4iv\u00e4n\u00e4 n\u00e4hd\u00e4kseni enemm\u00e4n totta kuin koskaan. Ongelmia on sek\u00e4 politiikassa ett\u00e4 sen k\u00e4sittelyss\u00e4.  Kun Luxemburgin p\u00e4\u00e4ministerilt\u00e4 Jean-Claude Junckerilta kerran kysyttiin, miksi h\u00e4nen hallituksensa ei tee viisaita p\u00e4\u00e4t\u00f6ksi\u00e4, vaikka siell\u00e4 on viisaita ministereit\u00e4, Juncker vastasi: \u201dMe kyll\u00e4 tied\u00e4mme, mit\u00e4 pit\u00e4isi tehd\u00e4, mutta emme tied\u00e4, miten niiden p\u00e4\u00e4t\u00f6sten j\u00e4lkeen p\u00e4rj\u00e4isimme vaaleissa.\u201d <br><br>Politiikka on muuttunut vaalista toiseen lyhyen matkan juoksuksi.Osaamisen rakentaminen k\u00e4rsiv\u00e4llisesti on v\u00e4hentynyt automaattisesti pitk\u00e4j\u00e4nteisyyden v\u00e4hetess\u00e4.  <br><br><em>Onko sopulista tullut hyeena? <\/em><br><br>Politiikan ja eritoten poliitikkojen k\u00e4sittely on muuttunut my\u00f6s. Toimittajat juoksevat kaikkien skandaalinalkujen per\u00e4ss\u00e4, ja uskovat kaiken mit\u00e4 milloin mitk\u00e4kin \u201dnimett\u00f6m\u00e4t l\u00e4hteet\u201d poliittisista vihollisistaan kuiskuttelevat, ja julkaisevat ne totena klikkauksien toivossa. <br><br>Poliitikkoja ei my\u00f6sk\u00e4\u00e4n kohdella kuin rivikansalaisia. Poliitikoksi p\u00e4\u00e4tyv\u00e4 joutuu k\u00e4ym\u00e4\u00e4n l\u00e4pi menneisyytt\u00e4\u00e4n ja tekemisi\u00e4\u00e4n eri tavalla kuin muut: Pime\u00e4sti maksettu remppa? Myym\u00e4l\u00e4varkaus? Verokikkailua? Ihmissuhdesotkuja? Kest\u00e4\u00e4k\u00f6 entinen el\u00e4m\u00e4 tarkastelua? Moni t\u00e4ysp\u00e4inen, j\u00e4rkev\u00e4 poliitikonalku ei uskalla asettua ehdolle, koska politiikasta tai politiikan k\u00e4sittelyst\u00e4 on tullut vikojen etsint\u00e4\u00e4, suosituimmuuskilpailua ja galluppien per\u00e4ss\u00e4 juoksemista.  <br><br>Kohumylly kiihottaa journalistit k\u00e4\u00e4nt\u00e4m\u00e4\u00e4n joka kiven. Ajojahti, sanovat poliitikot. Uutinen, sanovat toimittajat. <br><br><strong><em>\u201dMutta sellainen ep\u00e4oikeudenmukaisuus on ollut tosi vahva tunne viime aikoina. Et sillon, jos joutuu hampaisiin, niin kyll\u00e4 s\u00e4 aika voimaton oot my\u00f6s, et miten s\u00e4 pystyt puolustautuun ja miten s\u00e4 pystyt kertoon asioista.\u201d<\/em><\/strong><em><br><\/em><br><strong>****<br><\/strong><em><br><\/em><strong><em>\u201dJa se on kyll\u00e4 semmonen median etiikkaan liittyv\u00e4 puoli, ett\u00e4 miss\u00e4 menee rajat? Se tapa mill\u00e4 uutisoidaan ja se tapa mill\u00e4 l\u00e4hestyt\u00e4\u00e4n, voi kyll\u00e4 olla todella haavoittava. Ja m\u00e4 v\u00e4itt\u00e4isin, ett\u00e4 sill\u00e4 voi olla ihmiseen kyll\u00e4 aika iso vaikutus, niin sille joka on kohteena mut my\u00f6s sille joka kirjoittaa. Et ei se voi olla j\u00e4tt\u00e4m\u00e4tt\u00e4 j\u00e4lkee, jos toisesta kirjoittaa jotakin sellaista silloin, kun tiet\u00e4\u00e4 ett\u00e4 sen t\u00e4ytyy musertaa sit\u00e4 ihmist\u00e4.\u201d <\/em><\/strong><br><br>N\u00e4in sanoivat er\u00e4\u00e4t haastatellut Reunanen\/Harju: Media iholla-tutkimuksessa. <br><br>Median vallan kasvaessa tulisi my\u00f6s sen vastuun kaiken oikeuden ja kohtuuden mukaisesti kasvaa samassa suhteessa. Mutta miten saisimme toteutumaan sen my\u00f6s k\u00e4yt\u00e4nn\u00f6ss\u00e4? <br><br>Anni Teerikangas<br>Pietarsaari<br><br><\/p>\n","protected":false},"excerpt":{"rendered":"<p>&#8221;Median vallan sanotaan kasvaneen viime aikoina. Olen valmis tekem\u00e4\u00e4n saman arvion. Media k\u00e4ytt\u00e4\u00e4 t\u00e4n\u00e4 p\u00e4iv\u00e4n\u00e4 eritt\u00e4in suurta mielipidevaltaa. Olen my\u00f6s samalla sit\u00e4 mielt\u00e4, ett\u00e4 median vastuu ei ole kasvanut samassa suhteessa. Avoimuuden, tasa-arvoisuuden ja tiedostamisen lis\u00e4\u00e4ntyess\u00e4 my\u00f6s median virheet saavat entist\u00e4 julmempia seurauksia.\u201d N\u00e4in kirjoitti Jyrki Katainen jo vuonna 2008 kirjoituksessaan Politiikka, media, valta ja [&hellip;]<\/p>\n","protected":false},"author":2,"featured_media":913,"comment_status":"closed","ping_status":"closed","sticky":false,"template":"","format":"standard","meta":{"footnotes":""},"categories":[2],"tags":[],"class_list":["post-912","post","type-post","status-publish","format-standard","has-post-thumbnail","hentry","category-tiedotteet"],"yoast_head":"<!-- This site is optimized with the Yoast SEO plugin v27.5 - https:\/\/yoast.com\/product\/yoast-seo-wordpress\/ -->\n<title>Kuka vahtii vahtikoiria? - vaasanvaalipiirinvihreat.fi<\/title>\n<meta name=\"robots\" content=\"index, follow, max-snippet:-1, max-image-preview:large, max-video-preview:-1\" \/>\n<link rel=\"canonical\" href=\"https:\/\/vaasanvaalipiirinvihreat.fi\/index.php\/2019\/12\/07\/kuka-vahtii-vahtikoiria\/\" \/>\n<meta property=\"og:locale\" content=\"fi_FI\" \/>\n<meta property=\"og:type\" content=\"article\" \/>\n<meta property=\"og:title\" content=\"Kuka vahtii vahtikoiria? - vaasanvaalipiirinvihreat.fi\" \/>\n<meta property=\"og:description\" content=\"&#8221;Median vallan sanotaan kasvaneen viime aikoina. Olen valmis tekem\u00e4\u00e4n saman arvion. Media k\u00e4ytt\u00e4\u00e4 t\u00e4n\u00e4 p\u00e4iv\u00e4n\u00e4 eritt\u00e4in suurta mielipidevaltaa. Olen my\u00f6s samalla sit\u00e4 mielt\u00e4, ett\u00e4 median vastuu ei ole kasvanut samassa suhteessa. Avoimuuden, tasa-arvoisuuden ja tiedostamisen lis\u00e4\u00e4ntyess\u00e4 my\u00f6s median virheet saavat entist\u00e4 julmempia seurauksia.\u201d N\u00e4in kirjoitti Jyrki Katainen jo vuonna 2008 kirjoituksessaan Politiikka, media, valta ja [&hellip;]\" \/>\n<meta property=\"og:url\" content=\"https:\/\/vaasanvaalipiirinvihreat.fi\/index.php\/2019\/12\/07\/kuka-vahtii-vahtikoiria\/\" \/>\n<meta property=\"og:site_name\" content=\"vaasanvaalipiirinvihreat.fi\" \/>\n<meta property=\"article:publisher\" content=\"https:\/\/www.facebook.com\/VaasanVaalipiirinVihreat\" \/>\n<meta property=\"article:published_time\" content=\"2019-12-07T16:15:53+00:00\" \/>\n<meta property=\"article:modified_time\" content=\"2025-01-20T15:18:41+00:00\" \/>\n<meta property=\"og:image\" content=\"https:\/\/vaasanvaalipiirinvihreat.fi\/wp-content\/uploads\/2019\/12\/57852617_421204795124082_8842186563984031744_n-ConvertImage.jpg\" \/>\n\t<meta property=\"og:image:width\" content=\"487\" \/>\n\t<meta property=\"og:image:height\" content=\"487\" \/>\n\t<meta property=\"og:image:type\" content=\"image\/jpeg\" \/>\n<meta name=\"author\" content=\"Yll\u00e4pit\u00e4j\u00e4\" \/>\n<meta name=\"twitter:card\" content=\"summary_large_image\" \/>\n<meta name=\"twitter:label1\" content=\"Kirjoittanut\" \/>\n\t<meta name=\"twitter:data1\" content=\"Yll\u00e4pit\u00e4j\u00e4\" \/>\n\t<meta name=\"twitter:label2\" content=\"Arvioitu lukuaika\" \/>\n\t<meta name=\"twitter:data2\" content=\"2 minuuttia\" \/>\n<script type=\"application\/ld+json\" class=\"yoast-schema-graph\">{\"@context\":\"https:\\\/\\\/schema.org\",\"@graph\":[{\"@type\":\"Article\",\"@id\":\"https:\\\/\\\/vaasanvaalipiirinvihreat.fi\\\/index.php\\\/2019\\\/12\\\/07\\\/kuka-vahtii-vahtikoiria\\\/#article\",\"isPartOf\":{\"@id\":\"https:\\\/\\\/vaasanvaalipiirinvihreat.fi\\\/index.php\\\/2019\\\/12\\\/07\\\/kuka-vahtii-vahtikoiria\\\/\"},\"author\":{\"name\":\"Yll\u00e4pit\u00e4j\u00e4\",\"@id\":\"https:\\\/\\\/vaasanvaalipiirinvihreat.fi\\\/#\\\/schema\\\/person\\\/d9205350c2a3b344c419b954e66c3daf\"},\"headline\":\"Kuka vahtii vahtikoiria?\",\"datePublished\":\"2019-12-07T16:15:53+00:00\",\"dateModified\":\"2025-01-20T15:18:41+00:00\",\"mainEntityOfPage\":{\"@id\":\"https:\\\/\\\/vaasanvaalipiirinvihreat.fi\\\/index.php\\\/2019\\\/12\\\/07\\\/kuka-vahtii-vahtikoiria\\\/\"},\"wordCount\":463,\"publisher\":{\"@id\":\"https:\\\/\\\/vaasanvaalipiirinvihreat.fi\\\/#organization\"},\"image\":{\"@id\":\"https:\\\/\\\/vaasanvaalipiirinvihreat.fi\\\/index.php\\\/2019\\\/12\\\/07\\\/kuka-vahtii-vahtikoiria\\\/#primaryimage\"},\"thumbnailUrl\":\"https:\\\/\\\/vaasanvaalipiirinvihreat.fi\\\/wp-content\\\/uploads\\\/2019\\\/12\\\/57852617_421204795124082_8842186563984031744_n-ConvertImage.jpg\",\"articleSection\":[\"Tiedotteet\"],\"inLanguage\":\"fi\"},{\"@type\":\"WebPage\",\"@id\":\"https:\\\/\\\/vaasanvaalipiirinvihreat.fi\\\/index.php\\\/2019\\\/12\\\/07\\\/kuka-vahtii-vahtikoiria\\\/\",\"url\":\"https:\\\/\\\/vaasanvaalipiirinvihreat.fi\\\/index.php\\\/2019\\\/12\\\/07\\\/kuka-vahtii-vahtikoiria\\\/\",\"name\":\"Kuka vahtii vahtikoiria? - vaasanvaalipiirinvihreat.fi\",\"isPartOf\":{\"@id\":\"https:\\\/\\\/vaasanvaalipiirinvihreat.fi\\\/#website\"},\"primaryImageOfPage\":{\"@id\":\"https:\\\/\\\/vaasanvaalipiirinvihreat.fi\\\/index.php\\\/2019\\\/12\\\/07\\\/kuka-vahtii-vahtikoiria\\\/#primaryimage\"},\"image\":{\"@id\":\"https:\\\/\\\/vaasanvaalipiirinvihreat.fi\\\/index.php\\\/2019\\\/12\\\/07\\\/kuka-vahtii-vahtikoiria\\\/#primaryimage\"},\"thumbnailUrl\":\"https:\\\/\\\/vaasanvaalipiirinvihreat.fi\\\/wp-content\\\/uploads\\\/2019\\\/12\\\/57852617_421204795124082_8842186563984031744_n-ConvertImage.jpg\",\"datePublished\":\"2019-12-07T16:15:53+00:00\",\"dateModified\":\"2025-01-20T15:18:41+00:00\",\"breadcrumb\":{\"@id\":\"https:\\\/\\\/vaasanvaalipiirinvihreat.fi\\\/index.php\\\/2019\\\/12\\\/07\\\/kuka-vahtii-vahtikoiria\\\/#breadcrumb\"},\"inLanguage\":\"fi\",\"potentialAction\":[{\"@type\":\"ReadAction\",\"target\":[\"https:\\\/\\\/vaasanvaalipiirinvihreat.fi\\\/index.php\\\/2019\\\/12\\\/07\\\/kuka-vahtii-vahtikoiria\\\/\"]}]},{\"@type\":\"ImageObject\",\"inLanguage\":\"fi\",\"@id\":\"https:\\\/\\\/vaasanvaalipiirinvihreat.fi\\\/index.php\\\/2019\\\/12\\\/07\\\/kuka-vahtii-vahtikoiria\\\/#primaryimage\",\"url\":\"https:\\\/\\\/vaasanvaalipiirinvihreat.fi\\\/wp-content\\\/uploads\\\/2019\\\/12\\\/57852617_421204795124082_8842186563984031744_n-ConvertImage.jpg\",\"contentUrl\":\"https:\\\/\\\/vaasanvaalipiirinvihreat.fi\\\/wp-content\\\/uploads\\\/2019\\\/12\\\/57852617_421204795124082_8842186563984031744_n-ConvertImage.jpg\",\"width\":487,\"height\":487,\"caption\":\"Kirjoittaja Anni Teerikangas on Pietarsaaren Vihreiden varapuheenjohtaja sek\u00e4 hiljaittain perustetun El\u00e4invihre\u00e4t ry:n puheenjohtaja.\"},{\"@type\":\"BreadcrumbList\",\"@id\":\"https:\\\/\\\/vaasanvaalipiirinvihreat.fi\\\/index.php\\\/2019\\\/12\\\/07\\\/kuka-vahtii-vahtikoiria\\\/#breadcrumb\",\"itemListElement\":[{\"@type\":\"ListItem\",\"position\":1,\"name\":\"Etusivu\",\"item\":\"https:\\\/\\\/vaasanvaalipiirinvihreat.fi\\\/\"},{\"@type\":\"ListItem\",\"position\":2,\"name\":\"Kuka vahtii vahtikoiria?\"}]},{\"@type\":\"WebSite\",\"@id\":\"https:\\\/\\\/vaasanvaalipiirinvihreat.fi\\\/#website\",\"url\":\"https:\\\/\\\/vaasanvaalipiirinvihreat.fi\\\/\",\"name\":\"vaasanvaalipiirinvihreat.fi\",\"description\":\"Vaasan vaalipiirin vihre\u00e4t - De Gr\u00f6na i Vasa valkrets\",\"publisher\":{\"@id\":\"https:\\\/\\\/vaasanvaalipiirinvihreat.fi\\\/#organization\"},\"potentialAction\":[{\"@type\":\"SearchAction\",\"target\":{\"@type\":\"EntryPoint\",\"urlTemplate\":\"https:\\\/\\\/vaasanvaalipiirinvihreat.fi\\\/?s={search_term_string}\"},\"query-input\":{\"@type\":\"PropertyValueSpecification\",\"valueRequired\":true,\"valueName\":\"search_term_string\"}}],\"inLanguage\":\"fi\"},{\"@type\":\"Organization\",\"@id\":\"https:\\\/\\\/vaasanvaalipiirinvihreat.fi\\\/#organization\",\"name\":\"vaasanvaalipiirinvihreat.fi\",\"alternateName\":\"Vaasan vaalipiirin vihre\u00e4t - De Gr\u00f6na i Vasa valkrets\",\"url\":\"https:\\\/\\\/vaasanvaalipiirinvihreat.fi\\\/\",\"logo\":{\"@type\":\"ImageObject\",\"inLanguage\":\"fi\",\"@id\":\"https:\\\/\\\/vaasanvaalipiirinvihreat.fi\\\/#\\\/schema\\\/logo\\\/image\\\/\",\"url\":\"https:\\\/\\\/vaasanvaalipiirinvihreat.fi\\\/wp-content\\\/uploads\\\/2025\\\/01\\\/Vihreat_Logo_HOR_RGB_FIN_SWE.png\",\"contentUrl\":\"https:\\\/\\\/vaasanvaalipiirinvihreat.fi\\\/wp-content\\\/uploads\\\/2025\\\/01\\\/Vihreat_Logo_HOR_RGB_FIN_SWE.png\",\"width\":1162,\"height\":409,\"caption\":\"vaasanvaalipiirinvihreat.fi\"},\"image\":{\"@id\":\"https:\\\/\\\/vaasanvaalipiirinvihreat.fi\\\/#\\\/schema\\\/logo\\\/image\\\/\"},\"sameAs\":[\"https:\\\/\\\/www.facebook.com\\\/VaasanVaalipiirinVihreat\"]},{\"@type\":\"Person\",\"@id\":\"https:\\\/\\\/vaasanvaalipiirinvihreat.fi\\\/#\\\/schema\\\/person\\\/d9205350c2a3b344c419b954e66c3daf\",\"name\":\"Yll\u00e4pit\u00e4j\u00e4\",\"url\":\"https:\\\/\\\/vaasanvaalipiirinvihreat.fi\\\/index.php\\\/author\\\/sivustomestari\\\/\"}]}<\/script>\n<!-- \/ Yoast SEO plugin. -->","yoast_head_json":{"title":"Kuka vahtii vahtikoiria? - vaasanvaalipiirinvihreat.fi","robots":{"index":"index","follow":"follow","max-snippet":"max-snippet:-1","max-image-preview":"max-image-preview:large","max-video-preview":"max-video-preview:-1"},"canonical":"https:\/\/vaasanvaalipiirinvihreat.fi\/index.php\/2019\/12\/07\/kuka-vahtii-vahtikoiria\/","og_locale":"fi_FI","og_type":"article","og_title":"Kuka vahtii vahtikoiria? - vaasanvaalipiirinvihreat.fi","og_description":"&#8221;Median vallan sanotaan kasvaneen viime aikoina. Olen valmis tekem\u00e4\u00e4n saman arvion. Media k\u00e4ytt\u00e4\u00e4 t\u00e4n\u00e4 p\u00e4iv\u00e4n\u00e4 eritt\u00e4in suurta mielipidevaltaa. Olen my\u00f6s samalla sit\u00e4 mielt\u00e4, ett\u00e4 median vastuu ei ole kasvanut samassa suhteessa. Avoimuuden, tasa-arvoisuuden ja tiedostamisen lis\u00e4\u00e4ntyess\u00e4 my\u00f6s median virheet saavat entist\u00e4 julmempia seurauksia.\u201d N\u00e4in kirjoitti Jyrki Katainen jo vuonna 2008 kirjoituksessaan Politiikka, media, valta ja [&hellip;]","og_url":"https:\/\/vaasanvaalipiirinvihreat.fi\/index.php\/2019\/12\/07\/kuka-vahtii-vahtikoiria\/","og_site_name":"vaasanvaalipiirinvihreat.fi","article_publisher":"https:\/\/www.facebook.com\/VaasanVaalipiirinVihreat","article_published_time":"2019-12-07T16:15:53+00:00","article_modified_time":"2025-01-20T15:18:41+00:00","og_image":[{"width":487,"height":487,"url":"https:\/\/vaasanvaalipiirinvihreat.fi\/wp-content\/uploads\/2019\/12\/57852617_421204795124082_8842186563984031744_n-ConvertImage.jpg","type":"image\/jpeg"}],"author":"Yll\u00e4pit\u00e4j\u00e4","twitter_card":"summary_large_image","twitter_misc":{"Kirjoittanut":"Yll\u00e4pit\u00e4j\u00e4","Arvioitu lukuaika":"2 minuuttia"},"schema":{"@context":"https:\/\/schema.org","@graph":[{"@type":"Article","@id":"https:\/\/vaasanvaalipiirinvihreat.fi\/index.php\/2019\/12\/07\/kuka-vahtii-vahtikoiria\/#article","isPartOf":{"@id":"https:\/\/vaasanvaalipiirinvihreat.fi\/index.php\/2019\/12\/07\/kuka-vahtii-vahtikoiria\/"},"author":{"name":"Yll\u00e4pit\u00e4j\u00e4","@id":"https:\/\/vaasanvaalipiirinvihreat.fi\/#\/schema\/person\/d9205350c2a3b344c419b954e66c3daf"},"headline":"Kuka vahtii vahtikoiria?","datePublished":"2019-12-07T16:15:53+00:00","dateModified":"2025-01-20T15:18:41+00:00","mainEntityOfPage":{"@id":"https:\/\/vaasanvaalipiirinvihreat.fi\/index.php\/2019\/12\/07\/kuka-vahtii-vahtikoiria\/"},"wordCount":463,"publisher":{"@id":"https:\/\/vaasanvaalipiirinvihreat.fi\/#organization"},"image":{"@id":"https:\/\/vaasanvaalipiirinvihreat.fi\/index.php\/2019\/12\/07\/kuka-vahtii-vahtikoiria\/#primaryimage"},"thumbnailUrl":"https:\/\/vaasanvaalipiirinvihreat.fi\/wp-content\/uploads\/2019\/12\/57852617_421204795124082_8842186563984031744_n-ConvertImage.jpg","articleSection":["Tiedotteet"],"inLanguage":"fi"},{"@type":"WebPage","@id":"https:\/\/vaasanvaalipiirinvihreat.fi\/index.php\/2019\/12\/07\/kuka-vahtii-vahtikoiria\/","url":"https:\/\/vaasanvaalipiirinvihreat.fi\/index.php\/2019\/12\/07\/kuka-vahtii-vahtikoiria\/","name":"Kuka vahtii vahtikoiria? - vaasanvaalipiirinvihreat.fi","isPartOf":{"@id":"https:\/\/vaasanvaalipiirinvihreat.fi\/#website"},"primaryImageOfPage":{"@id":"https:\/\/vaasanvaalipiirinvihreat.fi\/index.php\/2019\/12\/07\/kuka-vahtii-vahtikoiria\/#primaryimage"},"image":{"@id":"https:\/\/vaasanvaalipiirinvihreat.fi\/index.php\/2019\/12\/07\/kuka-vahtii-vahtikoiria\/#primaryimage"},"thumbnailUrl":"https:\/\/vaasanvaalipiirinvihreat.fi\/wp-content\/uploads\/2019\/12\/57852617_421204795124082_8842186563984031744_n-ConvertImage.jpg","datePublished":"2019-12-07T16:15:53+00:00","dateModified":"2025-01-20T15:18:41+00:00","breadcrumb":{"@id":"https:\/\/vaasanvaalipiirinvihreat.fi\/index.php\/2019\/12\/07\/kuka-vahtii-vahtikoiria\/#breadcrumb"},"inLanguage":"fi","potentialAction":[{"@type":"ReadAction","target":["https:\/\/vaasanvaalipiirinvihreat.fi\/index.php\/2019\/12\/07\/kuka-vahtii-vahtikoiria\/"]}]},{"@type":"ImageObject","inLanguage":"fi","@id":"https:\/\/vaasanvaalipiirinvihreat.fi\/index.php\/2019\/12\/07\/kuka-vahtii-vahtikoiria\/#primaryimage","url":"https:\/\/vaasanvaalipiirinvihreat.fi\/wp-content\/uploads\/2019\/12\/57852617_421204795124082_8842186563984031744_n-ConvertImage.jpg","contentUrl":"https:\/\/vaasanvaalipiirinvihreat.fi\/wp-content\/uploads\/2019\/12\/57852617_421204795124082_8842186563984031744_n-ConvertImage.jpg","width":487,"height":487,"caption":"Kirjoittaja Anni Teerikangas on Pietarsaaren Vihreiden varapuheenjohtaja sek\u00e4 hiljaittain perustetun El\u00e4invihre\u00e4t ry:n puheenjohtaja."},{"@type":"BreadcrumbList","@id":"https:\/\/vaasanvaalipiirinvihreat.fi\/index.php\/2019\/12\/07\/kuka-vahtii-vahtikoiria\/#breadcrumb","itemListElement":[{"@type":"ListItem","position":1,"name":"Etusivu","item":"https:\/\/vaasanvaalipiirinvihreat.fi\/"},{"@type":"ListItem","position":2,"name":"Kuka vahtii vahtikoiria?"}]},{"@type":"WebSite","@id":"https:\/\/vaasanvaalipiirinvihreat.fi\/#website","url":"https:\/\/vaasanvaalipiirinvihreat.fi\/","name":"vaasanvaalipiirinvihreat.fi","description":"Vaasan vaalipiirin vihre\u00e4t - De Gr\u00f6na i Vasa valkrets","publisher":{"@id":"https:\/\/vaasanvaalipiirinvihreat.fi\/#organization"},"potentialAction":[{"@type":"SearchAction","target":{"@type":"EntryPoint","urlTemplate":"https:\/\/vaasanvaalipiirinvihreat.fi\/?s={search_term_string}"},"query-input":{"@type":"PropertyValueSpecification","valueRequired":true,"valueName":"search_term_string"}}],"inLanguage":"fi"},{"@type":"Organization","@id":"https:\/\/vaasanvaalipiirinvihreat.fi\/#organization","name":"vaasanvaalipiirinvihreat.fi","alternateName":"Vaasan vaalipiirin vihre\u00e4t - De Gr\u00f6na i Vasa valkrets","url":"https:\/\/vaasanvaalipiirinvihreat.fi\/","logo":{"@type":"ImageObject","inLanguage":"fi","@id":"https:\/\/vaasanvaalipiirinvihreat.fi\/#\/schema\/logo\/image\/","url":"https:\/\/vaasanvaalipiirinvihreat.fi\/wp-content\/uploads\/2025\/01\/Vihreat_Logo_HOR_RGB_FIN_SWE.png","contentUrl":"https:\/\/vaasanvaalipiirinvihreat.fi\/wp-content\/uploads\/2025\/01\/Vihreat_Logo_HOR_RGB_FIN_SWE.png","width":1162,"height":409,"caption":"vaasanvaalipiirinvihreat.fi"},"image":{"@id":"https:\/\/vaasanvaalipiirinvihreat.fi\/#\/schema\/logo\/image\/"},"sameAs":["https:\/\/www.facebook.com\/VaasanVaalipiirinVihreat"]},{"@type":"Person","@id":"https:\/\/vaasanvaalipiirinvihreat.fi\/#\/schema\/person\/d9205350c2a3b344c419b954e66c3daf","name":"Yll\u00e4pit\u00e4j\u00e4","url":"https:\/\/vaasanvaalipiirinvihreat.fi\/index.php\/author\/sivustomestari\/"}]}},"_links":{"self":[{"href":"https:\/\/vaasanvaalipiirinvihreat.fi\/index.php\/wp-json\/wp\/v2\/posts\/912","targetHints":{"allow":["GET"]}}],"collection":[{"href":"https:\/\/vaasanvaalipiirinvihreat.fi\/index.php\/wp-json\/wp\/v2\/posts"}],"about":[{"href":"https:\/\/vaasanvaalipiirinvihreat.fi\/index.php\/wp-json\/wp\/v2\/types\/post"}],"author":[{"embeddable":true,"href":"https:\/\/vaasanvaalipiirinvihreat.fi\/index.php\/wp-json\/wp\/v2\/users\/2"}],"replies":[{"embeddable":true,"href":"https:\/\/vaasanvaalipiirinvihreat.fi\/index.php\/wp-json\/wp\/v2\/comments?post=912"}],"version-history":[{"count":1,"href":"https:\/\/vaasanvaalipiirinvihreat.fi\/index.php\/wp-json\/wp\/v2\/posts\/912\/revisions"}],"predecessor-version":[{"id":2036,"href":"https:\/\/vaasanvaalipiirinvihreat.fi\/index.php\/wp-json\/wp\/v2\/posts\/912\/revisions\/2036"}],"wp:featuredmedia":[{"embeddable":true,"href":"https:\/\/vaasanvaalipiirinvihreat.fi\/index.php\/wp-json\/wp\/v2\/media\/913"}],"wp:attachment":[{"href":"https:\/\/vaasanvaalipiirinvihreat.fi\/index.php\/wp-json\/wp\/v2\/media?parent=912"}],"wp:term":[{"taxonomy":"category","embeddable":true,"href":"https:\/\/vaasanvaalipiirinvihreat.fi\/index.php\/wp-json\/wp\/v2\/categories?post=912"},{"taxonomy":"post_tag","embeddable":true,"href":"https:\/\/vaasanvaalipiirinvihreat.fi\/index.php\/wp-json\/wp\/v2\/tags?post=912"}],"curies":[{"name":"wp","href":"https:\/\/api.w.org\/{rel}","templated":true}]}}