{"id":1050,"date":"2020-06-01T19:01:56","date_gmt":"2020-06-01T17:01:56","guid":{"rendered":"http:\/\/www.vavavi.fi\/?p=1050"},"modified":"2020-06-01T19:05:25","modified_gmt":"2020-06-01T17:05:25","slug":"erilainen-kesa","status":"publish","type":"post","link":"https:\/\/vaasanvaalipiirinvihreat.fi\/tuonti\/erilainen-kesa\/","title":{"rendered":"Erilainen kes\u00e4"},"content":{"rendered":"<p><strong>Erilainen kes\u00e4 voidaan katsoa alkaneeksi. Ulkona n\u00e4ytt\u00e4\u00e4 tutulta, nen\u00e4ss\u00e4 ja silmiss\u00e4 tuntuu kes\u00e4lt\u00e4 ja lapsilla on alkanut kes\u00e4loma koulu taipaleelta. Osalle meist\u00e4 kes\u00e4 tarkoittaa t\u00f6ihin palaamista poikkeusoloissa, toisilla jatkuvat et\u00e4ty\u00f6t, mutta kaikkien mielt\u00e4 vaivaa ep\u00e4varmuus.<\/strong><\/p>\n<p>Olen varsin mukautuva ihminen, joka ei pelk\u00e4\u00e4 muutoksia ja olen tottunut ty\u00f6el\u00e4m\u00e4n vaihteluihin. Mutta t\u00e4m\u00e4, mit\u00e4 t\u00e4n\u00e4 kev\u00e4\u00e4n\u00e4 olemme k\u00e4yneet l\u00e4pi on jotain aivan muuta. V\u00e4lill\u00e4 huoli on suorastaan lamauttanut mielen ja ruumiin. Olen seurannut lasteni reagointia ja ollut huolissani my\u00f6s heist\u00e4. Tavallisesti iloinen ekaluokkalainen on joinain p\u00e4ivin\u00e4 vain maannut s\u00e4ngyss\u00e4\u00e4n apaattisena. Itkenyt hiljaa kaverin kaipuuta. Kokonaisvaltainen ep\u00e4varmuus ja voimattomuus vallitsevan tilanteen edess\u00e4 on pakottanut muistuttamaan itselleen, ett\u00e4 voin vaikuttaa vain siihen miten itse t\u00e4h\u00e4n reagoin ja olla l\u00e4sn\u00e4 lapsilleni, yst\u00e4villeni ja perheelleni. Emme voi vaikutata muiden toimiin, siksi tuomitseminen on turhaa.&nbsp;<\/p>\n<p>N\u00e4kym\u00e4t\u00f6n uhka on laittanut arjen ja juhlan uuteen j\u00e4rjestykseen. Arki on rauhoittunut, juhliminen siirtynyt pienempiin joukkoihin ja et\u00e4yhteyksiin. T\u00e4m\u00e4n piti olla meid\u00e4n perheess\u00e4 melkoinen juhlavuosi kun useat meist\u00e4, min\u00e4 mukaan lukien, t\u00e4yt\u00e4mme py\u00f6reit\u00e4 vuosia. Aion edelleen juhlia, omassa pihassa yst\u00e4vien kesken. El\u00e4m\u00e4ss\u00e4ni ei liikaa ole viime vuosina juhlittu ja haluan ottaa uuden kymmenluvun vastaan maljoja nostellen hyv\u00e4ss\u00e4 seurassa. Mutta j\u00e4nnitt\u00e4\u00e4, kuinka moni uskaltaa tulla paikalle.\u00a0<\/p>\n<p>My\u00f6s politiikkaa on v\u00e4ritt\u00e4nyt sama ep\u00e4varmuus. Olen tavattoman kiitollinen ja ylpe\u00e4 maamme hallituksesta ja naisten viisikosta, jotka t\u00e4t\u00e4 kriisi\u00e4 etunen\u00e4ss\u00e4 ratkovat. He ovat onnistuneet toisaalta luomaan rajoituksia, mutta my\u00f6s tuomaan toivoa vallitsevissa olosuhteissa. Kaikki tied\u00e4mme, ett\u00e4 t\u00e4st\u00e4 seuraa tiukat ajat. Tied\u00e4mme, ett\u00e4 talous on kuralla ja kest\u00e4vyysvaje entist\u00e4 kurjemmassa jamassa, jos emme saa ty\u00f6llisyyslukuja nousemaan. Tied\u00e4mme my\u00f6s, ett\u00e4 sama tilanne vallitsee koko Euroopassa, kohta koko t\u00e4ll\u00e4 pallolla. Voittajia ovat ne, jotka onnistuvat luomaan eniten toivoa ja pit\u00e4m\u00e4\u00e4n ihmiset edelleen kiinni tulevaisuuden uskossa. Etenk\u00e4\u00e4n yht\u00e4\u00e4n lasta tai nuorta meill\u00e4 ei ole varaa menett\u00e4\u00e4. Maksoi mit\u00e4 maksoi, mukana pit\u00e4minen, kannustaminen ja auttaminen on joka tapauksessa halvempaa kuin menett\u00e4minen.&nbsp;<\/p>\n<p>Mutta palataan lopuksi kes\u00e4\u00e4n ja lomasuunnitelmiin. Kirjoitin muutama vuosi takaperin Ilkan kolumnia ja palasin t\u00e4n\u00e4\u00e4n vanhaan kirjoitukseeni kes\u00e4lomasuunnitelmista. Pohdin miten toiset tekev\u00e4t tiukkoja lomasuunnitelmia koko perheelle vaikka lapsille kokemukseksi riitt\u00e4isi kotipihan teltassa nukkuminen. Niin, t\u00e4n\u00e4 kes\u00e4n\u00e4 ei suuremmin matkustella. Ei p\u00e4\u00e4se festareille eik\u00e4 monikaan uskalla l\u00e4hte\u00e4 edes Ruotsin laivalle. Kotimaan uusia nurkkia voi kuitenkin k\u00e4yd\u00e4 kurkkimassa. T\u00e4m\u00e4 on kannattavaa jo ihan kansantalouden kannalta. Ja omaan pihaan laittaa se teltta, ihan vaikka lasten iloksi!&nbsp; Syksyll\u00e4 ei tarvitse ahdistua, kun ei ole p\u00e4\u00e4ssyt ulkomaille. Ei sinne kukaan mukaan nyt uskalla. Ja sitten kun uskaltaa, niin toivotaan ett\u00e4 raiteita pitkin voisi helpommin reissata my\u00f6s Eurooppaan.&nbsp;<\/p>\n<p><em>Aurinkoa ja rauhaa kes\u00e4n viettoon kaikille!<br \/><\/em><\/p>\n<p>Anna Granlund<br \/><em>&#8230;on Lakeuden Vihreiden naisten hallituksen j\u00e4sen sek\u00e4 vihre\u00e4 varavaltuutettu Sein\u00e4joelta<\/em><\/p>\n","protected":false},"excerpt":{"rendered":"<p>Erilainen kes\u00e4 voidaan katsoa alkaneeksi. Ulkona n\u00e4ytt\u00e4\u00e4 tutulta, nen\u00e4ss\u00e4 ja silmiss\u00e4 tuntuu kes\u00e4lt\u00e4 ja lapsilla on alkanut kes\u00e4loma koulu taipaleelta. Osalle meist\u00e4 kes\u00e4 tarkoittaa t\u00f6ihin palaamista poikkeusoloissa, toisilla jatkuvat et\u00e4ty\u00f6t, mutta kaikkien mielt\u00e4 vaivaa ep\u00e4varmuus. Olen varsin mukautuva ihminen, joka ei pelk\u00e4\u00e4 muutoksia ja olen tottunut ty\u00f6el\u00e4m\u00e4n vaihteluihin. Mutta t\u00e4m\u00e4, mit\u00e4 t\u00e4n\u00e4 kev\u00e4\u00e4n\u00e4 olemme k\u00e4yneet [&hellip;]<\/p>\n","protected":false},"author":1,"featured_media":932,"comment_status":"closed","ping_status":"closed","sticky":false,"template":"","format":"standard","meta":{"footnotes":""},"categories":[1],"tags":[],"class_list":["post-1050","post","type-post","status-publish","format-standard","has-post-thumbnail","hentry","category-tiedotteet"],"_links":{"self":[{"href":"https:\/\/vaasanvaalipiirinvihreat.fi\/tuonti\/wp-json\/wp\/v2\/posts\/1050","targetHints":{"allow":["GET"]}}],"collection":[{"href":"https:\/\/vaasanvaalipiirinvihreat.fi\/tuonti\/wp-json\/wp\/v2\/posts"}],"about":[{"href":"https:\/\/vaasanvaalipiirinvihreat.fi\/tuonti\/wp-json\/wp\/v2\/types\/post"}],"author":[{"embeddable":true,"href":"https:\/\/vaasanvaalipiirinvihreat.fi\/tuonti\/wp-json\/wp\/v2\/users\/1"}],"replies":[{"embeddable":true,"href":"https:\/\/vaasanvaalipiirinvihreat.fi\/tuonti\/wp-json\/wp\/v2\/comments?post=1050"}],"version-history":[{"count":2,"href":"https:\/\/vaasanvaalipiirinvihreat.fi\/tuonti\/wp-json\/wp\/v2\/posts\/1050\/revisions"}],"predecessor-version":[{"id":1052,"href":"https:\/\/vaasanvaalipiirinvihreat.fi\/tuonti\/wp-json\/wp\/v2\/posts\/1050\/revisions\/1052"}],"wp:featuredmedia":[{"embeddable":true,"href":"https:\/\/vaasanvaalipiirinvihreat.fi\/tuonti\/wp-json\/wp\/v2\/media\/932"}],"wp:attachment":[{"href":"https:\/\/vaasanvaalipiirinvihreat.fi\/tuonti\/wp-json\/wp\/v2\/media?parent=1050"}],"wp:term":[{"taxonomy":"category","embeddable":true,"href":"https:\/\/vaasanvaalipiirinvihreat.fi\/tuonti\/wp-json\/wp\/v2\/categories?post=1050"},{"taxonomy":"post_tag","embeddable":true,"href":"https:\/\/vaasanvaalipiirinvihreat.fi\/tuonti\/wp-json\/wp\/v2\/tags?post=1050"}],"curies":[{"name":"wp","href":"https:\/\/api.w.org\/{rel}","templated":true}]}}