{"id":1723,"date":"2022-12-28T14:56:43","date_gmt":"2022-12-28T12:56:43","guid":{"rendered":"http:\/\/www.vavavi.fi\/?p=1723"},"modified":"2022-12-28T14:56:44","modified_gmt":"2022-12-28T12:56:44","slug":"tuomas-ojajarvi-ja-anni-teerikangas-vaasan-vaalipiirin-vihreiden-eduskuntavaaliehdokkaaksi","status":"publish","type":"post","link":"https:\/\/vaasanvaalipiirinvihreat.fi\/tuonti\/tuomas-ojajarvi-ja-anni-teerikangas-vaasan-vaalipiirin-vihreiden-eduskuntavaaliehdokkaaksi\/","title":{"rendered":"Tuomas Ojaj\u00e4rvi ja Anni Teerikangas Vaasan vaalipiirin vihreiden eduskuntavaaliehdokkaaksi"},"content":{"rendered":"<p class=\"has-medium-font-size\">Vaasan vaalipiirin vihre\u00e4t ovat valinneet\u00a0sein\u00e4jokelaisen kaupunginhallituksen j\u00e4senen ja kaupunginvaltuutettu\u00a0Tuomas Ojaj\u00e4rven\u00a0sek\u00e4 Pietarsaarelaisen kaupunginvaltuutetun\u00a0Anni Teerikankaan\u00a0ehdokkaaksi kev\u00e4\u00e4n 2023 eduskuntavaaleihin.<\/p>\n<p>&#8211; Aloin harkita ehdokkuutta syksyll\u00e4, kun kyselyj\u00e4 ja kannustuksia ehdokkuuteen alkoi tulla useammasta suunnasta. Lopullinen sys\u00e4ys ehdolle l\u00e4htemiseen oli kuitenkin eduskunnassa k\u00e4yty keskustelu ennallistamisasetuksesta, ja \u00e4\u00e4rimm\u00e4isen t\u00e4rke\u00e4\u00e4n luonnonsuojelulakiin loppumetreill\u00e4 tehdyt heikennykset. Asiantuntijatieto sivuutetaan aivan liian usein luontopolitiikassa. On selv\u00e4\u00e4, ett\u00e4 tarvitsemme eduskuntaan enemm\u00e4n p\u00e4\u00e4tt\u00e4ji\u00e4, jotka ottavat luontokadon ja ilmastonmuutoksen vaikutukset vakavasti, kommentoi Ojaj\u00e4rvi tuoreeltaan <br \/>ehdokkuuttaan<\/p>\n<p>Ojaj\u00e4rvi on koko poliittisen uransa puhunut my\u00f6s lasten ja nuorten puolesta ja t\u00e4m\u00e4n teeman h\u00e4n haluaa nostaa edelleen yhdeksi t\u00e4rkeimmist\u00e4 teemoista eduskuntavaaleissa.Ojaj\u00e4rvi on pitk\u00e4n linjan vihre\u00e4 toimija. H\u00e4n on toiminut vuodesta 2012 asti eri rooleissa vihreiss\u00e4 sek\u00e4 alueellisella, ett\u00e4 valtakunnallisella tasolla. T\u00e4ll\u00e4 hetkell\u00e4 h\u00e4n on keskittynyt erityisesti kuntapolitiikkaan Sein\u00e4joella, valtuutettuna ja kaupunginhallituksen j\u00e4senen\u00e4.\u00a0<\/p>\n<p>Ehdokkaaksi valittiin my\u00f6s pietarsaarelainen kaupunginvaltuutettu Anni Teerikangas. Teerikangas toimii mm. kansallisen El\u00e4invihre\u00e4t ry:n puheenjohtajana ja on my\u00f6s vihreiden puoluevaltuuston j\u00e4sen.<\/p>\n<p>&#8211; Mietin ehdokuutta pitk\u00e4\u00e4n ja hartaasti ja p\u00e4\u00e4dyin l\u00e4htem\u00e4\u00e4n ehdolle, koska n\u00e4iss\u00e4 vaaleissa meid\u00e4n listallamme on ihan oikea mahdollisuus saavuttaa ensimm\u00e4inen vihre\u00e4 kansanedustaja Vaasan vaalipiiriss\u00e4. Haluan luonnollisesti osaltani olla auttamassa tavoitteen toteutumista.<\/p>\n<p>Teerikangas oli ehdolla ensimm\u00e4ist\u00e4 kertaa vuoden 2019 eduskuntavaaleissa, ja on sittemmin valittu my\u00f6s Pietarsaaren kaupunginvaltuustoon. Teerikangas on toiminut viimeiset vuodet my\u00f6s vihreiden puoluevaltuustossa, ja toimii valtakunnallisen El\u00e4invihre\u00e4t ry:n puheenjohtajana. H\u00e4n on halunnut pit\u00e4\u00e4 esill\u00e4 el\u00e4inten oikeuksia ja el\u00e4inten hyvinvointiteemoja Vaasan vaalipiiriss\u00e4.<\/p>\n","protected":false},"excerpt":{"rendered":"<p>Vaasan vaalipiirin vihre\u00e4t ovat valinneet\u00a0sein\u00e4jokelaisen kaupunginhallituksen j\u00e4senen ja kaupunginvaltuutettu\u00a0Tuomas Ojaj\u00e4rven\u00a0sek\u00e4 Pietarsaarelaisen kaupunginvaltuutetun\u00a0Anni Teerikankaan\u00a0ehdokkaaksi kev\u00e4\u00e4n 2023 eduskuntavaaleihin. &#8211; Aloin harkita ehdokkuutta syksyll\u00e4, kun kyselyj\u00e4 ja kannustuksia ehdokkuuteen alkoi tulla useammasta suunnasta. Lopullinen sys\u00e4ys ehdolle l\u00e4htemiseen oli kuitenkin eduskunnassa k\u00e4yty keskustelu ennallistamisasetuksesta, ja \u00e4\u00e4rimm\u00e4isen t\u00e4rke\u00e4\u00e4n luonnonsuojelulakiin loppumetreill\u00e4 tehdyt heikennykset. Asiantuntijatieto sivuutetaan aivan liian usein luontopolitiikassa. On selv\u00e4\u00e4, [&hellip;]<\/p>\n","protected":false},"author":1,"featured_media":1724,"comment_status":"closed","ping_status":"closed","sticky":false,"template":"","format":"standard","meta":{"footnotes":""},"categories":[1],"tags":[],"class_list":["post-1723","post","type-post","status-publish","format-standard","has-post-thumbnail","hentry","category-tiedotteet"],"_links":{"self":[{"href":"https:\/\/vaasanvaalipiirinvihreat.fi\/tuonti\/wp-json\/wp\/v2\/posts\/1723","targetHints":{"allow":["GET"]}}],"collection":[{"href":"https:\/\/vaasanvaalipiirinvihreat.fi\/tuonti\/wp-json\/wp\/v2\/posts"}],"about":[{"href":"https:\/\/vaasanvaalipiirinvihreat.fi\/tuonti\/wp-json\/wp\/v2\/types\/post"}],"author":[{"embeddable":true,"href":"https:\/\/vaasanvaalipiirinvihreat.fi\/tuonti\/wp-json\/wp\/v2\/users\/1"}],"replies":[{"embeddable":true,"href":"https:\/\/vaasanvaalipiirinvihreat.fi\/tuonti\/wp-json\/wp\/v2\/comments?post=1723"}],"version-history":[{"count":1,"href":"https:\/\/vaasanvaalipiirinvihreat.fi\/tuonti\/wp-json\/wp\/v2\/posts\/1723\/revisions"}],"predecessor-version":[{"id":1725,"href":"https:\/\/vaasanvaalipiirinvihreat.fi\/tuonti\/wp-json\/wp\/v2\/posts\/1723\/revisions\/1725"}],"wp:featuredmedia":[{"embeddable":true,"href":"https:\/\/vaasanvaalipiirinvihreat.fi\/tuonti\/wp-json\/wp\/v2\/media\/1724"}],"wp:attachment":[{"href":"https:\/\/vaasanvaalipiirinvihreat.fi\/tuonti\/wp-json\/wp\/v2\/media?parent=1723"}],"wp:term":[{"taxonomy":"category","embeddable":true,"href":"https:\/\/vaasanvaalipiirinvihreat.fi\/tuonti\/wp-json\/wp\/v2\/categories?post=1723"},{"taxonomy":"post_tag","embeddable":true,"href":"https:\/\/vaasanvaalipiirinvihreat.fi\/tuonti\/wp-json\/wp\/v2\/tags?post=1723"}],"curies":[{"name":"wp","href":"https:\/\/api.w.org\/{rel}","templated":true}]}}