{"id":682,"date":"2016-05-26T10:26:24","date_gmt":"2016-05-26T08:26:24","guid":{"rendered":"http:\/\/www.vavavi.fi\/?p=682"},"modified":"2016-05-26T10:26:24","modified_gmt":"2016-05-26T08:26:24","slug":"tyottomaksi-jaavat-eriarvoisessa-asemassa","status":"publish","type":"post","link":"https:\/\/vaasanvaalipiirinvihreat.fi\/tuonti\/tyottomaksi-jaavat-eriarvoisessa-asemassa\/","title":{"rendered":"Ty\u00f6tt\u00f6m\u00e4ksi j\u00e4\u00e4v\u00e4t eriarvoisessa asemassa"},"content":{"rendered":"<p><a href=\"http:\/\/vaasanvaalipiirinvihreat.fi\/tuonti\/wp-content\/uploads\/2016\/02\/944965_10153773853367978_5303778087086241946_n.jpg\"><img loading=\"lazy\" decoding=\"async\" class=\"aligncenter size-medium wp-image-658\" src=\"http:\/\/vaasanvaalipiirinvihreat.fi\/tuonti\/wp-content\/uploads\/2016\/02\/944965_10153773853367978_5303778087086241946_n-300x300.jpg\" alt=\"944965_10153773853367978_5303778087086241946_n\" width=\"300\" height=\"300\" srcset=\"https:\/\/vaasanvaalipiirinvihreat.fi\/tuonti\/wp-content\/uploads\/2016\/02\/944965_10153773853367978_5303778087086241946_n-300x300.jpg 300w, https:\/\/vaasanvaalipiirinvihreat.fi\/tuonti\/wp-content\/uploads\/2016\/02\/944965_10153773853367978_5303778087086241946_n-150x150.jpg 150w, https:\/\/vaasanvaalipiirinvihreat.fi\/tuonti\/wp-content\/uploads\/2016\/02\/944965_10153773853367978_5303778087086241946_n-644x644.jpg 644w, https:\/\/vaasanvaalipiirinvihreat.fi\/tuonti\/wp-content\/uploads\/2016\/02\/944965_10153773853367978_5303778087086241946_n-200x200.jpg 200w, https:\/\/vaasanvaalipiirinvihreat.fi\/tuonti\/wp-content\/uploads\/2016\/02\/944965_10153773853367978_5303778087086241946_n-400x400.jpg 400w, https:\/\/vaasanvaalipiirinvihreat.fi\/tuonti\/wp-content\/uploads\/2016\/02\/944965_10153773853367978_5303778087086241946_n.jpg 960w\" sizes=\"auto, (max-width: 300px) 100vw, 300px\" \/><\/a><\/p>\n<p>Eilen Suomessa saatiin j\u00e4lleen kylm\u00e4\u00e4 kyyti\u00e4 irtisanomisuutisissa, kun Microsoft ilmoitti lopettavansa matkapuhelintoimintansa ja l\u00e4hes 2000 ihmist\u00e4 j\u00e4\u00e4 ty\u00f6tt\u00f6m\u00e4ksi. Microsoft lupasi tukea ty\u00f6tt\u00f6m\u00e4ksi j\u00e4\u00e4vi\u00e4. My\u00f6s valtiovalta ehti kommentoida suurirtisanomisia nopeasti ja ilmoitti auttavansa ty\u00f6tt\u00f6m\u00e4ksi j\u00e4\u00e4vi\u00e4. Samanlaisia suurirtisanomisia on saatu jo useita vuosia, mutta aina ei valtiovalta ole auttamassa.<\/p>\n<p>Erikoista t\u00e4st\u00e4 valtiovallan avun tarjoamisesta tekee se, ett\u00e4 apu kohdistuu useimmiten yritysmaailman ty\u00f6ntekij\u00f6ihin. Etenk\u00e4\u00e4n julkisenpuolen ty\u00f6ntekij\u00f6iden irtisanomisissa ei apua valtiolta juuri tarjota. Koulutusleikkauksien takia suuriin irtisanomisiin joutuneiden yliopistojen v\u00e4ki ei esimerkiksi t\u00e4llaisesta avusta nauti. Monille teknologia-alan ty\u00f6ntekij\u00f6ill\u00e4 on my\u00f6s luvassa eropaketti, joten t\u00e4ysin tyhj\u00e4n p\u00e4\u00e4lle ty\u00f6t\u00f6n ei aivan heti j\u00e4\u00e4. Harvemmin kuitenkaan olen kuullut t\u00e4llaisesta eropaketista nauttivan tavallisen duunarin tai julkisenpuolen ty\u00f6ntekij\u00e4n. Hyv\u00e4, kun lomap\u00e4iv\u00e4t saa edes rahana. Monet joutuvat nekin viel\u00e4 pit\u00e4m\u00e4\u00e4n ennen ty\u00f6tt\u00f6myytt\u00e4. Ty\u00f6tt\u00f6m\u00e4t n\u00e4hd\u00e4\u00e4nkin hyvin eriarvoisessa asemassa siis jo ty\u00f6tt\u00f6m\u00e4ksi j\u00e4\u00e4dess\u00e4\u00e4n ja t\u00e4m\u00e4 valtiovallan apu koskee hyvin pient\u00e4 osaa ty\u00f6tt\u00f6m\u00e4ksi j\u00e4\u00e4vist\u00e4. Suurin osa saa yritt\u00e4\u00e4 p\u00e4rj\u00e4t\u00e4 ty\u00f6tt\u00f6myyden kanssa itse.<\/p>\n<p>On hienoa, ett\u00e4 valtiovalta tulee apuun suurirtisanomisissa, mutta sama apu pit\u00e4isi koskea ihan kaikkia ty\u00f6tt\u00f6m\u00e4ksi j\u00e4\u00e4neit\u00e4. Miksi vain toisia autetaan, mutta toisia ei? Miksi teknologia- tai paperiteollisuuden tehdess\u00e4 suurirtisanomisia valtiovalta on apua tarjoamassa, mutta koulutuspuolen irtisanomisissa ei?<\/p>\n<p>Henkil\u00f6kohtaisesti olen j\u00e4\u00e4nyt nelj\u00e4 kertaa el\u00e4m\u00e4ni aikana ty\u00f6tt\u00f6m\u00e4ksi, niin yksityisest\u00e4 yrityksest\u00e4 kuin julkiseltakin puolelta. Itse en ole saanut mink\u00e4\u00e4nn\u00e4k\u00f6ist\u00e4 avuntarjontaa mist\u00e4\u00e4n suunnalta. Se, ett\u00e4 esimies toteaa, ett\u00e4 \u201dkoita nyt hakea jostain t\u00f6it\u00e4\u201d tai \u201dlaita toiminimi pystyyn\u201d, ei valitettavasti ole avun tarjontaa.\u00a0 Min\u00e4kin olisin toivonut mahdollisimman paljon apua joka kerta ty\u00f6tt\u00f6m\u00e4ksi j\u00e4\u00e4dess\u00e4ni. Miksi siis min\u00e4 en kuulu apua tarvitseviin?<\/p>\n<p>Tuomas Ojaj\u00e4rvi<\/p>\n<p>Puheenjohtaja, Etel\u00e4-Pohjanmaan Vihre\u00e4t<\/p>\n","protected":false},"excerpt":{"rendered":"<p>Eilen Suomessa saatiin j\u00e4lleen kylm\u00e4\u00e4 kyyti\u00e4 irtisanomisuutisissa, kun Microsoft ilmoitti lopettavansa matkapuhelintoimintansa ja l\u00e4hes 2000 ihmist\u00e4 j\u00e4\u00e4 ty\u00f6tt\u00f6m\u00e4ksi. Microsoft lupasi tukea ty\u00f6tt\u00f6m\u00e4ksi j\u00e4\u00e4vi\u00e4. My\u00f6s valtiovalta ehti kommentoida suurirtisanomisia nopeasti ja ilmoitti auttavansa ty\u00f6tt\u00f6m\u00e4ksi j\u00e4\u00e4vi\u00e4. Samanlaisia suurirtisanomisia on saatu jo useita vuosia, mutta aina ei valtiovalta ole auttamassa. Erikoista t\u00e4st\u00e4 valtiovallan avun tarjoamisesta tekee se, ett\u00e4 [&hellip;]<\/p>\n","protected":false},"author":1,"featured_media":0,"comment_status":"closed","ping_status":"closed","sticky":false,"template":"","format":"standard","meta":{"footnotes":""},"categories":[1],"tags":[],"class_list":["post-682","post","type-post","status-publish","format-standard","hentry","category-tiedotteet"],"_links":{"self":[{"href":"https:\/\/vaasanvaalipiirinvihreat.fi\/tuonti\/wp-json\/wp\/v2\/posts\/682","targetHints":{"allow":["GET"]}}],"collection":[{"href":"https:\/\/vaasanvaalipiirinvihreat.fi\/tuonti\/wp-json\/wp\/v2\/posts"}],"about":[{"href":"https:\/\/vaasanvaalipiirinvihreat.fi\/tuonti\/wp-json\/wp\/v2\/types\/post"}],"author":[{"embeddable":true,"href":"https:\/\/vaasanvaalipiirinvihreat.fi\/tuonti\/wp-json\/wp\/v2\/users\/1"}],"replies":[{"embeddable":true,"href":"https:\/\/vaasanvaalipiirinvihreat.fi\/tuonti\/wp-json\/wp\/v2\/comments?post=682"}],"version-history":[{"count":1,"href":"https:\/\/vaasanvaalipiirinvihreat.fi\/tuonti\/wp-json\/wp\/v2\/posts\/682\/revisions"}],"predecessor-version":[{"id":683,"href":"https:\/\/vaasanvaalipiirinvihreat.fi\/tuonti\/wp-json\/wp\/v2\/posts\/682\/revisions\/683"}],"wp:attachment":[{"href":"https:\/\/vaasanvaalipiirinvihreat.fi\/tuonti\/wp-json\/wp\/v2\/media?parent=682"}],"wp:term":[{"taxonomy":"category","embeddable":true,"href":"https:\/\/vaasanvaalipiirinvihreat.fi\/tuonti\/wp-json\/wp\/v2\/categories?post=682"},{"taxonomy":"post_tag","embeddable":true,"href":"https:\/\/vaasanvaalipiirinvihreat.fi\/tuonti\/wp-json\/wp\/v2\/tags?post=682"}],"curies":[{"name":"wp","href":"https:\/\/api.w.org\/{rel}","templated":true}]}}