{"id":690,"date":"2016-08-16T18:08:05","date_gmt":"2016-08-16T16:08:05","guid":{"rendered":"http:\/\/www.vavavi.fi\/?p=690"},"modified":"2016-08-16T18:08:05","modified_gmt":"2016-08-16T16:08:05","slug":"ovatko-normaalit-kauppasuhteet-rangaistus","status":"publish","type":"post","link":"https:\/\/vaasanvaalipiirinvihreat.fi\/tuonti\/ovatko-normaalit-kauppasuhteet-rangaistus\/","title":{"rendered":"Ovatko normaalit kauppasuhteet rangaistus?"},"content":{"rendered":"<p><a href=\"http:\/\/vaasanvaalipiirinvihreat.fi\/tuonti\/wp-content\/uploads\/2016\/05\/299298_411359238926853_577018447_n.jpg\"><img loading=\"lazy\" decoding=\"async\" class=\"aligncenter size-medium wp-image-678\" src=\"http:\/\/vaasanvaalipiirinvihreat.fi\/tuonti\/wp-content\/uploads\/2016\/05\/299298_411359238926853_577018447_n-199x300.jpg\" alt=\"299298_411359238926853_577018447_n\" width=\"199\" height=\"300\" srcset=\"https:\/\/vaasanvaalipiirinvihreat.fi\/tuonti\/wp-content\/uploads\/2016\/05\/299298_411359238926853_577018447_n-199x300.jpg 199w, https:\/\/vaasanvaalipiirinvihreat.fi\/tuonti\/wp-content\/uploads\/2016\/05\/299298_411359238926853_577018447_n-400x600.jpg 400w, https:\/\/vaasanvaalipiirinvihreat.fi\/tuonti\/wp-content\/uploads\/2016\/05\/299298_411359238926853_577018447_n.jpg 638w\" sizes=\"auto, (max-width: 199px) 100vw, 199px\" \/><\/a><\/p>\n<p>Briteiss\u00e4 j\u00e4rjestettiin juhannuksen tiet\u00e4miss\u00e4 silloisen p\u00e4\u00e4ministeri Cameronin henkil\u00f6kohtainen pelastusoperaatio, joka meni j\u00e4rjest\u00e4j\u00e4ns\u00e4 tahdon vastaisesti, kun EU-eroa kannattanut kansanosa voitti neuvoa-antavassa kansan\u00e4\u00e4nestyksess\u00e4.<\/p>\n<p>Britit eiv\u00e4t ole tehneet viel\u00e4 elett\u00e4k\u00e4\u00e4n varsinaisen erohakemuksen toimittamisen suuntaan, mit\u00e4 nyt uuteen kabinettiin on haalittu EU-kriittist\u00e4 ainesta. Hakemuksen viiv\u00e4stymisen toisaalta ymm\u00e4rt\u00e4\u00e4, koska kukaan ei ollut valmistautunut eroon EU:sta, ehk\u00e4 v\u00e4hiten sit\u00e4 ajaneet populistipoliitikot. Nyt brittien on siis neuvoteltava kahden v\u00e4liset kauppasuhteet ja muut sopimukset muiden maiden kuin unionimaiden kanssa ja neuvotella my\u00f6s uusi sopimus Euroopan Unionin kanssa.<\/p>\n<p>Julkisuudessa on esiintynyt jokunen poliitikko, jotka ovat olleet sit\u00e4 mielt\u00e4, ett\u00e4 brittej\u00e4 ei saa \u201drankaista\u201d tekem\u00e4st\u00e4\u00e4n valinnasta. N\u00e4it\u00e4 ovat olleet mm. ulkoministeri Soini (ps) ja Elinkeinoel\u00e4m\u00e4n keskusliiton toimitusjohtaja Jyri H\u00e4k\u00e4mies (kok). Tuskin EU alkaa brittej\u00e4 rankaisemaan mill\u00e4\u00e4n muodoin mutta sopimusta tehdess\u00e4 er\u00e4it\u00e4 asioita ei voi ohittaa. Ensimm\u00e4isen\u00e4 tietenkin se periaate, ett\u00e4 sopimuksesta ei voi tulla yht\u00e4 hyv\u00e4 tai parempi kuin j\u00e4senyys EU:ssa olisi.<\/p>\n<p>Populistien kampanjan selkein sanoma oli EU:n vapaan liikkuvuuden periaatetta vastaan. EU:ssa rajat on voitava ylitt\u00e4\u00e4 paitsi raha ja tavara, my\u00f6s ihmiset. Brexit-kampanja keskittyi varsinaisesti ulkomaisen ty\u00f6voiman est\u00e4miseen saapumasta tekem\u00e4\u00e4n kuvitteellisesti briteille kuuluvia t\u00f6it\u00e4. Mit\u00e4 mahdollinen ero sitten vaikuttaa vaikkapa turismiin tai opiskeluun brittien maineikkaissa yliopistoissa. Sit\u00e4 ei kukaan osaa viel\u00e4 kertoa.<\/p>\n<p>Joka tapauksessa uskon EU:n vaativan jonkinlaisen vapaan liikkuvuuden pyk\u00e4l\u00e4n tulevaan sopimukseen. Ei voi olla vapauksia finanssi- ja hy\u00f6dykemarkkinoilla ilman jonkin kaltaista sitoutumista EU-kansalaisten vapaaseen liikkumiseen.<\/p>\n<p>Mit\u00e4 tulee britti-populistien toiseen p\u00e4\u00e4argumenttiin ylenm\u00e4\u00e4r\u00e4isist\u00e4 direktiiveist\u00e4, joita EU suoltaa, on siihen todettava, ett\u00e4 voi sit\u00e4 tosissaan yritt\u00e4\u00e4 eurooppalaisille markkinoille ilman, ett\u00e4 noudattaa noita l\u00e4hinn\u00e4 kansainv\u00e4lisen kaupan mahdollistavia m\u00e4\u00e4r\u00e4yksi\u00e4 tuotteiden laadusta ja sis\u00e4ll\u00f6st\u00e4. Yhteiset s\u00e4\u00e4nn\u00f6t takaavat koko Euroopan laajuiset markkinat ja ilman niiden noudattamista on pysytt\u00e4v\u00e4 kotimarkkinoilla.<\/p>\n<p>Brittien tilanne brexitin j\u00e4lkeen muistuttanee varsin paljon Norjan nykyist\u00e4 asemaa suhteessa EU:in. Se maksaa melkein varsinaisen j\u00e4senmaksun verran Unionille, jotta saa toimia sis\u00e4markkinoilla ja joutuu ottamaan k\u00e4ytt\u00f6\u00f6n suuren osan direktiiveist\u00e4, ilman, ett\u00e4 voi niiden s\u00e4\u00e4t\u00e4miseen paljonkaan vaikuttaa. Sellaiselta n\u00e4ytt\u00e4\u00e4 todenn\u00e4k\u00f6isesti siis brittien tulevaisuus, jos he koskaan p\u00e4\u00e4sev\u00e4t siihen pisteeseen, ett\u00e4 oikeasti hakevat eroa Euroopan Unionista.<\/p>\n<p>Juha Ossi<\/p>\n","protected":false},"excerpt":{"rendered":"<p>Briteiss\u00e4 j\u00e4rjestettiin juhannuksen tiet\u00e4miss\u00e4 silloisen p\u00e4\u00e4ministeri Cameronin henkil\u00f6kohtainen pelastusoperaatio, joka meni j\u00e4rjest\u00e4j\u00e4ns\u00e4 tahdon vastaisesti, kun EU-eroa kannattanut kansanosa voitti neuvoa-antavassa kansan\u00e4\u00e4nestyksess\u00e4. Britit eiv\u00e4t ole tehneet viel\u00e4 elett\u00e4k\u00e4\u00e4n varsinaisen erohakemuksen toimittamisen suuntaan, mit\u00e4 nyt uuteen kabinettiin on haalittu EU-kriittist\u00e4 ainesta. Hakemuksen viiv\u00e4stymisen toisaalta ymm\u00e4rt\u00e4\u00e4, koska kukaan ei ollut valmistautunut eroon EU:sta, ehk\u00e4 v\u00e4hiten sit\u00e4 ajaneet populistipoliitikot. [&hellip;]<\/p>\n","protected":false},"author":1,"featured_media":0,"comment_status":"closed","ping_status":"closed","sticky":false,"template":"","format":"standard","meta":{"footnotes":""},"categories":[1],"tags":[],"class_list":["post-690","post","type-post","status-publish","format-standard","hentry","category-tiedotteet"],"_links":{"self":[{"href":"https:\/\/vaasanvaalipiirinvihreat.fi\/tuonti\/wp-json\/wp\/v2\/posts\/690","targetHints":{"allow":["GET"]}}],"collection":[{"href":"https:\/\/vaasanvaalipiirinvihreat.fi\/tuonti\/wp-json\/wp\/v2\/posts"}],"about":[{"href":"https:\/\/vaasanvaalipiirinvihreat.fi\/tuonti\/wp-json\/wp\/v2\/types\/post"}],"author":[{"embeddable":true,"href":"https:\/\/vaasanvaalipiirinvihreat.fi\/tuonti\/wp-json\/wp\/v2\/users\/1"}],"replies":[{"embeddable":true,"href":"https:\/\/vaasanvaalipiirinvihreat.fi\/tuonti\/wp-json\/wp\/v2\/comments?post=690"}],"version-history":[{"count":1,"href":"https:\/\/vaasanvaalipiirinvihreat.fi\/tuonti\/wp-json\/wp\/v2\/posts\/690\/revisions"}],"predecessor-version":[{"id":691,"href":"https:\/\/vaasanvaalipiirinvihreat.fi\/tuonti\/wp-json\/wp\/v2\/posts\/690\/revisions\/691"}],"wp:attachment":[{"href":"https:\/\/vaasanvaalipiirinvihreat.fi\/tuonti\/wp-json\/wp\/v2\/media?parent=690"}],"wp:term":[{"taxonomy":"category","embeddable":true,"href":"https:\/\/vaasanvaalipiirinvihreat.fi\/tuonti\/wp-json\/wp\/v2\/categories?post=690"},{"taxonomy":"post_tag","embeddable":true,"href":"https:\/\/vaasanvaalipiirinvihreat.fi\/tuonti\/wp-json\/wp\/v2\/tags?post=690"}],"curies":[{"name":"wp","href":"https:\/\/api.w.org\/{rel}","templated":true}]}}