{"id":928,"date":"2019-12-30T00:14:46","date_gmt":"2019-12-29T22:14:46","guid":{"rendered":"http:\/\/www.vavavi.fi\/?p=928"},"modified":"2019-12-30T00:14:46","modified_gmt":"2019-12-29T22:14:46","slug":"uusi-vuosi-vanhat-ilmiot","status":"publish","type":"post","link":"https:\/\/vaasanvaalipiirinvihreat.fi\/tuonti\/uusi-vuosi-vanhat-ilmiot\/","title":{"rendered":"Uusi vuosi, vanhat ilmi\u00f6t"},"content":{"rendered":"<div class=\"wp-block-image\">\n<figure class=\"aligncenter is-resized\"><img loading=\"lazy\" decoding=\"async\" src=\"http:\/\/vaasanvaalipiirinvihreat.fi\/tuonti\/wp-content\/uploads\/2019\/12\/aisha-ConvertImage-644x423.jpg\" alt=\"\" class=\"wp-image-929\" width=\"425\" height=\"278\" srcset=\"https:\/\/vaasanvaalipiirinvihreat.fi\/tuonti\/wp-content\/uploads\/2019\/12\/aisha-ConvertImage-644x423.jpg 644w, https:\/\/vaasanvaalipiirinvihreat.fi\/tuonti\/wp-content\/uploads\/2019\/12\/aisha-ConvertImage-300x197.jpg 300w, https:\/\/vaasanvaalipiirinvihreat.fi\/tuonti\/wp-content\/uploads\/2019\/12\/aisha-ConvertImage-768x505.jpg 768w, https:\/\/vaasanvaalipiirinvihreat.fi\/tuonti\/wp-content\/uploads\/2019\/12\/aisha-ConvertImage-400x263.jpg 400w, https:\/\/vaasanvaalipiirinvihreat.fi\/tuonti\/wp-content\/uploads\/2019\/12\/aisha-ConvertImage.jpg 1287w\" sizes=\"auto, (max-width: 425px) 100vw, 425px\" \/><figcaption>Aisha Benahmed on l\u00e4ht\u00f6isin Sein\u00e4joelta, mutta asuu nyttemmin Tampereella. Aisha on pitk\u00e4aikainen vihre\u00e4 aktiivi, ja kuuluu Tampereen Vihreiden Nuorten hallitukseen<\/figcaption><\/figure>\n<\/div>\n<p><strong>Vuoden 2019 loppumisen my\u00f6t\u00e4 loppuu koko 2010-luku. Se on suuri helpotus. On kuitenkin itsest\u00e4\u00e4n selv\u00e4\u00e4, ett\u00e4 uuden vuosikymmenen alkua varjostaa nykyisen tapahtumat: \u00e4\u00e4rioikeiston nousu Euroopassa, Amerikassa ja Japanissa; massiiviset mielenosoitukset Sudanissa, Hong Kongissa sek\u00e4 Kataloniassa; Aasian islamvastaisuus, joka eskaloitui Myanmarissa rohingoyen kansanmurhaamiseen ja Kiinassa uiguurien lukitsemiseen keskitysleireille, molemmat &#8220;kansallisen puhdistamisen&#8221; nimiss\u00e4. <\/strong><\/p>\n<p>Vastaaviin tekoihin on ryhtynyt my\u00f6s Intia, joka hyv\u00e4ksyi p\u00e4\u00e4ministeri Narendra Modin<br \/>\njohdolla lain, jonka mukaan kansalaisuuden menett\u00e4\u00e4, jos sit\u00e4 ei pysty todistamaan. Laki<br \/>\nvaikuttaa kaikista eniten Assamin osavaltiossa, jonka asukkaista suurin osa on muslimeita.<br \/>\nAiemmin syksyll\u00e4 Modi poisti Kashmirin, toisen p\u00e4\u00e4osin muslimeista koostuvan osavaltion,<br \/>\nautonomian, ja toi tilalle sotilaalliset joukkonsa.\n<\/p>\n<p>Rasismi ja ksenofobia ovat globaaleja haittoja, jotka ovat omiaan aiheuttamaan kokonaisten<br \/>\nihmisryhmien toiseuttamista siten edesauttaen ihmisoikeusrikkomuksia maanosaan ja<br \/>\nkansallisuuteen katsomatta.\n<\/p>\n<p>Tulevaisuus ja 2020-luvulle siirtyminen ei siis selke\u00e4stik\u00e4\u00e4n n\u00e4yt\u00e4 hirve\u00e4n iloiselta ja<br \/>\nkauniilta. Ja t\u00e4st\u00e4 listasta olen t\u00e4ysin tarkoituksella j\u00e4tt\u00e4nyt pois luonnonkatastrofit, kuten<br \/>\nj\u00e4ttim\u00e4iset maastopalot ensin Kaliforniassa, sitten Brasiliassa ja Australiassa.<br \/>\nPuhumattakaan sitten t\u00e4m\u00e4n vuosikymmenen aikana tapahtuneista tulvista, pitkist\u00e4<br \/>\nkuivuuskausista tai tsunameista.\n<\/p>\n<p>Ongelmia l\u00f6ytyy my\u00f6s t\u00e4\u00e4lt\u00e4 l\u00e4hemp\u00e4\u00e4 kotimaasta. Aina v\u00e4lill\u00e4 otsikoihin ponnahtaa isoja<br \/>\nkokonaisuuksia kuten Suomen huononeva huoltosuhde ja kasvavat varallisuuserot. Rasismi<br \/>\nkukkii t\u00e4\u00e4ll\u00e4kin, ja poliittisten kriisien m\u00e4\u00e4r\u00e4 tuntuu vain kiihtyneen vuosikymmenen loppua<br \/>\nkohden.\n<\/p>\n<p>Toivoa ole kuitenkaan kokonaan menetetty. Yhteiskunnalliset ep\u00e4kohdat nimitt\u00e4in l\u00e4hes aina<br \/>\ntuovat yhteen niit\u00e4 vastustavia ihmisi\u00e4 synnytt\u00e4en vastavoiman. T\u00e4st\u00e4 uusimpana<br \/>\nesimerkkin\u00e4 toimii Italiassa syntynyt \u00e4\u00e4rioikeistoa ja fasismia vastustava kansanliike<br \/>\nSardiiniliike, jonka suomalaisena vastineena toimii t\u00e4ll\u00e4 viikolla perustettu Silakkaliike.<br \/>\nMolempien toiminnan perusideana on, ett\u00e4 suurin voima piilee joukossa. Avain<br \/>\nonnistumiseen piilee koheesiossa, ja sen molemmat kalaparvet ovat loistokkaasti<br \/>\nk\u00e4\u00e4nt\u00e4neet voitokseen.\n<\/p>\n<p>Helppoa vaikuttamisty\u00f6 ei kuitenkaan ole. Yhteiskunnallinen toiminta on automaattisesti<br \/>\npoliittista, ja poliittinen vaikuttaminen k\u00e4y raskaaksi hyvinkin nopeasti. Kun p\u00e4\u00e4 on t\u00e4ynn\u00e4<br \/>\nmaailmantuskaa ja jokainen mahdollinen informaatio- ja somekanava TikTokia my\u00f6ten on<br \/>\nt\u00e4ynn\u00e4 yhteiskunnan ep\u00e4kohtia, globaaleja kriisej\u00e4 ja loppumatonta h\u00e4t\u00e4\u00e4, maailman<br \/>\nerakoituminen oman m\u00f6kin rauhaan kuulostaa parhaimmalta idealta sitten viipaloidun<br \/>\npaahtoleiv\u00e4n.\n<\/p>\n<p><em>V\u00e4hemm\u00e4ll\u00e4kin v\u00e4syy. <\/em><\/p>\n<p>Englannin kieless\u00e4 t\u00e4lle on termi, \u200b<em>compassion fatigue<\/em>,\u200b suomennettuna my\u00f6t\u00e4tuntouupumus.<br \/>\nSe syntyy, kun p\u00e4\u00e4ss\u00e4 on auki liian monta v\u00e4lilehte\u00e4, jokainen niist\u00e4 oma, ahdistusta lis\u00e4\u00e4v\u00e4<br \/>\nkriisins\u00e4. Jokainen tiet\u00e4\u00e4, miten kymmenien v\u00e4lilehtien auki pit\u00e4minen hidastaa koko koneen<br \/>\ntoimimista ja saattaa kaataa koko selaimen.\n<\/p>\n<p>Vaikka kuinka yritt\u00e4isi vaikuttaa mahdollisimman moneen asiaan, kaikkeen ei yksinkertaisesti<br \/>\nyksi ihminen pysty. My\u00f6t\u00e4tuntouupumus, kuten mik\u00e4 tahansa uupumus, vaatii aikaa ja<br \/>\ntietoista ty\u00f6t\u00e4 hellitt\u00e4\u00e4kseen. On t\u00e4ysin ymm\u00e4rrett\u00e4v\u00e4\u00e4, ett\u00e4 kapasiteetti tulee lopulta t\u00e4yteen<br \/>\npitk\u00e4j\u00e4nteisimm\u00e4ll\u00e4kin maailmanmiettij\u00e4ll\u00e4, ja se on ok. On my\u00f6s t\u00e4ysin ok yhdistell\u00e4<br \/>\naihepiirej\u00e4, jopa sulkeakin joitain v\u00e4lilehti\u00e4.\n<\/p>\n<p>Oma jaksaminen ja terveys menee aina edelle: ilman itsest\u00e4\u00e4n huolehtimista ei jaksa<br \/>\nhuolehtia muista, saatika sitten koko maailmasta.\n<\/p>\n<p>Perinteisesti uudenvuodenlupaukset ovat py\u00f6rineet painonpudotuksen ja kuntopiirien<br \/>\nymp\u00e4rill\u00e4, mutta min\u00e4 ehdotan jotain muuta: sen sijaan, ett\u00e4 lupaamme muuttua salihirmuiksi<br \/>\nheti kalenterivuoden vaihtuessa, pit\u00e4isimmekin huolta itsest\u00e4mme toisella tavalla: suljetaan<br \/>\nihan muutama ylim\u00e4\u00e4r\u00e4inen v\u00e4lilehti ja annetaan muiden huolehtia niist\u00e4. Vapautuvat<br \/>\nvoimavarat voimme suunnata niihin aiheisiin, jotka ovat itselle kaikista t\u00e4rkeimpi\u00e4, ja joiden<br \/>\nkanssa syntyy kehityst\u00e4.\n<\/p>\n<p>Siin\u00e4, miss\u00e4 2019 oli minulle itsens\u00e4l\u00f6yt\u00e4misen vuosi, olkoon 2020 itsest\u00e4\u00e4n huolehtimisen<br \/>\nvuosi.\n<\/p>\n<p><em>Aisha Benahmed <\/em><\/p>\n","protected":false},"excerpt":{"rendered":"<p>Vuoden 2019 loppumisen my\u00f6t\u00e4 loppuu koko 2010-luku. Se on suuri helpotus. On kuitenkin itsest\u00e4\u00e4n selv\u00e4\u00e4, ett\u00e4 uuden vuosikymmenen alkua varjostaa nykyisen tapahtumat: \u00e4\u00e4rioikeiston nousu Euroopassa, Amerikassa ja Japanissa; massiiviset mielenosoitukset Sudanissa, Hong Kongissa sek\u00e4 Kataloniassa; Aasian islamvastaisuus, joka eskaloitui Myanmarissa rohingoyen kansanmurhaamiseen ja Kiinassa uiguurien lukitsemiseen keskitysleireille, molemmat &#8220;kansallisen puhdistamisen&#8221; nimiss\u00e4. Vastaaviin tekoihin on ryhtynyt [&hellip;]<\/p>\n","protected":false},"author":1,"featured_media":0,"comment_status":"closed","ping_status":"closed","sticky":false,"template":"","format":"standard","meta":{"footnotes":""},"categories":[1],"tags":[],"class_list":["post-928","post","type-post","status-publish","format-standard","hentry","category-tiedotteet"],"_links":{"self":[{"href":"https:\/\/vaasanvaalipiirinvihreat.fi\/tuonti\/wp-json\/wp\/v2\/posts\/928","targetHints":{"allow":["GET"]}}],"collection":[{"href":"https:\/\/vaasanvaalipiirinvihreat.fi\/tuonti\/wp-json\/wp\/v2\/posts"}],"about":[{"href":"https:\/\/vaasanvaalipiirinvihreat.fi\/tuonti\/wp-json\/wp\/v2\/types\/post"}],"author":[{"embeddable":true,"href":"https:\/\/vaasanvaalipiirinvihreat.fi\/tuonti\/wp-json\/wp\/v2\/users\/1"}],"replies":[{"embeddable":true,"href":"https:\/\/vaasanvaalipiirinvihreat.fi\/tuonti\/wp-json\/wp\/v2\/comments?post=928"}],"version-history":[{"count":1,"href":"https:\/\/vaasanvaalipiirinvihreat.fi\/tuonti\/wp-json\/wp\/v2\/posts\/928\/revisions"}],"predecessor-version":[{"id":930,"href":"https:\/\/vaasanvaalipiirinvihreat.fi\/tuonti\/wp-json\/wp\/v2\/posts\/928\/revisions\/930"}],"wp:attachment":[{"href":"https:\/\/vaasanvaalipiirinvihreat.fi\/tuonti\/wp-json\/wp\/v2\/media?parent=928"}],"wp:term":[{"taxonomy":"category","embeddable":true,"href":"https:\/\/vaasanvaalipiirinvihreat.fi\/tuonti\/wp-json\/wp\/v2\/categories?post=928"},{"taxonomy":"post_tag","embeddable":true,"href":"https:\/\/vaasanvaalipiirinvihreat.fi\/tuonti\/wp-json\/wp\/v2\/tags?post=928"}],"curies":[{"name":"wp","href":"https:\/\/api.w.org\/{rel}","templated":true}]}}