{"id":931,"date":"2020-01-06T18:19:23","date_gmt":"2020-01-06T16:19:23","guid":{"rendered":"http:\/\/www.vavavi.fi\/?p=931"},"modified":"2020-01-06T18:19:23","modified_gmt":"2020-01-06T16:19:23","slug":"sote-2020","status":"publish","type":"post","link":"https:\/\/vaasanvaalipiirinvihreat.fi\/tuonti\/sote-2020\/","title":{"rendered":"Sote 2020"},"content":{"rendered":"<div class=\"wp-block-image\">\n<figure class=\"aligncenter is-resized\"><img loading=\"lazy\" decoding=\"async\" src=\"http:\/\/vaasanvaalipiirinvihreat.fi\/tuonti\/wp-content\/uploads\/2020\/01\/anna1-ConvertImage-644x644.jpg\" alt=\"\" class=\"wp-image-932\" width=\"391\" height=\"391\" srcset=\"https:\/\/vaasanvaalipiirinvihreat.fi\/tuonti\/wp-content\/uploads\/2020\/01\/anna1-ConvertImage-644x644.jpg 644w, https:\/\/vaasanvaalipiirinvihreat.fi\/tuonti\/wp-content\/uploads\/2020\/01\/anna1-ConvertImage-150x150.jpg 150w, https:\/\/vaasanvaalipiirinvihreat.fi\/tuonti\/wp-content\/uploads\/2020\/01\/anna1-ConvertImage-300x300.jpg 300w, https:\/\/vaasanvaalipiirinvihreat.fi\/tuonti\/wp-content\/uploads\/2020\/01\/anna1-ConvertImage-768x768.jpg 768w, https:\/\/vaasanvaalipiirinvihreat.fi\/tuonti\/wp-content\/uploads\/2020\/01\/anna1-ConvertImage-200x200.jpg 200w, https:\/\/vaasanvaalipiirinvihreat.fi\/tuonti\/wp-content\/uploads\/2020\/01\/anna1-ConvertImage-400x400.jpg 400w, https:\/\/vaasanvaalipiirinvihreat.fi\/tuonti\/wp-content\/uploads\/2020\/01\/anna1-ConvertImage.jpg 960w\" sizes=\"auto, (max-width: 391px) 100vw, 391px\" \/><figcaption>Anna Granlund on sein\u00e4jokelainen varavaltuutettu, Etel\u00e4-Pohjanmaan sotepoliittisen ohjausryhm\u00e4n j\u00e4sen sek\u00e4 pitk\u00e4aikainen Vihre\u00e4 aktiivi<\/figcaption><\/figure>\n<\/div>\n<p><strong>Olen tuskin ainoa, joka on jokseenkin v\u00e4synyt valtakunnan poliittiseen keskusteluun viimeisen vuoden aikana. Syksyll\u00e4 poliittinen draama huipentui hallituksen hajoamiseen eli k\u00e4yt\u00e4nn\u00f6ss\u00e4 p\u00e4\u00e4ministeri Rinteen eroon. Tuntuu ett\u00e4 poliittisella framilla ovat olleet sivulauseet ja &#8211; juonteen varsinaisten suurten asioiden sijaan. <\/strong><\/p>\n<p>Muutaman ihmisen kohtalo j\u00e4tt\u00e4\u00e4 varjoonsa suuria poliittisia kysymyksi\u00e4, joilla ei olisi en\u00e4\u00e4 aikaa odottaa. Muutaman ihmisen kohtalo, jonka ratkaisu on perustuslain sek\u00e4 ihmisoikeussopimusten valossa t\u00e4ysin selv\u00e4 asia. Odottamaan ovat j\u00e4\u00e4neet suuret kysymykset kuten ilmastotoimet, sosiaaliturvan uudistus sek\u00e4 jo aikaan saadut aktiivimallin purku ja subjektiivisen p\u00e4iv\u00e4hoito-oikeuden palautus. V\u00e4kisin pohtii, ett\u00e4 ovatko n\u00e4m\u00e4 suuret kysymykset joillekin eduskuntapuolueille liian vaikeita?\u00a0<\/p>\n<p>Jalkoihin on j\u00e4\u00e4nyt my\u00f6s ikuisuuskysymys, <strong>SOTE<\/strong>.\u00a0 Sosiaali- ja terveydenhuollon uudistusta ovat yritt\u00e4neet jo liian monet hallitukset ennen istuvaa Marinin hallitusta. Edellisen hallituksen aikana p\u00e4\u00e4stiin jo hyv\u00e4\u00e4n vauhtiin, maakunnissa l\u00f6ydettiin halu tehd\u00e4 yhteist\u00e4 uudistusta, l\u00e4hes kaikki sosiaali- ja terveydenhuollon sektorilla toimivat n\u00e4kev\u00e4t uudistuksen tarpeen. Mutta tuolla kertaa uudistus kaatui poliittisiin lehm\u00e4nkauppoihin p\u00e4\u00e4hallituspuolueiden v\u00e4lill\u00e4. \u201cMaakunnat mulle ja yksityist\u00e4misohjelma sulle\u201d, sopivat keskusta ja kokoomus.<\/p>\n<p>Edellisess\u00e4 valmistelussa tehtiin kuitenkin paljon hyv\u00e4\u00e4 ja valmistelu saatiin jo pitk\u00e4lle, mutta samalla jouduttiin kirjelm\u00f6im\u00e4\u00e4n ministeri\u00f6\u00f6n, etteiv\u00e4t kaavaillut rahat, riit\u00e4 palveluiden tuottamiseen. Uhkana oli heti alkuunsa, ett\u00e4 viimeinen sammuttaa valot.&nbsp;<\/p>\n<p>Olen kiitollinen, ettei kaikkea valmistelua tarvitse heitt\u00e4\u00e4 maakunnissa hukkaan. Nykyinen hallitus on nostanut k\u00e4rkeen peruspalvelut, kuten p\u00e4\u00e4ministeripuolue SDP viime kaudella oppositiosta k\u00e4sin koitti tolkuttaa. T\u00e4m\u00e4 vaikuttaa j\u00e4rkev\u00e4lt\u00e4 tielt\u00e4. T\u00e4ss\u00e4 saadaan my\u00f6s ruohonjuuritaso ymm\u00e4rt\u00e4m\u00e4\u00e4n mit\u00e4 tehd\u00e4\u00e4n, eli asiakkaat ja ty\u00f6ntekij\u00e4t. Ilman ty\u00f6ntekij\u00f6iden sitoutumista uudistukseen on ty\u00f6 tyhj\u00e4\u00e4 ja asiakkaille on oltava kristallin kirkasta mit\u00e4 palveluita h\u00e4n saa ja mist\u00e4.&nbsp;<\/p>\n<p>Edelleen tavoitteena on painotuksen siirt\u00e4minen korjaavista palveluista ennaltaehk\u00e4iseviin ja ennakoiviin sek\u00e4 kustannusten nousun hillitseminen. Valmistelussa ovat my\u00f6s uudelleen maakuntien monialaisuus sek\u00e4 verotusoikeus. Helpotusta tavallisille kansalaisille sek\u00e4 kunnille toi, kun hallitus p\u00e4\u00e4tti perua ty\u00f6voimapalveluiden yksityist\u00e4misen sek\u00e4 niiden siirt\u00e4misen maakunnille. My\u00f6s aktiivimallin purkaminen vaikuttaa soteen, koska useat erityisesti pitk\u00e4aikaisesti ty\u00f6tt\u00f6m\u00e4t tarvitsevat enemm\u00e4n sosiaalipalveluita kuin ty\u00f6voimahallinnon palveluita.&nbsp;<\/p>\n<p>Korjaavasta ennaltaehk\u00e4iseviin painopisteen siirt\u00e4minen vaikuttaa vaativan ennemmin kuitenkin lains\u00e4\u00e4d\u00e4nn\u00f6n painopisteen muuttumista kuin pelkk\u00e4\u00e4 uudistusta hallinnossa ja palvelutuottajassa. Jos edelleen jatkamme linjalla, jossa lakis\u00e4\u00e4teisi\u00e4 ovat vain raskaan p\u00e4\u00e4n palvelut, emme tule saavuttamaan mit\u00e4\u00e4n t\u00e4ll\u00e4 hallintouudistuksella. Pelkk\u00e4 hyv\u00e4 tahto ei riit\u00e4, jos rahaa ei ole. T\u00e4m\u00e4 sotii kulujen hillitsemisen tavoitetta vastaan. V\u00e4it\u00e4nkin, ett\u00e4 on alkuun laitettava lyhytkestoisesti rahaa molempiin niin korjaaviin kuin ennakoiviin palveluihin, jotta voidaan pitk\u00e4ss\u00e4 juoksussa s\u00e4\u00e4st\u00e4\u00e4 erityisen tason korjaavista palveluista.&nbsp;<\/p>\n<p>Viime p\u00e4ivin\u00e4 on my\u00f6s uutisoitu, ett\u00e4 Uusimaa on saamassa oman soteratkaisunsa, Helsinki etunen\u00e4ss\u00e4. En pid\u00e4 t\u00e4t\u00e4 v\u00e4ltt\u00e4m\u00e4tt\u00e4 huonona asiana. P\u00e4\u00e4kaupunkiseutu ja eritoten Helsinkin on onnistunut monelta osin tuottamaan erinomaisia peruspalveluita ja niin suuren alueen hallinnon siirt\u00e4minen maakuntaan ei vaikuta j\u00e4rkev\u00e4lt\u00e4. Soisin my\u00f6s muille suurille kaupungeille erillisratkaisun. Mik\u00e4 ei ole rikki, sit\u00e4 ei kannata korjata.&nbsp;<\/p>\n<p>J\u00e4nnityksell\u00e4 odotan, p\u00e4\u00e4st\u00e4\u00e4nk\u00f6 viimein maaliin sotemaratonissa. Toivon, ett\u00e4 saamme aikaan my\u00f6s valtakunnan tason parlamentaarisen yhteisymm\u00e4rryksen siin\u00e4 mit\u00e4 tehd\u00e4\u00e4n ja saadaan joko alkuun tai valmiiksi. On p\u00e4iv\u00e4nselv\u00e4\u00e4, ett\u00e4 kaikkien eduskuntapuolueiden on sitouduttava sosiaali- ja terveydenhuollon uudistukseen, ett\u00e4 asia ei ole j\u00e4lleen alkutekij\u00f6iss\u00e4 ja maratoni ala alusta seuraavien eduskuntavaalien koittaessa.&nbsp;&nbsp;<\/p>\n<p>Jos jotain toivon t\u00e4lle alkaneelle vuodelle, niin ty\u00f6rauhaa eduskuntaan. Kaikki tapahtuu kyll\u00e4 aikanaan, kunhan kansanedustajien ja ministereiden ty\u00f6ss\u00e4 ja poliittisessa keskustelussa p\u00e4\u00e4st\u00e4isiin olennaisiin asioihin k\u00e4siksi.\u00a0<\/p>\n<p><em>Anna Granlund<br \/><\/em><\/p>\n","protected":false},"excerpt":{"rendered":"<p>Olen tuskin ainoa, joka on jokseenkin v\u00e4synyt valtakunnan poliittiseen keskusteluun viimeisen vuoden aikana. Syksyll\u00e4 poliittinen draama huipentui hallituksen hajoamiseen eli k\u00e4yt\u00e4nn\u00f6ss\u00e4 p\u00e4\u00e4ministeri Rinteen eroon. Tuntuu ett\u00e4 poliittisella framilla ovat olleet sivulauseet ja &#8211; juonteen varsinaisten suurten asioiden sijaan. Muutaman ihmisen kohtalo j\u00e4tt\u00e4\u00e4 varjoonsa suuria poliittisia kysymyksi\u00e4, joilla ei olisi en\u00e4\u00e4 aikaa odottaa. Muutaman ihmisen kohtalo, [&hellip;]<\/p>\n","protected":false},"author":1,"featured_media":0,"comment_status":"closed","ping_status":"closed","sticky":false,"template":"","format":"standard","meta":{"footnotes":""},"categories":[1],"tags":[],"class_list":["post-931","post","type-post","status-publish","format-standard","hentry","category-tiedotteet"],"_links":{"self":[{"href":"https:\/\/vaasanvaalipiirinvihreat.fi\/tuonti\/wp-json\/wp\/v2\/posts\/931","targetHints":{"allow":["GET"]}}],"collection":[{"href":"https:\/\/vaasanvaalipiirinvihreat.fi\/tuonti\/wp-json\/wp\/v2\/posts"}],"about":[{"href":"https:\/\/vaasanvaalipiirinvihreat.fi\/tuonti\/wp-json\/wp\/v2\/types\/post"}],"author":[{"embeddable":true,"href":"https:\/\/vaasanvaalipiirinvihreat.fi\/tuonti\/wp-json\/wp\/v2\/users\/1"}],"replies":[{"embeddable":true,"href":"https:\/\/vaasanvaalipiirinvihreat.fi\/tuonti\/wp-json\/wp\/v2\/comments?post=931"}],"version-history":[{"count":1,"href":"https:\/\/vaasanvaalipiirinvihreat.fi\/tuonti\/wp-json\/wp\/v2\/posts\/931\/revisions"}],"predecessor-version":[{"id":933,"href":"https:\/\/vaasanvaalipiirinvihreat.fi\/tuonti\/wp-json\/wp\/v2\/posts\/931\/revisions\/933"}],"wp:attachment":[{"href":"https:\/\/vaasanvaalipiirinvihreat.fi\/tuonti\/wp-json\/wp\/v2\/media?parent=931"}],"wp:term":[{"taxonomy":"category","embeddable":true,"href":"https:\/\/vaasanvaalipiirinvihreat.fi\/tuonti\/wp-json\/wp\/v2\/categories?post=931"},{"taxonomy":"post_tag","embeddable":true,"href":"https:\/\/vaasanvaalipiirinvihreat.fi\/tuonti\/wp-json\/wp\/v2\/tags?post=931"}],"curies":[{"name":"wp","href":"https:\/\/api.w.org\/{rel}","templated":true}]}}